{"id":40290,"date":"2013-06-21T08:11:51","date_gmt":"2013-06-21T11:11:51","guid":{"rendered":"http:\/\/new.franciscanos.org.br\/?p=40290"},"modified":"2020-11-11T09:59:54","modified_gmt":"2020-11-11T12:59:54","slug":"feira-de-conhecimentos-leva-o-nordeste-para-o-sul-no-seminario-sao-francisco","status":"publish","type":"post","link":"https:\/\/franciscanos.org.br\/noticias\/feira-de-conhecimentos-leva-o-nordeste-para-o-sul-no-seminario-sao-francisco.html","title":{"rendered":"Feira leva o Nordeste para o Semin\u00e1rio S\u00e3o Francisco"},"content":{"rendered":"<p><img loading=\"lazy\" src=\"http:\/\/franciscanos.org.br\/wp-content\/uploads\/2013\/06\/feira.jpg\" alt=\"feira\" width=\"830\" height=\"332\" \/><\/p>\n<p><strong><img loading=\"lazy\" class=\"alignright size-full wp-image-40305\" src=\"http:\/\/franciscanos.org.br\/wp-content\/uploads\/2013\/06\/seminario.jpg\" alt=\"seminario\" width=\"450\" height=\"340\" \/>Por Frei Gilberto Silva<\/strong><\/p>\n<p>Come\u00e7a neste domingo, dia 23 de junho, a 3\u00aa Feira de Conhecimentos do Semin\u00e1rio S\u00e3o Francisco de Assis, em Ituporanga, SC. Neste ano, o tema \u00e9 &#8220;Isto \u00e9 Nordeste, isto \u00e9 Brasil&#8221;. \u00a0Para tratar a tem\u00e1tica, a feira apresenta uma exposi\u00e7\u00e3o de obras de arte de artistas da regi\u00e3o, estat\u00edsticas regionais, a literatura de cordel, momentos importantes da hist\u00f3ria nordestina, bem como o pol\u00eamico projeto da transposi\u00e7\u00e3o do Rio S\u00e3o Francisco, as diversas express\u00f5es da religiosidade popular (dentre a elas a devo\u00e7\u00e3o a S\u00e3o Francisco das Chagas, cultivada em Canind\u00e9, no Cear\u00e1) e outros temas. Merece destaque a pequena casa de pau a pique constru\u00edda \u00a0especialmente para a Feira.<\/p>\n<p>Preparada pelos seminaristas com o acompanhamento dos professores e dos frades, a Feira de Conhecimentos \u00e9 um evento j\u00e1 tradicional nos semin\u00e1rios da Prov\u00edncia Franciscana da Imaculada Concei\u00e7\u00e3o do Brasil e teve seu in\u00edcio no Semin\u00e1rio Santo Ant\u00f4nio, em Agudos, SP. Com a transfer\u00eancia do Ensino M\u00e9dio para Ituporanga, a iniciativa veio junto, alcan\u00e7ando grande aceita\u00e7\u00e3o entre as v\u00e1rias escolas da Regi\u00e3o. No ano passado, mais de 4.500 alunos de todas as etapas de ensino visitaram o Semin\u00e1rio durante a Feira. Neste ano, a expectativa \u00e9 que este n\u00famero seja ultrapassado.<\/p>\n<p>A Feira de Conhecimentos \u00e9 \u00a0uma iniciativa acad\u00eamica interdisciplinar\u00a0na qual professores e alunos se re\u00fanem em torno de um tema previamente escolhido e desenvolvem diversos trabalhos com as mais variadas caracter\u00edsticas. Em 2012, o tema foi \u201cPol\u00edtica em Foco\u201d, abordando quest\u00f5es como \u00a0ditadura militar e literatura, quest\u00e3o financeira, pol\u00edticas p\u00fablicas, entre outros. \u00a0Em 2011, com a &#8220;estreia&#8221; do Ensino M\u00e9dio em Ituporanga, o tema do evento foi o Pr\u00f3prio Semin\u00e1rio S\u00e3o Francisco de Assis. A Feira de Conhecimentos 2013 come\u00e7a neste domingo e vai at\u00e9 a pr\u00f3xima sexta-feira, dia 28 de junho. Mais informa\u00e7\u00f5es podem ser obtidas pelo telefone (47) 3533-1197.<\/p>\n","protected":false},"excerpt":{"rendered":"<p>Ituporanga<\/p>\n","protected":false},"author":1,"featured_media":203393,"comment_status":"closed","ping_status":"open","sticky":false,"template":"","format":"standard","meta":[],"categories":[1],"tags":[1203],"acf":[],"yoast_head":"<!-- This site is optimized with the Yoast SEO plugin v19.2 - https:\/\/yoast.com\/wordpress\/plugins\/seo\/ -->\n<title>Feira leva o Nordeste para o Semin\u00e1rio S\u00e3o Francisco - Not\u00edcias - Franciscanos<\/title>\n<meta name=\"robots\" content=\"index, follow, max-snippet:-1, max-image-preview:large, max-video-preview:-1\" \/>\n<link rel=\"canonical\" href=\"https:\/\/franciscanos.org.br\/noticias\/feira-de-conhecimentos-leva-o-nordeste-para-o-sul-no-seminario-sao-francisco.html\" \/>\n<meta property=\"og:locale\" content=\"pt_BR\" \/>\n<meta property=\"og:type\" content=\"article\" \/>\n<meta property=\"og:title\" content=\"Feira leva o Nordeste para o Semin\u00e1rio S\u00e3o Francisco - Not\u00edcias - Franciscanos\" \/>\n<meta property=\"og:description\" content=\"Ituporanga\" \/>\n<meta property=\"og:url\" content=\"https:\/\/franciscanos.org.br\/noticias\/feira-de-conhecimentos-leva-o-nordeste-para-o-sul-no-seminario-sao-francisco.html\" \/>\n<meta property=\"og:site_name\" content=\"Not\u00edcias - Franciscanos\" \/>\n<meta property=\"article:published_time\" content=\"2013-06-21T11:11:51+00:00\" \/>\n<meta property=\"article:modified_time\" content=\"2020-11-11T12:59:54+00:00\" \/>\n<meta property=\"og:image\" content=\"https:\/\/franciscanos.org.br\/noticias\/wp-content\/uploads\/2013\/06\/feira.jpg\" \/>\n\t<meta property=\"og:image:width\" content=\"273\" \/>\n\t<meta property=\"og:image:height\" content=\"181\" \/>\n\t<meta property=\"og:image:type\" content=\"image\/jpeg\" \/>\n<meta name=\"author\" content=\"admin\" \/>\n<meta name=\"twitter:card\" content=\"summary_large_image\" \/>\n<meta name=\"twitter:label1\" content=\"Escrito por\" \/>\n\t<meta name=\"twitter:data1\" content=\"admin\" \/>\n\t<meta name=\"twitter:label2\" content=\"Est. tempo de leitura\" \/>\n\t<meta name=\"twitter:data2\" content=\"2 minutos\" \/>\n<script type=\"application\/ld+json\" class=\"yoast-schema-graph\">{\"@context\":\"https:\/\/schema.org\",\"@graph\":[{\"@type\":\"WebSite\",\"@id\":\"https:\/\/franciscanos.org.br\/noticias\/#website\",\"url\":\"https:\/\/franciscanos.org.br\/noticias\/\",\"name\":\"Not\u00edcias - Franciscanos\",\"description\":\"Prov\u00edncia Franciscana da Imaculada Concei\u00e7\u00e3o do Brasil - Ordem dos Frades Menores - OFM\",\"potentialAction\":[{\"@type\":\"SearchAction\",\"target\":{\"@type\":\"EntryPoint\",\"urlTemplate\":\"https:\/\/franciscanos.org.br\/noticias\/?s={search_term_string}\"},\"query-input\":\"required name=search_term_string\"}],\"inLanguage\":\"pt-BR\"},{\"@type\":\"ImageObject\",\"inLanguage\":\"pt-BR\",\"@id\":\"https:\/\/franciscanos.org.br\/noticias\/feira-de-conhecimentos-leva-o-nordeste-para-o-sul-no-seminario-sao-francisco.html#primaryimage\",\"url\":\"https:\/\/franciscanos.org.br\/noticias\/wp-content\/uploads\/2013\/06\/feira.jpg\",\"contentUrl\":\"https:\/\/franciscanos.org.br\/noticias\/wp-content\/uploads\/2013\/06\/feira.jpg\",\"width\":273,\"height\":181},{\"@type\":\"WebPage\",\"@id\":\"https:\/\/franciscanos.org.br\/noticias\/feira-de-conhecimentos-leva-o-nordeste-para-o-sul-no-seminario-sao-francisco.html#webpage\",\"url\":\"https:\/\/franciscanos.org.br\/noticias\/feira-de-conhecimentos-leva-o-nordeste-para-o-sul-no-seminario-sao-francisco.html\",\"name\":\"Feira leva o Nordeste para o Semin\u00e1rio S\u00e3o Francisco - Not\u00edcias - Franciscanos\",\"isPartOf\":{\"@id\":\"https:\/\/franciscanos.org.br\/noticias\/#website\"},\"primaryImageOfPage\":{\"@id\":\"https:\/\/franciscanos.org.br\/noticias\/feira-de-conhecimentos-leva-o-nordeste-para-o-sul-no-seminario-sao-francisco.html#primaryimage\"},\"datePublished\":\"2013-06-21T11:11:51+00:00\",\"dateModified\":\"2020-11-11T12:59:54+00:00\",\"author\":{\"@id\":\"https:\/\/franciscanos.org.br\/noticias\/#\/schema\/person\/b38fbf43118f02820bd932f2e4b14ad3\"},\"breadcrumb\":{\"@id\":\"https:\/\/franciscanos.org.br\/noticias\/feira-de-conhecimentos-leva-o-nordeste-para-o-sul-no-seminario-sao-francisco.html#breadcrumb\"},\"inLanguage\":\"pt-BR\",\"potentialAction\":[{\"@type\":\"ReadAction\",\"target\":[\"https:\/\/franciscanos.org.br\/noticias\/feira-de-conhecimentos-leva-o-nordeste-para-o-sul-no-seminario-sao-francisco.html\"]}]},{\"@type\":\"BreadcrumbList\",\"@id\":\"https:\/\/franciscanos.org.br\/noticias\/feira-de-conhecimentos-leva-o-nordeste-para-o-sul-no-seminario-sao-francisco.html#breadcrumb\",\"itemListElement\":[{\"@type\":\"ListItem\",\"position\":1,\"name\":\"Home\",\"item\":\"https:\/\/franciscanos.org.br\/noticias\"},{\"@type\":\"ListItem\",\"position\":2,\"name\":\"Feira leva o Nordeste para o Semin\u00e1rio S\u00e3o Francisco\"}]},{\"@type\":\"Person\",\"@id\":\"https:\/\/franciscanos.org.br\/noticias\/#\/schema\/person\/b38fbf43118f02820bd932f2e4b14ad3\",\"name\":\"admin\",\"image\":{\"@type\":\"ImageObject\",\"inLanguage\":\"pt-BR\",\"@id\":\"https:\/\/franciscanos.org.br\/noticias\/#\/schema\/person\/image\/\",\"url\":\"https:\/\/secure.gravatar.com\/avatar\/e8495742d34d0ba6448ea1c628263b3e?s=96&d=mm&r=g\",\"contentUrl\":\"https:\/\/secure.gravatar.com\/avatar\/e8495742d34d0ba6448ea1c628263b3e?s=96&d=mm&r=g\",\"caption\":\"admin\"},\"url\":\"https:\/\/franciscanos.org.br\/noticias\/author\/admin\"}]}<\/script>\n<!-- \/ Yoast SEO plugin. -->","yoast_head_json":{"title":"Feira leva o Nordeste para o Semin\u00e1rio S\u00e3o Francisco - Not\u00edcias - Franciscanos","robots":{"index":"index","follow":"follow","max-snippet":"max-snippet:-1","max-image-preview":"max-image-preview:large","max-video-preview":"max-video-preview:-1"},"canonical":"https:\/\/franciscanos.org.br\/noticias\/feira-de-conhecimentos-leva-o-nordeste-para-o-sul-no-seminario-sao-francisco.html","og_locale":"pt_BR","og_type":"article","og_title":"Feira leva o Nordeste para o Semin\u00e1rio S\u00e3o Francisco - Not\u00edcias - Franciscanos","og_description":"Ituporanga","og_url":"https:\/\/franciscanos.org.br\/noticias\/feira-de-conhecimentos-leva-o-nordeste-para-o-sul-no-seminario-sao-francisco.html","og_site_name":"Not\u00edcias - Franciscanos","article_published_time":"2013-06-21T11:11:51+00:00","article_modified_time":"2020-11-11T12:59:54+00:00","og_image":[{"width":273,"height":181,"url":"https:\/\/franciscanos.org.br\/noticias\/wp-content\/uploads\/2013\/06\/feira.jpg","type":"image\/jpeg"}],"author":"admin","twitter_card":"summary_large_image","twitter_misc":{"Escrito por":"admin","Est. tempo de leitura":"2 minutos"},"schema":{"@context":"https:\/\/schema.org","@graph":[{"@type":"WebSite","@id":"https:\/\/franciscanos.org.br\/noticias\/#website","url":"https:\/\/franciscanos.org.br\/noticias\/","name":"Not\u00edcias - Franciscanos","description":"Prov\u00edncia Franciscana da Imaculada Concei\u00e7\u00e3o do Brasil - Ordem dos Frades Menores - OFM","potentialAction":[{"@type":"SearchAction","target":{"@type":"EntryPoint","urlTemplate":"https:\/\/franciscanos.org.br\/noticias\/?s={search_term_string}"},"query-input":"required name=search_term_string"}],"inLanguage":"pt-BR"},{"@type":"ImageObject","inLanguage":"pt-BR","@id":"https:\/\/franciscanos.org.br\/noticias\/feira-de-conhecimentos-leva-o-nordeste-para-o-sul-no-seminario-sao-francisco.html#primaryimage","url":"https:\/\/franciscanos.org.br\/noticias\/wp-content\/uploads\/2013\/06\/feira.jpg","contentUrl":"https:\/\/franciscanos.org.br\/noticias\/wp-content\/uploads\/2013\/06\/feira.jpg","width":273,"height":181},{"@type":"WebPage","@id":"https:\/\/franciscanos.org.br\/noticias\/feira-de-conhecimentos-leva-o-nordeste-para-o-sul-no-seminario-sao-francisco.html#webpage","url":"https:\/\/franciscanos.org.br\/noticias\/feira-de-conhecimentos-leva-o-nordeste-para-o-sul-no-seminario-sao-francisco.html","name":"Feira leva o Nordeste para o Semin\u00e1rio S\u00e3o Francisco - Not\u00edcias - Franciscanos","isPartOf":{"@id":"https:\/\/franciscanos.org.br\/noticias\/#website"},"primaryImageOfPage":{"@id":"https:\/\/franciscanos.org.br\/noticias\/feira-de-conhecimentos-leva-o-nordeste-para-o-sul-no-seminario-sao-francisco.html#primaryimage"},"datePublished":"2013-06-21T11:11:51+00:00","dateModified":"2020-11-11T12:59:54+00:00","author":{"@id":"https:\/\/franciscanos.org.br\/noticias\/#\/schema\/person\/b38fbf43118f02820bd932f2e4b14ad3"},"breadcrumb":{"@id":"https:\/\/franciscanos.org.br\/noticias\/feira-de-conhecimentos-leva-o-nordeste-para-o-sul-no-seminario-sao-francisco.html#breadcrumb"},"inLanguage":"pt-BR","potentialAction":[{"@type":"ReadAction","target":["https:\/\/franciscanos.org.br\/noticias\/feira-de-conhecimentos-leva-o-nordeste-para-o-sul-no-seminario-sao-francisco.html"]}]},{"@type":"BreadcrumbList","@id":"https:\/\/franciscanos.org.br\/noticias\/feira-de-conhecimentos-leva-o-nordeste-para-o-sul-no-seminario-sao-francisco.html#breadcrumb","itemListElement":[{"@type":"ListItem","position":1,"name":"Home","item":"https:\/\/franciscanos.org.br\/noticias"},{"@type":"ListItem","position":2,"name":"Feira leva o Nordeste para o Semin\u00e1rio S\u00e3o Francisco"}]},{"@type":"Person","@id":"https:\/\/franciscanos.org.br\/noticias\/#\/schema\/person\/b38fbf43118f02820bd932f2e4b14ad3","name":"admin","image":{"@type":"ImageObject","inLanguage":"pt-BR","@id":"https:\/\/franciscanos.org.br\/noticias\/#\/schema\/person\/image\/","url":"https:\/\/secure.gravatar.com\/avatar\/e8495742d34d0ba6448ea1c628263b3e?s=96&d=mm&r=g","contentUrl":"https:\/\/secure.gravatar.com\/avatar\/e8495742d34d0ba6448ea1c628263b3e?s=96&d=mm&r=g","caption":"admin"},"url":"https:\/\/franciscanos.org.br\/noticias\/author\/admin"}]}},"_links":{"self":[{"href":"https:\/\/franciscanos.org.br\/noticias\/wp-json\/wp\/v2\/posts\/40290"}],"collection":[{"href":"https:\/\/franciscanos.org.br\/noticias\/wp-json\/wp\/v2\/posts"}],"about":[{"href":"https:\/\/franciscanos.org.br\/noticias\/wp-json\/wp\/v2\/types\/post"}],"author":[{"embeddable":true,"href":"https:\/\/franciscanos.org.br\/noticias\/wp-json\/wp\/v2\/users\/1"}],"replies":[{"embeddable":true,"href":"https:\/\/franciscanos.org.br\/noticias\/wp-json\/wp\/v2\/comments?post=40290"}],"version-history":[{"count":1,"href":"https:\/\/franciscanos.org.br\/noticias\/wp-json\/wp\/v2\/posts\/40290\/revisions"}],"predecessor-version":[{"id":229248,"href":"https:\/\/franciscanos.org.br\/noticias\/wp-json\/wp\/v2\/posts\/40290\/revisions\/229248"}],"wp:featuredmedia":[{"embeddable":true,"href":"https:\/\/franciscanos.org.br\/noticias\/wp-json\/wp\/v2\/media\/203393"}],"wp:attachment":[{"href":"https:\/\/franciscanos.org.br\/noticias\/wp-json\/wp\/v2\/media?parent=40290"}],"wp:term":[{"taxonomy":"category","embeddable":true,"href":"https:\/\/franciscanos.org.br\/noticias\/wp-json\/wp\/v2\/categories?post=40290"},{"taxonomy":"post_tag","embeddable":true,"href":"https:\/\/franciscanos.org.br\/noticias\/wp-json\/wp\/v2\/tags?post=40290"}],"curies":[{"name":"wp","href":"https:\/\/api.w.org\/{rel}","templated":true}]}}