{"id":40113,"date":"2013-06-11T07:49:04","date_gmt":"2013-06-11T10:49:04","guid":{"rendered":"http:\/\/new.franciscanos.org.br\/?p=40113"},"modified":"2020-01-29T10:59:47","modified_gmt":"2020-01-29T13:59:47","slug":"encontros-vocacionais-em-ituporanga-e-guaratingueta","status":"publish","type":"post","link":"https:\/\/franciscanos.org.br\/noticias\/encontros-vocacionais-em-ituporanga-e-guaratingueta.html","title":{"rendered":"Encontros Vocacionais em Ituporanga e Guaratinguet\u00e1"},"content":{"rendered":"<p><img loading=\"lazy\" class=\"alignright wp-image-40114\" src=\"http:\/\/franciscanos.org.br\/wp-content\/uploads\/2013\/06\/sav1.jpg\" alt=\"sav1\" width=\"360\" height=\"221\" \/>Nos \u00faltimos dois finais de semana, o Servi\u00e7o de Anima\u00e7\u00e3o Vocacional da Prov\u00edncia (SAV) realizou dois encontros vocacionais.<\/p>\n<p>O primeiro aconteceu no Semin\u00e1rio S\u00e3o Francisco de Assis, de 31 de maio a 2 de junho, em Ituporanga \u2013 SC, e proporcionou aos vocacionados a conviv\u00eancia com a rotina de um semin\u00e1rio menor, local privilegiado para o discernimento vocacional e tamb\u00e9m para o estudo do ensino m\u00e9dio.<\/p>\n<p>O segundo encontro aconteceu no Semin\u00e1rio Frei Galv\u00e3o, em Guaratinguet\u00e1, de 7 a 9 de junho, e contou com a presen\u00e7a de vocacionados provindos das fraternidades do estado de S\u00e3o Paulo.<\/p>\n<p>Foi um tempo prop\u00edcio para ajudar os jovens a discernir melhor a pr\u00f3pria voca\u00e7\u00e3o e tamb\u00e9m ocasi\u00e3o oportuna para apresentar melhor o carisma franciscano.<\/p>\n<p><img loading=\"lazy\" class=\"alignleft\" src=\"http:\/\/franciscanos.org.br\/wp-content\/uploads\/2013\/06\/sav2.jpg\" alt=\"sav2\" width=\"360\" height=\"245\" \/>Em breve, dos dias 28 a 30 de junho, o SAV ir\u00e1 realizar o 3\u00ba encontro vocacional da Prov\u00edncia, reunindo jovens do Rio de Janeiro e Esp\u00edrito Santo, que ser\u00e1 realizado no Convento do Sagrado Cora\u00e7\u00e3o de Jesus, em Petr\u00f3polis \u2013 RJ.<\/p>\n<p>Agradecemos \u00e0s fraternidades que nos acolheram para a realiza\u00e7\u00e3o desses encontros, bem como a todos os frades que realizam o trabalho de acolhimento vocacional nas mais diferentes fraternidades da Prov\u00edncia, dando um belo testemunho de vida franciscana na viv\u00eancia di\u00e1ria da pr\u00f3pria consagra\u00e7\u00e3o religiosa.<\/p>\n<p>&nbsp;<\/p>\n","protected":false},"excerpt":{"rendered":"<p>SAV<\/p>\n","protected":false},"author":1,"featured_media":216817,"comment_status":"closed","ping_status":"open","sticky":false,"template":"","format":"standard","meta":[],"categories":[1],"tags":[391],"acf":[],"yoast_head":"<!-- This site is optimized with the Yoast SEO plugin v19.2 - https:\/\/yoast.com\/wordpress\/plugins\/seo\/ -->\n<title>Encontros Vocacionais em Ituporanga e Guaratinguet\u00e1 - Not\u00edcias - Franciscanos<\/title>\n<meta name=\"robots\" content=\"index, follow, max-snippet:-1, max-image-preview:large, max-video-preview:-1\" \/>\n<link rel=\"canonical\" href=\"https:\/\/franciscanos.org.br\/noticias\/encontros-vocacionais-em-ituporanga-e-guaratingueta.html\" \/>\n<meta property=\"og:locale\" content=\"pt_BR\" \/>\n<meta property=\"og:type\" content=\"article\" \/>\n<meta property=\"og:title\" content=\"Encontros Vocacionais em Ituporanga e Guaratinguet\u00e1 - Not\u00edcias - Franciscanos\" \/>\n<meta property=\"og:description\" content=\"SAV\" \/>\n<meta property=\"og:url\" content=\"https:\/\/franciscanos.org.br\/noticias\/encontros-vocacionais-em-ituporanga-e-guaratingueta.html\" \/>\n<meta property=\"og:site_name\" content=\"Not\u00edcias - Franciscanos\" \/>\n<meta property=\"article:published_time\" content=\"2013-06-11T10:49:04+00:00\" \/>\n<meta property=\"article:modified_time\" content=\"2020-01-29T13:59:47+00:00\" \/>\n<meta property=\"og:image\" content=\"https:\/\/franciscanos.org.br\/noticias\/wp-content\/uploads\/2013\/06\/sav1.jpg\" \/>\n\t<meta property=\"og:image:width\" content=\"273\" \/>\n\t<meta property=\"og:image:height\" content=\"181\" \/>\n\t<meta property=\"og:image:type\" content=\"image\/jpeg\" \/>\n<meta name=\"author\" content=\"admin\" \/>\n<meta name=\"twitter:card\" content=\"summary_large_image\" \/>\n<meta name=\"twitter:label1\" content=\"Escrito por\" \/>\n\t<meta name=\"twitter:data1\" content=\"admin\" \/>\n\t<meta name=\"twitter:label2\" content=\"Est. tempo de leitura\" \/>\n\t<meta name=\"twitter:data2\" content=\"1 minuto\" \/>\n<script type=\"application\/ld+json\" class=\"yoast-schema-graph\">{\"@context\":\"https:\/\/schema.org\",\"@graph\":[{\"@type\":\"WebSite\",\"@id\":\"https:\/\/franciscanos.org.br\/noticias\/#website\",\"url\":\"https:\/\/franciscanos.org.br\/noticias\/\",\"name\":\"Not\u00edcias - Franciscanos\",\"description\":\"Prov\u00edncia Franciscana da Imaculada Concei\u00e7\u00e3o do Brasil - Ordem dos Frades Menores - OFM\",\"potentialAction\":[{\"@type\":\"SearchAction\",\"target\":{\"@type\":\"EntryPoint\",\"urlTemplate\":\"https:\/\/franciscanos.org.br\/noticias\/?s={search_term_string}\"},\"query-input\":\"required name=search_term_string\"}],\"inLanguage\":\"pt-BR\"},{\"@type\":\"ImageObject\",\"inLanguage\":\"pt-BR\",\"@id\":\"https:\/\/franciscanos.org.br\/noticias\/encontros-vocacionais-em-ituporanga-e-guaratingueta.html#primaryimage\",\"url\":\"https:\/\/franciscanos.org.br\/noticias\/wp-content\/uploads\/2013\/06\/sav1.jpg\",\"contentUrl\":\"https:\/\/franciscanos.org.br\/noticias\/wp-content\/uploads\/2013\/06\/sav1.jpg\",\"width\":273,\"height\":181},{\"@type\":\"WebPage\",\"@id\":\"https:\/\/franciscanos.org.br\/noticias\/encontros-vocacionais-em-ituporanga-e-guaratingueta.html#webpage\",\"url\":\"https:\/\/franciscanos.org.br\/noticias\/encontros-vocacionais-em-ituporanga-e-guaratingueta.html\",\"name\":\"Encontros Vocacionais em Ituporanga e Guaratinguet\u00e1 - Not\u00edcias - Franciscanos\",\"isPartOf\":{\"@id\":\"https:\/\/franciscanos.org.br\/noticias\/#website\"},\"primaryImageOfPage\":{\"@id\":\"https:\/\/franciscanos.org.br\/noticias\/encontros-vocacionais-em-ituporanga-e-guaratingueta.html#primaryimage\"},\"datePublished\":\"2013-06-11T10:49:04+00:00\",\"dateModified\":\"2020-01-29T13:59:47+00:00\",\"author\":{\"@id\":\"https:\/\/franciscanos.org.br\/noticias\/#\/schema\/person\/b38fbf43118f02820bd932f2e4b14ad3\"},\"breadcrumb\":{\"@id\":\"https:\/\/franciscanos.org.br\/noticias\/encontros-vocacionais-em-ituporanga-e-guaratingueta.html#breadcrumb\"},\"inLanguage\":\"pt-BR\",\"potentialAction\":[{\"@type\":\"ReadAction\",\"target\":[\"https:\/\/franciscanos.org.br\/noticias\/encontros-vocacionais-em-ituporanga-e-guaratingueta.html\"]}]},{\"@type\":\"BreadcrumbList\",\"@id\":\"https:\/\/franciscanos.org.br\/noticias\/encontros-vocacionais-em-ituporanga-e-guaratingueta.html#breadcrumb\",\"itemListElement\":[{\"@type\":\"ListItem\",\"position\":1,\"name\":\"Home\",\"item\":\"https:\/\/franciscanos.org.br\/noticias\"},{\"@type\":\"ListItem\",\"position\":2,\"name\":\"Encontros Vocacionais em Ituporanga e Guaratinguet\u00e1\"}]},{\"@type\":\"Person\",\"@id\":\"https:\/\/franciscanos.org.br\/noticias\/#\/schema\/person\/b38fbf43118f02820bd932f2e4b14ad3\",\"name\":\"admin\",\"image\":{\"@type\":\"ImageObject\",\"inLanguage\":\"pt-BR\",\"@id\":\"https:\/\/franciscanos.org.br\/noticias\/#\/schema\/person\/image\/\",\"url\":\"https:\/\/secure.gravatar.com\/avatar\/e8495742d34d0ba6448ea1c628263b3e?s=96&d=mm&r=g\",\"contentUrl\":\"https:\/\/secure.gravatar.com\/avatar\/e8495742d34d0ba6448ea1c628263b3e?s=96&d=mm&r=g\",\"caption\":\"admin\"},\"url\":\"https:\/\/franciscanos.org.br\/noticias\/author\/admin\"}]}<\/script>\n<!-- \/ Yoast SEO plugin. -->","yoast_head_json":{"title":"Encontros Vocacionais em Ituporanga e Guaratinguet\u00e1 - Not\u00edcias - Franciscanos","robots":{"index":"index","follow":"follow","max-snippet":"max-snippet:-1","max-image-preview":"max-image-preview:large","max-video-preview":"max-video-preview:-1"},"canonical":"https:\/\/franciscanos.org.br\/noticias\/encontros-vocacionais-em-ituporanga-e-guaratingueta.html","og_locale":"pt_BR","og_type":"article","og_title":"Encontros Vocacionais em Ituporanga e Guaratinguet\u00e1 - Not\u00edcias - Franciscanos","og_description":"SAV","og_url":"https:\/\/franciscanos.org.br\/noticias\/encontros-vocacionais-em-ituporanga-e-guaratingueta.html","og_site_name":"Not\u00edcias - Franciscanos","article_published_time":"2013-06-11T10:49:04+00:00","article_modified_time":"2020-01-29T13:59:47+00:00","og_image":[{"width":273,"height":181,"url":"https:\/\/franciscanos.org.br\/noticias\/wp-content\/uploads\/2013\/06\/sav1.jpg","type":"image\/jpeg"}],"author":"admin","twitter_card":"summary_large_image","twitter_misc":{"Escrito por":"admin","Est. tempo de leitura":"1 minuto"},"schema":{"@context":"https:\/\/schema.org","@graph":[{"@type":"WebSite","@id":"https:\/\/franciscanos.org.br\/noticias\/#website","url":"https:\/\/franciscanos.org.br\/noticias\/","name":"Not\u00edcias - Franciscanos","description":"Prov\u00edncia Franciscana da Imaculada Concei\u00e7\u00e3o do Brasil - Ordem dos Frades Menores - OFM","potentialAction":[{"@type":"SearchAction","target":{"@type":"EntryPoint","urlTemplate":"https:\/\/franciscanos.org.br\/noticias\/?s={search_term_string}"},"query-input":"required name=search_term_string"}],"inLanguage":"pt-BR"},{"@type":"ImageObject","inLanguage":"pt-BR","@id":"https:\/\/franciscanos.org.br\/noticias\/encontros-vocacionais-em-ituporanga-e-guaratingueta.html#primaryimage","url":"https:\/\/franciscanos.org.br\/noticias\/wp-content\/uploads\/2013\/06\/sav1.jpg","contentUrl":"https:\/\/franciscanos.org.br\/noticias\/wp-content\/uploads\/2013\/06\/sav1.jpg","width":273,"height":181},{"@type":"WebPage","@id":"https:\/\/franciscanos.org.br\/noticias\/encontros-vocacionais-em-ituporanga-e-guaratingueta.html#webpage","url":"https:\/\/franciscanos.org.br\/noticias\/encontros-vocacionais-em-ituporanga-e-guaratingueta.html","name":"Encontros Vocacionais em Ituporanga e Guaratinguet\u00e1 - Not\u00edcias - Franciscanos","isPartOf":{"@id":"https:\/\/franciscanos.org.br\/noticias\/#website"},"primaryImageOfPage":{"@id":"https:\/\/franciscanos.org.br\/noticias\/encontros-vocacionais-em-ituporanga-e-guaratingueta.html#primaryimage"},"datePublished":"2013-06-11T10:49:04+00:00","dateModified":"2020-01-29T13:59:47+00:00","author":{"@id":"https:\/\/franciscanos.org.br\/noticias\/#\/schema\/person\/b38fbf43118f02820bd932f2e4b14ad3"},"breadcrumb":{"@id":"https:\/\/franciscanos.org.br\/noticias\/encontros-vocacionais-em-ituporanga-e-guaratingueta.html#breadcrumb"},"inLanguage":"pt-BR","potentialAction":[{"@type":"ReadAction","target":["https:\/\/franciscanos.org.br\/noticias\/encontros-vocacionais-em-ituporanga-e-guaratingueta.html"]}]},{"@type":"BreadcrumbList","@id":"https:\/\/franciscanos.org.br\/noticias\/encontros-vocacionais-em-ituporanga-e-guaratingueta.html#breadcrumb","itemListElement":[{"@type":"ListItem","position":1,"name":"Home","item":"https:\/\/franciscanos.org.br\/noticias"},{"@type":"ListItem","position":2,"name":"Encontros Vocacionais em Ituporanga e Guaratinguet\u00e1"}]},{"@type":"Person","@id":"https:\/\/franciscanos.org.br\/noticias\/#\/schema\/person\/b38fbf43118f02820bd932f2e4b14ad3","name":"admin","image":{"@type":"ImageObject","inLanguage":"pt-BR","@id":"https:\/\/franciscanos.org.br\/noticias\/#\/schema\/person\/image\/","url":"https:\/\/secure.gravatar.com\/avatar\/e8495742d34d0ba6448ea1c628263b3e?s=96&d=mm&r=g","contentUrl":"https:\/\/secure.gravatar.com\/avatar\/e8495742d34d0ba6448ea1c628263b3e?s=96&d=mm&r=g","caption":"admin"},"url":"https:\/\/franciscanos.org.br\/noticias\/author\/admin"}]}},"_links":{"self":[{"href":"https:\/\/franciscanos.org.br\/noticias\/wp-json\/wp\/v2\/posts\/40113"}],"collection":[{"href":"https:\/\/franciscanos.org.br\/noticias\/wp-json\/wp\/v2\/posts"}],"about":[{"href":"https:\/\/franciscanos.org.br\/noticias\/wp-json\/wp\/v2\/types\/post"}],"author":[{"embeddable":true,"href":"https:\/\/franciscanos.org.br\/noticias\/wp-json\/wp\/v2\/users\/1"}],"replies":[{"embeddable":true,"href":"https:\/\/franciscanos.org.br\/noticias\/wp-json\/wp\/v2\/comments?post=40113"}],"version-history":[{"count":0,"href":"https:\/\/franciscanos.org.br\/noticias\/wp-json\/wp\/v2\/posts\/40113\/revisions"}],"wp:featuredmedia":[{"embeddable":true,"href":"https:\/\/franciscanos.org.br\/noticias\/wp-json\/wp\/v2\/media\/216817"}],"wp:attachment":[{"href":"https:\/\/franciscanos.org.br\/noticias\/wp-json\/wp\/v2\/media?parent=40113"}],"wp:term":[{"taxonomy":"category","embeddable":true,"href":"https:\/\/franciscanos.org.br\/noticias\/wp-json\/wp\/v2\/categories?post=40113"},{"taxonomy":"post_tag","embeddable":true,"href":"https:\/\/franciscanos.org.br\/noticias\/wp-json\/wp\/v2\/tags?post=40113"}],"curies":[{"name":"wp","href":"https:\/\/api.w.org\/{rel}","templated":true}]}}