{"id":39976,"date":"2013-06-10T13:39:12","date_gmt":"2013-06-10T16:39:12","guid":{"rendered":"http:\/\/new.franciscanos.org.br\/?p=39976"},"modified":"2021-07-05T20:18:03","modified_gmt":"2021-07-05T23:18:03","slug":"canarinhos-do-brasil-fazem-bonito-na-argentina","status":"publish","type":"post","link":"https:\/\/franciscanos.org.br\/noticias\/canarinhos-do-brasil-fazem-bonito-na-argentina.html","title":{"rendered":"Canarinhos do Brasil fazem bonito na Argentina"},"content":{"rendered":"<p><img loading=\"lazy\" class=\"alignright size-full wp-image-39977\" src=\"http:\/\/franciscanos.org.br\/wp-content\/uploads\/2013\/06\/canarinmhos_1.jpg\" alt=\"canarinmhos_1\" width=\"450\" height=\"300\" \/>O Instituto dos Meninos Cantores de Petr\u00f3polis \u2013 com o Coral dos Canarinhos e as Meninas dos Canarinhos de Petr\u00f3polis \u2013 foram convidados, pela organiza\u00e7\u00e3o do festival Iguazu en Concierto, para participar da edi\u00e7\u00e3o de 2014 do evento, realizado em Puerto Iguazu na Argentina. Neste ano, o coral dos Canarinhos foi o \u00fanico coral brasileiro que participou do evento, junto com outros corais, orquestras e solistas dos cinco continentes. Os meninos cantores de Petr\u00f3polis voltaram para a cidade na noite da \u00faltima segunda-feira (3).<\/p>\n<p>O evento foi realizado entre os dias 27 de maio e 2 de junho, e teve diversas apresenta\u00e7\u00f5es nos principais hot\u00e9is da cidade, que faz fronteira com o Brasil. Ao todo, 34 coralistas estiveram no evento. Mais de cinco mil pessoas assistiram \u00e0 apresenta\u00e7\u00e3o final, realizada no hotel Sheraton Iguazu, dentro do Parque Nacional do Igua\u00e7u.<\/p>\n<p>O Coral dos Canarinhos participou de duas apresenta\u00e7\u00f5es. A primeira, que teve apenas os meninos cantores de Petr\u00f3polis, foi realizada no Loi Suites Hotel, na quinta-feira (30). Os meninos cantores de Petr\u00f3polis tamb\u00e9m estiveram presentes no encerramento do festival, no Hotel Sheraton Iguazu, dentro do Parque das Cataratas do Igua\u00e7u, com os demais coros, orquestras e solistas que participaram do evento.<\/p>\n<p><img loading=\"lazy\" class=\"alignleft size-full wp-image-39978\" src=\"http:\/\/franciscanos.org.br\/wp-content\/uploads\/2013\/06\/canarinmhos_2.jpg\" alt=\"canarinmhos_2\" width=\"450\" height=\"300\" \/>Segundo o maestro Marco Aur\u00e9lio Lischt, o evento foi extremamente positivo. \u201cFoi uma grande experi\u00eancia participar do concerto final, com um p\u00fablico enorme e um palco tamb\u00e9m muito grande, reunindo todos os participantes do festival. Este foi um dos maiores eventos em que estivemos, ao lado do projeto Aquarius, em 2005, na praia de Copacabana, quando estivemos com a Orquestra Petrobras Sinf\u00f4nica e a Orquestra Sinf\u00f4nica de Porto Alegre\u201d, afirmou.<\/p>\n<p>Lischt ainda destacou o interc\u00e2mbio cultural propiciado aos meninos cantores de Petr\u00f3polis. \u201cA troca de ideias e informa\u00e7\u00f5es com os integrantes dos outros corais faz com que os nossos meninos tenham vis\u00e3o da m\u00fasica expandida\u201d, ressaltou. Na apresenta\u00e7\u00e3o solo, o Coral dos Canarinhos levou para Puerto Iguazu o melhor da m\u00fasica nacional.<\/p>\n<p>O festival Iguazu en Concierto re\u00fane solistas, orquestras e corais infantojuvenis de pa\u00edses como Argentina, Angola, Brasil, EUA, Turquia, Equador, Fran\u00e7a e Paraguai, com solistas da Argentina, Austr\u00e1lia, Brasil e R\u00fassia. Os concertos s\u00e3o gratuitos, e acontecem, sem interrup\u00e7\u00e3o, durante os seis dias, nos melhores hot\u00e9is da regi\u00e3o, La Aripuca e o anfiteatro de Puerto Iguazu. O encerramento do festival \u00e9 marcado por um megaconcerto nos jardins do Sheraton, que re\u00fane orquestras, corais e solistas convocados em um \u00fanico palco.<\/p>\n<p>Cada orquestra, coral ou solista convocados s\u00e3o escolhidos por meio de uma sele\u00e7\u00e3o realizada pela Dire\u00e7\u00e3o Art\u00edstica do Iguazu en Concierto, a cargo de Andrea Merenzon, ganhadora do Latin Grammy 2005.<\/p>\n","protected":false},"excerpt":{"rendered":"<p>Internacional<\/p>\n","protected":false},"author":1,"featured_media":216814,"comment_status":"closed","ping_status":"open","sticky":false,"template":"","format":"standard","meta":[],"categories":[1],"tags":[1378,684],"acf":[],"yoast_head":"<!-- This site is optimized with the Yoast SEO plugin v19.2 - https:\/\/yoast.com\/wordpress\/plugins\/seo\/ -->\n<title>Canarinhos do Brasil fazem bonito na Argentina - Not\u00edcias - Franciscanos<\/title>\n<meta name=\"robots\" content=\"index, follow, max-snippet:-1, max-image-preview:large, max-video-preview:-1\" \/>\n<link rel=\"canonical\" href=\"https:\/\/franciscanos.org.br\/noticias\/canarinhos-do-brasil-fazem-bonito-na-argentina.html\" \/>\n<meta property=\"og:locale\" content=\"pt_BR\" \/>\n<meta property=\"og:type\" content=\"article\" \/>\n<meta property=\"og:title\" content=\"Canarinhos do Brasil fazem bonito na Argentina - Not\u00edcias - Franciscanos\" \/>\n<meta property=\"og:description\" content=\"Internacional\" \/>\n<meta property=\"og:url\" content=\"https:\/\/franciscanos.org.br\/noticias\/canarinhos-do-brasil-fazem-bonito-na-argentina.html\" \/>\n<meta property=\"og:site_name\" content=\"Not\u00edcias - Franciscanos\" \/>\n<meta property=\"article:published_time\" content=\"2013-06-10T16:39:12+00:00\" \/>\n<meta property=\"article:modified_time\" content=\"2021-07-05T23:18:03+00:00\" \/>\n<meta property=\"og:image\" content=\"https:\/\/franciscanos.org.br\/noticias\/wp-content\/uploads\/2013\/06\/canarinmhos_1.jpg\" \/>\n\t<meta property=\"og:image:width\" content=\"273\" \/>\n\t<meta property=\"og:image:height\" content=\"181\" \/>\n\t<meta property=\"og:image:type\" content=\"image\/jpeg\" \/>\n<meta name=\"author\" content=\"admin\" \/>\n<meta name=\"twitter:card\" content=\"summary_large_image\" \/>\n<meta name=\"twitter:label1\" content=\"Escrito por\" \/>\n\t<meta name=\"twitter:data1\" content=\"admin\" \/>\n\t<meta name=\"twitter:label2\" content=\"Est. tempo de leitura\" \/>\n\t<meta name=\"twitter:data2\" content=\"2 minutos\" \/>\n<script type=\"application\/ld+json\" class=\"yoast-schema-graph\">{\"@context\":\"https:\/\/schema.org\",\"@graph\":[{\"@type\":\"WebSite\",\"@id\":\"https:\/\/franciscanos.org.br\/noticias\/#website\",\"url\":\"https:\/\/franciscanos.org.br\/noticias\/\",\"name\":\"Not\u00edcias - Franciscanos\",\"description\":\"Prov\u00edncia Franciscana da Imaculada Concei\u00e7\u00e3o do Brasil - Ordem dos Frades Menores - OFM\",\"potentialAction\":[{\"@type\":\"SearchAction\",\"target\":{\"@type\":\"EntryPoint\",\"urlTemplate\":\"https:\/\/franciscanos.org.br\/noticias\/?s={search_term_string}\"},\"query-input\":\"required name=search_term_string\"}],\"inLanguage\":\"pt-BR\"},{\"@type\":\"ImageObject\",\"inLanguage\":\"pt-BR\",\"@id\":\"https:\/\/franciscanos.org.br\/noticias\/canarinhos-do-brasil-fazem-bonito-na-argentina.html#primaryimage\",\"url\":\"https:\/\/franciscanos.org.br\/noticias\/wp-content\/uploads\/2013\/06\/canarinmhos_1.jpg\",\"contentUrl\":\"https:\/\/franciscanos.org.br\/noticias\/wp-content\/uploads\/2013\/06\/canarinmhos_1.jpg\",\"width\":273,\"height\":181},{\"@type\":\"WebPage\",\"@id\":\"https:\/\/franciscanos.org.br\/noticias\/canarinhos-do-brasil-fazem-bonito-na-argentina.html#webpage\",\"url\":\"https:\/\/franciscanos.org.br\/noticias\/canarinhos-do-brasil-fazem-bonito-na-argentina.html\",\"name\":\"Canarinhos do Brasil fazem bonito na Argentina - Not\u00edcias - Franciscanos\",\"isPartOf\":{\"@id\":\"https:\/\/franciscanos.org.br\/noticias\/#website\"},\"primaryImageOfPage\":{\"@id\":\"https:\/\/franciscanos.org.br\/noticias\/canarinhos-do-brasil-fazem-bonito-na-argentina.html#primaryimage\"},\"datePublished\":\"2013-06-10T16:39:12+00:00\",\"dateModified\":\"2021-07-05T23:18:03+00:00\",\"author\":{\"@id\":\"https:\/\/franciscanos.org.br\/noticias\/#\/schema\/person\/b38fbf43118f02820bd932f2e4b14ad3\"},\"breadcrumb\":{\"@id\":\"https:\/\/franciscanos.org.br\/noticias\/canarinhos-do-brasil-fazem-bonito-na-argentina.html#breadcrumb\"},\"inLanguage\":\"pt-BR\",\"potentialAction\":[{\"@type\":\"ReadAction\",\"target\":[\"https:\/\/franciscanos.org.br\/noticias\/canarinhos-do-brasil-fazem-bonito-na-argentina.html\"]}]},{\"@type\":\"BreadcrumbList\",\"@id\":\"https:\/\/franciscanos.org.br\/noticias\/canarinhos-do-brasil-fazem-bonito-na-argentina.html#breadcrumb\",\"itemListElement\":[{\"@type\":\"ListItem\",\"position\":1,\"name\":\"Home\",\"item\":\"https:\/\/franciscanos.org.br\/noticias\"},{\"@type\":\"ListItem\",\"position\":2,\"name\":\"Canarinhos do Brasil fazem bonito na Argentina\"}]},{\"@type\":\"Person\",\"@id\":\"https:\/\/franciscanos.org.br\/noticias\/#\/schema\/person\/b38fbf43118f02820bd932f2e4b14ad3\",\"name\":\"admin\",\"image\":{\"@type\":\"ImageObject\",\"inLanguage\":\"pt-BR\",\"@id\":\"https:\/\/franciscanos.org.br\/noticias\/#\/schema\/person\/image\/\",\"url\":\"https:\/\/secure.gravatar.com\/avatar\/e8495742d34d0ba6448ea1c628263b3e?s=96&d=mm&r=g\",\"contentUrl\":\"https:\/\/secure.gravatar.com\/avatar\/e8495742d34d0ba6448ea1c628263b3e?s=96&d=mm&r=g\",\"caption\":\"admin\"},\"url\":\"https:\/\/franciscanos.org.br\/noticias\/author\/admin\"}]}<\/script>\n<!-- \/ Yoast SEO plugin. -->","yoast_head_json":{"title":"Canarinhos do Brasil fazem bonito na Argentina - Not\u00edcias - Franciscanos","robots":{"index":"index","follow":"follow","max-snippet":"max-snippet:-1","max-image-preview":"max-image-preview:large","max-video-preview":"max-video-preview:-1"},"canonical":"https:\/\/franciscanos.org.br\/noticias\/canarinhos-do-brasil-fazem-bonito-na-argentina.html","og_locale":"pt_BR","og_type":"article","og_title":"Canarinhos do Brasil fazem bonito na Argentina - Not\u00edcias - Franciscanos","og_description":"Internacional","og_url":"https:\/\/franciscanos.org.br\/noticias\/canarinhos-do-brasil-fazem-bonito-na-argentina.html","og_site_name":"Not\u00edcias - Franciscanos","article_published_time":"2013-06-10T16:39:12+00:00","article_modified_time":"2021-07-05T23:18:03+00:00","og_image":[{"width":273,"height":181,"url":"https:\/\/franciscanos.org.br\/noticias\/wp-content\/uploads\/2013\/06\/canarinmhos_1.jpg","type":"image\/jpeg"}],"author":"admin","twitter_card":"summary_large_image","twitter_misc":{"Escrito por":"admin","Est. tempo de leitura":"2 minutos"},"schema":{"@context":"https:\/\/schema.org","@graph":[{"@type":"WebSite","@id":"https:\/\/franciscanos.org.br\/noticias\/#website","url":"https:\/\/franciscanos.org.br\/noticias\/","name":"Not\u00edcias - Franciscanos","description":"Prov\u00edncia Franciscana da Imaculada Concei\u00e7\u00e3o do Brasil - Ordem dos Frades Menores - OFM","potentialAction":[{"@type":"SearchAction","target":{"@type":"EntryPoint","urlTemplate":"https:\/\/franciscanos.org.br\/noticias\/?s={search_term_string}"},"query-input":"required name=search_term_string"}],"inLanguage":"pt-BR"},{"@type":"ImageObject","inLanguage":"pt-BR","@id":"https:\/\/franciscanos.org.br\/noticias\/canarinhos-do-brasil-fazem-bonito-na-argentina.html#primaryimage","url":"https:\/\/franciscanos.org.br\/noticias\/wp-content\/uploads\/2013\/06\/canarinmhos_1.jpg","contentUrl":"https:\/\/franciscanos.org.br\/noticias\/wp-content\/uploads\/2013\/06\/canarinmhos_1.jpg","width":273,"height":181},{"@type":"WebPage","@id":"https:\/\/franciscanos.org.br\/noticias\/canarinhos-do-brasil-fazem-bonito-na-argentina.html#webpage","url":"https:\/\/franciscanos.org.br\/noticias\/canarinhos-do-brasil-fazem-bonito-na-argentina.html","name":"Canarinhos do Brasil fazem bonito na Argentina - Not\u00edcias - Franciscanos","isPartOf":{"@id":"https:\/\/franciscanos.org.br\/noticias\/#website"},"primaryImageOfPage":{"@id":"https:\/\/franciscanos.org.br\/noticias\/canarinhos-do-brasil-fazem-bonito-na-argentina.html#primaryimage"},"datePublished":"2013-06-10T16:39:12+00:00","dateModified":"2021-07-05T23:18:03+00:00","author":{"@id":"https:\/\/franciscanos.org.br\/noticias\/#\/schema\/person\/b38fbf43118f02820bd932f2e4b14ad3"},"breadcrumb":{"@id":"https:\/\/franciscanos.org.br\/noticias\/canarinhos-do-brasil-fazem-bonito-na-argentina.html#breadcrumb"},"inLanguage":"pt-BR","potentialAction":[{"@type":"ReadAction","target":["https:\/\/franciscanos.org.br\/noticias\/canarinhos-do-brasil-fazem-bonito-na-argentina.html"]}]},{"@type":"BreadcrumbList","@id":"https:\/\/franciscanos.org.br\/noticias\/canarinhos-do-brasil-fazem-bonito-na-argentina.html#breadcrumb","itemListElement":[{"@type":"ListItem","position":1,"name":"Home","item":"https:\/\/franciscanos.org.br\/noticias"},{"@type":"ListItem","position":2,"name":"Canarinhos do Brasil fazem bonito na Argentina"}]},{"@type":"Person","@id":"https:\/\/franciscanos.org.br\/noticias\/#\/schema\/person\/b38fbf43118f02820bd932f2e4b14ad3","name":"admin","image":{"@type":"ImageObject","inLanguage":"pt-BR","@id":"https:\/\/franciscanos.org.br\/noticias\/#\/schema\/person\/image\/","url":"https:\/\/secure.gravatar.com\/avatar\/e8495742d34d0ba6448ea1c628263b3e?s=96&d=mm&r=g","contentUrl":"https:\/\/secure.gravatar.com\/avatar\/e8495742d34d0ba6448ea1c628263b3e?s=96&d=mm&r=g","caption":"admin"},"url":"https:\/\/franciscanos.org.br\/noticias\/author\/admin"}]}},"_links":{"self":[{"href":"https:\/\/franciscanos.org.br\/noticias\/wp-json\/wp\/v2\/posts\/39976"}],"collection":[{"href":"https:\/\/franciscanos.org.br\/noticias\/wp-json\/wp\/v2\/posts"}],"about":[{"href":"https:\/\/franciscanos.org.br\/noticias\/wp-json\/wp\/v2\/types\/post"}],"author":[{"embeddable":true,"href":"https:\/\/franciscanos.org.br\/noticias\/wp-json\/wp\/v2\/users\/1"}],"replies":[{"embeddable":true,"href":"https:\/\/franciscanos.org.br\/noticias\/wp-json\/wp\/v2\/comments?post=39976"}],"version-history":[{"count":1,"href":"https:\/\/franciscanos.org.br\/noticias\/wp-json\/wp\/v2\/posts\/39976\/revisions"}],"predecessor-version":[{"id":229237,"href":"https:\/\/franciscanos.org.br\/noticias\/wp-json\/wp\/v2\/posts\/39976\/revisions\/229237"}],"wp:featuredmedia":[{"embeddable":true,"href":"https:\/\/franciscanos.org.br\/noticias\/wp-json\/wp\/v2\/media\/216814"}],"wp:attachment":[{"href":"https:\/\/franciscanos.org.br\/noticias\/wp-json\/wp\/v2\/media?parent=39976"}],"wp:term":[{"taxonomy":"category","embeddable":true,"href":"https:\/\/franciscanos.org.br\/noticias\/wp-json\/wp\/v2\/categories?post=39976"},{"taxonomy":"post_tag","embeddable":true,"href":"https:\/\/franciscanos.org.br\/noticias\/wp-json\/wp\/v2\/tags?post=39976"}],"curies":[{"name":"wp","href":"https:\/\/api.w.org\/{rel}","templated":true}]}}