{"id":39964,"date":"2013-06-14T06:03:21","date_gmt":"2013-06-14T09:03:21","guid":{"rendered":"http:\/\/new.franciscanos.org.br\/?p=39964"},"modified":"2020-01-29T11:02:08","modified_gmt":"2020-01-29T14:02:08","slug":"100-anos-de-vida-e-missao-construindo-historia-nas-terras-sagradas-do-sertao","status":"publish","type":"post","link":"https:\/\/franciscanos.org.br\/noticias\/100-anos-de-vida-e-missao-construindo-historia-nas-terras-sagradas-do-sertao.html","title":{"rendered":"100 anos de vida e miss\u00e3o construindo hist\u00f3ria nas terras do sert\u00e3o"},"content":{"rendered":"<p><img loading=\"lazy\" src=\"http:\/\/franciscanos.org.br\/wp-content\/uploads\/2013\/06\/BA.jpg\" alt=\"BA\" width=\"830\" height=\"300\" \/><\/p>\n<table border=\"0\" width=\"450\" cellspacing=\"3\" cellpadding=\"3\" align=\"right\">\n<tbody>\n<tr>\n<td bgcolor=\"#f4f4f4\">\n<table border=\"0\" width=\"450\" cellspacing=\"3\" cellpadding=\"1\">\n<tbody>\n<tr>\n<td bgcolor=\"#FFFFFF\"><img loading=\"lazy\" style=\"line-height: 19px;\" src=\"http:\/\/franciscanos.org.br\/wp-content\/uploads\/2013\/06\/barra.jpg\" alt=\"barra\" width=\"450\" height=\"288\" \/><\/td>\n<\/tr>\n<tr>\n<td bgcolor=\"#FFFFFF\">\n<h4><b style=\"line-height: 19px;\">VEJA COMO SER\u00c1 A FESTA<\/b><\/h4>\n<p>Os 100 anos da Diocese da Barra ser\u00e3o celebrados em tr\u00eas momentos:<br \/>\nNo dia <b>16 de junho<\/b>, anivers\u00e1rio da cidade, ser\u00e1 realizado desfile c\u00edvico com as escolas da cidade apresentando a mem\u00f3ria diocesana.<br \/>\nNo dia <b>6 de agosto<\/b>, Festa do Senhor Bom Jesus dos Navegantes, uma das grandes devo\u00e7\u00f5es do povo barrense, quando haver\u00e1 Missa solene com prociss\u00e3o \u00e0s 17 horas e um show musical \u00e0s 21 horas.<br \/>\nNo dia <b>4 de outubro<\/b>, Festa de S\u00e3o Francisco das Chagas, padroeiro da cidade e da Diocese da Barra, \u00e0s 7 horas, ser\u00e1 dada a b\u00ean\u00e7\u00e3o de inaugura\u00e7\u00e3o do Monumento a S\u00e3o Francisco na entrada da cidade. \u00c0s 17 horas ter\u00e1 in\u00edcio a prociss\u00e3o fluvial e terrestre, terminando com a Missa de A\u00e7\u00e3o de Gra\u00e7as pelo Centen\u00e1rio da Diocese na pra\u00e7a da Catedral de S\u00e3o Francisco das Chagas.<\/td>\n<\/tr>\n<tr>\n<td bgcolor=\"#CCCCCC\">\n<h4><b style=\"line-height: 19px;\">Ora\u00e7\u00e3o do Centen\u00e1rio<\/b><\/h4>\n<p><em>Deus nosso bom Pai,<\/em><br \/>\n<em>Senhor da Vida e da Hist\u00f3ria, queremos expressar a nossa gratid\u00e3o pelos cem anos de nossa Diocese da Barra.<\/em><br \/>\n<strong><em>OBRIGADO, SENHOR!<\/em><\/strong><br \/>\n<em>Pela vida de nossa Igreja presente neste sert\u00e3o do S\u00e3o Francisco;<\/em><br \/>\n<em>Pelo nosso povo, sempre amigo, generoso, acolhedor e solid\u00e1rio;<\/em><br \/>\n<em>Por tantos irm\u00e3os e irm\u00e3s que doaram suas vidas a servi\u00e7o da evangeliza\u00e7\u00e3o;<\/em><br \/>\n<em>Pelos benfeitores que possibilitam a caminhada de nossa Igreja;<\/em><br \/>\n<em>Pela natureza abundante presente em nossos rios, brejos, caatingas e serras, fonte de vida para nossa gente.<\/em><br \/>\n<strong><em>MUITO OBRIGADO, SENHOR DA VIDA E DA HIST\u00d3RIA!<\/em><\/strong><br \/>\n<em>Humildemente suplicamos:<\/em><br \/>\n<em>Renova em n\u00f3s o dom da f\u00e9 recebido no batismo, confirmado na Crisma e reanimado em cada Eucaristia;<\/em><br \/>\n<em>Que nossa Igreja Diocesana seja sempre fiel a Jesus e ao seu Evangelho;<\/em><br \/>\n<em>Acolhedora e servidora de todos, especialmente dos pobres e sofredores;<\/em><br \/>\n<em>Fraterna para com os que buscam a Jesus e materna para com os marginalizados e exclu\u00eddos<\/em><br \/>\n<em>Que nosso cora\u00e7\u00e3o diocesano haja sempre lugar para todos;<\/em><br \/>\n<em>Que sejamos uma Igreja disc\u00edpula e mission\u00e1ria, animada pelo Esp\u00edrito Santo.<\/em><br \/>\n<em>Confiamos nossa Diocese a S\u00e3o Francisco das Chagas, nosso Padroeiro,\u00a0 e a Maria, m\u00e3e de Jesus e nossa m\u00e3e querida.<\/em><br \/>\n<em id=\"__mceDel\">Por Cristo, o Senhor da Vida, AM\u00c9M!<\/em><\/td>\n<\/tr>\n<\/tbody>\n<\/table>\n<\/td>\n<\/tr>\n<\/tbody>\n<\/table>\n<p><b>Por Dom Luiz Fl\u00e1vio Cappio, bispo da Diocese da Barra<\/b><\/p>\n<p>A<b> <\/b>Diocese de Barra est\u00e1 completando 100 anos de vida e miss\u00e3o. Foi criada no ano de 1913 pelo papa S\u00e3o Pio X, atrav\u00e9s da Bula \u201cMaius animarum bonum\u201d (\u201cPara maior bem das almas\u201d). Com a Diocese de Barra foram criadas tamb\u00e9m as Dioceses de Ilh\u00e9us e Caetit\u00e9, todas desmembradas da Arquidiocese de S\u00e3o Salvador da Bahia. Neste tempo, nossa Diocese possu\u00eda dimens\u00f5es imensas: ia de Pernambuco a Minas Gerais, compreendendo o que s\u00e3o hoje as Dioceses de Juazeiro, Bom Jesus da Lapa, Barreiras e parte de Irec\u00ea. Todas essas Dioceses sa\u00edram da Diocese-m\u00e3e de Barra.<\/p>\n<p>Desde que foi criada, tivemos a presen\u00e7a de grandes homens e mulheres que semearam o que hoje estamos colhendo com tanta abund\u00e2ncia. Bispos, sacerdotes, religiosos, religiosas, mission\u00e1rios, mission\u00e1rias, crist\u00e3os, leigos e leigas, que foram verdadeiros oper\u00e1rios e oper\u00e1rias da Messe do Senhor. O esp\u00edrito mission\u00e1rio foi o fio condutor de toda nossa a\u00e7\u00e3o pastoral desde o seu in\u00edcio. Todos os que por aqui passaram estavam imbu\u00eddos com este desejo de contribuir na expans\u00e3o do Reino de Deus, e deram o melhor de si diante de tantos desafios que nossa dura realidade apresentava.<\/p>\n<p>Logo de in\u00edcio tivemos que enfrentar a falta de escolas para forma\u00e7\u00e3o de professoras. O primeiro bispo que aqui chegou, Dom Augusto \u00c1lvaro da Silva, depois cardeal primaz do Brasil, fundou o Col\u00e9gio Santa Eufr\u00e1sia na cidade de Barra para forma\u00e7\u00e3o de professoras e catequistas. Foram essas hero\u00ednas que alfabetizaram e catequizaram todo o sert\u00e3o do S\u00e3o Francisco e sul do Piau\u00ed.<br \/>\nNa \u00e9poca grassava na regi\u00e3o a mal\u00e1ria que n\u00e3o poupava vidas. Conta-se que Dom Jo\u00e3o Muniz sempre ouvia o sino da catedral avisando a morte de algu\u00e9m. Incomodado perguntou a um de seus auxiliares qual era a causa de tantos \u00f3bitos. E recebeu como resposta que era a mal\u00e1ria que consumia tantas vidas. Como o prelado era muito conhecido e amigo do ent\u00e3o ministro da sa\u00fade, conseguiu a funda\u00e7\u00e3o da SUCAM para erradica\u00e7\u00e3o deste terr\u00edvel mal. Pois bem, hoje, se existe um servi\u00e7o que presta tantos bens para a sa\u00fade de nosso povo, seu ber\u00e7o se encontra entre n\u00f3s. Por isso, Dom Jo\u00e3o Muniz passou a ser conhecido como o \u201cbispo sanitarista\u201d.<\/p>\n<p>O que seria das lutas fundi\u00e1rias em nosso sert\u00e3o se n\u00e3o tiv\u00e9ssemos tido um Dom Orlando Dotti que, a frente da Diocese assumiu pra valer a defesa dos posseiros contra grileiros gananciosos. Como membro da Confer\u00eancia de Puebla defendeu a tese: \u201cA terra \u00e9 de quem nela trabalha\u201d, afirmando a prioridade do suor derramado e das m\u00e3os calejadas em rela\u00e7\u00e3o a um papel chamado documento. Realizou com as terras da diocese uma das primeiras experi\u00eancias de \u201creforma agr\u00e1ria\u201d entre os posseiros da regi\u00e3o. Dom Itamar levou adiante essa luta. E se hoje reina um pouco mais de tranquilidade em quest\u00f5es de terra, devemos ao duro trabalho desses dois nossos irm\u00e3os. N\u00e3o estavam sozinhos: Padres, religiosos, religiosas e crist\u00e3o leigos assumiram pra valer esse desafio. A CPT (Comiss\u00e3o Pastoral da Terra) teve papel relevante neste assunto. Alguns derramaram seu sangue pela causa da justi\u00e7a como Jota e Manoel Dias.<\/p>\n<p>Quanto a Pastoral nossa prioridade s\u00e3o as Comunidades Eclesiais de Base. Ficamos muito felizes quando a \u00faltima Assembleia Geral a CNBB estendeu para todo o Brasil esta pr\u00e1tica pastoral que n\u00f3s v\u00ednhamos realizando h\u00e1 muito. Nossa Diocese \u00e9 um conjunto de muitas comunidades, uma rede de comunidades. Para isso \u00e9 necess\u00e1rio que tenhamos leigos preparados para os desafios pastorais. Nesse trabalho de forma\u00e7\u00e3o de nossos leigos, as religiosas sempre deram uma grande contribui\u00e7\u00e3o.<br \/>\n\u00c9 assim que estamos vivendo o Ano Centen\u00e1rio: valorizando nossas comunidades e manifestando nossa profunda a\u00e7\u00e3o de gra\u00e7as por tudo o que foi realizado at\u00e9 hoje. Colocamo-nos nas m\u00e3os de Deus a fim de que, generosamente, como os que nos antecederam, levemos adiante este precioso trabalho de constru\u00e7\u00e3o do Reino de Deus.<\/p>\n","protected":false},"excerpt":{"rendered":"<p>Diocese da Barra &#8211; BA<\/p>\n","protected":false},"author":1,"featured_media":216825,"comment_status":"closed","ping_status":"open","sticky":false,"template":"","format":"standard","meta":[],"categories":[1],"tags":[1320,1321],"acf":[],"yoast_head":"<!-- This site is optimized with the Yoast SEO plugin v19.2 - https:\/\/yoast.com\/wordpress\/plugins\/seo\/ -->\n<title>100 anos de vida e miss\u00e3o construindo hist\u00f3ria nas terras do sert\u00e3o - Not\u00edcias - Franciscanos<\/title>\n<meta name=\"robots\" content=\"index, follow, max-snippet:-1, max-image-preview:large, max-video-preview:-1\" \/>\n<link rel=\"canonical\" href=\"https:\/\/franciscanos.org.br\/noticias\/100-anos-de-vida-e-missao-construindo-historia-nas-terras-sagradas-do-sertao.html\" \/>\n<meta property=\"og:locale\" content=\"pt_BR\" \/>\n<meta property=\"og:type\" content=\"article\" \/>\n<meta property=\"og:title\" content=\"100 anos de vida e miss\u00e3o construindo hist\u00f3ria nas terras do sert\u00e3o - Not\u00edcias - Franciscanos\" \/>\n<meta property=\"og:description\" content=\"Diocese da Barra - BA\" \/>\n<meta property=\"og:url\" content=\"https:\/\/franciscanos.org.br\/noticias\/100-anos-de-vida-e-missao-construindo-historia-nas-terras-sagradas-do-sertao.html\" \/>\n<meta property=\"og:site_name\" content=\"Not\u00edcias - Franciscanos\" \/>\n<meta property=\"article:published_time\" content=\"2013-06-14T09:03:21+00:00\" \/>\n<meta property=\"article:modified_time\" content=\"2020-01-29T14:02:08+00:00\" \/>\n<meta property=\"og:image\" content=\"https:\/\/franciscanos.org.br\/noticias\/wp-content\/uploads\/2013\/06\/barra-1.jpg\" \/>\n\t<meta property=\"og:image:width\" content=\"273\" \/>\n\t<meta property=\"og:image:height\" content=\"181\" \/>\n\t<meta property=\"og:image:type\" content=\"image\/jpeg\" \/>\n<meta name=\"author\" content=\"admin\" \/>\n<meta name=\"twitter:card\" content=\"summary_large_image\" \/>\n<meta name=\"twitter:label1\" content=\"Escrito por\" \/>\n\t<meta name=\"twitter:data1\" content=\"admin\" \/>\n\t<meta name=\"twitter:label2\" content=\"Est. tempo de leitura\" \/>\n\t<meta name=\"twitter:data2\" content=\"5 minutos\" \/>\n<script type=\"application\/ld+json\" class=\"yoast-schema-graph\">{\"@context\":\"https:\/\/schema.org\",\"@graph\":[{\"@type\":\"WebSite\",\"@id\":\"https:\/\/franciscanos.org.br\/noticias\/#website\",\"url\":\"https:\/\/franciscanos.org.br\/noticias\/\",\"name\":\"Not\u00edcias - Franciscanos\",\"description\":\"Prov\u00edncia Franciscana da Imaculada Concei\u00e7\u00e3o do Brasil - Ordem dos Frades Menores - OFM\",\"potentialAction\":[{\"@type\":\"SearchAction\",\"target\":{\"@type\":\"EntryPoint\",\"urlTemplate\":\"https:\/\/franciscanos.org.br\/noticias\/?s={search_term_string}\"},\"query-input\":\"required name=search_term_string\"}],\"inLanguage\":\"pt-BR\"},{\"@type\":\"ImageObject\",\"inLanguage\":\"pt-BR\",\"@id\":\"https:\/\/franciscanos.org.br\/noticias\/100-anos-de-vida-e-missao-construindo-historia-nas-terras-sagradas-do-sertao.html#primaryimage\",\"url\":\"https:\/\/franciscanos.org.br\/noticias\/wp-content\/uploads\/2013\/06\/barra-1.jpg\",\"contentUrl\":\"https:\/\/franciscanos.org.br\/noticias\/wp-content\/uploads\/2013\/06\/barra-1.jpg\",\"width\":273,\"height\":181},{\"@type\":\"WebPage\",\"@id\":\"https:\/\/franciscanos.org.br\/noticias\/100-anos-de-vida-e-missao-construindo-historia-nas-terras-sagradas-do-sertao.html#webpage\",\"url\":\"https:\/\/franciscanos.org.br\/noticias\/100-anos-de-vida-e-missao-construindo-historia-nas-terras-sagradas-do-sertao.html\",\"name\":\"100 anos de vida e miss\u00e3o construindo hist\u00f3ria nas terras do sert\u00e3o - Not\u00edcias - Franciscanos\",\"isPartOf\":{\"@id\":\"https:\/\/franciscanos.org.br\/noticias\/#website\"},\"primaryImageOfPage\":{\"@id\":\"https:\/\/franciscanos.org.br\/noticias\/100-anos-de-vida-e-missao-construindo-historia-nas-terras-sagradas-do-sertao.html#primaryimage\"},\"datePublished\":\"2013-06-14T09:03:21+00:00\",\"dateModified\":\"2020-01-29T14:02:08+00:00\",\"author\":{\"@id\":\"https:\/\/franciscanos.org.br\/noticias\/#\/schema\/person\/b38fbf43118f02820bd932f2e4b14ad3\"},\"breadcrumb\":{\"@id\":\"https:\/\/franciscanos.org.br\/noticias\/100-anos-de-vida-e-missao-construindo-historia-nas-terras-sagradas-do-sertao.html#breadcrumb\"},\"inLanguage\":\"pt-BR\",\"potentialAction\":[{\"@type\":\"ReadAction\",\"target\":[\"https:\/\/franciscanos.org.br\/noticias\/100-anos-de-vida-e-missao-construindo-historia-nas-terras-sagradas-do-sertao.html\"]}]},{\"@type\":\"BreadcrumbList\",\"@id\":\"https:\/\/franciscanos.org.br\/noticias\/100-anos-de-vida-e-missao-construindo-historia-nas-terras-sagradas-do-sertao.html#breadcrumb\",\"itemListElement\":[{\"@type\":\"ListItem\",\"position\":1,\"name\":\"Home\",\"item\":\"https:\/\/franciscanos.org.br\/noticias\"},{\"@type\":\"ListItem\",\"position\":2,\"name\":\"100 anos de vida e miss\u00e3o construindo hist\u00f3ria nas terras do sert\u00e3o\"}]},{\"@type\":\"Person\",\"@id\":\"https:\/\/franciscanos.org.br\/noticias\/#\/schema\/person\/b38fbf43118f02820bd932f2e4b14ad3\",\"name\":\"admin\",\"image\":{\"@type\":\"ImageObject\",\"inLanguage\":\"pt-BR\",\"@id\":\"https:\/\/franciscanos.org.br\/noticias\/#\/schema\/person\/image\/\",\"url\":\"https:\/\/secure.gravatar.com\/avatar\/e8495742d34d0ba6448ea1c628263b3e?s=96&d=mm&r=g\",\"contentUrl\":\"https:\/\/secure.gravatar.com\/avatar\/e8495742d34d0ba6448ea1c628263b3e?s=96&d=mm&r=g\",\"caption\":\"admin\"},\"url\":\"https:\/\/franciscanos.org.br\/noticias\/author\/admin\"}]}<\/script>\n<!-- \/ Yoast SEO plugin. -->","yoast_head_json":{"title":"100 anos de vida e miss\u00e3o construindo hist\u00f3ria nas terras do sert\u00e3o - Not\u00edcias - Franciscanos","robots":{"index":"index","follow":"follow","max-snippet":"max-snippet:-1","max-image-preview":"max-image-preview:large","max-video-preview":"max-video-preview:-1"},"canonical":"https:\/\/franciscanos.org.br\/noticias\/100-anos-de-vida-e-missao-construindo-historia-nas-terras-sagradas-do-sertao.html","og_locale":"pt_BR","og_type":"article","og_title":"100 anos de vida e miss\u00e3o construindo hist\u00f3ria nas terras do sert\u00e3o - Not\u00edcias - Franciscanos","og_description":"Diocese da Barra - BA","og_url":"https:\/\/franciscanos.org.br\/noticias\/100-anos-de-vida-e-missao-construindo-historia-nas-terras-sagradas-do-sertao.html","og_site_name":"Not\u00edcias - Franciscanos","article_published_time":"2013-06-14T09:03:21+00:00","article_modified_time":"2020-01-29T14:02:08+00:00","og_image":[{"width":273,"height":181,"url":"https:\/\/franciscanos.org.br\/noticias\/wp-content\/uploads\/2013\/06\/barra-1.jpg","type":"image\/jpeg"}],"author":"admin","twitter_card":"summary_large_image","twitter_misc":{"Escrito por":"admin","Est. tempo de leitura":"5 minutos"},"schema":{"@context":"https:\/\/schema.org","@graph":[{"@type":"WebSite","@id":"https:\/\/franciscanos.org.br\/noticias\/#website","url":"https:\/\/franciscanos.org.br\/noticias\/","name":"Not\u00edcias - Franciscanos","description":"Prov\u00edncia Franciscana da Imaculada Concei\u00e7\u00e3o do Brasil - Ordem dos Frades Menores - OFM","potentialAction":[{"@type":"SearchAction","target":{"@type":"EntryPoint","urlTemplate":"https:\/\/franciscanos.org.br\/noticias\/?s={search_term_string}"},"query-input":"required name=search_term_string"}],"inLanguage":"pt-BR"},{"@type":"ImageObject","inLanguage":"pt-BR","@id":"https:\/\/franciscanos.org.br\/noticias\/100-anos-de-vida-e-missao-construindo-historia-nas-terras-sagradas-do-sertao.html#primaryimage","url":"https:\/\/franciscanos.org.br\/noticias\/wp-content\/uploads\/2013\/06\/barra-1.jpg","contentUrl":"https:\/\/franciscanos.org.br\/noticias\/wp-content\/uploads\/2013\/06\/barra-1.jpg","width":273,"height":181},{"@type":"WebPage","@id":"https:\/\/franciscanos.org.br\/noticias\/100-anos-de-vida-e-missao-construindo-historia-nas-terras-sagradas-do-sertao.html#webpage","url":"https:\/\/franciscanos.org.br\/noticias\/100-anos-de-vida-e-missao-construindo-historia-nas-terras-sagradas-do-sertao.html","name":"100 anos de vida e miss\u00e3o construindo hist\u00f3ria nas terras do sert\u00e3o - Not\u00edcias - Franciscanos","isPartOf":{"@id":"https:\/\/franciscanos.org.br\/noticias\/#website"},"primaryImageOfPage":{"@id":"https:\/\/franciscanos.org.br\/noticias\/100-anos-de-vida-e-missao-construindo-historia-nas-terras-sagradas-do-sertao.html#primaryimage"},"datePublished":"2013-06-14T09:03:21+00:00","dateModified":"2020-01-29T14:02:08+00:00","author":{"@id":"https:\/\/franciscanos.org.br\/noticias\/#\/schema\/person\/b38fbf43118f02820bd932f2e4b14ad3"},"breadcrumb":{"@id":"https:\/\/franciscanos.org.br\/noticias\/100-anos-de-vida-e-missao-construindo-historia-nas-terras-sagradas-do-sertao.html#breadcrumb"},"inLanguage":"pt-BR","potentialAction":[{"@type":"ReadAction","target":["https:\/\/franciscanos.org.br\/noticias\/100-anos-de-vida-e-missao-construindo-historia-nas-terras-sagradas-do-sertao.html"]}]},{"@type":"BreadcrumbList","@id":"https:\/\/franciscanos.org.br\/noticias\/100-anos-de-vida-e-missao-construindo-historia-nas-terras-sagradas-do-sertao.html#breadcrumb","itemListElement":[{"@type":"ListItem","position":1,"name":"Home","item":"https:\/\/franciscanos.org.br\/noticias"},{"@type":"ListItem","position":2,"name":"100 anos de vida e miss\u00e3o construindo hist\u00f3ria nas terras do sert\u00e3o"}]},{"@type":"Person","@id":"https:\/\/franciscanos.org.br\/noticias\/#\/schema\/person\/b38fbf43118f02820bd932f2e4b14ad3","name":"admin","image":{"@type":"ImageObject","inLanguage":"pt-BR","@id":"https:\/\/franciscanos.org.br\/noticias\/#\/schema\/person\/image\/","url":"https:\/\/secure.gravatar.com\/avatar\/e8495742d34d0ba6448ea1c628263b3e?s=96&d=mm&r=g","contentUrl":"https:\/\/secure.gravatar.com\/avatar\/e8495742d34d0ba6448ea1c628263b3e?s=96&d=mm&r=g","caption":"admin"},"url":"https:\/\/franciscanos.org.br\/noticias\/author\/admin"}]}},"_links":{"self":[{"href":"https:\/\/franciscanos.org.br\/noticias\/wp-json\/wp\/v2\/posts\/39964"}],"collection":[{"href":"https:\/\/franciscanos.org.br\/noticias\/wp-json\/wp\/v2\/posts"}],"about":[{"href":"https:\/\/franciscanos.org.br\/noticias\/wp-json\/wp\/v2\/types\/post"}],"author":[{"embeddable":true,"href":"https:\/\/franciscanos.org.br\/noticias\/wp-json\/wp\/v2\/users\/1"}],"replies":[{"embeddable":true,"href":"https:\/\/franciscanos.org.br\/noticias\/wp-json\/wp\/v2\/comments?post=39964"}],"version-history":[{"count":0,"href":"https:\/\/franciscanos.org.br\/noticias\/wp-json\/wp\/v2\/posts\/39964\/revisions"}],"wp:featuredmedia":[{"embeddable":true,"href":"https:\/\/franciscanos.org.br\/noticias\/wp-json\/wp\/v2\/media\/216825"}],"wp:attachment":[{"href":"https:\/\/franciscanos.org.br\/noticias\/wp-json\/wp\/v2\/media?parent=39964"}],"wp:term":[{"taxonomy":"category","embeddable":true,"href":"https:\/\/franciscanos.org.br\/noticias\/wp-json\/wp\/v2\/categories?post=39964"},{"taxonomy":"post_tag","embeddable":true,"href":"https:\/\/franciscanos.org.br\/noticias\/wp-json\/wp\/v2\/tags?post=39964"}],"curies":[{"name":"wp","href":"https:\/\/api.w.org\/{rel}","templated":true}]}}