{"id":39924,"date":"2013-06-10T07:44:46","date_gmt":"2013-06-10T10:44:46","guid":{"rendered":"http:\/\/new.franciscanos.org.br\/?p=39924"},"modified":"2020-06-11T16:56:42","modified_gmt":"2020-06-11T19:56:42","slug":"deus-e-pura-misericordia-nao-tenhamos-medo","status":"publish","type":"post","link":"https:\/\/franciscanos.org.br\/noticias\/deus-e-pura-misericordia-nao-tenhamos-medo.html","title":{"rendered":"Deus \u00e9 pura miseric\u00f3rdia. N\u00e3o tenhamos medo!"},"content":{"rendered":"<p><img loading=\"lazy\" class=\"alignright size-full wp-image-39926\" src=\"http:\/\/franciscanos.org.br\/wp-content\/uploads\/2013\/06\/papa.jpg\" alt=\"papa\" width=\"450\" height=\"326\" \/>O amor misericordioso de Deus voltou a ser sublinhado pelo Papa Francisco, neste domingo, ao meio-dia, ao Angelus, com uma multid\u00e3o de fi\u00e9is congregados na Pra\u00e7a de S\u00e3o Pedro. Come\u00e7ando por recordar que \u201co m\u00eas de junho \u00e9 tradicionalmente dedicado ao Sagrado Cora\u00e7\u00e3o, m\u00e1xima express\u00e3o do amor divino\u201d, o Papa observou que \u201co Cora\u00e7\u00e3o de Jesus \u00e9 o s\u00edmbolo por excel\u00eancia da miseric\u00f3rdia de Deus; mas n\u00e3o \u00e9 um s\u00edmbolo imagin\u00e1rio, \u00e9 um s\u00edmbolo real, que representa o centro, a fonte de onde brotou a salva\u00e7\u00e3o para toda a humanidade\u201d.<\/p>\n<p>Fundamental, neste aspeto, \u00e9 a narra\u00e7\u00e3o da morte de Cristo, segundo Jo\u00e3o. Este evangelista testemunha o que viu no Calv\u00e1rio: quando Jesus j\u00e1 estava morto, um soldado trespassou-lhe o cora\u00e7\u00e3o com uma lan\u00e7a, e dali brotou sangue e \u00e1gua. Neste sinal, \u201cJo\u00e3o reconheceu o cumprimento das profecias: do cora\u00e7\u00e3o de Jesus, Cordeiro imolado na cruz, brota para todos os homens o perd\u00e3o e a vida\u201d.<\/p>\n<p>\u201cA miseric\u00f3rdia de Jesus \u2013 advertiu o Papa \u2013 n\u00e3o \u00e9 apenas sentimento! \u00c9 uma for\u00e7a que d\u00e1 a vida, que ressuscita o homem\u201d, como nos diz o Evangelho deste domingo, no epis\u00f3dio da vi\u00fava de Naim, que tinha perdido o seu \u00fanico filho. \u201cVendo-a, Jesus sentiu grande compaix\u00e3o por ela\u201d. Esta compaix\u00e3o \u00e9 o amor de Deus pelo homem, \u00e9 a miseric\u00f3rdia, isto \u00e9, a atitude de Deus em contato com a mis\u00e9ria humana, com a nossa indig\u00eancia, o nosso sofrimento, a nossa ang\u00fastia.\u201d<\/p>\n<p>\u201cO termo b\u00edblico compaix\u00e3o \u2013 recordou o Papa \u2013 evoca as v\u00edsceras maternas: de fato, a m\u00e3e sente uma rea\u00e7\u00e3o muito especial perante o sofrimento dos filhos. \u00c9 assim que Deus nos ama \u2013 diz a Escritura\u201d.<\/p>\n<p>E o fruto deste amor \u00e9 a vida. Por isso Jesus diz \u00e0 vi\u00fava de Naim para n\u00e3o chorar. A miseric\u00f3rdia de Deus d\u00e1 vida ao homem, ressuscita-o da morte!<br \/>\n\u201cO Senhor olha-nos sempre com miseric\u00f3rdia, aguarda-nos com miseric\u00f3rdia. N\u00e3o tenhamos medo de nos aproximarmos d\u2019Ele! Tem um cora\u00e7\u00e3o misericordioso! Se lhe mostrarmos as nossas feridas interiores, os nossos pecados, ele sempre nos perdoa. \u00c9 pura miseric\u00f3rdia!\u201d.<\/p>\n<p>E o Papa concluiu a alocu\u00e7\u00e3o antes da reza da ora\u00e7\u00e3o mariana convidando a dirigir o olhar para a Virgem Maria: \u201cO seu cora\u00e7\u00e3o imaculado, cora\u00e7\u00e3o de m\u00e3e, partilhou ao m\u00e1ximo a compaix\u00e3o de Deus, especialmente na hora da paix\u00e3o e morte de Jesus. Que Maria nos ajude a sermos mansos, humildes, misericordiosos com os nossos irm\u00e3os\u201d.<\/p>\n<p>Depois do Angelus, Papa Francisco recordou que neste domingo, em Crac\u00f3via, eram proclamadas Beatas duas religiosas polacas: Sofia Maciejowska, que na primeira metado do s\u00e9c. XVII, fundou a Congrega\u00e7\u00e3o das Virgens da Apresenta\u00e7\u00e3o de Nossa Senhor; e Margherita Szewczyk, que no s\u00e9c. XIX fundou a Congrega\u00e7\u00e3o das Filhas de Nossa Senhora das Dores. \u201cJuntamente com a Igreja que est\u00e1 em Crac\u00f3via, demos gra\u00e7as ao Senhor!\u201d<\/p>\n<p>O Papa concluiu convidando uma vez mais a confiar na miseric\u00f3rdia de Deus, que sempre nos aguarda. N\u00e3o faltou, como sauda\u00e7\u00e3o final, votos de bom almo\u00e7o\u2026<\/p>\n<hr \/>\n<p><em>Fonte: R\u00e1dio Vaticano<\/em><\/p>\n","protected":false},"excerpt":{"rendered":"<p>Angelus<\/p>\n","protected":false},"author":1,"featured_media":216810,"comment_status":"closed","ping_status":"open","sticky":false,"template":"","format":"standard","meta":[],"categories":[1428],"tags":[403],"acf":[],"yoast_head":"<!-- This site is optimized with the Yoast SEO plugin v19.2 - https:\/\/yoast.com\/wordpress\/plugins\/seo\/ -->\n<title>Deus \u00e9 pura miseric\u00f3rdia. N\u00e3o tenhamos medo! - Not\u00edcias - Franciscanos<\/title>\n<meta name=\"robots\" content=\"index, follow, max-snippet:-1, max-image-preview:large, max-video-preview:-1\" \/>\n<link rel=\"canonical\" href=\"https:\/\/franciscanos.org.br\/noticias\/deus-e-pura-misericordia-nao-tenhamos-medo.html\" \/>\n<meta property=\"og:locale\" content=\"pt_BR\" \/>\n<meta property=\"og:type\" content=\"article\" \/>\n<meta property=\"og:title\" content=\"Deus \u00e9 pura miseric\u00f3rdia. N\u00e3o tenhamos medo! - Not\u00edcias - Franciscanos\" \/>\n<meta property=\"og:description\" content=\"Angelus\" \/>\n<meta property=\"og:url\" content=\"https:\/\/franciscanos.org.br\/noticias\/deus-e-pura-misericordia-nao-tenhamos-medo.html\" \/>\n<meta property=\"og:site_name\" content=\"Not\u00edcias - Franciscanos\" \/>\n<meta property=\"article:published_time\" content=\"2013-06-10T10:44:46+00:00\" \/>\n<meta property=\"article:modified_time\" content=\"2020-06-11T19:56:42+00:00\" \/>\n<meta property=\"og:image\" content=\"https:\/\/franciscanos.org.br\/noticias\/wp-content\/uploads\/2013\/06\/papa.jpg\" \/>\n\t<meta property=\"og:image:width\" content=\"273\" \/>\n\t<meta property=\"og:image:height\" content=\"181\" \/>\n\t<meta property=\"og:image:type\" content=\"image\/jpeg\" \/>\n<meta name=\"author\" content=\"admin\" \/>\n<meta name=\"twitter:card\" content=\"summary_large_image\" \/>\n<meta name=\"twitter:label1\" content=\"Escrito por\" \/>\n\t<meta name=\"twitter:data1\" content=\"admin\" \/>\n\t<meta name=\"twitter:label2\" content=\"Est. tempo de leitura\" \/>\n\t<meta name=\"twitter:data2\" content=\"3 minutos\" \/>\n<script type=\"application\/ld+json\" class=\"yoast-schema-graph\">{\"@context\":\"https:\/\/schema.org\",\"@graph\":[{\"@type\":\"WebSite\",\"@id\":\"https:\/\/franciscanos.org.br\/noticias\/#website\",\"url\":\"https:\/\/franciscanos.org.br\/noticias\/\",\"name\":\"Not\u00edcias - Franciscanos\",\"description\":\"Prov\u00edncia Franciscana da Imaculada Concei\u00e7\u00e3o do Brasil - Ordem dos Frades Menores - OFM\",\"potentialAction\":[{\"@type\":\"SearchAction\",\"target\":{\"@type\":\"EntryPoint\",\"urlTemplate\":\"https:\/\/franciscanos.org.br\/noticias\/?s={search_term_string}\"},\"query-input\":\"required name=search_term_string\"}],\"inLanguage\":\"pt-BR\"},{\"@type\":\"ImageObject\",\"inLanguage\":\"pt-BR\",\"@id\":\"https:\/\/franciscanos.org.br\/noticias\/deus-e-pura-misericordia-nao-tenhamos-medo.html#primaryimage\",\"url\":\"https:\/\/franciscanos.org.br\/noticias\/wp-content\/uploads\/2013\/06\/papa.jpg\",\"contentUrl\":\"https:\/\/franciscanos.org.br\/noticias\/wp-content\/uploads\/2013\/06\/papa.jpg\",\"width\":273,\"height\":181},{\"@type\":\"WebPage\",\"@id\":\"https:\/\/franciscanos.org.br\/noticias\/deus-e-pura-misericordia-nao-tenhamos-medo.html#webpage\",\"url\":\"https:\/\/franciscanos.org.br\/noticias\/deus-e-pura-misericordia-nao-tenhamos-medo.html\",\"name\":\"Deus \u00e9 pura miseric\u00f3rdia. N\u00e3o tenhamos medo! - Not\u00edcias - Franciscanos\",\"isPartOf\":{\"@id\":\"https:\/\/franciscanos.org.br\/noticias\/#website\"},\"primaryImageOfPage\":{\"@id\":\"https:\/\/franciscanos.org.br\/noticias\/deus-e-pura-misericordia-nao-tenhamos-medo.html#primaryimage\"},\"datePublished\":\"2013-06-10T10:44:46+00:00\",\"dateModified\":\"2020-06-11T19:56:42+00:00\",\"author\":{\"@id\":\"https:\/\/franciscanos.org.br\/noticias\/#\/schema\/person\/b38fbf43118f02820bd932f2e4b14ad3\"},\"breadcrumb\":{\"@id\":\"https:\/\/franciscanos.org.br\/noticias\/deus-e-pura-misericordia-nao-tenhamos-medo.html#breadcrumb\"},\"inLanguage\":\"pt-BR\",\"potentialAction\":[{\"@type\":\"ReadAction\",\"target\":[\"https:\/\/franciscanos.org.br\/noticias\/deus-e-pura-misericordia-nao-tenhamos-medo.html\"]}]},{\"@type\":\"BreadcrumbList\",\"@id\":\"https:\/\/franciscanos.org.br\/noticias\/deus-e-pura-misericordia-nao-tenhamos-medo.html#breadcrumb\",\"itemListElement\":[{\"@type\":\"ListItem\",\"position\":1,\"name\":\"Home\",\"item\":\"https:\/\/franciscanos.org.br\/noticias\"},{\"@type\":\"ListItem\",\"position\":2,\"name\":\"Deus \u00e9 pura miseric\u00f3rdia. N\u00e3o tenhamos medo!\"}]},{\"@type\":\"Person\",\"@id\":\"https:\/\/franciscanos.org.br\/noticias\/#\/schema\/person\/b38fbf43118f02820bd932f2e4b14ad3\",\"name\":\"admin\",\"image\":{\"@type\":\"ImageObject\",\"inLanguage\":\"pt-BR\",\"@id\":\"https:\/\/franciscanos.org.br\/noticias\/#\/schema\/person\/image\/\",\"url\":\"https:\/\/secure.gravatar.com\/avatar\/e8495742d34d0ba6448ea1c628263b3e?s=96&d=mm&r=g\",\"contentUrl\":\"https:\/\/secure.gravatar.com\/avatar\/e8495742d34d0ba6448ea1c628263b3e?s=96&d=mm&r=g\",\"caption\":\"admin\"},\"url\":\"https:\/\/franciscanos.org.br\/noticias\/author\/admin\"}]}<\/script>\n<!-- \/ Yoast SEO plugin. -->","yoast_head_json":{"title":"Deus \u00e9 pura miseric\u00f3rdia. N\u00e3o tenhamos medo! - Not\u00edcias - Franciscanos","robots":{"index":"index","follow":"follow","max-snippet":"max-snippet:-1","max-image-preview":"max-image-preview:large","max-video-preview":"max-video-preview:-1"},"canonical":"https:\/\/franciscanos.org.br\/noticias\/deus-e-pura-misericordia-nao-tenhamos-medo.html","og_locale":"pt_BR","og_type":"article","og_title":"Deus \u00e9 pura miseric\u00f3rdia. N\u00e3o tenhamos medo! - Not\u00edcias - Franciscanos","og_description":"Angelus","og_url":"https:\/\/franciscanos.org.br\/noticias\/deus-e-pura-misericordia-nao-tenhamos-medo.html","og_site_name":"Not\u00edcias - Franciscanos","article_published_time":"2013-06-10T10:44:46+00:00","article_modified_time":"2020-06-11T19:56:42+00:00","og_image":[{"width":273,"height":181,"url":"https:\/\/franciscanos.org.br\/noticias\/wp-content\/uploads\/2013\/06\/papa.jpg","type":"image\/jpeg"}],"author":"admin","twitter_card":"summary_large_image","twitter_misc":{"Escrito por":"admin","Est. tempo de leitura":"3 minutos"},"schema":{"@context":"https:\/\/schema.org","@graph":[{"@type":"WebSite","@id":"https:\/\/franciscanos.org.br\/noticias\/#website","url":"https:\/\/franciscanos.org.br\/noticias\/","name":"Not\u00edcias - Franciscanos","description":"Prov\u00edncia Franciscana da Imaculada Concei\u00e7\u00e3o do Brasil - Ordem dos Frades Menores - OFM","potentialAction":[{"@type":"SearchAction","target":{"@type":"EntryPoint","urlTemplate":"https:\/\/franciscanos.org.br\/noticias\/?s={search_term_string}"},"query-input":"required name=search_term_string"}],"inLanguage":"pt-BR"},{"@type":"ImageObject","inLanguage":"pt-BR","@id":"https:\/\/franciscanos.org.br\/noticias\/deus-e-pura-misericordia-nao-tenhamos-medo.html#primaryimage","url":"https:\/\/franciscanos.org.br\/noticias\/wp-content\/uploads\/2013\/06\/papa.jpg","contentUrl":"https:\/\/franciscanos.org.br\/noticias\/wp-content\/uploads\/2013\/06\/papa.jpg","width":273,"height":181},{"@type":"WebPage","@id":"https:\/\/franciscanos.org.br\/noticias\/deus-e-pura-misericordia-nao-tenhamos-medo.html#webpage","url":"https:\/\/franciscanos.org.br\/noticias\/deus-e-pura-misericordia-nao-tenhamos-medo.html","name":"Deus \u00e9 pura miseric\u00f3rdia. N\u00e3o tenhamos medo! - Not\u00edcias - Franciscanos","isPartOf":{"@id":"https:\/\/franciscanos.org.br\/noticias\/#website"},"primaryImageOfPage":{"@id":"https:\/\/franciscanos.org.br\/noticias\/deus-e-pura-misericordia-nao-tenhamos-medo.html#primaryimage"},"datePublished":"2013-06-10T10:44:46+00:00","dateModified":"2020-06-11T19:56:42+00:00","author":{"@id":"https:\/\/franciscanos.org.br\/noticias\/#\/schema\/person\/b38fbf43118f02820bd932f2e4b14ad3"},"breadcrumb":{"@id":"https:\/\/franciscanos.org.br\/noticias\/deus-e-pura-misericordia-nao-tenhamos-medo.html#breadcrumb"},"inLanguage":"pt-BR","potentialAction":[{"@type":"ReadAction","target":["https:\/\/franciscanos.org.br\/noticias\/deus-e-pura-misericordia-nao-tenhamos-medo.html"]}]},{"@type":"BreadcrumbList","@id":"https:\/\/franciscanos.org.br\/noticias\/deus-e-pura-misericordia-nao-tenhamos-medo.html#breadcrumb","itemListElement":[{"@type":"ListItem","position":1,"name":"Home","item":"https:\/\/franciscanos.org.br\/noticias"},{"@type":"ListItem","position":2,"name":"Deus \u00e9 pura miseric\u00f3rdia. N\u00e3o tenhamos medo!"}]},{"@type":"Person","@id":"https:\/\/franciscanos.org.br\/noticias\/#\/schema\/person\/b38fbf43118f02820bd932f2e4b14ad3","name":"admin","image":{"@type":"ImageObject","inLanguage":"pt-BR","@id":"https:\/\/franciscanos.org.br\/noticias\/#\/schema\/person\/image\/","url":"https:\/\/secure.gravatar.com\/avatar\/e8495742d34d0ba6448ea1c628263b3e?s=96&d=mm&r=g","contentUrl":"https:\/\/secure.gravatar.com\/avatar\/e8495742d34d0ba6448ea1c628263b3e?s=96&d=mm&r=g","caption":"admin"},"url":"https:\/\/franciscanos.org.br\/noticias\/author\/admin"}]}},"_links":{"self":[{"href":"https:\/\/franciscanos.org.br\/noticias\/wp-json\/wp\/v2\/posts\/39924"}],"collection":[{"href":"https:\/\/franciscanos.org.br\/noticias\/wp-json\/wp\/v2\/posts"}],"about":[{"href":"https:\/\/franciscanos.org.br\/noticias\/wp-json\/wp\/v2\/types\/post"}],"author":[{"embeddable":true,"href":"https:\/\/franciscanos.org.br\/noticias\/wp-json\/wp\/v2\/users\/1"}],"replies":[{"embeddable":true,"href":"https:\/\/franciscanos.org.br\/noticias\/wp-json\/wp\/v2\/comments?post=39924"}],"version-history":[{"count":1,"href":"https:\/\/franciscanos.org.br\/noticias\/wp-json\/wp\/v2\/posts\/39924\/revisions"}],"predecessor-version":[{"id":226361,"href":"https:\/\/franciscanos.org.br\/noticias\/wp-json\/wp\/v2\/posts\/39924\/revisions\/226361"}],"wp:featuredmedia":[{"embeddable":true,"href":"https:\/\/franciscanos.org.br\/noticias\/wp-json\/wp\/v2\/media\/216810"}],"wp:attachment":[{"href":"https:\/\/franciscanos.org.br\/noticias\/wp-json\/wp\/v2\/media?parent=39924"}],"wp:term":[{"taxonomy":"category","embeddable":true,"href":"https:\/\/franciscanos.org.br\/noticias\/wp-json\/wp\/v2\/categories?post=39924"},{"taxonomy":"post_tag","embeddable":true,"href":"https:\/\/franciscanos.org.br\/noticias\/wp-json\/wp\/v2\/tags?post=39924"}],"curies":[{"name":"wp","href":"https:\/\/api.w.org\/{rel}","templated":true}]}}