{"id":39581,"date":"2013-06-04T19:00:16","date_gmt":"2013-06-04T22:00:16","guid":{"rendered":"http:\/\/new.franciscanos.org.br\/?p=39581"},"modified":"2020-11-11T09:55:43","modified_gmt":"2020-11-11T12:55:43","slug":"sala-franciscana-o-modo-de-falar-paz-e-bem-nas-ondas-do-radio","status":"publish","type":"post","link":"https:\/\/franciscanos.org.br\/noticias\/sala-franciscana-o-modo-de-falar-paz-e-bem-nas-ondas-do-radio.html","title":{"rendered":"O modo de falar &#8216;Paz e Bem&#8217; nas ondas do r\u00e1dio"},"content":{"rendered":"<p><img loading=\"lazy\" src=\"http:\/\/franciscanos.org.br\/wp-content\/uploads\/2013\/06\/alto.jpg\" alt=\"alto\" width=\"820\" height=\"238\" \/><\/p>\n<p><strong>Moacir Beggo<\/strong><\/p>\n<p><strong>S\u00e3o Paulo (SP)<\/strong> &#8211;\u00a0H\u00e1 um ano, sob a dire\u00e7\u00e3o de Frei Gustavo Medella, o povo de S\u00e3o Paulo era convidado a entrar na Sala Franciscana, o primeiro programa de r\u00e1dio da Prov\u00edncia da Imaculada Concei\u00e7\u00e3o na capital paulista. Nesta ter\u00e7a-feira (04\/6), a Sala Franciscana reuniu os seus convidados ao redor da mesa eucar\u00edstica do Convento S\u00e3o Francisco para celebrar esse 1\u00ba anivers\u00e1rio com Missa de A\u00e7\u00e3o de Gra\u00e7as.<\/p>\n<p><img loading=\"lazy\" class=\"alignright size-full wp-image-39584\" src=\"http:\/\/franciscanos.org.br\/wp-content\/uploads\/2013\/06\/meio1.jpg\" alt=\"Fotos Moacir Beggo\" width=\"400\" height=\"267\" \/>O Ministro Provincial Frei Fid\u00eancio Vanb\u00f6emmel presidiu a celebra\u00e7\u00e3o, tendo como concelebrantes Frei Luiz Henrique de Aquino, Frei Gustavo Medella, Frei Diego de Melo e Frei Alvaci Mendes da Luz. O comentarista Frei Alexandre Rohring tamb\u00e9m explicou que, al\u00e9m da celebra\u00e7\u00e3o de A\u00e7\u00e3o de Gra\u00e7as, era o quinto dia da Trezena de Santo Ant\u00f4nio, um momento de devo\u00e7\u00e3o e prepara\u00e7\u00e3o para a festa do santo franciscano no dia 13 de junho.<\/p>\n<p>Frei Fid\u00eancio lembrou no in\u00edcio da Missa que S\u00e3o Francisco de Assis era um apaixonado pela comunica\u00e7\u00e3o. &#8220;Ele queria que a Palavra de Deus chegasse a todas as pessoas atrav\u00e9s da multiplica\u00e7\u00e3o das c\u00f3pias escritas por ele. Fico imaginando como o Pobrezinho de Assis estaria hoje diante do computador, de um microfone, querendo anunciar ao mundo a Palavra de Deus!&#8221;, disse Frei Fid\u00eancio, agradecendo a todos os envolvidos neste trabalho evangelizador do r\u00e1dio.<\/p>\n<p>Frei Gustavo, que \u00e9 o pregador da Trezena no Convento S\u00e3o Francisco, fez a homilia e destacou que, em um ano no ar, a &#8220;Sala Franciscana&#8221; tem acalentado o sonho de levar Paz e Bem pelas ondas do r\u00e1dio e da internet. &#8220;Cada entrevista, cada mensagem, cada ora\u00e7\u00e3o \u00e9 um compromisso assumido com o ouvinte, raz\u00e3o de existir de qualquer programa de r\u00e1dio, o verdadeiro centro das aten\u00e7\u00f5es. E \u00e9 por isso que nesta Sala sempre cabe mais um, mais dez, ou cem ou mil, ou um milh\u00e3o, porque a Sala tem o tamanho do cora\u00e7\u00e3o&#8221;, enfatizou Frei Gustavo, lembrando que o programa vai mais longe pela internet e \u00e9 retransmitido pela R\u00e1dio Imperial, de Petr\u00f3polis.<\/p>\n<p><img loading=\"lazy\" class=\"alignleft size-full wp-image-39589\" src=\"http:\/\/franciscanos.org.br\/wp-content\/uploads\/2013\/06\/meio2.jpg\" alt=\"meio\" width=\"400\" height=\"500\" \/>Frei Gustavo tamb\u00e9m falou de Santo Ant\u00f4nio e recordou que quanto mais ele crescia na justi\u00e7a e no amor, mais desejava caminhar, referindo ao tema do dia: &#8220;Com Santo Ant\u00f4nio, queremos ser justos em nosso proceder!&#8221;. Concluindo, convidou a todos: &#8220;\u00c9 com ele que desejamos seguir. Com Santo Ant\u00f4nio, queremos ser justos em nosso proceder&#8221;. (veja no site www.conventosaofrancisco.com.br a homilia na \u00edntegra)<\/p>\n<p>O programa Sala Franciscana estreou no dia 4 de junho do ano passado, de segunda a sexta, das 18h \u00e0s 18h30, pelas ondas da R\u00e1dio Nove de Julho (S\u00e3o Paulo, AM 1600 KHz), pela internet (http:\/\/tunein.com\/radio\/R%C3%A1dio-9-de-Julho-1600-s99104\/) ou via Facebook.<\/p>\n<p>O programa tem o formato de uma revista di\u00e1ria, com quadros variados e peri\u00f3dicos como o Giro Franciscano, marcado por entradas pontuais das presen\u00e7as franciscanas de S\u00e3o Paulo e de outros trabalhos da Prov\u00edncia; a Patrulha Paz e Bem, que objetiva ser uma patrulha diferente para divulgar boas not\u00edcias, boas iniciativas, em contrapartida \u00e0 avalanche de crimes e trag\u00e9dias que geralmente predomina no notici\u00e1rio deste hor\u00e1rio (18h \u00e0s 18h30). H\u00e1 tamb\u00e9m um quadro de conscientiza\u00e7\u00e3o ambiental (O meio ambiente e n\u00f3s), a ora\u00e7\u00e3o di\u00e1ria do Angelus e a Ora\u00e7\u00e3o pela Paz, o momento Seja um Benfeitor Franciscano, assumido pelo Pr\u00f3-Voca\u00e7\u00f5es e Miss\u00f5es Franciscanas, entre outras atra\u00e7\u00f5es.<\/p>\n","protected":false},"excerpt":{"rendered":"<p>Frente da Comunica\u00e7\u00e3o<\/p>\n","protected":false},"author":1,"featured_media":204036,"comment_status":"closed","ping_status":"open","sticky":false,"template":"","format":"standard","meta":[],"categories":[1],"tags":[550,389],"acf":[],"yoast_head":"<!-- This site is optimized with the Yoast SEO plugin v19.2 - https:\/\/yoast.com\/wordpress\/plugins\/seo\/ -->\n<title>O modo de falar &#039;Paz e Bem&#039; nas ondas do r\u00e1dio - Not\u00edcias - Franciscanos<\/title>\n<meta name=\"robots\" content=\"index, follow, max-snippet:-1, max-image-preview:large, max-video-preview:-1\" \/>\n<link rel=\"canonical\" href=\"https:\/\/franciscanos.org.br\/noticias\/sala-franciscana-o-modo-de-falar-paz-e-bem-nas-ondas-do-radio.html\" \/>\n<meta property=\"og:locale\" content=\"pt_BR\" \/>\n<meta property=\"og:type\" content=\"article\" \/>\n<meta property=\"og:title\" content=\"O modo de falar &#039;Paz e Bem&#039; nas ondas do r\u00e1dio - Not\u00edcias - Franciscanos\" \/>\n<meta property=\"og:description\" content=\"Frente da Comunica\u00e7\u00e3o\" \/>\n<meta property=\"og:url\" content=\"https:\/\/franciscanos.org.br\/noticias\/sala-franciscana-o-modo-de-falar-paz-e-bem-nas-ondas-do-radio.html\" \/>\n<meta property=\"og:site_name\" content=\"Not\u00edcias - Franciscanos\" \/>\n<meta property=\"article:published_time\" content=\"2013-06-04T22:00:16+00:00\" \/>\n<meta property=\"article:modified_time\" content=\"2020-11-11T12:55:43+00:00\" \/>\n<meta property=\"og:image\" content=\"https:\/\/franciscanos.org.br\/noticias\/wp-content\/uploads\/2013\/06\/alto.jpg\" \/>\n\t<meta property=\"og:image:width\" content=\"273\" \/>\n\t<meta property=\"og:image:height\" content=\"181\" \/>\n\t<meta property=\"og:image:type\" content=\"image\/jpeg\" \/>\n<meta name=\"author\" content=\"admin\" \/>\n<meta name=\"twitter:card\" content=\"summary_large_image\" \/>\n<meta name=\"twitter:label1\" content=\"Escrito por\" \/>\n\t<meta name=\"twitter:data1\" content=\"admin\" \/>\n\t<meta name=\"twitter:label2\" content=\"Est. tempo de leitura\" \/>\n\t<meta name=\"twitter:data2\" content=\"3 minutos\" \/>\n<script type=\"application\/ld+json\" class=\"yoast-schema-graph\">{\"@context\":\"https:\/\/schema.org\",\"@graph\":[{\"@type\":\"WebSite\",\"@id\":\"https:\/\/franciscanos.org.br\/noticias\/#website\",\"url\":\"https:\/\/franciscanos.org.br\/noticias\/\",\"name\":\"Not\u00edcias - Franciscanos\",\"description\":\"Prov\u00edncia Franciscana da Imaculada Concei\u00e7\u00e3o do Brasil - Ordem dos Frades Menores - OFM\",\"potentialAction\":[{\"@type\":\"SearchAction\",\"target\":{\"@type\":\"EntryPoint\",\"urlTemplate\":\"https:\/\/franciscanos.org.br\/noticias\/?s={search_term_string}\"},\"query-input\":\"required name=search_term_string\"}],\"inLanguage\":\"pt-BR\"},{\"@type\":\"ImageObject\",\"inLanguage\":\"pt-BR\",\"@id\":\"https:\/\/franciscanos.org.br\/noticias\/sala-franciscana-o-modo-de-falar-paz-e-bem-nas-ondas-do-radio.html#primaryimage\",\"url\":\"https:\/\/franciscanos.org.br\/noticias\/wp-content\/uploads\/2013\/06\/alto.jpg\",\"contentUrl\":\"https:\/\/franciscanos.org.br\/noticias\/wp-content\/uploads\/2013\/06\/alto.jpg\",\"width\":273,\"height\":181},{\"@type\":\"WebPage\",\"@id\":\"https:\/\/franciscanos.org.br\/noticias\/sala-franciscana-o-modo-de-falar-paz-e-bem-nas-ondas-do-radio.html#webpage\",\"url\":\"https:\/\/franciscanos.org.br\/noticias\/sala-franciscana-o-modo-de-falar-paz-e-bem-nas-ondas-do-radio.html\",\"name\":\"O modo de falar 'Paz e Bem' nas ondas do r\u00e1dio - Not\u00edcias - Franciscanos\",\"isPartOf\":{\"@id\":\"https:\/\/franciscanos.org.br\/noticias\/#website\"},\"primaryImageOfPage\":{\"@id\":\"https:\/\/franciscanos.org.br\/noticias\/sala-franciscana-o-modo-de-falar-paz-e-bem-nas-ondas-do-radio.html#primaryimage\"},\"datePublished\":\"2013-06-04T22:00:16+00:00\",\"dateModified\":\"2020-11-11T12:55:43+00:00\",\"author\":{\"@id\":\"https:\/\/franciscanos.org.br\/noticias\/#\/schema\/person\/b38fbf43118f02820bd932f2e4b14ad3\"},\"breadcrumb\":{\"@id\":\"https:\/\/franciscanos.org.br\/noticias\/sala-franciscana-o-modo-de-falar-paz-e-bem-nas-ondas-do-radio.html#breadcrumb\"},\"inLanguage\":\"pt-BR\",\"potentialAction\":[{\"@type\":\"ReadAction\",\"target\":[\"https:\/\/franciscanos.org.br\/noticias\/sala-franciscana-o-modo-de-falar-paz-e-bem-nas-ondas-do-radio.html\"]}]},{\"@type\":\"BreadcrumbList\",\"@id\":\"https:\/\/franciscanos.org.br\/noticias\/sala-franciscana-o-modo-de-falar-paz-e-bem-nas-ondas-do-radio.html#breadcrumb\",\"itemListElement\":[{\"@type\":\"ListItem\",\"position\":1,\"name\":\"Home\",\"item\":\"https:\/\/franciscanos.org.br\/noticias\"},{\"@type\":\"ListItem\",\"position\":2,\"name\":\"O modo de falar &#8216;Paz e Bem&#8217; nas ondas do r\u00e1dio\"}]},{\"@type\":\"Person\",\"@id\":\"https:\/\/franciscanos.org.br\/noticias\/#\/schema\/person\/b38fbf43118f02820bd932f2e4b14ad3\",\"name\":\"admin\",\"image\":{\"@type\":\"ImageObject\",\"inLanguage\":\"pt-BR\",\"@id\":\"https:\/\/franciscanos.org.br\/noticias\/#\/schema\/person\/image\/\",\"url\":\"https:\/\/secure.gravatar.com\/avatar\/e8495742d34d0ba6448ea1c628263b3e?s=96&d=mm&r=g\",\"contentUrl\":\"https:\/\/secure.gravatar.com\/avatar\/e8495742d34d0ba6448ea1c628263b3e?s=96&d=mm&r=g\",\"caption\":\"admin\"},\"url\":\"https:\/\/franciscanos.org.br\/noticias\/author\/admin\"}]}<\/script>\n<!-- \/ Yoast SEO plugin. -->","yoast_head_json":{"title":"O modo de falar 'Paz e Bem' nas ondas do r\u00e1dio - Not\u00edcias - Franciscanos","robots":{"index":"index","follow":"follow","max-snippet":"max-snippet:-1","max-image-preview":"max-image-preview:large","max-video-preview":"max-video-preview:-1"},"canonical":"https:\/\/franciscanos.org.br\/noticias\/sala-franciscana-o-modo-de-falar-paz-e-bem-nas-ondas-do-radio.html","og_locale":"pt_BR","og_type":"article","og_title":"O modo de falar 'Paz e Bem' nas ondas do r\u00e1dio - Not\u00edcias - Franciscanos","og_description":"Frente da Comunica\u00e7\u00e3o","og_url":"https:\/\/franciscanos.org.br\/noticias\/sala-franciscana-o-modo-de-falar-paz-e-bem-nas-ondas-do-radio.html","og_site_name":"Not\u00edcias - Franciscanos","article_published_time":"2013-06-04T22:00:16+00:00","article_modified_time":"2020-11-11T12:55:43+00:00","og_image":[{"width":273,"height":181,"url":"https:\/\/franciscanos.org.br\/noticias\/wp-content\/uploads\/2013\/06\/alto.jpg","type":"image\/jpeg"}],"author":"admin","twitter_card":"summary_large_image","twitter_misc":{"Escrito por":"admin","Est. tempo de leitura":"3 minutos"},"schema":{"@context":"https:\/\/schema.org","@graph":[{"@type":"WebSite","@id":"https:\/\/franciscanos.org.br\/noticias\/#website","url":"https:\/\/franciscanos.org.br\/noticias\/","name":"Not\u00edcias - Franciscanos","description":"Prov\u00edncia Franciscana da Imaculada Concei\u00e7\u00e3o do Brasil - Ordem dos Frades Menores - OFM","potentialAction":[{"@type":"SearchAction","target":{"@type":"EntryPoint","urlTemplate":"https:\/\/franciscanos.org.br\/noticias\/?s={search_term_string}"},"query-input":"required name=search_term_string"}],"inLanguage":"pt-BR"},{"@type":"ImageObject","inLanguage":"pt-BR","@id":"https:\/\/franciscanos.org.br\/noticias\/sala-franciscana-o-modo-de-falar-paz-e-bem-nas-ondas-do-radio.html#primaryimage","url":"https:\/\/franciscanos.org.br\/noticias\/wp-content\/uploads\/2013\/06\/alto.jpg","contentUrl":"https:\/\/franciscanos.org.br\/noticias\/wp-content\/uploads\/2013\/06\/alto.jpg","width":273,"height":181},{"@type":"WebPage","@id":"https:\/\/franciscanos.org.br\/noticias\/sala-franciscana-o-modo-de-falar-paz-e-bem-nas-ondas-do-radio.html#webpage","url":"https:\/\/franciscanos.org.br\/noticias\/sala-franciscana-o-modo-de-falar-paz-e-bem-nas-ondas-do-radio.html","name":"O modo de falar 'Paz e Bem' nas ondas do r\u00e1dio - Not\u00edcias - Franciscanos","isPartOf":{"@id":"https:\/\/franciscanos.org.br\/noticias\/#website"},"primaryImageOfPage":{"@id":"https:\/\/franciscanos.org.br\/noticias\/sala-franciscana-o-modo-de-falar-paz-e-bem-nas-ondas-do-radio.html#primaryimage"},"datePublished":"2013-06-04T22:00:16+00:00","dateModified":"2020-11-11T12:55:43+00:00","author":{"@id":"https:\/\/franciscanos.org.br\/noticias\/#\/schema\/person\/b38fbf43118f02820bd932f2e4b14ad3"},"breadcrumb":{"@id":"https:\/\/franciscanos.org.br\/noticias\/sala-franciscana-o-modo-de-falar-paz-e-bem-nas-ondas-do-radio.html#breadcrumb"},"inLanguage":"pt-BR","potentialAction":[{"@type":"ReadAction","target":["https:\/\/franciscanos.org.br\/noticias\/sala-franciscana-o-modo-de-falar-paz-e-bem-nas-ondas-do-radio.html"]}]},{"@type":"BreadcrumbList","@id":"https:\/\/franciscanos.org.br\/noticias\/sala-franciscana-o-modo-de-falar-paz-e-bem-nas-ondas-do-radio.html#breadcrumb","itemListElement":[{"@type":"ListItem","position":1,"name":"Home","item":"https:\/\/franciscanos.org.br\/noticias"},{"@type":"ListItem","position":2,"name":"O modo de falar &#8216;Paz e Bem&#8217; nas ondas do r\u00e1dio"}]},{"@type":"Person","@id":"https:\/\/franciscanos.org.br\/noticias\/#\/schema\/person\/b38fbf43118f02820bd932f2e4b14ad3","name":"admin","image":{"@type":"ImageObject","inLanguage":"pt-BR","@id":"https:\/\/franciscanos.org.br\/noticias\/#\/schema\/person\/image\/","url":"https:\/\/secure.gravatar.com\/avatar\/e8495742d34d0ba6448ea1c628263b3e?s=96&d=mm&r=g","contentUrl":"https:\/\/secure.gravatar.com\/avatar\/e8495742d34d0ba6448ea1c628263b3e?s=96&d=mm&r=g","caption":"admin"},"url":"https:\/\/franciscanos.org.br\/noticias\/author\/admin"}]}},"_links":{"self":[{"href":"https:\/\/franciscanos.org.br\/noticias\/wp-json\/wp\/v2\/posts\/39581"}],"collection":[{"href":"https:\/\/franciscanos.org.br\/noticias\/wp-json\/wp\/v2\/posts"}],"about":[{"href":"https:\/\/franciscanos.org.br\/noticias\/wp-json\/wp\/v2\/types\/post"}],"author":[{"embeddable":true,"href":"https:\/\/franciscanos.org.br\/noticias\/wp-json\/wp\/v2\/users\/1"}],"replies":[{"embeddable":true,"href":"https:\/\/franciscanos.org.br\/noticias\/wp-json\/wp\/v2\/comments?post=39581"}],"version-history":[{"count":1,"href":"https:\/\/franciscanos.org.br\/noticias\/wp-json\/wp\/v2\/posts\/39581\/revisions"}],"predecessor-version":[{"id":229245,"href":"https:\/\/franciscanos.org.br\/noticias\/wp-json\/wp\/v2\/posts\/39581\/revisions\/229245"}],"wp:featuredmedia":[{"embeddable":true,"href":"https:\/\/franciscanos.org.br\/noticias\/wp-json\/wp\/v2\/media\/204036"}],"wp:attachment":[{"href":"https:\/\/franciscanos.org.br\/noticias\/wp-json\/wp\/v2\/media?parent=39581"}],"wp:term":[{"taxonomy":"category","embeddable":true,"href":"https:\/\/franciscanos.org.br\/noticias\/wp-json\/wp\/v2\/categories?post=39581"},{"taxonomy":"post_tag","embeddable":true,"href":"https:\/\/franciscanos.org.br\/noticias\/wp-json\/wp\/v2\/tags?post=39581"}],"curies":[{"name":"wp","href":"https:\/\/api.w.org\/{rel}","templated":true}]}}