{"id":39528,"date":"2013-06-04T12:43:03","date_gmt":"2013-06-04T15:43:03","guid":{"rendered":"http:\/\/new.franciscanos.org.br\/?p=39528"},"modified":"2020-11-11T09:56:13","modified_gmt":"2020-11-11T12:56:13","slug":"experiencia-reviver-o-dom-da-vocacao-2013","status":"publish","type":"post","link":"https:\/\/franciscanos.org.br\/noticias\/experiencia-reviver-o-dom-da-vocacao-2013.html","title":{"rendered":"Termina a experi\u00eancia \u201cReviver o Dom da Voca\u00e7\u00e3o\u201d 2013"},"content":{"rendered":"<p>Durante um m\u00eas (de 30 de abril a 31 de maio), vinte frades das nove entidades da Confer\u00eancia dos Frades Menores do Brasil (CFMB) participaram da Experi\u00eancia \u201cReviver o Dom da Voca\u00e7\u00e3o\u201d, quando tiveram oportunidade de conhecer e pisar o ch\u00e3o onde viveram Jesus Cristo e S\u00e3o Francisco de Assis, ou seja, na Terra Santa e Assis. Esta experi\u00eancia busca beber na fonte da voca\u00e7\u00e3o, por meio da Palavra de Deus e das Fontes Franciscanas.<\/p>\n<p>O tema escolhido para esta experi\u00eancia, incentivada pela Ordem dos Frades Menores atrav\u00e9s do seu Conselho de Forma\u00e7\u00e3o e Estudos, foi &#8220;Reavivar o Dom de Deus que h\u00e1 em ti&#8221; (2Tm 1,6).<br \/>\nAcompanhe dia a dia como foi esta experi\u00eancia:<\/p>\n<p><b>Dia 1\u00ba maio<\/b> &#8211; Os frades que far\u00e3o a experi\u00eancia fizeram uma apresenta\u00e7\u00e3o sobre sua vida, voca\u00e7\u00e3o, motiva\u00e7\u00f5es e servi\u00e7os na Prov\u00edncia onde vive. Depois, Frei Beto Breis, da Prov\u00edncia Santo Ant\u00f4nio (coordenador da experi\u00eancia), juntamente com Frei Oton Silva (Prov\u00edncia Santa Cruz), fizeram uma introdu\u00e7\u00e3o colocando a riqueza da experi\u00eancia, lembrando que nascemos da itiner\u00e2ncia e do discipulado. Por isso queremos seguir Jesus e manter acessa a chama que nos move para a vida em Fraternidade, pois Forma\u00e7\u00e3o Permanente \u00e9 aprender aquilo que Deus nos coloca no caminho. Aquilo que \u00e9 a nossa miss\u00e3o, atendendo aos apelos do cotidiano que o Senhor nos mostra a cada passo.<a href=\"http:\/\/franciscanos.org.br\/wp-content\/uploads\/2013\/06\/assis.jpg\"><img loading=\"lazy\" class=\"alignright size-full wp-image-39556\" src=\"http:\/\/franciscanos.org.br\/wp-content\/uploads\/2013\/06\/assis.jpg\" alt=\"assis\" width=\"450\" height=\"317\" \/><\/a><br \/>\n<b><\/b><\/p>\n<p><b>Dia 2 de maio<\/b> &#8211; Frei Ludovico Garmus, doutor em Teologia B\u00edblica que mora em Petr\u00f3polis e estudou na Terra Santa, passou o dia todo nos assessorando sobre a riqueza dos lugares sagrados, significados b\u00edblicos, cultura, pol\u00edtica e a diversidade religiosa no lugar onde viveram os primeiros crist\u00e3os.<\/p>\n<p><b>Dia 3 de maio<\/b> &#8211; \u00c0s 7 horas, Frei Fid\u00eancio Vanboemel, Ministro da Prov\u00edncia Imaculada Concei\u00e7\u00e3o de S\u00e3o Paulo, enviou-nos durante a Missa no Convento e Santu\u00e1rio S\u00e3o Francisco, no Largo da S\u00e3o Francisco. Em seguida partimos para Roma.<\/p>\n<p><b>Dia 4 de maio<\/b> \u2013 Chegamos \u00e0s 7 horas e nos encontramos com os frades do Antoniano. \u00c0 tarde visitamos a Bas\u00edlica S\u00e3o Jo\u00e3o de Latr\u00e3o, Escada Santa de Santa Helena e seguimos para a Igreja Santa Cruz de Jerusal\u00e9m, onde S\u00e3o Francisco se hospedou quando visitou Roma para falar com o Papa. Depois fomos para a Bas\u00edlica de Santa Maria Maior onde nos encontramos com o Papa Francisco \u00a0para rezar um ter\u00e7o com o povo.<\/p>\n<p><b>Dia 05 de maio<\/b> \u2013 Dia chuvoso, visitamos a Pra\u00e7a de S\u00e3o Pedro e S\u00e3o Paulo. N\u00e3o foi poss\u00edvel entrar na Igreja, pois o Papa Francisco estava celebrando Missa com as confrarias e irmandades da Europa. Depois retornamos \u00e0 Bas\u00edlica de Santa Maria Maior para conhecer este belo santu\u00e1rio em homenagem a M\u00e3e de Deus.<\/p>\n<p><b>Dia 06 de maio<\/b> &#8211; Visitamos a Bas\u00edlica de S\u00e3o Paulo Fora dos Muros, lugar onde S\u00e3o Paulo foi sepultado. Neste local, o imperador Constantino decretou, no s\u00e9culo IV, a constru\u00e7\u00e3o de uma bas\u00edlica de propor\u00e7\u00f5es menores que a de S\u00e3o Pedro. No mesmo s\u00e9culo, outros imperadores determinaram a constru\u00e7\u00e3o de um templo maior que aquele da colina vaticana, sendo que os s\u00e9culos seguintes viram o majestoso templo ser adornado com mosaicos, altares laterais e um p\u00f3rtico. Um inc\u00eandio em 1823 destruiu grande parte do templo, e a sua reconstru\u00e7\u00e3o respeitou substancialmente a primitiva forma. \u00c0 tarde visitamos a C\u00faria Geral, sede da Ordem dos Frades Menores, tendo uma confer\u00eancia com o at\u00e9 ent\u00e3o Vig\u00e1rio Geral Michel Perry, que foi eleito Ministro Geral no dia 22, terminando o dia com um jantar festivo.<\/p>\n<p><b><a href=\"http:\/\/franciscanos.org.br\/wp-content\/uploads\/2013\/06\/assis_1.jpg\"><img loading=\"lazy\" class=\"alignleft size-full wp-image-39557\" src=\"http:\/\/franciscanos.org.br\/wp-content\/uploads\/2013\/06\/assis_1.jpg\" alt=\"assis_1\" width=\"450\" height=\"354\" \/><\/a>Dia 07 de maio<\/b> &#8211; Visitamos as Catacumbas de S\u00e3o Calixto, onde celebramos Missa. \u00c0 tarde viajamos para Assis.<\/p>\n<p><b>Dia 08 de maio<\/b> &#8211; Caminhamos da Casa Leonori, local onde ficamos hospedados, at\u00e9 a Bas\u00edlica de S\u00e3o Rufino, lugar onde S\u00e3o Francisco e Santa Clara foram batizados. Ao lado, conhecemos a casa de Santa Clara. Depois visitamos a Rocca Maggiore, forte erguido para proteger a cidade de Assis, a Casa de S\u00e3o Francisco, que hoje \u00e9 uma igreja, \u00a0e a Bas\u00edlica de Santa Clara. \u00c0 tarde tivemos tempo para andar nos arredores de Assis.<\/p>\n<p><b>Dia 09 de maio<\/b> &#8211; Fizemos uma peregrina\u00e7\u00e3o ao Eremit\u00e9rio de C\u00e1rcere, andando 4 km a p\u00e9, fazendo ali um retiro o dia todo, que se encerrou \u00a0com a liturgia eucar\u00edstica.<\/p>\n<p><b>Dia 10 de maio<\/b> &#8211; Conhecemos a Bas\u00edlica de S\u00e3o Francisco sobre os cuidados dos Frades Conventuais, onde um brasileiro da Bahia nos mostrou todo o Sacro Convento, inclusive pudemos entrar no refeit\u00f3rio, na parte antiga do convento, conhecer as arcadas do Sacro Convento, o t\u00famulo de S\u00e3o Francisco, de \u00a0Frei Le\u00e3o, Frei Rufino, Frei \u00c2ngelo, Frei Masseo e Frei Jacoba. \u00c0 tarde conhecemos S\u00e3o Dami\u00e3o, celebrando Missa naquele local.<\/p>\n<p><b>Dia 11 de maio<\/b> &#8211; Visitamos a Porci\u00fancula e onde celebramos a Missa. Grande momento desta visita foi conhecer o lugar onde Francisco escolheu para viver a primeira fraternidade no seio da Virgem Maria dos Anjos. Participamos de um almo\u00e7o com os frades daquela Fraternidade e, \u00e0 noite, rezamos o ter\u00e7o com a comunidade de Assis, turistas e religiosas. A Igreja Santa Maria dos Anjos estava lotada de fi\u00e9is e peregrinos e, ao final do ros\u00e1rio, participamos de uma prociss\u00e3o com velas acessas e cantos, que durou uma hora.<\/p>\n<p><b>Dia 12 de maio<\/b> &#8211; Seguimos para Rivotorto, uma Igreja cuidada pelos frades conventuais. Conhecemos rapidamente o Tug\u00fario onde os frades viveram e seguimos para Poggio Bostoni, lugar onde S\u00e3o Francisco recebeu o perd\u00e3o de seus pecados e enfrentou uma grande crise de identidade na busca do caminho que Deus lhe mostrava. Em Rietti celebramos uma Missa dominical e conhecemos o convento onde os frades acolhem os peregrinos que por ali passam. Almo\u00e7amos num hotel bem pr\u00f3ximo de Greccio, \u00a0Oasis Menino Jesus, um hotel que os frades administram.<\/p>\n<p><b><a href=\"http:\/\/franciscanos.org.br\/wp-content\/uploads\/2013\/06\/Antiga-Sinagoga-de-Cafarnaum.jpg\"><img loading=\"lazy\" class=\"alignright size-full wp-image-39559\" src=\"http:\/\/franciscanos.org.br\/wp-content\/uploads\/2013\/06\/Antiga-Sinagoga-de-Cafarnaum.jpg\" alt=\"Antiga-Sinagoga-de-Cafarnaum\" width=\"450\" height=\"338\" \/><\/a>Dia 13 de maio<\/b> &#8211; Em Fonte Colombo participamos de um retiro durante todo o dia. Este local foi onde S\u00e3o Francisco redigiu a Regra Bulada bem como fez a cirurgia dos olhos, ficando a apenas 5 km de Rieti. Est\u00e1 situado a 547m acima do n\u00edvel do mar e \u00e9 identificado como Sinai Franciscano. \u00c9 o lugar onde Francisco, tr\u00eas anos antes de sua morte, fez a reda\u00e7\u00e3o definitiva da Regra dos Frades Menores para confirmar a todos a intui\u00e7\u00e3o origin\u00e1ria da sua voca\u00e7\u00e3o de seguir radicalmente os passos de Jesus Cristo pobre, humilde e crucificado (cfr. LM 4,11). L\u00e1 fomos acolhidos pela fraternidade, cujo guardi\u00e3o, Frei Marino, conduziu breves palavras motivadoras para o nosso retiro. Dia importante para a renova\u00e7\u00e3o de nossos votos e conv\u00edvio fraterno com aquela fraternidade.<\/p>\n<p><b>Dia 14 de maio<\/b> &#8211; Celebramos a Missa em Greccio, igreja inspirada no lugar onde S\u00e3o Francisco de Assis encenou e criou o pres\u00e9pio vivo. O local prima pela candura e convida ao sil\u00eancio e \u00e0 ora\u00e7\u00e3o. Visitamos tamb\u00e9m a gruta de S\u00e3o Francisco, o lugar que \u00a0foi o dormit\u00f3rio de S\u00e3o Boaventura e do Beato Jo\u00e3o de Parma, Ministro Geral de 1247 a 1257, acusado de ser joaquinista, e que viveu exilado durante 32 anos neste local. J\u00e1 no final da tarde, seguimos para o Monte Alverne, onde chegamos\u00e0s 18h. \u00c0s 21h nos encontramos com o Vice-secret\u00e1rio de Forma\u00e7\u00e3o e Estudos, Frei Sergio, que partilhou e ouviu o grupo sobre nossa vida de Forma\u00e7\u00e3o Permanente, nossa voca\u00e7\u00e3o e\u00a0 impress\u00f5es que obtivemos nos locais que visitamos.<\/p>\n<p><b>Dia 15 de maio<\/b> \u2013 Ainda no Monte Alverne, que fica a 1.128m de altura, registro a boa acolhida da fraternidade, que tamb\u00e9m \u00e9 um noviciado e casa de acolhida dos peregrinos que piedosamente se aproximam deste lugar para sentir os sinais de Cristo em suas vidas. Este dia foi de retiro, oportunidade de silenciar, aproveitando o sil\u00eancio das alturas desta montanha santa. Foi aqui que S\u00e3o Francisco esteve por cinco vezes e onde recebeu a impress\u00e3o das chagas de Cristo. Aqui esteve tamb\u00e9m Santo Ant\u00f4nio, S\u00e3o Boaventura, que escreveu \u201cI<i>tinerarium Mentis in Deun\u201d<\/i> e o tratado das Tr\u00eas Vias. \u00a0Ubertino de Casali tamb\u00e9m escreveu neste monte a sua famosa obra \u201c<i>Arbor Vitae Crucifixae Jesu<\/i>\u201d em 1305. Neste ambiente \u00famido, frio e pobre descobrimos o tanto que Francisco amava a pobreza e quis abra\u00e7\u00e1-la no amor ao Cristo Pobre e Crucificado. No mesmo dia participamos da liturgia da tarde com a comunidade e peregrinos. Uma bela prociss\u00e3o da Bas\u00edlica at\u00e9 a capela dos Estigmas deu in\u00edcio \u00e0 celebra\u00e7\u00e3o da Santa Missa, onde pudemos agradecer a Deus pelo dia e acolhida dos frades neste local.<\/p>\n<p><b>Dia 16 de maio<\/b> &#8211; Partimos para Roma, preparando-nos para, no dia seguinte, seguir \u00e0 Terra Santa.<\/p>\n<p><b>Dia 17 de maio<\/b> \u2013 Chegamos a Tel Aviv,\u00a0 \u00e0s 17h, onde nos hospedamos na casa de peregrinos ao lado do Convento e Igreja de S\u00e3o Jo\u00e3o Batista em Ein Karen, que \u00e9 a terra onde nasceu Jo\u00e3o Batista. Trata-se de uma vila com uma popula\u00e7\u00e3o na maioria \u00e1rabe.<\/p>\n<p><b>Dia 18 de maio<\/b> &#8211; Frei Geraldo deu-nos uma forma\u00e7\u00e3o b\u00edblica e exeg\u00e9tica sobre a Terra Santa, orientando-nos sobre o mundo \u00e1rabe, judeu, cat\u00f3lico e ortodoxo. \u00c0 tarde visitamos os santu\u00e1rios da Visita\u00e7\u00e3o e de S\u00e3o Jo\u00e3o Batista.<\/p>\n<p><b>Dia 19 de maio<\/b> &#8211; Domingo de Pentecostes fomos celebrar na Igreja de Jerusal\u00e9m com os frades da Cust\u00f3dia da Terra Santa, tendo como presidente da celebra\u00e7\u00e3o o Cust\u00f3dio Frei Pierbattista Pizzaballa. Ap\u00f3s a Missa, celebramos Pentecostes com os Frades da Cust\u00f3dia e, \u00e0 tarde, participamos de uma grande prociss\u00e3o em dire\u00e7\u00e3o ao Cen\u00e1culo, onde ali, \u00e0s 15h30, rezamos as v\u00e9speras. Este lugar n\u00e3o est\u00e1 sob administra\u00e7\u00e3o dos frades mas foi um dos primeiros conventos franciscanos at\u00e9 a expuls\u00e3o dos frades em 1524.\u00a0 Hoje, no lugar onde Cristo celebrou sua \u00faltima ceia, n\u00e3o pode ser celebrada a Eucaristia. Houve apenas uma exce\u00e7\u00e3o na visita do Papa Jo\u00e3o Paulo II, em 2000, j\u00e1que o lugar que \u00e9 ocupado pelos judeus.<\/p>\n<p><b>Dia 20 de maio<\/b> &#8211; Visitamos Bel\u00e9m e celebramos Missa na Igreja de Santa Catarina, ap\u00f3s uma prociss\u00e3o \u00e0 gruta de Bel\u00e9m, que hoje \u00e9 um lugar dividido entre cat\u00f3licos, arm\u00eanios e gregos. A gruta da Natividade, em forma retangular, localiza-se sob o coro dos gregos. Sob o altar de uma pequena abside, uma estrela de prata indica o lugar do nascimento de Jesus com a inscri\u00e7\u00e3o em Latim: \u201c<i>Hic de Virgine Maria Jesus Christus Natus est<\/i>\u201d (Aqui nasceu Jesus Cristo da Virgem Maria). Aproveitamos para conhecer a Gruta do Leite, que tem sua origem na narra\u00e7\u00e3o sobre a matan\u00e7a dos meninos por ordem de Herodes (Mt 2, 13-18). Segundo a tradi\u00e7\u00e3o, a Sagrada Fam\u00edlia se abrigou numa gruta para que Maria pudesse amamentar o seu filho.<br \/>\n<b>Dia 21 de maio<\/b> &#8211; Fomos a Bet\u00e2nia, que fica 2,7km de Jerusal\u00e9m. O nome da cidade \u00e9 derivado do hebraico \u00b4<i>Bet Hananya<\/i>\u00b4 (Casa de Ananias ou pode ser interpretado como casa dos pobres). Esta cidade pertencia \u00e0 tribo de Benjamim (Ne 11,32). Hoje, a cidade est\u00e1 no meio de uma popula\u00e7\u00e3o mu\u00e7ulmana, crist\u00e3os latinos e grego-ortodoxos. Celebramos a Missa na prov\u00e1vel casa de Marta e Maria, que \u00e9 conhecida como Igreja de S\u00e3o L\u00e1zaro, lugar onde Cristo ressuscitou L\u00e1zaro (Lc 10, 38-42). \u00c0 tarde fizemos um retiro numa regi\u00e3o literalmente des\u00e9rtica na Judeia.<\/p>\n<p><b><a href=\"http:\/\/franciscanos.org.br\/wp-content\/uploads\/2013\/06\/Preside-a-missa-Frei-Geraldo-guia-na-terra-Santa.jpg\"><img loading=\"lazy\" class=\"alignright size-full wp-image-39561\" src=\"http:\/\/franciscanos.org.br\/wp-content\/uploads\/2013\/06\/Preside-a-missa-Frei-Geraldo-guia-na-terra-Santa.jpg\" alt=\"Preside-a-missa-Frei-Geraldo-guia-na-terra-Santa\" width=\"450\" height=\"338\" \/><\/a>Dia 22 de maio<\/b> &#8211; Visitamos o Rio Jord\u00e3o, com momento para a Renova\u00e7\u00e3o das Promessas do Batismo, seguimos para as grutas de Qumram e celebramos Missa em Jeric\u00f3, onde os frades est\u00e3o presentes na \u00e1rea da educa\u00e7\u00e3o e na Par\u00f3quia.<\/p>\n<p><b>Dia 23 de maio<\/b> &#8211; Fomos para Jerusal\u00e9m conhecer os lugares Pater Noster, Dominus Flevit e Agonia. Em Dominus Flevit, Jesus ensinou o Pai-nosso e, na Igreja da Agonia, celebramos uma Missa, cujo altar est\u00e1 aos p\u00e9s da pedra onde Jesus sofreu a Agonia antes de sua pris\u00e3o. Naquela comunidade h\u00e1 v\u00e1rios frades, entre eles dois brasileiros nos acolheram e mostraram como \u00e9 a vida de ora\u00e7\u00e3o e a pastoral de acolhida aos peregrinos e outros que desejam fazer eremit\u00e9rio. \u00c0 tarde rezamos a via dolorosa nos lugares que provavelmente Jesus passou carregando a Cruz em dire\u00e7\u00e3o ao Calv\u00e1rio.<\/p>\n<p><b>Dia 24 de maio<\/b> &#8211; Deixamos Ein Karen e seguimos para a regi\u00e3o da Galileia. Visitamos os lugares da multiplica\u00e7\u00e3o dos P\u00e3es, pesca milagrosa, primado de Pedro, e Cafarnaum, onde almo\u00e7amos. Nesta antiga cidade, Jesus viveu bom tempo e curou a sogra de Pedro, lugar onde os Frades da Terra Santa constru\u00edram uma bela Capela. Visitamos a Igreja das Bem-aventuran\u00e7as e hospedamos em Tiber\u00edades, onde os frades possuem uma casa de acolhida aos peregrinos. Aqui ficamos por tr\u00eas dias.<\/p>\n<p><b>Dia 25 de maio<\/b> &#8211; Fizemos um passeio de barco no Mar da galileia, lendo textos b\u00edblicos que falam sobre a atua\u00e7\u00e3o de Jesus naquela regi\u00e3o, depois seguimos para a cidade de Can\u00e1 da Galileia, visitando a igreja crist\u00e3 mais antiga da regi\u00e3o. Ap\u00f3s este passeio, fomos a Nazar\u00e9, lugar que os frades possuem a maior Bas\u00edlica do Oriente, com a Capela inferior e a superior. No centro da Bas\u00edlica da Anuncia\u00e7\u00e3o rezamos uma Missa pelas fam\u00edlias de Nazar\u00e9 e todas as fam\u00edlias dos frades. Tamb\u00e9m conhecemos a Igreja de S\u00e3o Jos\u00e9, que, segundo a tradi\u00e7\u00e3o, seria a casa de Jos\u00e9 esposo de Maria.<br \/>\n<b><\/b><\/p>\n<p><b>Dia 26 de maio<\/b> &#8211; Foi um dia para subir ao monte Tabor, lugar da Transfigura\u00e7\u00e3o de Jesus. Est\u00e1 situada na plan\u00edcie de Esdrelon, a uma altura de 590m. Aqui, fizemos um retiro trazendo \u00e0 mem\u00f3ria da Transfigura\u00e7\u00e3o de Jesus diante de seus disc\u00edpulos, apesar de n\u00e3o ser mencionada nos evangelhos o nome da montanha. Encerramos com a Missa da Solenidade da Sant\u00edssima Trindade.<\/p>\n<p><b>Dia 27 de maio<\/b> &#8211; Pela manh\u00e3 visitamos Akko, cidade conhecida como porta de entrada dos franciscanos. Na verdade, a tradi\u00e7\u00e3o diz que S\u00e3o Francisco chegou de barco pelo mar Mediterr\u00e2neo nesse lugar hist\u00f3rico de tantas guerras e defesas, especialmente os cavalheiros de S\u00e3o Jo\u00e3o. Nesta cidade, um frade atende uma par\u00f3quia e uma escola aberta a alunos mul\u00e7umanos, judeus e cat\u00f3licos. \u00c0 tarde fomos para Haifa e visitamos o Monte Carmelo, conhecido como Stella Maris. L\u00e1 h\u00e1 um mosteiro das Irm\u00e3s Carmelitas.<\/p>\n<p><b>Dia 28 de maio<\/b> &#8211; Partimos de Tiber\u00edades, passando por Cesareia. Seguimos para Jaffa, onde escava\u00e7\u00f5es arqueol\u00f3gicas revelam que h\u00e1 vinte s\u00e9culos havia uma cidade neste lugar, com um dos portos mais antigos do mundo. A tradi\u00e7\u00e3o diz que a cidade foi fundada por Jafed, filho de No\u00e9. Depois visitamos Ema\u00fas, lugar cuidado pelos monges e mongas franceses. E, finalmente, chegamos a Jerusal\u00e9m, hospedando no Convento S\u00e3o Salvador e casa da C\u00faria da Cust\u00f3dia da Terra Santa.<\/p>\n<p><b>Dia 29 de maio<\/b> &#8211; Fomos conhecer e rezar no Muro das Lamenta\u00e7\u00f5es, a Esplanada das Mesquitas e visitamos os bairros mul\u00e7umanos, judeus e crist\u00e3os. \u00c0s 15h, participamos de uma prociss\u00e3o com o Patriarca de Jerusal\u00e9m, seguindo para a Igreja do Santo Sepulcro, onde rezamos as v\u00e9speras e completas em Latim no tempo de 3horas.<\/p>\n<p><b>Dia 30 de maio<\/b> &#8211; Celebramos com toda a Igreja Corpus Christi. Participamos da prociss\u00e3o e Missa no Santo Sepulcro, tendo a presen\u00e7a do Patriarca e dos frades da Cust\u00f3dia. Em seguida, encerramos a manh\u00e3 com um almo\u00e7o na Casa Nova e, \u00e0 noite, realizamos uma avalia\u00e7\u00e3o sobre toda a experi\u00eancia \u201cReviver o Dom da Voca\u00e7\u00e3o\u201d. Em geral, parabenizamos a iniciativa da CFMB com todo apoio da Ordem, que agora assumiu esta experi\u00eancia. Somos gratos aos frades que coordenaram e assessoraram este belo tempo de vida de ora\u00e7\u00e3o e conviv\u00eancia fraterna.<\/p>\n<p><b>Dia 31 de maio<\/b> &#8211; Celebramos a Missa de encerramento no Convento S\u00e3o Salvador e seguimos para Roma e S\u00e3o Paulo, de onde cada frade retornou ao seu destino de vida em fraternidade.<br \/>\nDe fato, a experi\u00eancia foi bem rica e proveitosa para ora\u00e7\u00e3o, viv\u00eancia com os frades das diversas Prov\u00edncias da Confer\u00eancia e conhecimento das diversas express\u00f5es religiosas, culturais e sociais na Europa e na Terra Santa. Fomos muito bem acolhidos e sentimos como irm\u00e3os menores nos lugares onde S\u00e3o Francisco e Cristo viveram. Assim podemos dizer que, de fato, reavivamos o dom da voca\u00e7\u00e3o pisando nas terras de Cristo e Francisco. Que o bom Deus aben\u00e7oe a todos que nos apoiaram neste tempo de f\u00e9 e que, de agora em diante, sigamos fortalecidos por Cristo e Francisco de Assis.<\/p>\n<p><strong>Frei Fl\u00e1vio Pereira Nol\u00eato, OFM<\/strong><br \/>\n<em>Prov\u00edncia Sant\u00edssimo Nome de Jesus\u00a0<\/em><\/p>\n","protected":false},"excerpt":{"rendered":"<p>CFMB<\/p>\n","protected":false},"author":1,"featured_media":216798,"comment_status":"closed","ping_status":"open","sticky":false,"template":"","format":"standard","meta":[],"categories":[1],"tags":[240],"acf":[],"yoast_head":"<!-- This site is optimized with the Yoast SEO plugin v19.2 - https:\/\/yoast.com\/wordpress\/plugins\/seo\/ -->\n<title>Termina a experi\u00eancia \u201cReviver o Dom da Voca\u00e7\u00e3o\u201d 2013 - Not\u00edcias - Franciscanos<\/title>\n<meta name=\"robots\" content=\"index, follow, max-snippet:-1, max-image-preview:large, max-video-preview:-1\" \/>\n<link rel=\"canonical\" href=\"https:\/\/franciscanos.org.br\/noticias\/experiencia-reviver-o-dom-da-vocacao-2013.html\" \/>\n<meta property=\"og:locale\" content=\"pt_BR\" \/>\n<meta property=\"og:type\" content=\"article\" \/>\n<meta property=\"og:title\" content=\"Termina a experi\u00eancia \u201cReviver o Dom da Voca\u00e7\u00e3o\u201d 2013 - Not\u00edcias - Franciscanos\" \/>\n<meta property=\"og:description\" content=\"CFMB\" \/>\n<meta property=\"og:url\" content=\"https:\/\/franciscanos.org.br\/noticias\/experiencia-reviver-o-dom-da-vocacao-2013.html\" \/>\n<meta property=\"og:site_name\" content=\"Not\u00edcias - Franciscanos\" \/>\n<meta property=\"article:published_time\" content=\"2013-06-04T15:43:03+00:00\" \/>\n<meta property=\"article:modified_time\" content=\"2020-11-11T12:56:13+00:00\" \/>\n<meta property=\"og:image\" content=\"https:\/\/franciscanos.org.br\/noticias\/wp-content\/uploads\/2013\/06\/assis.jpg\" \/>\n\t<meta property=\"og:image:width\" content=\"273\" \/>\n\t<meta property=\"og:image:height\" content=\"181\" \/>\n\t<meta property=\"og:image:type\" content=\"image\/jpeg\" \/>\n<meta name=\"author\" content=\"admin\" \/>\n<meta name=\"twitter:card\" content=\"summary_large_image\" \/>\n<meta name=\"twitter:label1\" content=\"Escrito por\" \/>\n\t<meta name=\"twitter:data1\" content=\"admin\" \/>\n\t<meta name=\"twitter:label2\" content=\"Est. tempo de leitura\" \/>\n\t<meta name=\"twitter:data2\" content=\"14 minutos\" \/>\n<script type=\"application\/ld+json\" class=\"yoast-schema-graph\">{\"@context\":\"https:\/\/schema.org\",\"@graph\":[{\"@type\":\"WebSite\",\"@id\":\"https:\/\/franciscanos.org.br\/noticias\/#website\",\"url\":\"https:\/\/franciscanos.org.br\/noticias\/\",\"name\":\"Not\u00edcias - Franciscanos\",\"description\":\"Prov\u00edncia Franciscana da Imaculada Concei\u00e7\u00e3o do Brasil - Ordem dos Frades Menores - OFM\",\"potentialAction\":[{\"@type\":\"SearchAction\",\"target\":{\"@type\":\"EntryPoint\",\"urlTemplate\":\"https:\/\/franciscanos.org.br\/noticias\/?s={search_term_string}\"},\"query-input\":\"required name=search_term_string\"}],\"inLanguage\":\"pt-BR\"},{\"@type\":\"ImageObject\",\"inLanguage\":\"pt-BR\",\"@id\":\"https:\/\/franciscanos.org.br\/noticias\/experiencia-reviver-o-dom-da-vocacao-2013.html#primaryimage\",\"url\":\"https:\/\/franciscanos.org.br\/noticias\/wp-content\/uploads\/2013\/06\/assis.jpg\",\"contentUrl\":\"https:\/\/franciscanos.org.br\/noticias\/wp-content\/uploads\/2013\/06\/assis.jpg\",\"width\":273,\"height\":181},{\"@type\":\"WebPage\",\"@id\":\"https:\/\/franciscanos.org.br\/noticias\/experiencia-reviver-o-dom-da-vocacao-2013.html#webpage\",\"url\":\"https:\/\/franciscanos.org.br\/noticias\/experiencia-reviver-o-dom-da-vocacao-2013.html\",\"name\":\"Termina a experi\u00eancia \u201cReviver o Dom da Voca\u00e7\u00e3o\u201d 2013 - Not\u00edcias - Franciscanos\",\"isPartOf\":{\"@id\":\"https:\/\/franciscanos.org.br\/noticias\/#website\"},\"primaryImageOfPage\":{\"@id\":\"https:\/\/franciscanos.org.br\/noticias\/experiencia-reviver-o-dom-da-vocacao-2013.html#primaryimage\"},\"datePublished\":\"2013-06-04T15:43:03+00:00\",\"dateModified\":\"2020-11-11T12:56:13+00:00\",\"author\":{\"@id\":\"https:\/\/franciscanos.org.br\/noticias\/#\/schema\/person\/b38fbf43118f02820bd932f2e4b14ad3\"},\"breadcrumb\":{\"@id\":\"https:\/\/franciscanos.org.br\/noticias\/experiencia-reviver-o-dom-da-vocacao-2013.html#breadcrumb\"},\"inLanguage\":\"pt-BR\",\"potentialAction\":[{\"@type\":\"ReadAction\",\"target\":[\"https:\/\/franciscanos.org.br\/noticias\/experiencia-reviver-o-dom-da-vocacao-2013.html\"]}]},{\"@type\":\"BreadcrumbList\",\"@id\":\"https:\/\/franciscanos.org.br\/noticias\/experiencia-reviver-o-dom-da-vocacao-2013.html#breadcrumb\",\"itemListElement\":[{\"@type\":\"ListItem\",\"position\":1,\"name\":\"Home\",\"item\":\"https:\/\/franciscanos.org.br\/noticias\"},{\"@type\":\"ListItem\",\"position\":2,\"name\":\"Termina a experi\u00eancia \u201cReviver o Dom da Voca\u00e7\u00e3o\u201d 2013\"}]},{\"@type\":\"Person\",\"@id\":\"https:\/\/franciscanos.org.br\/noticias\/#\/schema\/person\/b38fbf43118f02820bd932f2e4b14ad3\",\"name\":\"admin\",\"image\":{\"@type\":\"ImageObject\",\"inLanguage\":\"pt-BR\",\"@id\":\"https:\/\/franciscanos.org.br\/noticias\/#\/schema\/person\/image\/\",\"url\":\"https:\/\/secure.gravatar.com\/avatar\/e8495742d34d0ba6448ea1c628263b3e?s=96&d=mm&r=g\",\"contentUrl\":\"https:\/\/secure.gravatar.com\/avatar\/e8495742d34d0ba6448ea1c628263b3e?s=96&d=mm&r=g\",\"caption\":\"admin\"},\"url\":\"https:\/\/franciscanos.org.br\/noticias\/author\/admin\"}]}<\/script>\n<!-- \/ Yoast SEO plugin. -->","yoast_head_json":{"title":"Termina a experi\u00eancia \u201cReviver o Dom da Voca\u00e7\u00e3o\u201d 2013 - Not\u00edcias - Franciscanos","robots":{"index":"index","follow":"follow","max-snippet":"max-snippet:-1","max-image-preview":"max-image-preview:large","max-video-preview":"max-video-preview:-1"},"canonical":"https:\/\/franciscanos.org.br\/noticias\/experiencia-reviver-o-dom-da-vocacao-2013.html","og_locale":"pt_BR","og_type":"article","og_title":"Termina a experi\u00eancia \u201cReviver o Dom da Voca\u00e7\u00e3o\u201d 2013 - Not\u00edcias - Franciscanos","og_description":"CFMB","og_url":"https:\/\/franciscanos.org.br\/noticias\/experiencia-reviver-o-dom-da-vocacao-2013.html","og_site_name":"Not\u00edcias - Franciscanos","article_published_time":"2013-06-04T15:43:03+00:00","article_modified_time":"2020-11-11T12:56:13+00:00","og_image":[{"width":273,"height":181,"url":"https:\/\/franciscanos.org.br\/noticias\/wp-content\/uploads\/2013\/06\/assis.jpg","type":"image\/jpeg"}],"author":"admin","twitter_card":"summary_large_image","twitter_misc":{"Escrito por":"admin","Est. tempo de leitura":"14 minutos"},"schema":{"@context":"https:\/\/schema.org","@graph":[{"@type":"WebSite","@id":"https:\/\/franciscanos.org.br\/noticias\/#website","url":"https:\/\/franciscanos.org.br\/noticias\/","name":"Not\u00edcias - Franciscanos","description":"Prov\u00edncia Franciscana da Imaculada Concei\u00e7\u00e3o do Brasil - Ordem dos Frades Menores - OFM","potentialAction":[{"@type":"SearchAction","target":{"@type":"EntryPoint","urlTemplate":"https:\/\/franciscanos.org.br\/noticias\/?s={search_term_string}"},"query-input":"required name=search_term_string"}],"inLanguage":"pt-BR"},{"@type":"ImageObject","inLanguage":"pt-BR","@id":"https:\/\/franciscanos.org.br\/noticias\/experiencia-reviver-o-dom-da-vocacao-2013.html#primaryimage","url":"https:\/\/franciscanos.org.br\/noticias\/wp-content\/uploads\/2013\/06\/assis.jpg","contentUrl":"https:\/\/franciscanos.org.br\/noticias\/wp-content\/uploads\/2013\/06\/assis.jpg","width":273,"height":181},{"@type":"WebPage","@id":"https:\/\/franciscanos.org.br\/noticias\/experiencia-reviver-o-dom-da-vocacao-2013.html#webpage","url":"https:\/\/franciscanos.org.br\/noticias\/experiencia-reviver-o-dom-da-vocacao-2013.html","name":"Termina a experi\u00eancia \u201cReviver o Dom da Voca\u00e7\u00e3o\u201d 2013 - Not\u00edcias - Franciscanos","isPartOf":{"@id":"https:\/\/franciscanos.org.br\/noticias\/#website"},"primaryImageOfPage":{"@id":"https:\/\/franciscanos.org.br\/noticias\/experiencia-reviver-o-dom-da-vocacao-2013.html#primaryimage"},"datePublished":"2013-06-04T15:43:03+00:00","dateModified":"2020-11-11T12:56:13+00:00","author":{"@id":"https:\/\/franciscanos.org.br\/noticias\/#\/schema\/person\/b38fbf43118f02820bd932f2e4b14ad3"},"breadcrumb":{"@id":"https:\/\/franciscanos.org.br\/noticias\/experiencia-reviver-o-dom-da-vocacao-2013.html#breadcrumb"},"inLanguage":"pt-BR","potentialAction":[{"@type":"ReadAction","target":["https:\/\/franciscanos.org.br\/noticias\/experiencia-reviver-o-dom-da-vocacao-2013.html"]}]},{"@type":"BreadcrumbList","@id":"https:\/\/franciscanos.org.br\/noticias\/experiencia-reviver-o-dom-da-vocacao-2013.html#breadcrumb","itemListElement":[{"@type":"ListItem","position":1,"name":"Home","item":"https:\/\/franciscanos.org.br\/noticias"},{"@type":"ListItem","position":2,"name":"Termina a experi\u00eancia \u201cReviver o Dom da Voca\u00e7\u00e3o\u201d 2013"}]},{"@type":"Person","@id":"https:\/\/franciscanos.org.br\/noticias\/#\/schema\/person\/b38fbf43118f02820bd932f2e4b14ad3","name":"admin","image":{"@type":"ImageObject","inLanguage":"pt-BR","@id":"https:\/\/franciscanos.org.br\/noticias\/#\/schema\/person\/image\/","url":"https:\/\/secure.gravatar.com\/avatar\/e8495742d34d0ba6448ea1c628263b3e?s=96&d=mm&r=g","contentUrl":"https:\/\/secure.gravatar.com\/avatar\/e8495742d34d0ba6448ea1c628263b3e?s=96&d=mm&r=g","caption":"admin"},"url":"https:\/\/franciscanos.org.br\/noticias\/author\/admin"}]}},"_links":{"self":[{"href":"https:\/\/franciscanos.org.br\/noticias\/wp-json\/wp\/v2\/posts\/39528"}],"collection":[{"href":"https:\/\/franciscanos.org.br\/noticias\/wp-json\/wp\/v2\/posts"}],"about":[{"href":"https:\/\/franciscanos.org.br\/noticias\/wp-json\/wp\/v2\/types\/post"}],"author":[{"embeddable":true,"href":"https:\/\/franciscanos.org.br\/noticias\/wp-json\/wp\/v2\/users\/1"}],"replies":[{"embeddable":true,"href":"https:\/\/franciscanos.org.br\/noticias\/wp-json\/wp\/v2\/comments?post=39528"}],"version-history":[{"count":1,"href":"https:\/\/franciscanos.org.br\/noticias\/wp-json\/wp\/v2\/posts\/39528\/revisions"}],"predecessor-version":[{"id":229246,"href":"https:\/\/franciscanos.org.br\/noticias\/wp-json\/wp\/v2\/posts\/39528\/revisions\/229246"}],"wp:featuredmedia":[{"embeddable":true,"href":"https:\/\/franciscanos.org.br\/noticias\/wp-json\/wp\/v2\/media\/216798"}],"wp:attachment":[{"href":"https:\/\/franciscanos.org.br\/noticias\/wp-json\/wp\/v2\/media?parent=39528"}],"wp:term":[{"taxonomy":"category","embeddable":true,"href":"https:\/\/franciscanos.org.br\/noticias\/wp-json\/wp\/v2\/categories?post=39528"},{"taxonomy":"post_tag","embeddable":true,"href":"https:\/\/franciscanos.org.br\/noticias\/wp-json\/wp\/v2\/tags?post=39528"}],"curies":[{"name":"wp","href":"https:\/\/api.w.org\/{rel}","templated":true}]}}