{"id":39510,"date":"2013-06-03T13:33:26","date_gmt":"2013-06-03T16:33:26","guid":{"rendered":"http:\/\/new.franciscanos.org.br\/?p=39510"},"modified":"2020-06-11T16:59:35","modified_gmt":"2020-06-11T19:59:35","slug":"a-guerra-e-o-suicidio-da-humanidade-porque-mata-o-coracao-e-mata-o-amor","status":"publish","type":"post","link":"https:\/\/franciscanos.org.br\/noticias\/a-guerra-e-o-suicidio-da-humanidade-porque-mata-o-coracao-e-mata-o-amor.html","title":{"rendered":"&#8220;A guerra \u00e9 o suic\u00eddio da humanidade porque mata o amor&#8221;"},"content":{"rendered":"<p><b><img loading=\"lazy\" class=\"alignright size-full wp-image-39511\" src=\"http:\/\/franciscanos.org.br\/wp-content\/uploads\/2013\/06\/o-PAPA-FRANCESCO-facebook.jpg\" alt=\"o-PAPA-FRANCESCO\" width=\"450\" height=\"619\" \/>Cidade do Vaticano<\/b>\u00a0\u2013 A guerra \u00e9 o suic\u00eddio da humanidade porque mata o cora\u00e7\u00e3o e mata o amor\u201d. Esta \u00e9 uma das passagens da homilia do Papa Francisco na Missa celebrada na manh\u00e3 deste domingo, na Casa Santa Marta. A Sala de Imprensa da Santa S\u00e9, informou que um grupo de 80 pessoas \u2013 composto por parentes dos militares italianos mortos nas miss\u00f5es de paz nos \u00faltimos 5 anos, em particular no Afeganist\u00e3o e por alguns militares feridos nas mesmas miss\u00f5es \u2013 participou da celebra\u00e7\u00e3o. Neste 2 de junho \u00e9 celebrada a Festa da Rep\u00fablica, \u201cum dia significativo\u201d, lembrou o Ordin\u00e1rio Militar para a It\u00e1lia, Dom Vincenzo Pelvi, que concelebrou a Missa.<\/p>\n<p>\u201cO Senhor escuta a ora\u00e7\u00e3o de todos\u201d, a de Salom\u00e3o no dia da consagra\u00e7\u00e3o do Templo, mas tamb\u00e9m a ora\u00e7\u00e3o de cada um de n\u00f3s. Papa Francisco ilustra esta verdade, citando tamb\u00e9m o epis\u00f3dio do centuri\u00e3o que pede a Jesus a cura do seu servo. \u201cO nosso Deus \u00e9 assim \u2013 acrescenta \u2013 escuta a ora\u00e7\u00e3o de todos\u201d, todos n\u00e3o como se fossem \u201can\u00f4nimos\u201d, mas a ora\u00e7\u00e3o \u201cde todos e de cada um\u201d. \u201cO nosso Deus \u00e9 o Deus do grande e o Deus do pequeno; o nosso Deus \u00e9 pessoal\u201d, escuta todos com o cora\u00e7\u00e3o e ama com o cora\u00e7\u00e3o\u201d.<\/p>\n<p>\u201c<i>N\u00f3s hoje viemos para rezar pelos nossos mortos, pelos nosso feridos, pelas v\u00edtimas desta loucura que \u00e9 a guerra. \u00c9 o suic\u00eddio da humanidade, porque mata o cora\u00e7\u00e3o, mata onde est\u00e1 a mensagem do Senhor: mata o amor! Porque a guerra prov\u00e9m do \u00f3dio, da inveja, do desejo de poder, mas tamb\u00e9m &#8211; muitas vezes o vemos \u2013 daquela vontade por mais poder<\/i>\u201d.<\/p>\n<p>E tamb\u00e9m na hist\u00f3ria, constata Papa Francisco, \u201ctantas vezes, vimos que os problemas locais, os problemas econ\u00f4micos, as crises econ\u00f4micas\u201d, \u201cos grandes da terra querem resolv\u00ea-los com uma guerra\u201d:<\/p>\n<p><i>\u201cPor qu\u00ea? Porque o dinheiro \u00e9 mais importante que as pessoas para eles! E a guerra \u00e9 exatamente isto: \u00e9 um ato de f\u00e9 ao dinheiro, aos \u00eddolos, aos \u00eddolos do \u00f3dio, ao \u00eddolo que leva a matar o irm\u00e3o, que leva a matar o irm\u00e3o. Me vem em mente aquela palavra do nosso Pai Deus a Caim, que por inveja, matou o seu irm\u00e3o: \u2018Caim, onde est\u00e1 o teu irm\u00e3o?\u2019. Hoje podemos sentir esta voz: \u00e9 o nosso Pai Deus que chora, que chora por esta nossa loucura, que pergunta a todos n\u00f3s \u2018Onde est\u00e1 o teu irm\u00e3o?\u2019; que pergunta a todos os poderosos da Terra: \u201cOnde est\u00e1 vosso irm\u00e3o? O que voc\u00ea fez?\u201d<br \/>\n<\/i><br \/>\nNeste ponto, o Santo Padre rezou ao Senhor para que \u201cafaste de n\u00f3s todo o mal\u201d, repetindo esta ora\u00e7\u00e3o \u201cmesmo que com l\u00e1grimas, com aquelas l\u00e1grimas do cora\u00e7\u00e3o\u201d:<\/p>\n<p>\u201c<i>Volte-se para n\u00f3s, Senhor, e tenha miseric\u00f3rdia de n\u00f3s, porque estamos tristes, estamos angustiados. Veja a nossa mis\u00e9ria e a nossa pena e perdoa todos os pecados\u201d, porque por tr\u00e1s de uma guerra sempre existem os pecados: existe o pecado da idolatria, o pecado de abusar do ser humano no altar do poder, de sacrific\u00e1-los. \u201cVolte-se para n\u00f3s Senhor, e tenha miseric\u00f3rdia, porque estamos tristes e angustiados. Veja a nossa mis\u00e9ria e a nossa pena\u201d. Estamos certos que o Senhor nos escutar\u00e1 e far\u00e1 qualquer coisa para nos dar o esp\u00edrito de consola\u00e7\u00e3o. Assim seja<\/i>\u201d.<\/p>\n<p>Ao final da Missa foi recitada a \u201cOra\u00e7\u00e3o pela It\u00e1lia\u2019, do Beato Jo\u00e3o Paulo II.<\/p>\n<hr \/>\n<p><em>Fonte: R\u00e1dio Vaticano<\/em><\/p>\n","protected":false},"excerpt":{"rendered":"<p>Missa em Santa Marta<\/p>\n","protected":false},"author":1,"featured_media":216790,"comment_status":"closed","ping_status":"open","sticky":false,"template":"","format":"standard","meta":[],"categories":[1428],"tags":[1586],"acf":[],"yoast_head":"<!-- This site is optimized with the Yoast SEO plugin v19.2 - https:\/\/yoast.com\/wordpress\/plugins\/seo\/ -->\n<title>&quot;A guerra \u00e9 o suic\u00eddio da humanidade porque mata o amor&quot; - Not\u00edcias - Franciscanos<\/title>\n<meta name=\"robots\" content=\"index, follow, max-snippet:-1, max-image-preview:large, max-video-preview:-1\" \/>\n<link rel=\"canonical\" href=\"https:\/\/franciscanos.org.br\/noticias\/a-guerra-e-o-suicidio-da-humanidade-porque-mata-o-coracao-e-mata-o-amor.html\" \/>\n<meta property=\"og:locale\" content=\"pt_BR\" \/>\n<meta property=\"og:type\" content=\"article\" \/>\n<meta property=\"og:title\" content=\"&quot;A guerra \u00e9 o suic\u00eddio da humanidade porque mata o amor&quot; - Not\u00edcias - Franciscanos\" \/>\n<meta property=\"og:description\" content=\"Missa em Santa Marta\" \/>\n<meta property=\"og:url\" content=\"https:\/\/franciscanos.org.br\/noticias\/a-guerra-e-o-suicidio-da-humanidade-porque-mata-o-coracao-e-mata-o-amor.html\" \/>\n<meta property=\"og:site_name\" content=\"Not\u00edcias - Franciscanos\" \/>\n<meta property=\"article:published_time\" content=\"2013-06-03T16:33:26+00:00\" \/>\n<meta property=\"article:modified_time\" content=\"2020-06-11T19:59:35+00:00\" \/>\n<meta property=\"og:image\" content=\"https:\/\/franciscanos.org.br\/noticias\/wp-content\/uploads\/2013\/06\/o-PAPA-FRANCESCO-facebook.jpg\" \/>\n\t<meta property=\"og:image:width\" content=\"273\" \/>\n\t<meta property=\"og:image:height\" content=\"181\" \/>\n\t<meta property=\"og:image:type\" content=\"image\/jpeg\" \/>\n<meta name=\"author\" content=\"admin\" \/>\n<meta name=\"twitter:card\" content=\"summary_large_image\" \/>\n<meta name=\"twitter:label1\" content=\"Escrito por\" \/>\n\t<meta name=\"twitter:data1\" content=\"admin\" \/>\n\t<meta name=\"twitter:label2\" content=\"Est. tempo de leitura\" \/>\n\t<meta name=\"twitter:data2\" content=\"3 minutos\" \/>\n<script type=\"application\/ld+json\" class=\"yoast-schema-graph\">{\"@context\":\"https:\/\/schema.org\",\"@graph\":[{\"@type\":\"WebSite\",\"@id\":\"https:\/\/franciscanos.org.br\/noticias\/#website\",\"url\":\"https:\/\/franciscanos.org.br\/noticias\/\",\"name\":\"Not\u00edcias - Franciscanos\",\"description\":\"Prov\u00edncia Franciscana da Imaculada Concei\u00e7\u00e3o do Brasil - Ordem dos Frades Menores - OFM\",\"potentialAction\":[{\"@type\":\"SearchAction\",\"target\":{\"@type\":\"EntryPoint\",\"urlTemplate\":\"https:\/\/franciscanos.org.br\/noticias\/?s={search_term_string}\"},\"query-input\":\"required name=search_term_string\"}],\"inLanguage\":\"pt-BR\"},{\"@type\":\"ImageObject\",\"inLanguage\":\"pt-BR\",\"@id\":\"https:\/\/franciscanos.org.br\/noticias\/a-guerra-e-o-suicidio-da-humanidade-porque-mata-o-coracao-e-mata-o-amor.html#primaryimage\",\"url\":\"https:\/\/franciscanos.org.br\/noticias\/wp-content\/uploads\/2013\/06\/o-PAPA-FRANCESCO-facebook.jpg\",\"contentUrl\":\"https:\/\/franciscanos.org.br\/noticias\/wp-content\/uploads\/2013\/06\/o-PAPA-FRANCESCO-facebook.jpg\",\"width\":273,\"height\":181},{\"@type\":\"WebPage\",\"@id\":\"https:\/\/franciscanos.org.br\/noticias\/a-guerra-e-o-suicidio-da-humanidade-porque-mata-o-coracao-e-mata-o-amor.html#webpage\",\"url\":\"https:\/\/franciscanos.org.br\/noticias\/a-guerra-e-o-suicidio-da-humanidade-porque-mata-o-coracao-e-mata-o-amor.html\",\"name\":\"\\\"A guerra \u00e9 o suic\u00eddio da humanidade porque mata o amor\\\" - Not\u00edcias - Franciscanos\",\"isPartOf\":{\"@id\":\"https:\/\/franciscanos.org.br\/noticias\/#website\"},\"primaryImageOfPage\":{\"@id\":\"https:\/\/franciscanos.org.br\/noticias\/a-guerra-e-o-suicidio-da-humanidade-porque-mata-o-coracao-e-mata-o-amor.html#primaryimage\"},\"datePublished\":\"2013-06-03T16:33:26+00:00\",\"dateModified\":\"2020-06-11T19:59:35+00:00\",\"author\":{\"@id\":\"https:\/\/franciscanos.org.br\/noticias\/#\/schema\/person\/b38fbf43118f02820bd932f2e4b14ad3\"},\"breadcrumb\":{\"@id\":\"https:\/\/franciscanos.org.br\/noticias\/a-guerra-e-o-suicidio-da-humanidade-porque-mata-o-coracao-e-mata-o-amor.html#breadcrumb\"},\"inLanguage\":\"pt-BR\",\"potentialAction\":[{\"@type\":\"ReadAction\",\"target\":[\"https:\/\/franciscanos.org.br\/noticias\/a-guerra-e-o-suicidio-da-humanidade-porque-mata-o-coracao-e-mata-o-amor.html\"]}]},{\"@type\":\"BreadcrumbList\",\"@id\":\"https:\/\/franciscanos.org.br\/noticias\/a-guerra-e-o-suicidio-da-humanidade-porque-mata-o-coracao-e-mata-o-amor.html#breadcrumb\",\"itemListElement\":[{\"@type\":\"ListItem\",\"position\":1,\"name\":\"Home\",\"item\":\"https:\/\/franciscanos.org.br\/noticias\"},{\"@type\":\"ListItem\",\"position\":2,\"name\":\"&#8220;A guerra \u00e9 o suic\u00eddio da humanidade porque mata o amor&#8221;\"}]},{\"@type\":\"Person\",\"@id\":\"https:\/\/franciscanos.org.br\/noticias\/#\/schema\/person\/b38fbf43118f02820bd932f2e4b14ad3\",\"name\":\"admin\",\"image\":{\"@type\":\"ImageObject\",\"inLanguage\":\"pt-BR\",\"@id\":\"https:\/\/franciscanos.org.br\/noticias\/#\/schema\/person\/image\/\",\"url\":\"https:\/\/secure.gravatar.com\/avatar\/e8495742d34d0ba6448ea1c628263b3e?s=96&d=mm&r=g\",\"contentUrl\":\"https:\/\/secure.gravatar.com\/avatar\/e8495742d34d0ba6448ea1c628263b3e?s=96&d=mm&r=g\",\"caption\":\"admin\"},\"url\":\"https:\/\/franciscanos.org.br\/noticias\/author\/admin\"}]}<\/script>\n<!-- \/ Yoast SEO plugin. -->","yoast_head_json":{"title":"\"A guerra \u00e9 o suic\u00eddio da humanidade porque mata o amor\" - Not\u00edcias - Franciscanos","robots":{"index":"index","follow":"follow","max-snippet":"max-snippet:-1","max-image-preview":"max-image-preview:large","max-video-preview":"max-video-preview:-1"},"canonical":"https:\/\/franciscanos.org.br\/noticias\/a-guerra-e-o-suicidio-da-humanidade-porque-mata-o-coracao-e-mata-o-amor.html","og_locale":"pt_BR","og_type":"article","og_title":"\"A guerra \u00e9 o suic\u00eddio da humanidade porque mata o amor\" - Not\u00edcias - Franciscanos","og_description":"Missa em Santa Marta","og_url":"https:\/\/franciscanos.org.br\/noticias\/a-guerra-e-o-suicidio-da-humanidade-porque-mata-o-coracao-e-mata-o-amor.html","og_site_name":"Not\u00edcias - Franciscanos","article_published_time":"2013-06-03T16:33:26+00:00","article_modified_time":"2020-06-11T19:59:35+00:00","og_image":[{"width":273,"height":181,"url":"https:\/\/franciscanos.org.br\/noticias\/wp-content\/uploads\/2013\/06\/o-PAPA-FRANCESCO-facebook.jpg","type":"image\/jpeg"}],"author":"admin","twitter_card":"summary_large_image","twitter_misc":{"Escrito por":"admin","Est. tempo de leitura":"3 minutos"},"schema":{"@context":"https:\/\/schema.org","@graph":[{"@type":"WebSite","@id":"https:\/\/franciscanos.org.br\/noticias\/#website","url":"https:\/\/franciscanos.org.br\/noticias\/","name":"Not\u00edcias - Franciscanos","description":"Prov\u00edncia Franciscana da Imaculada Concei\u00e7\u00e3o do Brasil - Ordem dos Frades Menores - OFM","potentialAction":[{"@type":"SearchAction","target":{"@type":"EntryPoint","urlTemplate":"https:\/\/franciscanos.org.br\/noticias\/?s={search_term_string}"},"query-input":"required name=search_term_string"}],"inLanguage":"pt-BR"},{"@type":"ImageObject","inLanguage":"pt-BR","@id":"https:\/\/franciscanos.org.br\/noticias\/a-guerra-e-o-suicidio-da-humanidade-porque-mata-o-coracao-e-mata-o-amor.html#primaryimage","url":"https:\/\/franciscanos.org.br\/noticias\/wp-content\/uploads\/2013\/06\/o-PAPA-FRANCESCO-facebook.jpg","contentUrl":"https:\/\/franciscanos.org.br\/noticias\/wp-content\/uploads\/2013\/06\/o-PAPA-FRANCESCO-facebook.jpg","width":273,"height":181},{"@type":"WebPage","@id":"https:\/\/franciscanos.org.br\/noticias\/a-guerra-e-o-suicidio-da-humanidade-porque-mata-o-coracao-e-mata-o-amor.html#webpage","url":"https:\/\/franciscanos.org.br\/noticias\/a-guerra-e-o-suicidio-da-humanidade-porque-mata-o-coracao-e-mata-o-amor.html","name":"\"A guerra \u00e9 o suic\u00eddio da humanidade porque mata o amor\" - Not\u00edcias - Franciscanos","isPartOf":{"@id":"https:\/\/franciscanos.org.br\/noticias\/#website"},"primaryImageOfPage":{"@id":"https:\/\/franciscanos.org.br\/noticias\/a-guerra-e-o-suicidio-da-humanidade-porque-mata-o-coracao-e-mata-o-amor.html#primaryimage"},"datePublished":"2013-06-03T16:33:26+00:00","dateModified":"2020-06-11T19:59:35+00:00","author":{"@id":"https:\/\/franciscanos.org.br\/noticias\/#\/schema\/person\/b38fbf43118f02820bd932f2e4b14ad3"},"breadcrumb":{"@id":"https:\/\/franciscanos.org.br\/noticias\/a-guerra-e-o-suicidio-da-humanidade-porque-mata-o-coracao-e-mata-o-amor.html#breadcrumb"},"inLanguage":"pt-BR","potentialAction":[{"@type":"ReadAction","target":["https:\/\/franciscanos.org.br\/noticias\/a-guerra-e-o-suicidio-da-humanidade-porque-mata-o-coracao-e-mata-o-amor.html"]}]},{"@type":"BreadcrumbList","@id":"https:\/\/franciscanos.org.br\/noticias\/a-guerra-e-o-suicidio-da-humanidade-porque-mata-o-coracao-e-mata-o-amor.html#breadcrumb","itemListElement":[{"@type":"ListItem","position":1,"name":"Home","item":"https:\/\/franciscanos.org.br\/noticias"},{"@type":"ListItem","position":2,"name":"&#8220;A guerra \u00e9 o suic\u00eddio da humanidade porque mata o amor&#8221;"}]},{"@type":"Person","@id":"https:\/\/franciscanos.org.br\/noticias\/#\/schema\/person\/b38fbf43118f02820bd932f2e4b14ad3","name":"admin","image":{"@type":"ImageObject","inLanguage":"pt-BR","@id":"https:\/\/franciscanos.org.br\/noticias\/#\/schema\/person\/image\/","url":"https:\/\/secure.gravatar.com\/avatar\/e8495742d34d0ba6448ea1c628263b3e?s=96&d=mm&r=g","contentUrl":"https:\/\/secure.gravatar.com\/avatar\/e8495742d34d0ba6448ea1c628263b3e?s=96&d=mm&r=g","caption":"admin"},"url":"https:\/\/franciscanos.org.br\/noticias\/author\/admin"}]}},"_links":{"self":[{"href":"https:\/\/franciscanos.org.br\/noticias\/wp-json\/wp\/v2\/posts\/39510"}],"collection":[{"href":"https:\/\/franciscanos.org.br\/noticias\/wp-json\/wp\/v2\/posts"}],"about":[{"href":"https:\/\/franciscanos.org.br\/noticias\/wp-json\/wp\/v2\/types\/post"}],"author":[{"embeddable":true,"href":"https:\/\/franciscanos.org.br\/noticias\/wp-json\/wp\/v2\/users\/1"}],"replies":[{"embeddable":true,"href":"https:\/\/franciscanos.org.br\/noticias\/wp-json\/wp\/v2\/comments?post=39510"}],"version-history":[{"count":1,"href":"https:\/\/franciscanos.org.br\/noticias\/wp-json\/wp\/v2\/posts\/39510\/revisions"}],"predecessor-version":[{"id":226364,"href":"https:\/\/franciscanos.org.br\/noticias\/wp-json\/wp\/v2\/posts\/39510\/revisions\/226364"}],"wp:featuredmedia":[{"embeddable":true,"href":"https:\/\/franciscanos.org.br\/noticias\/wp-json\/wp\/v2\/media\/216790"}],"wp:attachment":[{"href":"https:\/\/franciscanos.org.br\/noticias\/wp-json\/wp\/v2\/media?parent=39510"}],"wp:term":[{"taxonomy":"category","embeddable":true,"href":"https:\/\/franciscanos.org.br\/noticias\/wp-json\/wp\/v2\/categories?post=39510"},{"taxonomy":"post_tag","embeddable":true,"href":"https:\/\/franciscanos.org.br\/noticias\/wp-json\/wp\/v2\/tags?post=39510"}],"curies":[{"name":"wp","href":"https:\/\/api.w.org\/{rel}","templated":true}]}}