{"id":39132,"date":"2013-05-27T15:52:38","date_gmt":"2013-05-27T18:52:38","guid":{"rendered":"http:\/\/new.franciscanos.org.br\/?p=39132"},"modified":"2019-08-08T10:58:31","modified_gmt":"2019-08-08T13:58:31","slug":"novicos-fazem-experiencia-de-eremiterio","status":"publish","type":"post","link":"https:\/\/franciscanos.org.br\/noticias\/novicos-fazem-experiencia-de-eremiterio.html","title":{"rendered":"Novi\u00e7os fazem experi\u00eancia de Eremit\u00e9rio"},"content":{"rendered":"<p><img loading=\"lazy\" src=\"http:\/\/franciscanos.org.br\/wp-content\/uploads\/2013\/05\/novicos1.jpg\" alt=\"novicos\" width=\"830\" height=\"429\" \/><br \/>\n<strong>Por Frei Ermelindo Francisco Bambi<\/strong><\/p>\n<p>De 27 abril a 4 de maio n\u00f3s, os novi\u00e7os franciscanos, fizemos a nossa primeira experi\u00eancia anual de eremit\u00e9rio. Foi uma oportunidade de encontro com Deus e com n\u00f3s mesmos. Para um melhor andamento do retiro, organizamo-nos em dois grupos de 10 novi\u00e7os. Cada grupo passou uma semana no alto da montanha de Rodeio, SC.<\/p>\n<p>Come\u00e7\u00e1vamos o dia com a Eucaristia, alimento nosso espiritual antes do caf\u00e9 da manh\u00e3, para depois nos ocuparmos com o tema do dia. Os temas para a reflex\u00e3o foram extra\u00eddos dos \u201cDitos do Beato Frei Eg\u00eddio\u201d, padroeiro do Eremit\u00e9rio: \u201cO<i> cap\u00edtulo das virtudes e v\u00edcios, o cap\u00edtulo da f\u00e9, o cap\u00edtulo da santa castidade, o cap\u00edtulo da santa humildade e <\/i>o <i>cap\u00edtulo da boa perseveran\u00e7a\u201d<\/i>.<\/p>\n<p>Cada novi\u00e7o procurou um lugar para o seu recolhimento pessoal durante toda semana. Usamos as grutas, as \u00e1rvores, as pedras e, na medida do poss\u00edvel, procuramos aproveitar e usufruir das belezas e riquezas que a m\u00e3e natureza nos proporciona. Foi poss\u00edvel perceber que Deus estava presente em todos os elementos, por isso, uma das recomenda\u00e7\u00f5es foi de n\u00e3o destruir a natureza.<br \/>\nNo fim do dia, rez\u00e1vamos o Of\u00edcio vespertino e, ap\u00f3s a janta, eram feitas as partilhas, onde cada frade novi\u00e7o, livremente, expunha a experi\u00eancia que havia feito durante o dia, tendo como pressuposto b\u00e1sico o texto do dia. Frei Samuel, o mestre e orientador do retiro, apontando muitas vezes para os desafios e \u2018facilidades\u2019 que o mundo moderno nos apresenta, dizia que a ora\u00e7\u00e3o e a confian\u00e7a em Deus s\u00e3o os meios que nos que tornam perseverantes e firmes na nossa voca\u00e7\u00e3o. Focalizou tamb\u00e9m as virtudes e a postura que um religioso deve apresentar diante das vicissitudes no dia a dia.<\/p>\n<p>Para enfrentar as dificuldades \u00e9 necess\u00e1rio um treino quotidiano e um trabalho interior. Esse foi um dos momentos mais ricos. Cada um falou de si mesmo e tamb\u00e9m ouviu dos demais coisas que, no dia a dia, dificilmente ouviriam. E termin\u00e1vamos o dia com a ora\u00e7\u00e3o do Of\u00edcio das Leituras e o Complet\u00f3rio. Ningu\u00e9m saiu do Eremit\u00e9rio como l\u00e1 chegou. Experi\u00eancia como estas nos levam, com certeza,\u00a0 a compreender o\u00a0 valor do sil\u00eancio e da fraternidade, que \u00e9 o ponto central na vida franciscana.<\/p>\n<p>Terminado o per\u00edodo previsto, o desejo foi o mesmo de Pedro: \u201cFa\u00e7amos tr\u00eas tendas aqui no monte\u201d. Mas tivemos de descer e dar continuidade \u00e0s nossas atividades di\u00e1rias no convento e p\u00f4r em pratica tudo quanto aprendemos, refletimos e contemplamos. Queremos agradecer a Deus pelo dom da vida e da voca\u00e7\u00e3o e aos confrades da Fraternidade Permanente pela oportunidade e por tudo que fizeram para que n\u00e3o faltasse nada durante o retiro. Paz e bem!<\/p>\n","protected":false},"excerpt":{"rendered":"<p>Forma\u00e7\u00e3o e Estudos<\/p>\n","protected":false},"author":1,"featured_media":209165,"comment_status":"closed","ping_status":"open","sticky":false,"template":"","format":"standard","meta":[],"categories":[1],"tags":[678,127],"acf":[],"yoast_head":"<!-- This site is optimized with the Yoast SEO plugin v19.2 - https:\/\/yoast.com\/wordpress\/plugins\/seo\/ -->\n<title>Novi\u00e7os fazem experi\u00eancia de Eremit\u00e9rio - Not\u00edcias - Franciscanos<\/title>\n<meta name=\"robots\" content=\"index, follow, max-snippet:-1, max-image-preview:large, max-video-preview:-1\" \/>\n<link rel=\"canonical\" href=\"https:\/\/franciscanos.org.br\/noticias\/novicos-fazem-experiencia-de-eremiterio.html\" \/>\n<meta property=\"og:locale\" content=\"pt_BR\" \/>\n<meta property=\"og:type\" content=\"article\" \/>\n<meta property=\"og:title\" content=\"Novi\u00e7os fazem experi\u00eancia de Eremit\u00e9rio - Not\u00edcias - Franciscanos\" \/>\n<meta property=\"og:description\" content=\"Forma\u00e7\u00e3o e Estudos\" \/>\n<meta property=\"og:url\" content=\"https:\/\/franciscanos.org.br\/noticias\/novicos-fazem-experiencia-de-eremiterio.html\" \/>\n<meta property=\"og:site_name\" content=\"Not\u00edcias - Franciscanos\" \/>\n<meta property=\"article:published_time\" content=\"2013-05-27T18:52:38+00:00\" \/>\n<meta property=\"article:modified_time\" content=\"2019-08-08T13:58:31+00:00\" \/>\n<meta property=\"og:image\" content=\"https:\/\/franciscanos.org.br\/noticias\/wp-content\/uploads\/2013\/05\/novicos1.jpg\" \/>\n\t<meta property=\"og:image:width\" content=\"273\" \/>\n\t<meta property=\"og:image:height\" content=\"181\" \/>\n\t<meta property=\"og:image:type\" content=\"image\/jpeg\" \/>\n<meta name=\"author\" content=\"admin\" \/>\n<meta name=\"twitter:card\" content=\"summary_large_image\" \/>\n<meta name=\"twitter:label1\" content=\"Escrito por\" \/>\n\t<meta name=\"twitter:data1\" content=\"admin\" \/>\n\t<meta name=\"twitter:label2\" content=\"Est. tempo de leitura\" \/>\n\t<meta name=\"twitter:data2\" content=\"2 minutos\" \/>\n<script type=\"application\/ld+json\" class=\"yoast-schema-graph\">{\"@context\":\"https:\/\/schema.org\",\"@graph\":[{\"@type\":\"WebSite\",\"@id\":\"https:\/\/franciscanos.org.br\/noticias\/#website\",\"url\":\"https:\/\/franciscanos.org.br\/noticias\/\",\"name\":\"Not\u00edcias - Franciscanos\",\"description\":\"Prov\u00edncia Franciscana da Imaculada Concei\u00e7\u00e3o do Brasil - Ordem dos Frades Menores - OFM\",\"potentialAction\":[{\"@type\":\"SearchAction\",\"target\":{\"@type\":\"EntryPoint\",\"urlTemplate\":\"https:\/\/franciscanos.org.br\/noticias\/?s={search_term_string}\"},\"query-input\":\"required name=search_term_string\"}],\"inLanguage\":\"pt-BR\"},{\"@type\":\"ImageObject\",\"inLanguage\":\"pt-BR\",\"@id\":\"https:\/\/franciscanos.org.br\/noticias\/novicos-fazem-experiencia-de-eremiterio.html#primaryimage\",\"url\":\"https:\/\/franciscanos.org.br\/noticias\/wp-content\/uploads\/2013\/05\/novicos1.jpg\",\"contentUrl\":\"https:\/\/franciscanos.org.br\/noticias\/wp-content\/uploads\/2013\/05\/novicos1.jpg\",\"width\":273,\"height\":181},{\"@type\":\"WebPage\",\"@id\":\"https:\/\/franciscanos.org.br\/noticias\/novicos-fazem-experiencia-de-eremiterio.html#webpage\",\"url\":\"https:\/\/franciscanos.org.br\/noticias\/novicos-fazem-experiencia-de-eremiterio.html\",\"name\":\"Novi\u00e7os fazem experi\u00eancia de Eremit\u00e9rio - Not\u00edcias - Franciscanos\",\"isPartOf\":{\"@id\":\"https:\/\/franciscanos.org.br\/noticias\/#website\"},\"primaryImageOfPage\":{\"@id\":\"https:\/\/franciscanos.org.br\/noticias\/novicos-fazem-experiencia-de-eremiterio.html#primaryimage\"},\"datePublished\":\"2013-05-27T18:52:38+00:00\",\"dateModified\":\"2019-08-08T13:58:31+00:00\",\"author\":{\"@id\":\"https:\/\/franciscanos.org.br\/noticias\/#\/schema\/person\/b38fbf43118f02820bd932f2e4b14ad3\"},\"breadcrumb\":{\"@id\":\"https:\/\/franciscanos.org.br\/noticias\/novicos-fazem-experiencia-de-eremiterio.html#breadcrumb\"},\"inLanguage\":\"pt-BR\",\"potentialAction\":[{\"@type\":\"ReadAction\",\"target\":[\"https:\/\/franciscanos.org.br\/noticias\/novicos-fazem-experiencia-de-eremiterio.html\"]}]},{\"@type\":\"BreadcrumbList\",\"@id\":\"https:\/\/franciscanos.org.br\/noticias\/novicos-fazem-experiencia-de-eremiterio.html#breadcrumb\",\"itemListElement\":[{\"@type\":\"ListItem\",\"position\":1,\"name\":\"Home\",\"item\":\"https:\/\/franciscanos.org.br\/noticias\"},{\"@type\":\"ListItem\",\"position\":2,\"name\":\"Novi\u00e7os fazem experi\u00eancia de Eremit\u00e9rio\"}]},{\"@type\":\"Person\",\"@id\":\"https:\/\/franciscanos.org.br\/noticias\/#\/schema\/person\/b38fbf43118f02820bd932f2e4b14ad3\",\"name\":\"admin\",\"image\":{\"@type\":\"ImageObject\",\"inLanguage\":\"pt-BR\",\"@id\":\"https:\/\/franciscanos.org.br\/noticias\/#\/schema\/person\/image\/\",\"url\":\"https:\/\/secure.gravatar.com\/avatar\/e8495742d34d0ba6448ea1c628263b3e?s=96&d=mm&r=g\",\"contentUrl\":\"https:\/\/secure.gravatar.com\/avatar\/e8495742d34d0ba6448ea1c628263b3e?s=96&d=mm&r=g\",\"caption\":\"admin\"},\"url\":\"https:\/\/franciscanos.org.br\/noticias\/author\/admin\"}]}<\/script>\n<!-- \/ Yoast SEO plugin. -->","yoast_head_json":{"title":"Novi\u00e7os fazem experi\u00eancia de Eremit\u00e9rio - Not\u00edcias - Franciscanos","robots":{"index":"index","follow":"follow","max-snippet":"max-snippet:-1","max-image-preview":"max-image-preview:large","max-video-preview":"max-video-preview:-1"},"canonical":"https:\/\/franciscanos.org.br\/noticias\/novicos-fazem-experiencia-de-eremiterio.html","og_locale":"pt_BR","og_type":"article","og_title":"Novi\u00e7os fazem experi\u00eancia de Eremit\u00e9rio - Not\u00edcias - Franciscanos","og_description":"Forma\u00e7\u00e3o e Estudos","og_url":"https:\/\/franciscanos.org.br\/noticias\/novicos-fazem-experiencia-de-eremiterio.html","og_site_name":"Not\u00edcias - Franciscanos","article_published_time":"2013-05-27T18:52:38+00:00","article_modified_time":"2019-08-08T13:58:31+00:00","og_image":[{"width":273,"height":181,"url":"https:\/\/franciscanos.org.br\/noticias\/wp-content\/uploads\/2013\/05\/novicos1.jpg","type":"image\/jpeg"}],"author":"admin","twitter_card":"summary_large_image","twitter_misc":{"Escrito por":"admin","Est. tempo de leitura":"2 minutos"},"schema":{"@context":"https:\/\/schema.org","@graph":[{"@type":"WebSite","@id":"https:\/\/franciscanos.org.br\/noticias\/#website","url":"https:\/\/franciscanos.org.br\/noticias\/","name":"Not\u00edcias - Franciscanos","description":"Prov\u00edncia Franciscana da Imaculada Concei\u00e7\u00e3o do Brasil - Ordem dos Frades Menores - OFM","potentialAction":[{"@type":"SearchAction","target":{"@type":"EntryPoint","urlTemplate":"https:\/\/franciscanos.org.br\/noticias\/?s={search_term_string}"},"query-input":"required name=search_term_string"}],"inLanguage":"pt-BR"},{"@type":"ImageObject","inLanguage":"pt-BR","@id":"https:\/\/franciscanos.org.br\/noticias\/novicos-fazem-experiencia-de-eremiterio.html#primaryimage","url":"https:\/\/franciscanos.org.br\/noticias\/wp-content\/uploads\/2013\/05\/novicos1.jpg","contentUrl":"https:\/\/franciscanos.org.br\/noticias\/wp-content\/uploads\/2013\/05\/novicos1.jpg","width":273,"height":181},{"@type":"WebPage","@id":"https:\/\/franciscanos.org.br\/noticias\/novicos-fazem-experiencia-de-eremiterio.html#webpage","url":"https:\/\/franciscanos.org.br\/noticias\/novicos-fazem-experiencia-de-eremiterio.html","name":"Novi\u00e7os fazem experi\u00eancia de Eremit\u00e9rio - Not\u00edcias - Franciscanos","isPartOf":{"@id":"https:\/\/franciscanos.org.br\/noticias\/#website"},"primaryImageOfPage":{"@id":"https:\/\/franciscanos.org.br\/noticias\/novicos-fazem-experiencia-de-eremiterio.html#primaryimage"},"datePublished":"2013-05-27T18:52:38+00:00","dateModified":"2019-08-08T13:58:31+00:00","author":{"@id":"https:\/\/franciscanos.org.br\/noticias\/#\/schema\/person\/b38fbf43118f02820bd932f2e4b14ad3"},"breadcrumb":{"@id":"https:\/\/franciscanos.org.br\/noticias\/novicos-fazem-experiencia-de-eremiterio.html#breadcrumb"},"inLanguage":"pt-BR","potentialAction":[{"@type":"ReadAction","target":["https:\/\/franciscanos.org.br\/noticias\/novicos-fazem-experiencia-de-eremiterio.html"]}]},{"@type":"BreadcrumbList","@id":"https:\/\/franciscanos.org.br\/noticias\/novicos-fazem-experiencia-de-eremiterio.html#breadcrumb","itemListElement":[{"@type":"ListItem","position":1,"name":"Home","item":"https:\/\/franciscanos.org.br\/noticias"},{"@type":"ListItem","position":2,"name":"Novi\u00e7os fazem experi\u00eancia de Eremit\u00e9rio"}]},{"@type":"Person","@id":"https:\/\/franciscanos.org.br\/noticias\/#\/schema\/person\/b38fbf43118f02820bd932f2e4b14ad3","name":"admin","image":{"@type":"ImageObject","inLanguage":"pt-BR","@id":"https:\/\/franciscanos.org.br\/noticias\/#\/schema\/person\/image\/","url":"https:\/\/secure.gravatar.com\/avatar\/e8495742d34d0ba6448ea1c628263b3e?s=96&d=mm&r=g","contentUrl":"https:\/\/secure.gravatar.com\/avatar\/e8495742d34d0ba6448ea1c628263b3e?s=96&d=mm&r=g","caption":"admin"},"url":"https:\/\/franciscanos.org.br\/noticias\/author\/admin"}]}},"_links":{"self":[{"href":"https:\/\/franciscanos.org.br\/noticias\/wp-json\/wp\/v2\/posts\/39132"}],"collection":[{"href":"https:\/\/franciscanos.org.br\/noticias\/wp-json\/wp\/v2\/posts"}],"about":[{"href":"https:\/\/franciscanos.org.br\/noticias\/wp-json\/wp\/v2\/types\/post"}],"author":[{"embeddable":true,"href":"https:\/\/franciscanos.org.br\/noticias\/wp-json\/wp\/v2\/users\/1"}],"replies":[{"embeddable":true,"href":"https:\/\/franciscanos.org.br\/noticias\/wp-json\/wp\/v2\/comments?post=39132"}],"version-history":[{"count":0,"href":"https:\/\/franciscanos.org.br\/noticias\/wp-json\/wp\/v2\/posts\/39132\/revisions"}],"wp:featuredmedia":[{"embeddable":true,"href":"https:\/\/franciscanos.org.br\/noticias\/wp-json\/wp\/v2\/media\/209165"}],"wp:attachment":[{"href":"https:\/\/franciscanos.org.br\/noticias\/wp-json\/wp\/v2\/media?parent=39132"}],"wp:term":[{"taxonomy":"category","embeddable":true,"href":"https:\/\/franciscanos.org.br\/noticias\/wp-json\/wp\/v2\/categories?post=39132"},{"taxonomy":"post_tag","embeddable":true,"href":"https:\/\/franciscanos.org.br\/noticias\/wp-json\/wp\/v2\/tags?post=39132"}],"curies":[{"name":"wp","href":"https:\/\/api.w.org\/{rel}","templated":true}]}}