{"id":39082,"date":"2013-05-27T07:34:24","date_gmt":"2013-05-27T10:34:24","guid":{"rendered":"http:\/\/new.franciscanos.org.br\/?p=39082"},"modified":"2020-11-11T09:48:23","modified_gmt":"2020-11-11T12:48:23","slug":"retiro-dos-aspirantes-a-ordem-franciscana-secular-de-florianopolis","status":"publish","type":"post","link":"https:\/\/franciscanos.org.br\/noticias\/retiro-dos-aspirantes-a-ordem-franciscana-secular-de-florianopolis.html","title":{"rendered":"Retiro dos aspirantes \u00e0 Ordem  Franciscana Secular de Florian\u00f3polis"},"content":{"rendered":"<p><strong><img loading=\"lazy\" class=\"alignright size-full wp-image-39083\" src=\"http:\/\/franciscanos.org.br\/wp-content\/uploads\/2013\/05\/ofs1.jpg\" alt=\"ofs\" width=\"450\" height=\"426\" \/><\/strong>No \u00faltimo dia 18, os aspirantes \u00e0 Ordem Franciscana Secular da Fraternidade S\u00e3o Francisco das Chagas do Centro de Florian\u00f3polis se reuniram em um retiro preparat\u00f3rio para a profiss\u00e3o, juntamente com a Ministra Ione Rodrigues de Menezes e o Frei Vanderley Grassi, OFM.<\/p>\n<p>O retiro iniciou-se com um momento forte de ora\u00e7\u00e3o, em seguida foram discutidas e planejadas as atividades do dia. A manh\u00e3 foi marcada por uma reflex\u00e3o profunda, conduzida por Frei Vanderlei Grassi, que abordou o tema: \u201cOs Disc\u00edpulos de Ema\u00fas\u201d, trecho b\u00edblico narrado por S\u00e3o Lucas em seu Evangelho (Lc 24, 13-35).<\/p>\n<p>O relato dos disc\u00edpulos nos descreveu a experi\u00eancia de dois seguidores de Jesus durante o caminho de Jerusal\u00e9m para a pequena aldeia de Ema\u00fas ap\u00f3s a crucifica\u00e7\u00e3o. Quando Ele morreu, morreu tamb\u00e9m a esperan\u00e7a que ele havia despertado em seus cora\u00e7\u00f5es. Sem Jesus n\u00e3o tinha sentido continuar reunidos.<\/p>\n<p>\u00c9 neste ambiente de tristeza que Jesus revelou o projeto de Deus e se aproximou dos disc\u00edpulos, ouviu-os atentamente e, em seguida,\u00a0\u00a0resgatou o entusiasmo daqueles que estavam sentindo-se abandonados. Refletiu-se ainda o fato de que muitas vezes em nossas vidas deixamos morrer a f\u00e9 em Jesus, voltamos para Ema\u00fas e n\u00e3o percebemos que Ele est\u00e1 sempre ao nosso lado, mesmo nos momentos de desilus\u00e3o, dor ou sofrimento. Por isso, somos chamados a reavivar fortemente a nossa f\u00e9 em Cristo ressuscitado.<\/p>\n<p>O intervalo do almo\u00e7o foi marcado por uma alegre confraterniza\u00e7\u00e3o entre todos, e o per\u00edodo da tarde, reservado para uma discuss\u00e3o e reflex\u00e3o sobre os problemas enfrentados pela Ordem Franciscana Secular e a necessidade de sermos membros atuantes e dispostos ao servi\u00e7o dentro da fraternidade e na sociedade. O encontro foi finalizado com a celebra\u00e7\u00e3o da Santa Missa na Igreja S\u00e3o Francisco, localizada no Centro de Florian\u00f3polis.<\/p>\n","protected":false},"excerpt":{"rendered":"<p>OFS<\/p>\n","protected":false},"author":1,"featured_media":216756,"comment_status":"closed","ping_status":"open","sticky":false,"template":"","format":"standard","meta":[],"categories":[1],"tags":[60],"acf":[],"yoast_head":"<!-- This site is optimized with the Yoast SEO plugin v19.2 - https:\/\/yoast.com\/wordpress\/plugins\/seo\/ -->\n<title>Retiro dos aspirantes \u00e0 Ordem Franciscana Secular de Florian\u00f3polis - Not\u00edcias - Franciscanos<\/title>\n<meta name=\"robots\" content=\"index, follow, max-snippet:-1, max-image-preview:large, max-video-preview:-1\" \/>\n<link rel=\"canonical\" href=\"https:\/\/franciscanos.org.br\/noticias\/retiro-dos-aspirantes-a-ordem-franciscana-secular-de-florianopolis.html\" \/>\n<meta property=\"og:locale\" content=\"pt_BR\" \/>\n<meta property=\"og:type\" content=\"article\" \/>\n<meta property=\"og:title\" content=\"Retiro dos aspirantes \u00e0 Ordem Franciscana Secular de Florian\u00f3polis - Not\u00edcias - Franciscanos\" \/>\n<meta property=\"og:description\" content=\"OFS\" \/>\n<meta property=\"og:url\" content=\"https:\/\/franciscanos.org.br\/noticias\/retiro-dos-aspirantes-a-ordem-franciscana-secular-de-florianopolis.html\" \/>\n<meta property=\"og:site_name\" content=\"Not\u00edcias - Franciscanos\" \/>\n<meta property=\"article:published_time\" content=\"2013-05-27T10:34:24+00:00\" \/>\n<meta property=\"article:modified_time\" content=\"2020-11-11T12:48:23+00:00\" \/>\n<meta property=\"og:image\" content=\"https:\/\/franciscanos.org.br\/noticias\/wp-content\/uploads\/2013\/05\/ofs1.jpg\" \/>\n\t<meta property=\"og:image:width\" content=\"273\" \/>\n\t<meta property=\"og:image:height\" content=\"181\" \/>\n\t<meta property=\"og:image:type\" content=\"image\/jpeg\" \/>\n<meta name=\"author\" content=\"admin\" \/>\n<meta name=\"twitter:card\" content=\"summary_large_image\" \/>\n<meta name=\"twitter:label1\" content=\"Escrito por\" \/>\n\t<meta name=\"twitter:data1\" content=\"admin\" \/>\n\t<meta name=\"twitter:label2\" content=\"Est. tempo de leitura\" \/>\n\t<meta name=\"twitter:data2\" content=\"2 minutos\" \/>\n<script type=\"application\/ld+json\" class=\"yoast-schema-graph\">{\"@context\":\"https:\/\/schema.org\",\"@graph\":[{\"@type\":\"WebSite\",\"@id\":\"https:\/\/franciscanos.org.br\/noticias\/#website\",\"url\":\"https:\/\/franciscanos.org.br\/noticias\/\",\"name\":\"Not\u00edcias - Franciscanos\",\"description\":\"Prov\u00edncia Franciscana da Imaculada Concei\u00e7\u00e3o do Brasil - Ordem dos Frades Menores - OFM\",\"potentialAction\":[{\"@type\":\"SearchAction\",\"target\":{\"@type\":\"EntryPoint\",\"urlTemplate\":\"https:\/\/franciscanos.org.br\/noticias\/?s={search_term_string}\"},\"query-input\":\"required name=search_term_string\"}],\"inLanguage\":\"pt-BR\"},{\"@type\":\"ImageObject\",\"inLanguage\":\"pt-BR\",\"@id\":\"https:\/\/franciscanos.org.br\/noticias\/retiro-dos-aspirantes-a-ordem-franciscana-secular-de-florianopolis.html#primaryimage\",\"url\":\"https:\/\/franciscanos.org.br\/noticias\/wp-content\/uploads\/2013\/05\/ofs1.jpg\",\"contentUrl\":\"https:\/\/franciscanos.org.br\/noticias\/wp-content\/uploads\/2013\/05\/ofs1.jpg\",\"width\":273,\"height\":181},{\"@type\":\"WebPage\",\"@id\":\"https:\/\/franciscanos.org.br\/noticias\/retiro-dos-aspirantes-a-ordem-franciscana-secular-de-florianopolis.html#webpage\",\"url\":\"https:\/\/franciscanos.org.br\/noticias\/retiro-dos-aspirantes-a-ordem-franciscana-secular-de-florianopolis.html\",\"name\":\"Retiro dos aspirantes \u00e0 Ordem Franciscana Secular de Florian\u00f3polis - Not\u00edcias - Franciscanos\",\"isPartOf\":{\"@id\":\"https:\/\/franciscanos.org.br\/noticias\/#website\"},\"primaryImageOfPage\":{\"@id\":\"https:\/\/franciscanos.org.br\/noticias\/retiro-dos-aspirantes-a-ordem-franciscana-secular-de-florianopolis.html#primaryimage\"},\"datePublished\":\"2013-05-27T10:34:24+00:00\",\"dateModified\":\"2020-11-11T12:48:23+00:00\",\"author\":{\"@id\":\"https:\/\/franciscanos.org.br\/noticias\/#\/schema\/person\/b38fbf43118f02820bd932f2e4b14ad3\"},\"breadcrumb\":{\"@id\":\"https:\/\/franciscanos.org.br\/noticias\/retiro-dos-aspirantes-a-ordem-franciscana-secular-de-florianopolis.html#breadcrumb\"},\"inLanguage\":\"pt-BR\",\"potentialAction\":[{\"@type\":\"ReadAction\",\"target\":[\"https:\/\/franciscanos.org.br\/noticias\/retiro-dos-aspirantes-a-ordem-franciscana-secular-de-florianopolis.html\"]}]},{\"@type\":\"BreadcrumbList\",\"@id\":\"https:\/\/franciscanos.org.br\/noticias\/retiro-dos-aspirantes-a-ordem-franciscana-secular-de-florianopolis.html#breadcrumb\",\"itemListElement\":[{\"@type\":\"ListItem\",\"position\":1,\"name\":\"Home\",\"item\":\"https:\/\/franciscanos.org.br\/noticias\"},{\"@type\":\"ListItem\",\"position\":2,\"name\":\"Retiro dos aspirantes \u00e0 Ordem Franciscana Secular de Florian\u00f3polis\"}]},{\"@type\":\"Person\",\"@id\":\"https:\/\/franciscanos.org.br\/noticias\/#\/schema\/person\/b38fbf43118f02820bd932f2e4b14ad3\",\"name\":\"admin\",\"image\":{\"@type\":\"ImageObject\",\"inLanguage\":\"pt-BR\",\"@id\":\"https:\/\/franciscanos.org.br\/noticias\/#\/schema\/person\/image\/\",\"url\":\"https:\/\/secure.gravatar.com\/avatar\/e8495742d34d0ba6448ea1c628263b3e?s=96&d=mm&r=g\",\"contentUrl\":\"https:\/\/secure.gravatar.com\/avatar\/e8495742d34d0ba6448ea1c628263b3e?s=96&d=mm&r=g\",\"caption\":\"admin\"},\"url\":\"https:\/\/franciscanos.org.br\/noticias\/author\/admin\"}]}<\/script>\n<!-- \/ Yoast SEO plugin. -->","yoast_head_json":{"title":"Retiro dos aspirantes \u00e0 Ordem Franciscana Secular de Florian\u00f3polis - Not\u00edcias - Franciscanos","robots":{"index":"index","follow":"follow","max-snippet":"max-snippet:-1","max-image-preview":"max-image-preview:large","max-video-preview":"max-video-preview:-1"},"canonical":"https:\/\/franciscanos.org.br\/noticias\/retiro-dos-aspirantes-a-ordem-franciscana-secular-de-florianopolis.html","og_locale":"pt_BR","og_type":"article","og_title":"Retiro dos aspirantes \u00e0 Ordem Franciscana Secular de Florian\u00f3polis - Not\u00edcias - Franciscanos","og_description":"OFS","og_url":"https:\/\/franciscanos.org.br\/noticias\/retiro-dos-aspirantes-a-ordem-franciscana-secular-de-florianopolis.html","og_site_name":"Not\u00edcias - Franciscanos","article_published_time":"2013-05-27T10:34:24+00:00","article_modified_time":"2020-11-11T12:48:23+00:00","og_image":[{"width":273,"height":181,"url":"https:\/\/franciscanos.org.br\/noticias\/wp-content\/uploads\/2013\/05\/ofs1.jpg","type":"image\/jpeg"}],"author":"admin","twitter_card":"summary_large_image","twitter_misc":{"Escrito por":"admin","Est. tempo de leitura":"2 minutos"},"schema":{"@context":"https:\/\/schema.org","@graph":[{"@type":"WebSite","@id":"https:\/\/franciscanos.org.br\/noticias\/#website","url":"https:\/\/franciscanos.org.br\/noticias\/","name":"Not\u00edcias - Franciscanos","description":"Prov\u00edncia Franciscana da Imaculada Concei\u00e7\u00e3o do Brasil - Ordem dos Frades Menores - OFM","potentialAction":[{"@type":"SearchAction","target":{"@type":"EntryPoint","urlTemplate":"https:\/\/franciscanos.org.br\/noticias\/?s={search_term_string}"},"query-input":"required name=search_term_string"}],"inLanguage":"pt-BR"},{"@type":"ImageObject","inLanguage":"pt-BR","@id":"https:\/\/franciscanos.org.br\/noticias\/retiro-dos-aspirantes-a-ordem-franciscana-secular-de-florianopolis.html#primaryimage","url":"https:\/\/franciscanos.org.br\/noticias\/wp-content\/uploads\/2013\/05\/ofs1.jpg","contentUrl":"https:\/\/franciscanos.org.br\/noticias\/wp-content\/uploads\/2013\/05\/ofs1.jpg","width":273,"height":181},{"@type":"WebPage","@id":"https:\/\/franciscanos.org.br\/noticias\/retiro-dos-aspirantes-a-ordem-franciscana-secular-de-florianopolis.html#webpage","url":"https:\/\/franciscanos.org.br\/noticias\/retiro-dos-aspirantes-a-ordem-franciscana-secular-de-florianopolis.html","name":"Retiro dos aspirantes \u00e0 Ordem Franciscana Secular de Florian\u00f3polis - Not\u00edcias - Franciscanos","isPartOf":{"@id":"https:\/\/franciscanos.org.br\/noticias\/#website"},"primaryImageOfPage":{"@id":"https:\/\/franciscanos.org.br\/noticias\/retiro-dos-aspirantes-a-ordem-franciscana-secular-de-florianopolis.html#primaryimage"},"datePublished":"2013-05-27T10:34:24+00:00","dateModified":"2020-11-11T12:48:23+00:00","author":{"@id":"https:\/\/franciscanos.org.br\/noticias\/#\/schema\/person\/b38fbf43118f02820bd932f2e4b14ad3"},"breadcrumb":{"@id":"https:\/\/franciscanos.org.br\/noticias\/retiro-dos-aspirantes-a-ordem-franciscana-secular-de-florianopolis.html#breadcrumb"},"inLanguage":"pt-BR","potentialAction":[{"@type":"ReadAction","target":["https:\/\/franciscanos.org.br\/noticias\/retiro-dos-aspirantes-a-ordem-franciscana-secular-de-florianopolis.html"]}]},{"@type":"BreadcrumbList","@id":"https:\/\/franciscanos.org.br\/noticias\/retiro-dos-aspirantes-a-ordem-franciscana-secular-de-florianopolis.html#breadcrumb","itemListElement":[{"@type":"ListItem","position":1,"name":"Home","item":"https:\/\/franciscanos.org.br\/noticias"},{"@type":"ListItem","position":2,"name":"Retiro dos aspirantes \u00e0 Ordem Franciscana Secular de Florian\u00f3polis"}]},{"@type":"Person","@id":"https:\/\/franciscanos.org.br\/noticias\/#\/schema\/person\/b38fbf43118f02820bd932f2e4b14ad3","name":"admin","image":{"@type":"ImageObject","inLanguage":"pt-BR","@id":"https:\/\/franciscanos.org.br\/noticias\/#\/schema\/person\/image\/","url":"https:\/\/secure.gravatar.com\/avatar\/e8495742d34d0ba6448ea1c628263b3e?s=96&d=mm&r=g","contentUrl":"https:\/\/secure.gravatar.com\/avatar\/e8495742d34d0ba6448ea1c628263b3e?s=96&d=mm&r=g","caption":"admin"},"url":"https:\/\/franciscanos.org.br\/noticias\/author\/admin"}]}},"_links":{"self":[{"href":"https:\/\/franciscanos.org.br\/noticias\/wp-json\/wp\/v2\/posts\/39082"}],"collection":[{"href":"https:\/\/franciscanos.org.br\/noticias\/wp-json\/wp\/v2\/posts"}],"about":[{"href":"https:\/\/franciscanos.org.br\/noticias\/wp-json\/wp\/v2\/types\/post"}],"author":[{"embeddable":true,"href":"https:\/\/franciscanos.org.br\/noticias\/wp-json\/wp\/v2\/users\/1"}],"replies":[{"embeddable":true,"href":"https:\/\/franciscanos.org.br\/noticias\/wp-json\/wp\/v2\/comments?post=39082"}],"version-history":[{"count":1,"href":"https:\/\/franciscanos.org.br\/noticias\/wp-json\/wp\/v2\/posts\/39082\/revisions"}],"predecessor-version":[{"id":229239,"href":"https:\/\/franciscanos.org.br\/noticias\/wp-json\/wp\/v2\/posts\/39082\/revisions\/229239"}],"wp:featuredmedia":[{"embeddable":true,"href":"https:\/\/franciscanos.org.br\/noticias\/wp-json\/wp\/v2\/media\/216756"}],"wp:attachment":[{"href":"https:\/\/franciscanos.org.br\/noticias\/wp-json\/wp\/v2\/media?parent=39082"}],"wp:term":[{"taxonomy":"category","embeddable":true,"href":"https:\/\/franciscanos.org.br\/noticias\/wp-json\/wp\/v2\/categories?post=39082"},{"taxonomy":"post_tag","embeddable":true,"href":"https:\/\/franciscanos.org.br\/noticias\/wp-json\/wp\/v2\/tags?post=39082"}],"curies":[{"name":"wp","href":"https:\/\/api.w.org\/{rel}","templated":true}]}}