{"id":39047,"date":"2013-05-27T10:37:11","date_gmt":"2013-05-27T13:37:11","guid":{"rendered":"http:\/\/new.franciscanos.org.br\/?p=39047"},"modified":"2019-01-29T13:53:40","modified_gmt":"2019-01-29T15:53:40","slug":"veja-ultimos-lancamentos-da-vozes","status":"publish","type":"post","link":"https:\/\/franciscanos.org.br\/noticias\/veja-ultimos-lancamentos-da-vozes.html","title":{"rendered":"Veja \u00faltimos lan\u00e7amentos da Vozes"},"content":{"rendered":"<p><img loading=\"lazy\" class=\"alignright size-full wp-image-39049\" src=\"http:\/\/franciscanos.org.br\/wp-content\/uploads\/2013\/05\/8532645364.jpg\" alt=\"C\u00e2ntico dos C\u00e2nticos\" width=\"450\" height=\"729\" \/><br \/>\n<em>A Editora Vozes apresenta seus \u00faltimos lan\u00e7amentos. Confira:<\/em><\/p>\n<h4><strong>C\u00e2ntico dos C\u00e2nticos<\/strong><\/h4>\n<p>Luis de Le\u00f3n (1527-1591) n\u00e3o escreveu nenhum tratado m\u00edstico, mas a tradu\u00e7\u00e3o que realizou do C\u00e2ntico dos C\u00e2nticos &#8211; livro fundamental para toda corrente m\u00edstica &#8211; \u00e9 de t\u00e3o suntuosa beleza e simplicidade que poder\u00edamos dizer que sua m\u00edstica adv\u00e9m de seu competente exerc\u00edcio de tradu\u00e7\u00e3o, que segundo alguns deve ter influenciado S\u00e3o Jo\u00e3o da Cruz em seu C\u00e2ntico Espiritual. Frei Luis de Le\u00f3n \u00e9 uma figura essencial para a compreens\u00e3o do Renascimento espanhol. Somado a isso, foi o primeiro grande autor acad\u00eamico que correu em defesa da obra de Santa Teresa de \u00c1vila.<\/p>\n<h4><strong style=\"font-size: 1em;\">Atividades para o Ensino da L\u00edngua Portuguesa &#8211; do local ao universal<\/strong><\/h4>\n<p>ISBN: 9788532645524<br \/>\n192 p\u00e1ginas<br \/>\nPre\u00e7o: R$ 26,00<br \/>\nautor: Ana Maria Iorio Dias<br \/>\nPeso: 214 gramas<br \/>\n1\u00aa edi\u00e7\u00e3o<br \/>\nAssunto: Educa\u00e7\u00e3o e pedagogia<br \/>\n<em>A obra busca ajudar os respons\u00e1veis pelo processo de alfabetiza\u00e7\u00e3o na escola, com o planejamento pedag\u00f3gico de atividades que visem \u00e0 melhoria cont\u00ednua da aprendizagem das crian\u00e7as tornando-as competentes leitoras, que saibam escrever, ler e interpretar, compet\u00eancias fundamentais para a escolariza\u00e7\u00e3o b\u00e1sica. O livro est\u00e1 articulado com hist\u00f3rias e atividades que tem por fim auxiliar o(a) professor(a) no trabalho did\u00e1tico de organizar um plano de leitura, distribu\u00eddos por cinco n\u00edveis com dez interven\u00e7\u00f5es, totalizando 50 atividades, construindo uma formula\u00e7\u00e3o na forma de sequ\u00eancias did\u00e1ticas para a aprendizagem.<\/em><\/p>\n<h4><strong>Hist\u00f3ria da comunica\u00e7\u00e3o no Brasil<\/strong><\/h4>\n<p>ISBN: 9788532645449<br \/>\n392 p\u00e1ginas<br \/>\nPre\u00e7o: R$ 59,00<br \/>\nautor: Marialva Barbosa<br \/>\nPeso: 536 gramas<br \/>\n1\u00aa edi\u00e7\u00e3o<br \/>\nAssunto: Comunica\u00e7\u00e3o<br \/>\n<em>S\u00f3 \u00e9 poss\u00edvel falar de uma hist\u00f3ria da comunica\u00e7\u00e3o considerando as \u00e9pocas e os meios envolvidos por rela\u00e7\u00f5es humanas. Mais do que uma hist\u00f3ria que se sucede no turbilh\u00e3o dos tempos e das tecnologias, esse livro trata da hist\u00f3ria da comunica\u00e7\u00e3o na qual est\u00e3o envolvidas prioritariamente pr\u00e1ticas humanas. Afinal, a a\u00e7\u00e3o comunicacional \u00e9 sempre fruto da humanidade que a acompanha. Esse livro pode ser considerado como uma obra de s\u00edntese sobre hist\u00f3ria da comunica\u00e7\u00e3o no Brasil. H\u00e1 uma extensa bibliografia sobre o tema, mas em todos se l\u00ea a hist\u00f3ria da comunica\u00e7\u00e3o a partir de mundos estrangeiros. Os processos da Europa Ocidental s\u00e3o transpostos para o territ\u00f3rio brasileiro, n\u00e3o contemplando as especificidades do que aqui ocorreu.<\/em><\/p>\n<h4><strong>Oficina de brinquedos e brincadeiras<\/strong><\/h4>\n<p>ISBN: 9788532645333<br \/>\n88 p\u00e1ginas<br \/>\nPre\u00e7o: R$ 20,00<br \/>\nautor: Pierre Normando Gomes-da-Silva<br \/>\nPeso: 184 gramas<br \/>\n1\u00aa edi\u00e7\u00e3o<br \/>\nAssunto: Din\u00e2micas e jogos<br \/>\n<em>&#8220;Oficina de brinquedos e brincadeiras&#8221; \u00e9 uma colet\u00e2nea de 26 brinquedos e suas in\u00fameras possibilidades de brincadeiras. Os brinquedos e brincadeiras de todos os tempos fazem parte da cultura e da educa\u00e7\u00e3o de um povo e refor\u00e7am os la\u00e7os de conviv\u00eancia e respeito. Confeccionados com o que se tem em m\u00e3os e utilizando o espa\u00e7o dispon\u00edvel, proporcionam, al\u00e9m de entrosamento entre as crian\u00e7as, uma s\u00e9rie de possibilidades educativas na \u00e1rea da mobilidade, das intelig\u00eancias, da integra\u00e7\u00e3o e da cultura.<\/em><\/p>\n<h4><strong>Kerigma (O) &#8211; Nas favelas com os pobres &#8211; Uma experi\u00eancia de Nova Evangeliza\u00e7\u00e3o: a miss\u00e3o ad gentes<\/strong><\/h4>\n<p>ISBN: 9788532645616<br \/>\n128 p\u00e1ginas<br \/>\nPre\u00e7o: R$ 19,00<br \/>\nautor: Kiko Arg\u00fcello<br \/>\nPeso: 172 gramas<br \/>\n1\u00aa edi\u00e7\u00e3o<br \/>\nAssunto: Igreja<br \/>\n<em>O Caminho Neocatecumenal \u00e9 um dom que o Esp\u00edrito Santo concedeu \u00e0 Igreja ap\u00f3s o Conc\u00edlio, como via ou itiner\u00e1rio para a inicia\u00e7\u00e3o ou reinicia\u00e7\u00e3o crist\u00e3 e como instrumento para impulsionar uma nova e vigorosa evangeliza\u00e7\u00e3o. Este livro mostra e reflete o rosto do Caminho Neocatecumenal em um de seus elementos b\u00e1sicos: o an\u00fancio do kerigma para a convers\u00e3o. O autor, fala a cada um dos leitores com toda a for\u00e7a e o frescor do Evangelho para que, tendo seus ouvidos abertos \u00e0 Palavra, o acolham e o sigam, sem temor e com toda a alegria de quem encontrou um imenso tesouro.<\/em><\/p>\n","protected":false},"excerpt":{"rendered":"<p>Livros<\/p>\n","protected":false},"author":1,"featured_media":194592,"comment_status":"closed","ping_status":"open","sticky":false,"template":"","format":"standard","meta":[],"categories":[1],"tags":[238],"acf":[],"yoast_head":"<!-- This site is optimized with the Yoast SEO plugin v19.2 - https:\/\/yoast.com\/wordpress\/plugins\/seo\/ -->\n<title>Veja \u00faltimos lan\u00e7amentos da Vozes - Not\u00edcias - Franciscanos<\/title>\n<meta name=\"robots\" content=\"index, follow, max-snippet:-1, max-image-preview:large, max-video-preview:-1\" \/>\n<link rel=\"canonical\" href=\"https:\/\/franciscanos.org.br\/noticias\/veja-ultimos-lancamentos-da-vozes.html\" \/>\n<meta property=\"og:locale\" content=\"pt_BR\" \/>\n<meta property=\"og:type\" content=\"article\" \/>\n<meta property=\"og:title\" content=\"Veja \u00faltimos lan\u00e7amentos da Vozes - Not\u00edcias - Franciscanos\" \/>\n<meta property=\"og:description\" content=\"Livros\" \/>\n<meta property=\"og:url\" content=\"https:\/\/franciscanos.org.br\/noticias\/veja-ultimos-lancamentos-da-vozes.html\" \/>\n<meta property=\"og:site_name\" content=\"Not\u00edcias - Franciscanos\" \/>\n<meta property=\"article:published_time\" content=\"2013-05-27T13:37:11+00:00\" \/>\n<meta property=\"article:modified_time\" content=\"2019-01-29T15:53:40+00:00\" \/>\n<meta property=\"og:image\" content=\"https:\/\/franciscanos.org.br\/noticias\/wp-content\/uploads\/2017\/11\/vozes.png\" \/>\n\t<meta property=\"og:image:width\" content=\"273\" \/>\n\t<meta property=\"og:image:height\" content=\"181\" \/>\n\t<meta property=\"og:image:type\" content=\"image\/png\" \/>\n<meta name=\"author\" content=\"admin\" \/>\n<meta name=\"twitter:card\" content=\"summary_large_image\" \/>\n<meta name=\"twitter:label1\" content=\"Escrito por\" \/>\n\t<meta name=\"twitter:data1\" content=\"admin\" \/>\n\t<meta name=\"twitter:label2\" content=\"Est. tempo de leitura\" \/>\n\t<meta name=\"twitter:data2\" content=\"3 minutos\" \/>\n<script type=\"application\/ld+json\" class=\"yoast-schema-graph\">{\"@context\":\"https:\/\/schema.org\",\"@graph\":[{\"@type\":\"WebSite\",\"@id\":\"https:\/\/franciscanos.org.br\/noticias\/#website\",\"url\":\"https:\/\/franciscanos.org.br\/noticias\/\",\"name\":\"Not\u00edcias - Franciscanos\",\"description\":\"Prov\u00edncia Franciscana da Imaculada Concei\u00e7\u00e3o do Brasil - Ordem dos Frades Menores - OFM\",\"potentialAction\":[{\"@type\":\"SearchAction\",\"target\":{\"@type\":\"EntryPoint\",\"urlTemplate\":\"https:\/\/franciscanos.org.br\/noticias\/?s={search_term_string}\"},\"query-input\":\"required name=search_term_string\"}],\"inLanguage\":\"pt-BR\"},{\"@type\":\"ImageObject\",\"inLanguage\":\"pt-BR\",\"@id\":\"https:\/\/franciscanos.org.br\/noticias\/veja-ultimos-lancamentos-da-vozes.html#primaryimage\",\"url\":\"https:\/\/franciscanos.org.br\/noticias\/wp-content\/uploads\/2017\/11\/vozes.png\",\"contentUrl\":\"https:\/\/franciscanos.org.br\/noticias\/wp-content\/uploads\/2017\/11\/vozes.png\",\"width\":273,\"height\":181},{\"@type\":\"WebPage\",\"@id\":\"https:\/\/franciscanos.org.br\/noticias\/veja-ultimos-lancamentos-da-vozes.html#webpage\",\"url\":\"https:\/\/franciscanos.org.br\/noticias\/veja-ultimos-lancamentos-da-vozes.html\",\"name\":\"Veja \u00faltimos lan\u00e7amentos da Vozes - Not\u00edcias - Franciscanos\",\"isPartOf\":{\"@id\":\"https:\/\/franciscanos.org.br\/noticias\/#website\"},\"primaryImageOfPage\":{\"@id\":\"https:\/\/franciscanos.org.br\/noticias\/veja-ultimos-lancamentos-da-vozes.html#primaryimage\"},\"datePublished\":\"2013-05-27T13:37:11+00:00\",\"dateModified\":\"2019-01-29T15:53:40+00:00\",\"author\":{\"@id\":\"https:\/\/franciscanos.org.br\/noticias\/#\/schema\/person\/b38fbf43118f02820bd932f2e4b14ad3\"},\"breadcrumb\":{\"@id\":\"https:\/\/franciscanos.org.br\/noticias\/veja-ultimos-lancamentos-da-vozes.html#breadcrumb\"},\"inLanguage\":\"pt-BR\",\"potentialAction\":[{\"@type\":\"ReadAction\",\"target\":[\"https:\/\/franciscanos.org.br\/noticias\/veja-ultimos-lancamentos-da-vozes.html\"]}]},{\"@type\":\"BreadcrumbList\",\"@id\":\"https:\/\/franciscanos.org.br\/noticias\/veja-ultimos-lancamentos-da-vozes.html#breadcrumb\",\"itemListElement\":[{\"@type\":\"ListItem\",\"position\":1,\"name\":\"Home\",\"item\":\"https:\/\/franciscanos.org.br\/noticias\"},{\"@type\":\"ListItem\",\"position\":2,\"name\":\"Veja \u00faltimos lan\u00e7amentos da Vozes\"}]},{\"@type\":\"Person\",\"@id\":\"https:\/\/franciscanos.org.br\/noticias\/#\/schema\/person\/b38fbf43118f02820bd932f2e4b14ad3\",\"name\":\"admin\",\"image\":{\"@type\":\"ImageObject\",\"inLanguage\":\"pt-BR\",\"@id\":\"https:\/\/franciscanos.org.br\/noticias\/#\/schema\/person\/image\/\",\"url\":\"https:\/\/secure.gravatar.com\/avatar\/e8495742d34d0ba6448ea1c628263b3e?s=96&d=mm&r=g\",\"contentUrl\":\"https:\/\/secure.gravatar.com\/avatar\/e8495742d34d0ba6448ea1c628263b3e?s=96&d=mm&r=g\",\"caption\":\"admin\"},\"url\":\"https:\/\/franciscanos.org.br\/noticias\/author\/admin\"}]}<\/script>\n<!-- \/ Yoast SEO plugin. -->","yoast_head_json":{"title":"Veja \u00faltimos lan\u00e7amentos da Vozes - Not\u00edcias - Franciscanos","robots":{"index":"index","follow":"follow","max-snippet":"max-snippet:-1","max-image-preview":"max-image-preview:large","max-video-preview":"max-video-preview:-1"},"canonical":"https:\/\/franciscanos.org.br\/noticias\/veja-ultimos-lancamentos-da-vozes.html","og_locale":"pt_BR","og_type":"article","og_title":"Veja \u00faltimos lan\u00e7amentos da Vozes - Not\u00edcias - Franciscanos","og_description":"Livros","og_url":"https:\/\/franciscanos.org.br\/noticias\/veja-ultimos-lancamentos-da-vozes.html","og_site_name":"Not\u00edcias - Franciscanos","article_published_time":"2013-05-27T13:37:11+00:00","article_modified_time":"2019-01-29T15:53:40+00:00","og_image":[{"width":273,"height":181,"url":"https:\/\/franciscanos.org.br\/noticias\/wp-content\/uploads\/2017\/11\/vozes.png","type":"image\/png"}],"author":"admin","twitter_card":"summary_large_image","twitter_misc":{"Escrito por":"admin","Est. tempo de leitura":"3 minutos"},"schema":{"@context":"https:\/\/schema.org","@graph":[{"@type":"WebSite","@id":"https:\/\/franciscanos.org.br\/noticias\/#website","url":"https:\/\/franciscanos.org.br\/noticias\/","name":"Not\u00edcias - Franciscanos","description":"Prov\u00edncia Franciscana da Imaculada Concei\u00e7\u00e3o do Brasil - Ordem dos Frades Menores - OFM","potentialAction":[{"@type":"SearchAction","target":{"@type":"EntryPoint","urlTemplate":"https:\/\/franciscanos.org.br\/noticias\/?s={search_term_string}"},"query-input":"required name=search_term_string"}],"inLanguage":"pt-BR"},{"@type":"ImageObject","inLanguage":"pt-BR","@id":"https:\/\/franciscanos.org.br\/noticias\/veja-ultimos-lancamentos-da-vozes.html#primaryimage","url":"https:\/\/franciscanos.org.br\/noticias\/wp-content\/uploads\/2017\/11\/vozes.png","contentUrl":"https:\/\/franciscanos.org.br\/noticias\/wp-content\/uploads\/2017\/11\/vozes.png","width":273,"height":181},{"@type":"WebPage","@id":"https:\/\/franciscanos.org.br\/noticias\/veja-ultimos-lancamentos-da-vozes.html#webpage","url":"https:\/\/franciscanos.org.br\/noticias\/veja-ultimos-lancamentos-da-vozes.html","name":"Veja \u00faltimos lan\u00e7amentos da Vozes - Not\u00edcias - Franciscanos","isPartOf":{"@id":"https:\/\/franciscanos.org.br\/noticias\/#website"},"primaryImageOfPage":{"@id":"https:\/\/franciscanos.org.br\/noticias\/veja-ultimos-lancamentos-da-vozes.html#primaryimage"},"datePublished":"2013-05-27T13:37:11+00:00","dateModified":"2019-01-29T15:53:40+00:00","author":{"@id":"https:\/\/franciscanos.org.br\/noticias\/#\/schema\/person\/b38fbf43118f02820bd932f2e4b14ad3"},"breadcrumb":{"@id":"https:\/\/franciscanos.org.br\/noticias\/veja-ultimos-lancamentos-da-vozes.html#breadcrumb"},"inLanguage":"pt-BR","potentialAction":[{"@type":"ReadAction","target":["https:\/\/franciscanos.org.br\/noticias\/veja-ultimos-lancamentos-da-vozes.html"]}]},{"@type":"BreadcrumbList","@id":"https:\/\/franciscanos.org.br\/noticias\/veja-ultimos-lancamentos-da-vozes.html#breadcrumb","itemListElement":[{"@type":"ListItem","position":1,"name":"Home","item":"https:\/\/franciscanos.org.br\/noticias"},{"@type":"ListItem","position":2,"name":"Veja \u00faltimos lan\u00e7amentos da Vozes"}]},{"@type":"Person","@id":"https:\/\/franciscanos.org.br\/noticias\/#\/schema\/person\/b38fbf43118f02820bd932f2e4b14ad3","name":"admin","image":{"@type":"ImageObject","inLanguage":"pt-BR","@id":"https:\/\/franciscanos.org.br\/noticias\/#\/schema\/person\/image\/","url":"https:\/\/secure.gravatar.com\/avatar\/e8495742d34d0ba6448ea1c628263b3e?s=96&d=mm&r=g","contentUrl":"https:\/\/secure.gravatar.com\/avatar\/e8495742d34d0ba6448ea1c628263b3e?s=96&d=mm&r=g","caption":"admin"},"url":"https:\/\/franciscanos.org.br\/noticias\/author\/admin"}]}},"_links":{"self":[{"href":"https:\/\/franciscanos.org.br\/noticias\/wp-json\/wp\/v2\/posts\/39047"}],"collection":[{"href":"https:\/\/franciscanos.org.br\/noticias\/wp-json\/wp\/v2\/posts"}],"about":[{"href":"https:\/\/franciscanos.org.br\/noticias\/wp-json\/wp\/v2\/types\/post"}],"author":[{"embeddable":true,"href":"https:\/\/franciscanos.org.br\/noticias\/wp-json\/wp\/v2\/users\/1"}],"replies":[{"embeddable":true,"href":"https:\/\/franciscanos.org.br\/noticias\/wp-json\/wp\/v2\/comments?post=39047"}],"version-history":[{"count":0,"href":"https:\/\/franciscanos.org.br\/noticias\/wp-json\/wp\/v2\/posts\/39047\/revisions"}],"wp:featuredmedia":[{"embeddable":true,"href":"https:\/\/franciscanos.org.br\/noticias\/wp-json\/wp\/v2\/media\/194592"}],"wp:attachment":[{"href":"https:\/\/franciscanos.org.br\/noticias\/wp-json\/wp\/v2\/media?parent=39047"}],"wp:term":[{"taxonomy":"category","embeddable":true,"href":"https:\/\/franciscanos.org.br\/noticias\/wp-json\/wp\/v2\/categories?post=39047"},{"taxonomy":"post_tag","embeddable":true,"href":"https:\/\/franciscanos.org.br\/noticias\/wp-json\/wp\/v2\/tags?post=39047"}],"curies":[{"name":"wp","href":"https:\/\/api.w.org\/{rel}","templated":true}]}}