{"id":38558,"date":"2013-05-22T07:22:31","date_gmt":"2013-05-22T10:22:31","guid":{"rendered":"http:\/\/new.franciscanos.org.br\/?p=38558"},"modified":"2019-03-07T12:25:23","modified_gmt":"2019-03-07T15:25:23","slug":"vigario-geral-e-o-120o-sucessor-de-sao-francisco","status":"publish","type":"post","link":"https:\/\/franciscanos.org.br\/noticias\/vigario-geral-e-o-120o-sucessor-de-sao-francisco.html","title":{"rendered":"Vig\u00e1rio Geral \u00e9 o 120\u00ba sucessor de S\u00e3o Francisco"},"content":{"rendered":"<p><img loading=\"lazy\" class=\"alignnone size-full wp-image-198134\" src=\"https:\/\/franciscanos.org.br\/noticias\/wp-content\/uploads\/2013\/05\/michael.jpg\" alt=\"\" width=\"890\" height=\"593\" srcset=\"https:\/\/franciscanos.org.br\/noticias\/wp-content\/uploads\/2013\/05\/michael.jpg 890w, https:\/\/franciscanos.org.br\/noticias\/wp-content\/uploads\/2013\/05\/michael-450x300.jpg 450w, https:\/\/franciscanos.org.br\/noticias\/wp-content\/uploads\/2013\/05\/michael-768x512.jpg 768w, https:\/\/franciscanos.org.br\/noticias\/wp-content\/uploads\/2013\/05\/michael-150x100.jpg 150w\" sizes=\"(max-width: 890px) 100vw, 890px\" \/><\/p>\n<p><strong>Moacir Beggo<\/strong><\/p>\n<p><strong>Roma (It\u00e1lia)<\/strong> &#8211;\u00a0O norte-americano Michael Anthony Perry foi eleito, nesta quarta-feira (22\/5), na C\u00faria Geral de Roma, na It\u00e1lia, \u00a0Ministro Geral da Ordem dos Frades Menores para completar o sex\u00eanio (at\u00e9 2015) \u00a0com a sa\u00edda de Frei Jos\u00e9 Rodr\u00edguez Carballo, que foi nomeado arcebispo pelo Papa Francisco. Ele se torna o 120\u00ba sucessor de S\u00e3o Francisco de Assis.<\/p>\n<p>Nascido em Indian\u00e1polis (EUA) no dia 7 de junho de 1954, Frei Michael estava no cargo de Vig\u00e1rio Geral da Ordem. Ele foi Ministro Provincial da Prov\u00edncia do Sagrado Cora\u00e7\u00e3o de Jesus (EUA), onde tamb\u00e9m foi professor de Teologia e, no p\u00f3s-noviciado, trabalhou na Comiss\u00e3o Internacional de JPIC. Durante dez anos, trabalhou como mission\u00e1rio na Rep\u00fablica Democr\u00e1tica do Congo, a servi\u00e7o da Confer\u00eancia dos Bispos Cat\u00f3licos dos EUA.<\/p>\n<p><a href=\"http:\/\/franciscanos.org.br\/wp-content\/uploads\/2013\/05\/geral.jpg\"><img loading=\"lazy\" class=\"alignright\" src=\"http:\/\/franciscanos.org.br\/wp-content\/uploads\/2013\/05\/geral.jpg\" alt=\"Ministro Geral\" width=\"292\" height=\"374\" \/><\/a>Seu curr\u00edculo acad\u00eamico inclui doutorado em Antropologia Teol\u00f3gica, mestrado em Teologia, mestrado em Forma\u00e7\u00e3o Sacerdotal e Bacharelado em Hist\u00f3ria e Filosofia.<\/p>\n<p>Frei Michael ingressou na Ordem Franciscana em 25 de junho de 1977 quando fez o noviciado. Em 11 de agosto de 1978 fez a profiss\u00e3o tempor\u00e1ria e professou solenemente na Ordem dos Frades Menores no dia 10 de outubro de 1981.<\/p>\n<p>Frei Michael \u00e9 o terceiro norte-americano a ocupar o posto de S\u00e3o Francisco de Assis. Antes dele, o primeiro a ser eleito foi Frei Valentine Schaff, da Prov\u00edncia S\u00e3o Jo\u00e3o Batista, e o segundo Frei John Vaughn, da Prov\u00edncia de Santa B\u00e1rbara, para um mandato de 1979-1991.<\/p>\n<p>Frei Michael substitui a Frei Jos\u00e9 Carballo, que foi Ministro Geral eleito em 2003 e reeleito em 2009, quando teria pela frente um mandato de seis anos (2009\/2015). Mas com a nomea\u00e7\u00e3o de Frei Jos\u00e9 pelo Papa Francisco para a Secretaria \u00a0da Congrega\u00e7\u00e3o para os Institutos de Vida Consagrada e Sociedades de Vida Apost\u00f3lica, foi convocada a elei\u00e7\u00e3o para esta quarta-feira, quando 34 representantes das 14 Confer\u00eancias da OFM, mais o Definit\u00f3rio Geral e o Cust\u00f3dio da Terra Santa elegeram Frei Michael.<\/p>\n<p>Os representes da Confer\u00eancia Brasileira, presentes em Roma, \u00a0s\u00e3o o presidente Frei Jo\u00e3o In\u00e1cio M\u00fcller, Provincial da Prov\u00edncia S\u00e3o Francisco de Assis, no Rio Grande do Sul, e o vice-presidente Frei Fid\u00eancio Vanboemmel, da Prov\u00edncia Franciscana da Imaculada Concei\u00e7\u00e3o do Brasil.<\/p>\n<p>Frei Fid\u00eancio elogiou o processo eletivo, que come\u00e7ou ontem (21) com a reflex\u00e3o e ora\u00e7\u00e3o. &#8220;Foi encantador o processo eletivo. \u00a0Hoje, a elei\u00e7\u00e3o transcorreu num clima de muita serenidade entre todos os frades. Frei Michael \u00e9 um homem humilde e encantador&#8221;, disse o Ministro Provincial, revelando que depois de sua elei\u00e7\u00e3o pediu a todos os frades presentes que dessem as m\u00e3os e rezassem juntos.<\/p>\n<p>A Ordem dos Frades Menores est\u00e1 presente em 110 pa\u00edses, organizada em 103 prov\u00edncias, 8 cust\u00f3dias aut\u00f4nomas, 14 cust\u00f3dias dependentes, 1 Federa\u00e7\u00e3o e 20 Funda\u00e7\u00f5es. As Prov\u00edncias e Cust\u00f3dias Aut\u00f4nomas s\u00e3o governadas, respectivamente, pelo Ministro Provincial e seu Definit\u00f3rio ou pelo Cust\u00f3dio e seu Conselho, eleitos pelo Cap\u00edtulo Provincial ou Custodial. As Prov\u00edncias de uma ou mais \u00e1reas geogr\u00e1ficas formam uma Confer\u00eancia. Na Ordem dos Frades Menores as Confer\u00eancias de Ministro Provinciais somam 14.<\/p>\n<p>A Ordem dos Frades Menores est\u00e1 constitu\u00edda por cerca de 15 mil frades que, incorporados nas Prov\u00edncias e nas Cust\u00f3dias, s\u00e3o governados pelo Ministro Geral com seu Definit\u00f3rio (Conselho). A Regra dos Frades Menores, confirmada pelo Papa Hon\u00f3rio III (1223), \u00e9 o fundamento da vida e da legisla\u00e7\u00e3o da Ordem.<\/p>\n<hr \/>\n<p><strong>DEPOIMENTO DE FREI GUSTAVO MEDELLA<\/strong><\/p>\n<p>Partilho, em poucas linhas, as excelentes impress\u00f5es que tive de Frei Michael Perry a partir do brev\u00edssimo contato que tive com ele durante o II Congresso de Evangeliza\u00e7\u00e3o e Miss\u00e3o para Am\u00e9rica Latina e Caribe, entre os dias 21 e 27 de abril deste ano, em Canind\u00e9, CE. Tr\u00eas elementos me chamaram muito a aten\u00e7\u00e3o em rela\u00e7\u00e3o \u00e0 postura e ao modo de relacionar de nosso rec\u00e9m-eleito ministro:<\/p>\n<p><b>A discri\u00e7\u00e3o<\/b>\u00a0\u2013 Frei Michael mostrou-se um irm\u00e3o entre os irm\u00e3os. Estava sempre em diferentes rodas de conversa, nas confer\u00eancias participava com aten\u00e7\u00e3o. Em nenhum momento fez quest\u00e3o de ser o centro das aten\u00e7\u00f5es. Convidado para dirigir a reflex\u00e3o em torno do tema \u201cEvangeliza\u00e7\u00e3o em Par\u00f3quias\u201d, deu voz \u00e0 assembleia, ele mesmo levando o microfone a tantos quantos desejassem se manifestar.<\/p>\n<p><b>A afabilidade<\/b>\u00a0\u2013 N\u00e3o faltavam sorrisos a quem fosse busc\u00e1-los em Frei Perry. Extremamente simp\u00e1tico, estava sempre sorridente, pronto a abra\u00e7ar e a ouvir. Fez lembrar as recomenda\u00e7\u00f5es de S\u00e3o Francisco a certo Ministro, quando o\u00a0<i>Poverello<\/i>\u00a0o convocava a nutrir e oferecer aos irm\u00e3os que viessem a seu encontro um olhar de miseric\u00f3rdia.<\/p>\n<p><b>A aten\u00e7\u00e3o devotada a quem viesse a seu encontro<\/b>\u00a0\u2013 Frei Michael dava aten\u00e7\u00e3o a todos. Conversou com todos. Dava plena aten\u00e7\u00e3o a quem vinha a seu encontro. Dirigia olhar atencioso e interessado a todos os irm\u00e3os e irm\u00e3s que vinham ter com ele. Mostrou-se um homem de escuta sincera, sem a preocupa\u00e7\u00e3o de logo dispensar o interlocutor.<\/p>\n<p>Estas foram algumas poucas impress\u00f5es que o r\u00e1pido conv\u00edvio com nosso novo Ministro me deixou. Frei Michael parece caminhar na esteira do Papa Francisco e, por isso, a meu ver, nossa Ordem tamb\u00e9m tem grandes motivos para nutrir as melhores esperan\u00e7as e expectativas em torno deste que o Esp\u00edrito Santo e nossos irm\u00e3os elegeram para suceder o Ser\u00e1fico Pai.<\/p>\n","protected":false},"excerpt":{"rendered":"<p>OFM<\/p>\n","protected":false},"author":1,"featured_media":201128,"comment_status":"closed","ping_status":"open","sticky":false,"template":"","format":"standard","meta":[],"categories":[1],"tags":[723,184],"acf":[],"yoast_head":"<!-- This site is optimized with the Yoast SEO plugin v19.2 - https:\/\/yoast.com\/wordpress\/plugins\/seo\/ -->\n<title>Vig\u00e1rio Geral \u00e9 o 120\u00ba sucessor de S\u00e3o Francisco - Not\u00edcias - Franciscanos<\/title>\n<meta name=\"robots\" content=\"index, follow, max-snippet:-1, max-image-preview:large, max-video-preview:-1\" \/>\n<link rel=\"canonical\" href=\"https:\/\/franciscanos.org.br\/noticias\/vigario-geral-e-o-120o-sucessor-de-sao-francisco.html\" \/>\n<meta property=\"og:locale\" content=\"pt_BR\" \/>\n<meta property=\"og:type\" content=\"article\" \/>\n<meta property=\"og:title\" content=\"Vig\u00e1rio Geral \u00e9 o 120\u00ba sucessor de S\u00e3o Francisco - Not\u00edcias - Franciscanos\" \/>\n<meta property=\"og:description\" content=\"OFM\" \/>\n<meta property=\"og:url\" content=\"https:\/\/franciscanos.org.br\/noticias\/vigario-geral-e-o-120o-sucessor-de-sao-francisco.html\" \/>\n<meta property=\"og:site_name\" content=\"Not\u00edcias - Franciscanos\" \/>\n<meta property=\"article:published_time\" content=\"2013-05-22T10:22:31+00:00\" \/>\n<meta property=\"article:modified_time\" content=\"2019-03-07T15:25:23+00:00\" \/>\n<meta property=\"og:image\" content=\"https:\/\/franciscanos.org.br\/noticias\/wp-content\/uploads\/2013\/05\/michael-1.jpg\" \/>\n\t<meta property=\"og:image:width\" content=\"273\" \/>\n\t<meta property=\"og:image:height\" content=\"181\" \/>\n\t<meta property=\"og:image:type\" content=\"image\/jpeg\" \/>\n<meta name=\"author\" content=\"admin\" \/>\n<meta name=\"twitter:card\" content=\"summary_large_image\" \/>\n<meta name=\"twitter:label1\" content=\"Escrito por\" \/>\n\t<meta name=\"twitter:data1\" content=\"admin\" \/>\n\t<meta name=\"twitter:label2\" content=\"Est. tempo de leitura\" \/>\n\t<meta name=\"twitter:data2\" content=\"5 minutos\" \/>\n<script type=\"application\/ld+json\" class=\"yoast-schema-graph\">{\"@context\":\"https:\/\/schema.org\",\"@graph\":[{\"@type\":\"WebSite\",\"@id\":\"https:\/\/franciscanos.org.br\/noticias\/#website\",\"url\":\"https:\/\/franciscanos.org.br\/noticias\/\",\"name\":\"Not\u00edcias - Franciscanos\",\"description\":\"Prov\u00edncia Franciscana da Imaculada Concei\u00e7\u00e3o do Brasil - Ordem dos Frades Menores - OFM\",\"potentialAction\":[{\"@type\":\"SearchAction\",\"target\":{\"@type\":\"EntryPoint\",\"urlTemplate\":\"https:\/\/franciscanos.org.br\/noticias\/?s={search_term_string}\"},\"query-input\":\"required name=search_term_string\"}],\"inLanguage\":\"pt-BR\"},{\"@type\":\"ImageObject\",\"inLanguage\":\"pt-BR\",\"@id\":\"https:\/\/franciscanos.org.br\/noticias\/vigario-geral-e-o-120o-sucessor-de-sao-francisco.html#primaryimage\",\"url\":\"https:\/\/franciscanos.org.br\/noticias\/wp-content\/uploads\/2013\/05\/michael-1.jpg\",\"contentUrl\":\"https:\/\/franciscanos.org.br\/noticias\/wp-content\/uploads\/2013\/05\/michael-1.jpg\",\"width\":273,\"height\":181},{\"@type\":\"WebPage\",\"@id\":\"https:\/\/franciscanos.org.br\/noticias\/vigario-geral-e-o-120o-sucessor-de-sao-francisco.html#webpage\",\"url\":\"https:\/\/franciscanos.org.br\/noticias\/vigario-geral-e-o-120o-sucessor-de-sao-francisco.html\",\"name\":\"Vig\u00e1rio Geral \u00e9 o 120\u00ba sucessor de S\u00e3o Francisco - Not\u00edcias - Franciscanos\",\"isPartOf\":{\"@id\":\"https:\/\/franciscanos.org.br\/noticias\/#website\"},\"primaryImageOfPage\":{\"@id\":\"https:\/\/franciscanos.org.br\/noticias\/vigario-geral-e-o-120o-sucessor-de-sao-francisco.html#primaryimage\"},\"datePublished\":\"2013-05-22T10:22:31+00:00\",\"dateModified\":\"2019-03-07T15:25:23+00:00\",\"author\":{\"@id\":\"https:\/\/franciscanos.org.br\/noticias\/#\/schema\/person\/b38fbf43118f02820bd932f2e4b14ad3\"},\"breadcrumb\":{\"@id\":\"https:\/\/franciscanos.org.br\/noticias\/vigario-geral-e-o-120o-sucessor-de-sao-francisco.html#breadcrumb\"},\"inLanguage\":\"pt-BR\",\"potentialAction\":[{\"@type\":\"ReadAction\",\"target\":[\"https:\/\/franciscanos.org.br\/noticias\/vigario-geral-e-o-120o-sucessor-de-sao-francisco.html\"]}]},{\"@type\":\"BreadcrumbList\",\"@id\":\"https:\/\/franciscanos.org.br\/noticias\/vigario-geral-e-o-120o-sucessor-de-sao-francisco.html#breadcrumb\",\"itemListElement\":[{\"@type\":\"ListItem\",\"position\":1,\"name\":\"Home\",\"item\":\"https:\/\/franciscanos.org.br\/noticias\"},{\"@type\":\"ListItem\",\"position\":2,\"name\":\"Vig\u00e1rio Geral \u00e9 o 120\u00ba sucessor de S\u00e3o Francisco\"}]},{\"@type\":\"Person\",\"@id\":\"https:\/\/franciscanos.org.br\/noticias\/#\/schema\/person\/b38fbf43118f02820bd932f2e4b14ad3\",\"name\":\"admin\",\"image\":{\"@type\":\"ImageObject\",\"inLanguage\":\"pt-BR\",\"@id\":\"https:\/\/franciscanos.org.br\/noticias\/#\/schema\/person\/image\/\",\"url\":\"https:\/\/secure.gravatar.com\/avatar\/e8495742d34d0ba6448ea1c628263b3e?s=96&d=mm&r=g\",\"contentUrl\":\"https:\/\/secure.gravatar.com\/avatar\/e8495742d34d0ba6448ea1c628263b3e?s=96&d=mm&r=g\",\"caption\":\"admin\"},\"url\":\"https:\/\/franciscanos.org.br\/noticias\/author\/admin\"}]}<\/script>\n<!-- \/ Yoast SEO plugin. -->","yoast_head_json":{"title":"Vig\u00e1rio Geral \u00e9 o 120\u00ba sucessor de S\u00e3o Francisco - Not\u00edcias - Franciscanos","robots":{"index":"index","follow":"follow","max-snippet":"max-snippet:-1","max-image-preview":"max-image-preview:large","max-video-preview":"max-video-preview:-1"},"canonical":"https:\/\/franciscanos.org.br\/noticias\/vigario-geral-e-o-120o-sucessor-de-sao-francisco.html","og_locale":"pt_BR","og_type":"article","og_title":"Vig\u00e1rio Geral \u00e9 o 120\u00ba sucessor de S\u00e3o Francisco - Not\u00edcias - Franciscanos","og_description":"OFM","og_url":"https:\/\/franciscanos.org.br\/noticias\/vigario-geral-e-o-120o-sucessor-de-sao-francisco.html","og_site_name":"Not\u00edcias - Franciscanos","article_published_time":"2013-05-22T10:22:31+00:00","article_modified_time":"2019-03-07T15:25:23+00:00","og_image":[{"width":273,"height":181,"url":"https:\/\/franciscanos.org.br\/noticias\/wp-content\/uploads\/2013\/05\/michael-1.jpg","type":"image\/jpeg"}],"author":"admin","twitter_card":"summary_large_image","twitter_misc":{"Escrito por":"admin","Est. tempo de leitura":"5 minutos"},"schema":{"@context":"https:\/\/schema.org","@graph":[{"@type":"WebSite","@id":"https:\/\/franciscanos.org.br\/noticias\/#website","url":"https:\/\/franciscanos.org.br\/noticias\/","name":"Not\u00edcias - Franciscanos","description":"Prov\u00edncia Franciscana da Imaculada Concei\u00e7\u00e3o do Brasil - Ordem dos Frades Menores - OFM","potentialAction":[{"@type":"SearchAction","target":{"@type":"EntryPoint","urlTemplate":"https:\/\/franciscanos.org.br\/noticias\/?s={search_term_string}"},"query-input":"required name=search_term_string"}],"inLanguage":"pt-BR"},{"@type":"ImageObject","inLanguage":"pt-BR","@id":"https:\/\/franciscanos.org.br\/noticias\/vigario-geral-e-o-120o-sucessor-de-sao-francisco.html#primaryimage","url":"https:\/\/franciscanos.org.br\/noticias\/wp-content\/uploads\/2013\/05\/michael-1.jpg","contentUrl":"https:\/\/franciscanos.org.br\/noticias\/wp-content\/uploads\/2013\/05\/michael-1.jpg","width":273,"height":181},{"@type":"WebPage","@id":"https:\/\/franciscanos.org.br\/noticias\/vigario-geral-e-o-120o-sucessor-de-sao-francisco.html#webpage","url":"https:\/\/franciscanos.org.br\/noticias\/vigario-geral-e-o-120o-sucessor-de-sao-francisco.html","name":"Vig\u00e1rio Geral \u00e9 o 120\u00ba sucessor de S\u00e3o Francisco - Not\u00edcias - Franciscanos","isPartOf":{"@id":"https:\/\/franciscanos.org.br\/noticias\/#website"},"primaryImageOfPage":{"@id":"https:\/\/franciscanos.org.br\/noticias\/vigario-geral-e-o-120o-sucessor-de-sao-francisco.html#primaryimage"},"datePublished":"2013-05-22T10:22:31+00:00","dateModified":"2019-03-07T15:25:23+00:00","author":{"@id":"https:\/\/franciscanos.org.br\/noticias\/#\/schema\/person\/b38fbf43118f02820bd932f2e4b14ad3"},"breadcrumb":{"@id":"https:\/\/franciscanos.org.br\/noticias\/vigario-geral-e-o-120o-sucessor-de-sao-francisco.html#breadcrumb"},"inLanguage":"pt-BR","potentialAction":[{"@type":"ReadAction","target":["https:\/\/franciscanos.org.br\/noticias\/vigario-geral-e-o-120o-sucessor-de-sao-francisco.html"]}]},{"@type":"BreadcrumbList","@id":"https:\/\/franciscanos.org.br\/noticias\/vigario-geral-e-o-120o-sucessor-de-sao-francisco.html#breadcrumb","itemListElement":[{"@type":"ListItem","position":1,"name":"Home","item":"https:\/\/franciscanos.org.br\/noticias"},{"@type":"ListItem","position":2,"name":"Vig\u00e1rio Geral \u00e9 o 120\u00ba sucessor de S\u00e3o Francisco"}]},{"@type":"Person","@id":"https:\/\/franciscanos.org.br\/noticias\/#\/schema\/person\/b38fbf43118f02820bd932f2e4b14ad3","name":"admin","image":{"@type":"ImageObject","inLanguage":"pt-BR","@id":"https:\/\/franciscanos.org.br\/noticias\/#\/schema\/person\/image\/","url":"https:\/\/secure.gravatar.com\/avatar\/e8495742d34d0ba6448ea1c628263b3e?s=96&d=mm&r=g","contentUrl":"https:\/\/secure.gravatar.com\/avatar\/e8495742d34d0ba6448ea1c628263b3e?s=96&d=mm&r=g","caption":"admin"},"url":"https:\/\/franciscanos.org.br\/noticias\/author\/admin"}]}},"_links":{"self":[{"href":"https:\/\/franciscanos.org.br\/noticias\/wp-json\/wp\/v2\/posts\/38558"}],"collection":[{"href":"https:\/\/franciscanos.org.br\/noticias\/wp-json\/wp\/v2\/posts"}],"about":[{"href":"https:\/\/franciscanos.org.br\/noticias\/wp-json\/wp\/v2\/types\/post"}],"author":[{"embeddable":true,"href":"https:\/\/franciscanos.org.br\/noticias\/wp-json\/wp\/v2\/users\/1"}],"replies":[{"embeddable":true,"href":"https:\/\/franciscanos.org.br\/noticias\/wp-json\/wp\/v2\/comments?post=38558"}],"version-history":[{"count":0,"href":"https:\/\/franciscanos.org.br\/noticias\/wp-json\/wp\/v2\/posts\/38558\/revisions"}],"wp:featuredmedia":[{"embeddable":true,"href":"https:\/\/franciscanos.org.br\/noticias\/wp-json\/wp\/v2\/media\/201128"}],"wp:attachment":[{"href":"https:\/\/franciscanos.org.br\/noticias\/wp-json\/wp\/v2\/media?parent=38558"}],"wp:term":[{"taxonomy":"category","embeddable":true,"href":"https:\/\/franciscanos.org.br\/noticias\/wp-json\/wp\/v2\/categories?post=38558"},{"taxonomy":"post_tag","embeddable":true,"href":"https:\/\/franciscanos.org.br\/noticias\/wp-json\/wp\/v2\/tags?post=38558"}],"curies":[{"name":"wp","href":"https:\/\/api.w.org\/{rel}","templated":true}]}}