{"id":38529,"date":"2013-05-21T17:45:14","date_gmt":"2013-05-21T20:45:14","guid":{"rendered":"http:\/\/new.franciscanos.org.br\/?p=38529"},"modified":"2020-11-11T09:43:39","modified_gmt":"2020-11-11T12:43:39","slug":"hospital-universitario-de-braganca-de-cara-nova","status":"publish","type":"post","link":"https:\/\/franciscanos.org.br\/noticias\/hospital-universitario-de-braganca-de-cara-nova.html","title":{"rendered":"Hospital Universit\u00e1rio de Bragan\u00e7a est\u00e1 de cara nova"},"content":{"rendered":"<p><img src=\"http:\/\/franciscanos.org.br\/wp-content\/uploads\/2013\/05\/alto3.jpg\" alt=\"\" width=\"820\" \/><\/p>\n<p><strong>Moacir Beggo<\/strong><\/p>\n<p><strong>Bragan\u00e7a Paulista (SP)<\/strong> &#8211;\u00a0Foi inaugurada nesta ter\u00e7a-feira (21\/5), em Bragan\u00e7a Paulista (SP), a nova recep\u00e7\u00e3o do Hospital Universit\u00e1rio S\u00e3o Francisco (HUSF), que conta tamb\u00e9m com uma bela capela do lado esquerdo da entrada principal. Al\u00e9m disso, foram inaugurados 20 leitos para dependentes qu\u00edmicos e a Central de Material.<\/p>\n<p>A cerim\u00f4nia, em frente ao Hospital, contou com a presen\u00e7a do governador Geraldo Alckmin, prefeitos e pol\u00edticos da regi\u00e3o; o bispo diocesano Dom S\u00e9rgio Aparecido Colombo; o presidente e fundador da Associa\u00e7\u00e3o Lar S\u00e3o Francisco de Assis na Provid\u00eancia de Deus, Frei Francisco Belotti; o Definidor da Prov\u00edncia Franciscana da Imaculada Concei\u00e7\u00e3o, Frei M\u00e1rio Luiz Tagliari; e o Professor H\u00e9ctor Escobar, Reitor da Universidade S\u00e3o Francisco.<\/p>\n<p>Desde o ano passado, o Hospital deixou de ser administrado pela Universidade S\u00e3o Francisco de Assis e a gest\u00e3o passou a ser da Associa\u00e7\u00e3o Lar S\u00e3o Francisco, tendo Frei Francisco como diretor superintendente e Frei Bento Aguiar, como diretor administrativo.<\/p>\n<p><a href=\"http:\/\/franciscanos.org.br\/wp-content\/uploads\/2013\/05\/meio4.jpg\"><img loading=\"lazy\" class=\"alignright size-full wp-image-38531\" src=\"http:\/\/franciscanos.org.br\/wp-content\/uploads\/2013\/05\/meio4.jpg\" alt=\"Fotos Moacir Beggo\" width=\"400\" height=\"267\" \/><\/a>Na cerim\u00f4nia, que come\u00e7ou \u00e0s 10 horas, Frei Francisco n\u00e3o economizou nos agradecimentos, especialmente ao governador. Para ele, o \u201cCart\u00e3o Recome\u00e7o\u201d, lan\u00e7ado recentemente, foi uma atitude heroica, prof\u00e9tica e inovadora: &#8220;Tenho certeza que o Brasil inteiro copiar\u00e1 essa ideia porque hoje vivemos num cemit\u00e9rio a c\u00e9u aberto. Hoje, as cadeias est\u00e3o lotadas de jovens em consequ\u00eancia das drogas. O sr. n\u00e3o tem ideia da quantidade das emerg\u00eancias nos nossos hospitais&#8221;, disse o religioso, que anunciou novas inaugura\u00e7\u00f5es, como a reforma e amplia\u00e7\u00e3o do centro cir\u00fargico do Hospital, que realiza cerca de 500 cirurgias por m\u00eas e ter\u00e1 sua capacidade ampliada para cerca de 600. Cerca de 40% das obras j\u00e1 est\u00e3o conclu\u00eddas, com t\u00e9rmino previsto para o segundo semestre deste ano.<\/p>\n<p>O governador elogiou\u00a0 e destacou a import\u00e2ncia da Universidade S\u00e3o Francisco para a regi\u00e3o e reconheceu que hoje \u00e9 muito dif\u00edcil manter um hospital. &#8220;Infelizmente, a tabela do SUS n\u00e3o \u00e9 corrigida h\u00e1 muitos anos. As Santas Casas e hospitais que atendem pelo SUS passam por grandes dificuldades. Ent\u00e3o, todos acabam ficando em situa\u00e7\u00e3o de insolv\u00eancia&#8221;, disse. Essa situa\u00e7\u00e3o descrita viveu o Hospital Universit\u00e1rio nas \u00faltimas d\u00e9cadas, o que levou a Casa Nossa Senhora da Paz, mantenedora da Universidade, passar a administra\u00e7\u00e3o para a Associa\u00e7\u00e3o Lar S\u00e3o Francisco, uma entidade filantr\u00f3pica sem fins lucrativos que se dedica ao trabalho na \u00e1rea da sa\u00fade, especialmente na administra\u00e7\u00e3o de hospitais.<\/p>\n<p>Para dar nova vida ao Hospital Universit\u00e1rio, o Governo do Estado aumentou o custeio de 8 milh\u00f5es para 18 milh\u00f5es ao ano. &#8220;Sa\u00fade \u00e9 custeio. N\u00e3o \u00e9 como construir um pr\u00e9dio. Quando termina a obra de um pr\u00e9dio, acabam-se os gastos. No Hospital, \u00e9 diferente. E a medicina ficou mais cara. A popula\u00e7\u00e3o envelheceu, o que \u00e9 muito bom as pessoas viverem mais e com qualidade de vida, mas \u00e9 preciso ter investimento&#8221;, frisou o governador, que tamb\u00e9m falou do \u201cCart\u00e3o Recome\u00e7o\u201d.<\/p>\n<p>Segundo o governador, esta nova iniciativa de seu governo visa levar esperan\u00e7a \u00e0s fam\u00edlias. &#8220;Infelizmente, o Brasil \u00e9 hoje o maior consumidor de crack do mundo e o segundo maior consumidor de coca\u00edna. S\u00f3 perde para os Estados Unidos. Ent\u00e3o, estamos vivendo uma verdadeira epidemia&#8221;. Com 20 novos leitos em Bragan\u00e7a Paulista, S\u00e3o Paulo passa de mil vagas para dependentes qu\u00edmicos. &#8220;Com esses 20 leitos, n\u00f3s chegamos a 1.024 leitos para \u00e1lcool e drogas no Estado de S\u00e3o Paulo&#8221;, destacou Alckmin. Em dois anos, a rede de interna\u00e7\u00e3o do SUS (Sistema \u00danico de Sa\u00fade) paulista dobrou. A meta \u00e9 que at\u00e9 2014, o Estado conte com 1,3 mil leitos. No in\u00edcio de 2011, eram 482 leitos.<\/p>\n<p>No final de seu discurso, o governador lembrou Tolst\u00f3i, que dizia que a voca\u00e7\u00e3o de cada homem e cada mulher \u00e9 servir \u00e0s pessoas. &#8220;N\u00f3s todos estamos aqui para servir \u00e0s pessoas. E a maneira melhor de servir \u00e0s pessoas \u00e9 atrav\u00e9s dos munic\u00edpios, porque eles est\u00e3o mais pr\u00f3ximos da popula\u00e7\u00e3o&#8221;. Depois, o governador cortou a fita de inaugura\u00e7\u00e3o e visitou as instala\u00e7\u00f5es do Hospital.<\/p>\n<div id=\"attachment_38532\" style=\"width: 360px\" class=\"wp-caption alignleft\"><a href=\"http:\/\/franciscanos.org.br\/wp-content\/uploads\/2013\/05\/meio22.jpg\"><img aria-describedby=\"caption-attachment-38532\" loading=\"lazy\" class=\"size-full wp-image-38532\" src=\"http:\/\/franciscanos.org.br\/wp-content\/uploads\/2013\/05\/meio22.jpg\" alt=\"Fotos Moacir Beggo\" width=\"350\" height=\"479\" \/><\/a><p id=\"caption-attachment-38532\" class=\"wp-caption-text\">Frei Francisco fundou a Associa\u00e7\u00e3o<\/p><\/div>\n<p><b>A Associa\u00e7\u00e3o de Frei Francisco<\/b><\/p>\n<p>A Associa\u00e7\u00e3o e Fraternidade Lar S\u00e3o Francisco de Assis na Provid\u00eancia de Deus \u00e9 uma entidade filantr\u00f3pica crist\u00e3 sem fins lucrativos, dedicada a acolher, cuidar e servir \u00e0queles que mais necessitam. Fundada por Frei Francisco &#8211; Padre N\u00e9lio Joel Angeli Belotti,\u00a0 a primeira obra da entidade foi a comunidade terap\u00eautica para dependentes qu\u00edmicos Lar S\u00e3o Francisco de Assis na Provid\u00eancia de Deus, inaugurada no dia 4 de outubro de 1985, em Jaci, SP. O atendimento come\u00e7ou com apenas sete pacientes e uma equipe formada por volunt\u00e1rios. Em 27 anos de caminhada, mais de 30 mil dependentes qu\u00edmicos foram atendidos nos ambulat\u00f3rios espalhados pelo Estado de S\u00e3o Paulo. A maioria deles conseguiu se libertar do v\u00edcio e se recolocar no conv\u00edvio social.<\/p>\n<p>Al\u00e9m do Hospital Universit\u00e1rio, a Associa\u00e7\u00e3o tamb\u00e9m assumiu definitivamente o Hospital da Vener\u00e1vel Ordem Terceira (VOT) no Rio de Janeiro. O bispo que reconheceu a entidade de Frei Francisco foi D. Orani Tempesta, que hoje \u00e9 arcebispo do Rio de Janeiro e fez o convite para assumir o Hospital da VOT. &#8220;A Prov\u00edncia da Imaculada fazia parte do Conselho Superior da VOT, que era composto pelo Provincial, pelo Arcebispo do Rio e pelo Ministro Nacional da Ordem Franciscana Secular&#8221;, explica Frei M\u00e1rio.<\/p>\n<p>Agora, segundo o Definidor da Prov\u00edncia, a VOT foi toda absorvida pela Associa\u00e7\u00e3o. O Hospital da VOT passou a se chamar Hospital S\u00e3o Francisco na Provid\u00eancia de Deus e o de Bragan\u00e7a se chama Hospital Universit\u00e1rio S\u00e3o Francisco na Provid\u00eancia de Deus. No total, a Associa\u00e7\u00e3o administra 14 hospitais.<\/p>\n","protected":false},"excerpt":{"rendered":"<p>Educa\u00e7\u00e3o e Sa\u00fade<\/p>\n","protected":false},"author":1,"featured_media":216744,"comment_status":"closed","ping_status":"open","sticky":false,"template":"","format":"standard","meta":[],"categories":[1],"tags":[383],"acf":[],"yoast_head":"<!-- This site is optimized with the Yoast SEO plugin v19.2 - https:\/\/yoast.com\/wordpress\/plugins\/seo\/ -->\n<title>Hospital Universit\u00e1rio de Bragan\u00e7a est\u00e1 de cara nova - Not\u00edcias - Franciscanos<\/title>\n<meta name=\"robots\" content=\"index, follow, max-snippet:-1, max-image-preview:large, max-video-preview:-1\" \/>\n<link rel=\"canonical\" href=\"https:\/\/franciscanos.org.br\/noticias\/hospital-universitario-de-braganca-de-cara-nova.html\" \/>\n<meta property=\"og:locale\" content=\"pt_BR\" \/>\n<meta property=\"og:type\" content=\"article\" \/>\n<meta property=\"og:title\" content=\"Hospital Universit\u00e1rio de Bragan\u00e7a est\u00e1 de cara nova - Not\u00edcias - Franciscanos\" \/>\n<meta property=\"og:description\" content=\"Educa\u00e7\u00e3o e Sa\u00fade\" \/>\n<meta property=\"og:url\" content=\"https:\/\/franciscanos.org.br\/noticias\/hospital-universitario-de-braganca-de-cara-nova.html\" \/>\n<meta property=\"og:site_name\" content=\"Not\u00edcias - Franciscanos\" \/>\n<meta property=\"article:published_time\" content=\"2013-05-21T20:45:14+00:00\" \/>\n<meta property=\"article:modified_time\" content=\"2020-11-11T12:43:39+00:00\" \/>\n<meta property=\"og:image\" content=\"https:\/\/franciscanos.org.br\/noticias\/wp-content\/uploads\/2013\/05\/alto3.jpg\" \/>\n\t<meta property=\"og:image:width\" content=\"273\" \/>\n\t<meta property=\"og:image:height\" content=\"181\" \/>\n\t<meta property=\"og:image:type\" content=\"image\/jpeg\" \/>\n<meta name=\"author\" content=\"admin\" \/>\n<meta name=\"twitter:card\" content=\"summary_large_image\" \/>\n<meta name=\"twitter:label1\" content=\"Escrito por\" \/>\n\t<meta name=\"twitter:data1\" content=\"admin\" \/>\n\t<meta name=\"twitter:label2\" content=\"Est. tempo de leitura\" \/>\n\t<meta name=\"twitter:data2\" content=\"5 minutos\" \/>\n<script type=\"application\/ld+json\" class=\"yoast-schema-graph\">{\"@context\":\"https:\/\/schema.org\",\"@graph\":[{\"@type\":\"WebSite\",\"@id\":\"https:\/\/franciscanos.org.br\/noticias\/#website\",\"url\":\"https:\/\/franciscanos.org.br\/noticias\/\",\"name\":\"Not\u00edcias - Franciscanos\",\"description\":\"Prov\u00edncia Franciscana da Imaculada Concei\u00e7\u00e3o do Brasil - Ordem dos Frades Menores - OFM\",\"potentialAction\":[{\"@type\":\"SearchAction\",\"target\":{\"@type\":\"EntryPoint\",\"urlTemplate\":\"https:\/\/franciscanos.org.br\/noticias\/?s={search_term_string}\"},\"query-input\":\"required name=search_term_string\"}],\"inLanguage\":\"pt-BR\"},{\"@type\":\"ImageObject\",\"inLanguage\":\"pt-BR\",\"@id\":\"https:\/\/franciscanos.org.br\/noticias\/hospital-universitario-de-braganca-de-cara-nova.html#primaryimage\",\"url\":\"https:\/\/franciscanos.org.br\/noticias\/wp-content\/uploads\/2013\/05\/alto3.jpg\",\"contentUrl\":\"https:\/\/franciscanos.org.br\/noticias\/wp-content\/uploads\/2013\/05\/alto3.jpg\",\"width\":273,\"height\":181},{\"@type\":\"WebPage\",\"@id\":\"https:\/\/franciscanos.org.br\/noticias\/hospital-universitario-de-braganca-de-cara-nova.html#webpage\",\"url\":\"https:\/\/franciscanos.org.br\/noticias\/hospital-universitario-de-braganca-de-cara-nova.html\",\"name\":\"Hospital Universit\u00e1rio de Bragan\u00e7a est\u00e1 de cara nova - Not\u00edcias - Franciscanos\",\"isPartOf\":{\"@id\":\"https:\/\/franciscanos.org.br\/noticias\/#website\"},\"primaryImageOfPage\":{\"@id\":\"https:\/\/franciscanos.org.br\/noticias\/hospital-universitario-de-braganca-de-cara-nova.html#primaryimage\"},\"datePublished\":\"2013-05-21T20:45:14+00:00\",\"dateModified\":\"2020-11-11T12:43:39+00:00\",\"author\":{\"@id\":\"https:\/\/franciscanos.org.br\/noticias\/#\/schema\/person\/b38fbf43118f02820bd932f2e4b14ad3\"},\"breadcrumb\":{\"@id\":\"https:\/\/franciscanos.org.br\/noticias\/hospital-universitario-de-braganca-de-cara-nova.html#breadcrumb\"},\"inLanguage\":\"pt-BR\",\"potentialAction\":[{\"@type\":\"ReadAction\",\"target\":[\"https:\/\/franciscanos.org.br\/noticias\/hospital-universitario-de-braganca-de-cara-nova.html\"]}]},{\"@type\":\"BreadcrumbList\",\"@id\":\"https:\/\/franciscanos.org.br\/noticias\/hospital-universitario-de-braganca-de-cara-nova.html#breadcrumb\",\"itemListElement\":[{\"@type\":\"ListItem\",\"position\":1,\"name\":\"Home\",\"item\":\"https:\/\/franciscanos.org.br\/noticias\"},{\"@type\":\"ListItem\",\"position\":2,\"name\":\"Hospital Universit\u00e1rio de Bragan\u00e7a est\u00e1 de cara nova\"}]},{\"@type\":\"Person\",\"@id\":\"https:\/\/franciscanos.org.br\/noticias\/#\/schema\/person\/b38fbf43118f02820bd932f2e4b14ad3\",\"name\":\"admin\",\"image\":{\"@type\":\"ImageObject\",\"inLanguage\":\"pt-BR\",\"@id\":\"https:\/\/franciscanos.org.br\/noticias\/#\/schema\/person\/image\/\",\"url\":\"https:\/\/secure.gravatar.com\/avatar\/e8495742d34d0ba6448ea1c628263b3e?s=96&d=mm&r=g\",\"contentUrl\":\"https:\/\/secure.gravatar.com\/avatar\/e8495742d34d0ba6448ea1c628263b3e?s=96&d=mm&r=g\",\"caption\":\"admin\"},\"url\":\"https:\/\/franciscanos.org.br\/noticias\/author\/admin\"}]}<\/script>\n<!-- \/ Yoast SEO plugin. -->","yoast_head_json":{"title":"Hospital Universit\u00e1rio de Bragan\u00e7a est\u00e1 de cara nova - Not\u00edcias - Franciscanos","robots":{"index":"index","follow":"follow","max-snippet":"max-snippet:-1","max-image-preview":"max-image-preview:large","max-video-preview":"max-video-preview:-1"},"canonical":"https:\/\/franciscanos.org.br\/noticias\/hospital-universitario-de-braganca-de-cara-nova.html","og_locale":"pt_BR","og_type":"article","og_title":"Hospital Universit\u00e1rio de Bragan\u00e7a est\u00e1 de cara nova - Not\u00edcias - Franciscanos","og_description":"Educa\u00e7\u00e3o e Sa\u00fade","og_url":"https:\/\/franciscanos.org.br\/noticias\/hospital-universitario-de-braganca-de-cara-nova.html","og_site_name":"Not\u00edcias - Franciscanos","article_published_time":"2013-05-21T20:45:14+00:00","article_modified_time":"2020-11-11T12:43:39+00:00","og_image":[{"width":273,"height":181,"url":"https:\/\/franciscanos.org.br\/noticias\/wp-content\/uploads\/2013\/05\/alto3.jpg","type":"image\/jpeg"}],"author":"admin","twitter_card":"summary_large_image","twitter_misc":{"Escrito por":"admin","Est. tempo de leitura":"5 minutos"},"schema":{"@context":"https:\/\/schema.org","@graph":[{"@type":"WebSite","@id":"https:\/\/franciscanos.org.br\/noticias\/#website","url":"https:\/\/franciscanos.org.br\/noticias\/","name":"Not\u00edcias - Franciscanos","description":"Prov\u00edncia Franciscana da Imaculada Concei\u00e7\u00e3o do Brasil - Ordem dos Frades Menores - OFM","potentialAction":[{"@type":"SearchAction","target":{"@type":"EntryPoint","urlTemplate":"https:\/\/franciscanos.org.br\/noticias\/?s={search_term_string}"},"query-input":"required name=search_term_string"}],"inLanguage":"pt-BR"},{"@type":"ImageObject","inLanguage":"pt-BR","@id":"https:\/\/franciscanos.org.br\/noticias\/hospital-universitario-de-braganca-de-cara-nova.html#primaryimage","url":"https:\/\/franciscanos.org.br\/noticias\/wp-content\/uploads\/2013\/05\/alto3.jpg","contentUrl":"https:\/\/franciscanos.org.br\/noticias\/wp-content\/uploads\/2013\/05\/alto3.jpg","width":273,"height":181},{"@type":"WebPage","@id":"https:\/\/franciscanos.org.br\/noticias\/hospital-universitario-de-braganca-de-cara-nova.html#webpage","url":"https:\/\/franciscanos.org.br\/noticias\/hospital-universitario-de-braganca-de-cara-nova.html","name":"Hospital Universit\u00e1rio de Bragan\u00e7a est\u00e1 de cara nova - Not\u00edcias - Franciscanos","isPartOf":{"@id":"https:\/\/franciscanos.org.br\/noticias\/#website"},"primaryImageOfPage":{"@id":"https:\/\/franciscanos.org.br\/noticias\/hospital-universitario-de-braganca-de-cara-nova.html#primaryimage"},"datePublished":"2013-05-21T20:45:14+00:00","dateModified":"2020-11-11T12:43:39+00:00","author":{"@id":"https:\/\/franciscanos.org.br\/noticias\/#\/schema\/person\/b38fbf43118f02820bd932f2e4b14ad3"},"breadcrumb":{"@id":"https:\/\/franciscanos.org.br\/noticias\/hospital-universitario-de-braganca-de-cara-nova.html#breadcrumb"},"inLanguage":"pt-BR","potentialAction":[{"@type":"ReadAction","target":["https:\/\/franciscanos.org.br\/noticias\/hospital-universitario-de-braganca-de-cara-nova.html"]}]},{"@type":"BreadcrumbList","@id":"https:\/\/franciscanos.org.br\/noticias\/hospital-universitario-de-braganca-de-cara-nova.html#breadcrumb","itemListElement":[{"@type":"ListItem","position":1,"name":"Home","item":"https:\/\/franciscanos.org.br\/noticias"},{"@type":"ListItem","position":2,"name":"Hospital Universit\u00e1rio de Bragan\u00e7a est\u00e1 de cara nova"}]},{"@type":"Person","@id":"https:\/\/franciscanos.org.br\/noticias\/#\/schema\/person\/b38fbf43118f02820bd932f2e4b14ad3","name":"admin","image":{"@type":"ImageObject","inLanguage":"pt-BR","@id":"https:\/\/franciscanos.org.br\/noticias\/#\/schema\/person\/image\/","url":"https:\/\/secure.gravatar.com\/avatar\/e8495742d34d0ba6448ea1c628263b3e?s=96&d=mm&r=g","contentUrl":"https:\/\/secure.gravatar.com\/avatar\/e8495742d34d0ba6448ea1c628263b3e?s=96&d=mm&r=g","caption":"admin"},"url":"https:\/\/franciscanos.org.br\/noticias\/author\/admin"}]}},"_links":{"self":[{"href":"https:\/\/franciscanos.org.br\/noticias\/wp-json\/wp\/v2\/posts\/38529"}],"collection":[{"href":"https:\/\/franciscanos.org.br\/noticias\/wp-json\/wp\/v2\/posts"}],"about":[{"href":"https:\/\/franciscanos.org.br\/noticias\/wp-json\/wp\/v2\/types\/post"}],"author":[{"embeddable":true,"href":"https:\/\/franciscanos.org.br\/noticias\/wp-json\/wp\/v2\/users\/1"}],"replies":[{"embeddable":true,"href":"https:\/\/franciscanos.org.br\/noticias\/wp-json\/wp\/v2\/comments?post=38529"}],"version-history":[{"count":1,"href":"https:\/\/franciscanos.org.br\/noticias\/wp-json\/wp\/v2\/posts\/38529\/revisions"}],"predecessor-version":[{"id":229235,"href":"https:\/\/franciscanos.org.br\/noticias\/wp-json\/wp\/v2\/posts\/38529\/revisions\/229235"}],"wp:featuredmedia":[{"embeddable":true,"href":"https:\/\/franciscanos.org.br\/noticias\/wp-json\/wp\/v2\/media\/216744"}],"wp:attachment":[{"href":"https:\/\/franciscanos.org.br\/noticias\/wp-json\/wp\/v2\/media?parent=38529"}],"wp:term":[{"taxonomy":"category","embeddable":true,"href":"https:\/\/franciscanos.org.br\/noticias\/wp-json\/wp\/v2\/categories?post=38529"},{"taxonomy":"post_tag","embeddable":true,"href":"https:\/\/franciscanos.org.br\/noticias\/wp-json\/wp\/v2\/tags?post=38529"}],"curies":[{"name":"wp","href":"https:\/\/api.w.org\/{rel}","templated":true}]}}