{"id":38261,"date":"2013-05-17T07:40:41","date_gmt":"2013-05-17T10:40:41","guid":{"rendered":"http:\/\/new.franciscanos.org.br\/?p=38261"},"modified":"2020-01-28T13:17:52","modified_gmt":"2020-01-28T16:17:52","slug":"nota-da-cnbb-sobre-a-reducao-da-maioridade-penal","status":"publish","type":"post","link":"https:\/\/franciscanos.org.br\/noticias\/nota-da-cnbb-sobre-a-reducao-da-maioridade-penal.html","title":{"rendered":"Nota da CNBB sobre a redu\u00e7\u00e3o da maioridade penal"},"content":{"rendered":"<p><a href=\"http:\/\/franciscanos.org.br\/wp-content\/uploads\/2013\/05\/cnbb.jpg\"><img loading=\"lazy\" class=\"alignright size-full wp-image-38262\" src=\"http:\/\/franciscanos.org.br\/wp-content\/uploads\/2013\/05\/cnbb.jpg\" alt=\"cnbb\" width=\"260\" height=\"260\" \/><\/a>A Confer\u00eancia Nacional dos Bispos do Brasil divulgou uma nota sobre a redu\u00e7\u00e3o da maioridade penal,\u00a0na quinta-feira, 16 de maio, durante coletiva de imprensa, que apresentou o balan\u00e7o da reuni\u00e3o do Conselho Episcopal Pastoral (CONESP). A CNBB \u201creafirma que a redu\u00e7\u00e3o da maioridade n\u00e3o \u00e9 a solu\u00e7\u00e3o para o fim da viol\u00eancia\u201d. Assim, a \u201cIgreja no Brasil continua acreditando na capacidade de regenera\u00e7\u00e3o do adolescente quando favorecido em seus direitos b\u00e1sicos e pelas oportunidades de forma\u00e7\u00e3o integral nos valores que dignificam o ser humano\u201d.<\/p>\n<p><em>\u201cBem-aventurados os que promovem a paz, porque ser\u00e3o chamados filhos de Deus\u201d (Mt 5,9)<\/em><\/p>\n<p><strong>Nota da CNBB sobre a redu\u00e7\u00e3o da maioridade penal<\/strong><\/p>\n<p>O debate sobre a redu\u00e7\u00e3o da maioridade penal, colocado em evid\u00eancia mais uma vez pela como\u00e7\u00e3o provocada por crimes b\u00e1rbaros cometidos por adolescentes, conclama-nos a uma profunda reflex\u00e3o sobre nossa responsabilidade no combate \u00e0 viol\u00eancia, na promo\u00e7\u00e3o da cultura da vida e da paz e no cuidado e prote\u00e7\u00e3o das novas gera\u00e7\u00f5es de nosso pa\u00eds.<\/p>\n<p>A delinqu\u00eancia juvenil \u00e9, antes de tudo, um aviso de que o Estado, a Sociedade e a Fam\u00edlia n\u00e3o t\u00eam cumprido adequadamente seu dever de assegurar, com absoluta prioridade, os direitos da crian\u00e7a e do adolescente, conforme estabelece o artigo 227 da Constitui\u00e7\u00e3o Federal. Criminalizar o adolescente com penalidades no \u00e2mbito carcer\u00e1rio seria maquiar a verdadeira causa do problema, desviando a aten\u00e7\u00e3o com respostas simpl\u00f3rias, inconsequentes e desastrosas para a sociedade.<\/p>\n<p>A campanha sistem\u00e1tica de v\u00e1rios meios de comunica\u00e7\u00e3o a favor da redu\u00e7\u00e3o da maioridade penal violenta a imagem dos adolescentes esquecendo-se de que eles s\u00e3o tamb\u00e9m v\u00edtimas da realidade injusta em que vivem. Eles n\u00e3o s\u00e3o os principais respons\u00e1veis pelo aumento da viol\u00eancia que nos assusta a todos, especialmente pelos crimes de homic\u00eddio. De acordo com a ONG Conectas Direitos Humanos, a maioria dos adolescentes internados na Funda\u00e7\u00e3o Casa, em S\u00e3o Paulo, foi detida por roubo (44,1%) e tr\u00e1fico de drogas (41,8%). J\u00e1 o crime de latroc\u00ednio atinge 0,9% e o de homic\u00eddio, 0,6%. \u00c9, portanto, imoral querer induzir a sociedade a olhar para o adolescente como se fosse o principal respons\u00e1vel pela onda de viol\u00eancia no pa\u00eds.<\/p>\n<p>O Estatuto da Crian\u00e7a e do Adolescente (ECA), ao contr\u00e1rio do que se propaga injustamente, \u00e9 exigente com o adolescente em conflito com a lei e n\u00e3o compactua com a impunidade. Ele reconhece a responsabiliza\u00e7\u00e3o do adolescente autor de ato infracional, mas acredita na sua recupera\u00e7\u00e3o, por isso prop\u00f5e a aplica\u00e7\u00e3o das medidas socioeducativas que valorizam a pessoa e lhe favore\u00e7am condi\u00e7\u00f5es de autossupera\u00e7\u00e3o para retornar a sua vida normal na sociedade. \u00c0 sociedade cabe exigir do Estado n\u00e3o s\u00f3 a efetiva implementa\u00e7\u00e3o das medidas socioeducativas, mas tamb\u00e9m o investimento para uma educa\u00e7\u00e3o de qualidade, al\u00e9m de pol\u00edticas p\u00fablicas que eliminem as desigualdades sociais. Junta-se a isto a necessidade de se combater corajosamente a praga das drogas e da complexa estrutura que a sustenta, causadora de in\u00fameras situa\u00e7\u00f5es que levam os adolescentes \u00e0 viol\u00eancia.<\/p>\n<p>Adotada em 42 pa\u00edses de 54 pesquisados pela UNICEF, a maioridade penal aos 18 anos \u201cdecorre das recomenda\u00e7\u00f5es internacionais que sugerem a exist\u00eancia de um sistema de justi\u00e7a especializado para julgar, processar e responsabilizar autores de delitos abaixo dos 18 anos\u201d (UNICEF). Reduzi-la seria \u201cignorar o contexto da cl\u00e1usula p\u00e9trea constitucional \u2013 Constitui\u00e7\u00e3o Federal, art. 228 \u2013, al\u00e9m de confrontar a Conven\u00e7\u00e3o dos Direitos da Crian\u00e7a e do Adolescente, as regras M\u00ednimas de Beijing, as Diretrizes para Preven\u00e7\u00e3o da Delinqu\u00eancia Juvenil, as Regras M\u00ednimas para Prote\u00e7\u00e3o dos Menores Privados de Liberdade (Regras de Riad), o Pacto de San Jos\u00e9 da Costa Rica e o Estatuto da Crian\u00e7a e do Adolescente\u201d (cf. Declara\u00e7\u00e3o da CNBB contra a redu\u00e7\u00e3o da maioridade penal \u2013 24.04.2009).<\/p>\n<p>O Conselho Episcopal Pastoral da Confer\u00eancia Nacional dos Bispos do Brasil (CNBB), reunido em Bras\u00edlia, nos dias 14 a 16 de maio, reafirma que a redu\u00e7\u00e3o da maioridade n\u00e3o \u00e9 a solu\u00e7\u00e3o para o fim da viol\u00eancia. Ela \u00e9 a nega\u00e7\u00e3o da Doutrina da Prote\u00e7\u00e3o Integral que fundamenta o tratamento jur\u00eddico dispensado \u00e0s crian\u00e7as e adolescentes pelo Direito Brasileiro. A Igreja no Brasil continua acreditando na capacidade de regenera\u00e7\u00e3o do adolescente quando favorecido em seus direitos b\u00e1sicos e pelas oportunidades de forma\u00e7\u00e3o integral nos valores que dignificam o ser humano.<\/p>\n<p>N\u00e3o nos cansemos de combater a viol\u00eancia que \u00e9 contr\u00e1ria ao Reino de Deus; ela \u201cnunca est\u00e1 a servi\u00e7o da humanidade, mas a desumaniza\u201d, como nos recordava o papa Bento XVI (Angelus, 11 de mar\u00e7o de 2012). Deus nos conceda a todos um cora\u00e7\u00e3o materno que pulse com miseric\u00f3rdia e responsabilidade pela pessoa violentada em sua adolesc\u00eancia. Nossa Senhora Aparecida proteja nossos adolescentes e nos auxilie na defesa da fam\u00edlia.<\/p>\n<p style=\"padding-left: 40px;\">Bras\u00edlia, 16 de maio de 2013<\/p>\n<p><strong>Dom Jos\u00e9 Belis\u00e1rio da Silva<\/strong><br \/>\n<em>Arcebispo de S\u00e3o Lu\u00eds do Maranh\u00e3o<\/em><br \/>\n<em>Presidente da CNBB em exerc\u00edcio<\/em><\/p>\n<p style=\"padding-left: 40px;\"><strong>Dom Sergio Arthur Braschi<\/strong><br \/>\n<em>Bispo de Ponta Grossa<\/em><br \/>\n<em>Vice-Presidente da CNBB em exerc\u00edcio<\/em><\/p>\n<p style=\"padding-left: 40px;\"><strong>Dom Leonardo Ulrich Steiner<\/strong><br \/>\n<em>Bispo Auxiliar de Bras\u00edlia<\/em><br \/>\n<em>Secret\u00e1rio Geral da CNBB<\/em><\/p>\n","protected":false},"excerpt":{"rendered":"<p>Vida Crist\u00e3<\/p>\n","protected":false},"author":1,"featured_media":216731,"comment_status":"closed","ping_status":"open","sticky":false,"template":"","format":"standard","meta":[],"categories":[1],"tags":[],"acf":[],"yoast_head":"<!-- This site is optimized with the Yoast SEO plugin v19.2 - https:\/\/yoast.com\/wordpress\/plugins\/seo\/ -->\n<title>Nota da CNBB sobre a redu\u00e7\u00e3o da maioridade penal - Not\u00edcias - Franciscanos<\/title>\n<meta name=\"robots\" content=\"index, follow, max-snippet:-1, max-image-preview:large, max-video-preview:-1\" \/>\n<link rel=\"canonical\" href=\"https:\/\/franciscanos.org.br\/noticias\/nota-da-cnbb-sobre-a-reducao-da-maioridade-penal.html\" \/>\n<meta property=\"og:locale\" content=\"pt_BR\" \/>\n<meta property=\"og:type\" content=\"article\" \/>\n<meta property=\"og:title\" content=\"Nota da CNBB sobre a redu\u00e7\u00e3o da maioridade penal - Not\u00edcias - Franciscanos\" \/>\n<meta property=\"og:description\" content=\"Vida Crist\u00e3\" \/>\n<meta property=\"og:url\" content=\"https:\/\/franciscanos.org.br\/noticias\/nota-da-cnbb-sobre-a-reducao-da-maioridade-penal.html\" \/>\n<meta property=\"og:site_name\" content=\"Not\u00edcias - Franciscanos\" \/>\n<meta property=\"article:published_time\" content=\"2013-05-17T10:40:41+00:00\" \/>\n<meta property=\"article:modified_time\" content=\"2020-01-28T16:17:52+00:00\" \/>\n<meta property=\"og:image\" content=\"https:\/\/franciscanos.org.br\/noticias\/wp-content\/uploads\/2013\/05\/cnbb.jpg\" \/>\n\t<meta property=\"og:image:width\" content=\"273\" \/>\n\t<meta property=\"og:image:height\" content=\"181\" \/>\n\t<meta property=\"og:image:type\" content=\"image\/jpeg\" \/>\n<meta name=\"author\" content=\"admin\" \/>\n<meta name=\"twitter:card\" content=\"summary_large_image\" \/>\n<meta name=\"twitter:label1\" content=\"Escrito por\" \/>\n\t<meta name=\"twitter:data1\" content=\"admin\" \/>\n\t<meta name=\"twitter:label2\" content=\"Est. tempo de leitura\" \/>\n\t<meta name=\"twitter:data2\" content=\"5 minutos\" \/>\n<script type=\"application\/ld+json\" class=\"yoast-schema-graph\">{\"@context\":\"https:\/\/schema.org\",\"@graph\":[{\"@type\":\"WebSite\",\"@id\":\"https:\/\/franciscanos.org.br\/noticias\/#website\",\"url\":\"https:\/\/franciscanos.org.br\/noticias\/\",\"name\":\"Not\u00edcias - Franciscanos\",\"description\":\"Prov\u00edncia Franciscana da Imaculada Concei\u00e7\u00e3o do Brasil - Ordem dos Frades Menores - OFM\",\"potentialAction\":[{\"@type\":\"SearchAction\",\"target\":{\"@type\":\"EntryPoint\",\"urlTemplate\":\"https:\/\/franciscanos.org.br\/noticias\/?s={search_term_string}\"},\"query-input\":\"required name=search_term_string\"}],\"inLanguage\":\"pt-BR\"},{\"@type\":\"ImageObject\",\"inLanguage\":\"pt-BR\",\"@id\":\"https:\/\/franciscanos.org.br\/noticias\/nota-da-cnbb-sobre-a-reducao-da-maioridade-penal.html#primaryimage\",\"url\":\"https:\/\/franciscanos.org.br\/noticias\/wp-content\/uploads\/2013\/05\/cnbb.jpg\",\"contentUrl\":\"https:\/\/franciscanos.org.br\/noticias\/wp-content\/uploads\/2013\/05\/cnbb.jpg\",\"width\":273,\"height\":181},{\"@type\":\"WebPage\",\"@id\":\"https:\/\/franciscanos.org.br\/noticias\/nota-da-cnbb-sobre-a-reducao-da-maioridade-penal.html#webpage\",\"url\":\"https:\/\/franciscanos.org.br\/noticias\/nota-da-cnbb-sobre-a-reducao-da-maioridade-penal.html\",\"name\":\"Nota da CNBB sobre a redu\u00e7\u00e3o da maioridade penal - Not\u00edcias - Franciscanos\",\"isPartOf\":{\"@id\":\"https:\/\/franciscanos.org.br\/noticias\/#website\"},\"primaryImageOfPage\":{\"@id\":\"https:\/\/franciscanos.org.br\/noticias\/nota-da-cnbb-sobre-a-reducao-da-maioridade-penal.html#primaryimage\"},\"datePublished\":\"2013-05-17T10:40:41+00:00\",\"dateModified\":\"2020-01-28T16:17:52+00:00\",\"author\":{\"@id\":\"https:\/\/franciscanos.org.br\/noticias\/#\/schema\/person\/b38fbf43118f02820bd932f2e4b14ad3\"},\"breadcrumb\":{\"@id\":\"https:\/\/franciscanos.org.br\/noticias\/nota-da-cnbb-sobre-a-reducao-da-maioridade-penal.html#breadcrumb\"},\"inLanguage\":\"pt-BR\",\"potentialAction\":[{\"@type\":\"ReadAction\",\"target\":[\"https:\/\/franciscanos.org.br\/noticias\/nota-da-cnbb-sobre-a-reducao-da-maioridade-penal.html\"]}]},{\"@type\":\"BreadcrumbList\",\"@id\":\"https:\/\/franciscanos.org.br\/noticias\/nota-da-cnbb-sobre-a-reducao-da-maioridade-penal.html#breadcrumb\",\"itemListElement\":[{\"@type\":\"ListItem\",\"position\":1,\"name\":\"Home\",\"item\":\"https:\/\/franciscanos.org.br\/noticias\"},{\"@type\":\"ListItem\",\"position\":2,\"name\":\"Nota da CNBB sobre a redu\u00e7\u00e3o da maioridade penal\"}]},{\"@type\":\"Person\",\"@id\":\"https:\/\/franciscanos.org.br\/noticias\/#\/schema\/person\/b38fbf43118f02820bd932f2e4b14ad3\",\"name\":\"admin\",\"image\":{\"@type\":\"ImageObject\",\"inLanguage\":\"pt-BR\",\"@id\":\"https:\/\/franciscanos.org.br\/noticias\/#\/schema\/person\/image\/\",\"url\":\"https:\/\/secure.gravatar.com\/avatar\/e8495742d34d0ba6448ea1c628263b3e?s=96&d=mm&r=g\",\"contentUrl\":\"https:\/\/secure.gravatar.com\/avatar\/e8495742d34d0ba6448ea1c628263b3e?s=96&d=mm&r=g\",\"caption\":\"admin\"},\"url\":\"https:\/\/franciscanos.org.br\/noticias\/author\/admin\"}]}<\/script>\n<!-- \/ Yoast SEO plugin. -->","yoast_head_json":{"title":"Nota da CNBB sobre a redu\u00e7\u00e3o da maioridade penal - Not\u00edcias - Franciscanos","robots":{"index":"index","follow":"follow","max-snippet":"max-snippet:-1","max-image-preview":"max-image-preview:large","max-video-preview":"max-video-preview:-1"},"canonical":"https:\/\/franciscanos.org.br\/noticias\/nota-da-cnbb-sobre-a-reducao-da-maioridade-penal.html","og_locale":"pt_BR","og_type":"article","og_title":"Nota da CNBB sobre a redu\u00e7\u00e3o da maioridade penal - Not\u00edcias - Franciscanos","og_description":"Vida Crist\u00e3","og_url":"https:\/\/franciscanos.org.br\/noticias\/nota-da-cnbb-sobre-a-reducao-da-maioridade-penal.html","og_site_name":"Not\u00edcias - Franciscanos","article_published_time":"2013-05-17T10:40:41+00:00","article_modified_time":"2020-01-28T16:17:52+00:00","og_image":[{"width":273,"height":181,"url":"https:\/\/franciscanos.org.br\/noticias\/wp-content\/uploads\/2013\/05\/cnbb.jpg","type":"image\/jpeg"}],"author":"admin","twitter_card":"summary_large_image","twitter_misc":{"Escrito por":"admin","Est. tempo de leitura":"5 minutos"},"schema":{"@context":"https:\/\/schema.org","@graph":[{"@type":"WebSite","@id":"https:\/\/franciscanos.org.br\/noticias\/#website","url":"https:\/\/franciscanos.org.br\/noticias\/","name":"Not\u00edcias - Franciscanos","description":"Prov\u00edncia Franciscana da Imaculada Concei\u00e7\u00e3o do Brasil - Ordem dos Frades Menores - OFM","potentialAction":[{"@type":"SearchAction","target":{"@type":"EntryPoint","urlTemplate":"https:\/\/franciscanos.org.br\/noticias\/?s={search_term_string}"},"query-input":"required name=search_term_string"}],"inLanguage":"pt-BR"},{"@type":"ImageObject","inLanguage":"pt-BR","@id":"https:\/\/franciscanos.org.br\/noticias\/nota-da-cnbb-sobre-a-reducao-da-maioridade-penal.html#primaryimage","url":"https:\/\/franciscanos.org.br\/noticias\/wp-content\/uploads\/2013\/05\/cnbb.jpg","contentUrl":"https:\/\/franciscanos.org.br\/noticias\/wp-content\/uploads\/2013\/05\/cnbb.jpg","width":273,"height":181},{"@type":"WebPage","@id":"https:\/\/franciscanos.org.br\/noticias\/nota-da-cnbb-sobre-a-reducao-da-maioridade-penal.html#webpage","url":"https:\/\/franciscanos.org.br\/noticias\/nota-da-cnbb-sobre-a-reducao-da-maioridade-penal.html","name":"Nota da CNBB sobre a redu\u00e7\u00e3o da maioridade penal - Not\u00edcias - Franciscanos","isPartOf":{"@id":"https:\/\/franciscanos.org.br\/noticias\/#website"},"primaryImageOfPage":{"@id":"https:\/\/franciscanos.org.br\/noticias\/nota-da-cnbb-sobre-a-reducao-da-maioridade-penal.html#primaryimage"},"datePublished":"2013-05-17T10:40:41+00:00","dateModified":"2020-01-28T16:17:52+00:00","author":{"@id":"https:\/\/franciscanos.org.br\/noticias\/#\/schema\/person\/b38fbf43118f02820bd932f2e4b14ad3"},"breadcrumb":{"@id":"https:\/\/franciscanos.org.br\/noticias\/nota-da-cnbb-sobre-a-reducao-da-maioridade-penal.html#breadcrumb"},"inLanguage":"pt-BR","potentialAction":[{"@type":"ReadAction","target":["https:\/\/franciscanos.org.br\/noticias\/nota-da-cnbb-sobre-a-reducao-da-maioridade-penal.html"]}]},{"@type":"BreadcrumbList","@id":"https:\/\/franciscanos.org.br\/noticias\/nota-da-cnbb-sobre-a-reducao-da-maioridade-penal.html#breadcrumb","itemListElement":[{"@type":"ListItem","position":1,"name":"Home","item":"https:\/\/franciscanos.org.br\/noticias"},{"@type":"ListItem","position":2,"name":"Nota da CNBB sobre a redu\u00e7\u00e3o da maioridade penal"}]},{"@type":"Person","@id":"https:\/\/franciscanos.org.br\/noticias\/#\/schema\/person\/b38fbf43118f02820bd932f2e4b14ad3","name":"admin","image":{"@type":"ImageObject","inLanguage":"pt-BR","@id":"https:\/\/franciscanos.org.br\/noticias\/#\/schema\/person\/image\/","url":"https:\/\/secure.gravatar.com\/avatar\/e8495742d34d0ba6448ea1c628263b3e?s=96&d=mm&r=g","contentUrl":"https:\/\/secure.gravatar.com\/avatar\/e8495742d34d0ba6448ea1c628263b3e?s=96&d=mm&r=g","caption":"admin"},"url":"https:\/\/franciscanos.org.br\/noticias\/author\/admin"}]}},"_links":{"self":[{"href":"https:\/\/franciscanos.org.br\/noticias\/wp-json\/wp\/v2\/posts\/38261"}],"collection":[{"href":"https:\/\/franciscanos.org.br\/noticias\/wp-json\/wp\/v2\/posts"}],"about":[{"href":"https:\/\/franciscanos.org.br\/noticias\/wp-json\/wp\/v2\/types\/post"}],"author":[{"embeddable":true,"href":"https:\/\/franciscanos.org.br\/noticias\/wp-json\/wp\/v2\/users\/1"}],"replies":[{"embeddable":true,"href":"https:\/\/franciscanos.org.br\/noticias\/wp-json\/wp\/v2\/comments?post=38261"}],"version-history":[{"count":0,"href":"https:\/\/franciscanos.org.br\/noticias\/wp-json\/wp\/v2\/posts\/38261\/revisions"}],"wp:featuredmedia":[{"embeddable":true,"href":"https:\/\/franciscanos.org.br\/noticias\/wp-json\/wp\/v2\/media\/216731"}],"wp:attachment":[{"href":"https:\/\/franciscanos.org.br\/noticias\/wp-json\/wp\/v2\/media?parent=38261"}],"wp:term":[{"taxonomy":"category","embeddable":true,"href":"https:\/\/franciscanos.org.br\/noticias\/wp-json\/wp\/v2\/categories?post=38261"},{"taxonomy":"post_tag","embeddable":true,"href":"https:\/\/franciscanos.org.br\/noticias\/wp-json\/wp\/v2\/tags?post=38261"}],"curies":[{"name":"wp","href":"https:\/\/api.w.org\/{rel}","templated":true}]}}