{"id":37948,"date":"2013-05-20T01:10:01","date_gmt":"2013-05-20T04:10:01","guid":{"rendered":"http:\/\/new.franciscanos.org.br\/?p=37948"},"modified":"2020-01-28T13:26:15","modified_gmt":"2020-01-28T16:26:15","slug":"novo-ministro-geral-sera-eleito-dia-22","status":"publish","type":"post","link":"https:\/\/franciscanos.org.br\/noticias\/novo-ministro-geral-sera-eleito-dia-22.html","title":{"rendered":"Ministro Geral ser\u00e1 eleito nesta quarta-feira"},"content":{"rendered":"<p><img loading=\"lazy\" src=\"http:\/\/franciscanos.org.br\/wp-content\/uploads\/2013\/05\/ofm.jpg\" alt=\"ofm\" width=\"830\" height=\"300\" \/><\/p>\n<table border=\"0\" width=\"450\" cellspacing=\"5\" cellpadding=\"1\" align=\"right\">\n<tbody>\n<tr>\n<td>\n<table border=\"0\" width=\"450\" cellspacing=\"1\" cellpadding=\"1\">\n<tbody>\n<tr>\n<td bgcolor=\"#CCCCCC\"><img loading=\"lazy\" src=\"http:\/\/franciscanos.org.br\/wp-content\/uploads\/2013\/05\/papa1.jpg\" alt=\"papa\" width=\"450\" height=\"216\" \/><\/td>\n<\/tr>\n<tr>\n<td bgcolor=\"#CCCCCC\"><strong>Constitui\u00e7\u00f5es Gerais \u2013 Artigo 201, par\u00e1grafo 1\u00ba<\/strong><\/td>\n<\/tr>\n<tr>\n<td bgcolor=\"#CCCCCC\">Se o cargo de Ministro Geral vagar fora do Cap\u00edtulo, antes da festa de Pentecostes do ano que precede ao Cap\u00edtulo Geral, a elei\u00e7\u00e3o do novo Ministro Geral, para completar o sex\u00eanio, ser\u00e1 feita pelos presidentes e vice-presidentes das Confer\u00eancias de Ministros Provinciais, junto com o Definit\u00f3rio Geral, convocado pelo Vig\u00e1rio Geral, e reunidos colegialmente dentro de dois meses a contar da vac\u00e2ncia.<\/td>\n<\/tr>\n<\/tbody>\n<\/table>\n<\/td>\n<\/tr>\n<\/tbody>\n<\/table>\n<p><strong>Por Moacir Beggo<\/strong><\/p>\n<p>A Ordem dos Frades Menores ter\u00e1 um novo Ministro Geral no pr\u00f3ximo dia 22 de maio. Ele se tornar\u00e1 o 120\u00ba sucessor de S\u00e3o Francisco de Assis, j\u00e1 que o Ministro Geral Frei Jos\u00e9 Rodr\u00edguez Carballo foi nomeado pelo Papa Francisco secret\u00e1rio da Congrega\u00e7\u00e3o para os Institutos de Vida Consagrada e Sociedades de Vida Apost\u00f3lica.<\/p>\n<p>A convoca\u00e7\u00e3o para elei\u00e7\u00e3o foi feita pelo Vig\u00e1rio Geral Frei Michael Perry, que responde pela Ordem at\u00e9 a elei\u00e7\u00e3o do novo Geral. O Ministro Provincial Frei Fid\u00eancio Vanboemmel, como vice-presidente da Confer\u00eancia Brasileira dos Frades Menores,\u00a0participa da elei\u00e7\u00e3o e fala de sua expectativa para esta elei\u00e7\u00e3o: &#8220;Vamos eleger um irm\u00e3o da Ordem que termine o mandato do atual Governo da Ordem que vai at\u00e9 Pentecostes de 2015. Nesse sentido, penso ser de fundamental import\u00e2ncia que este Irm\u00e3o Ministro, que ser\u00e1 eleito no dia 22 de maio, d\u00ea continuidade \u00e0s decis\u00f5es e proposi\u00e7\u00f5es do \u00faltimo Cap\u00edtulo Geral\u00a0 (\u201cPortadores do Dom do Evangelho\u201d) e tamb\u00e9m que, a partir do pr\u00f3ximo Conselho Plen\u00e1rio da Ordem, que ser\u00e1 em novembro de 2013, na Pol\u00f4nia, inicie o processo de prepara\u00e7\u00e3o ao Cap\u00edtulo Geral de 2015&#8221;, explica o Ministro Provincial. No dia 21, os frades votantes estar\u00e3o reunidos em retiro.<\/p>\n<p>Para Frei Fid\u00eancio, o momento n\u00e3o poderia ser mais provocador para a Ordem: &#8220;Que este Ministro entusiasme todos os irm\u00e3os da Ordem a viverem com alegria a voca\u00e7\u00e3o franciscana e a miss\u00e3o evangelizadora da Ordem, na Igreja e no mundo. Muito nos orgulhamos com o nome do atual Papa: Francisco! Penso que todos n\u00f3s, Frades Menores, em sintonia com o novo Ministro Geral, estamos sendo provocados pelo Papa a dar maior visibilidade ao nosso Carisma e Miss\u00e3o no mundo de hoje&#8221;.<\/p>\n<table border=\"0\" width=\"450\" cellspacing=\"6\" cellpadding=\"5\" align=\"right\">\n<tbody>\n<tr>\n<td bgcolor=\"#FFFFFF\">\n<table border=\"0\" width=\"450\" cellspacing=\"1\" cellpadding=\"1\">\n<tbody>\n<tr>\n<td bgcolor=\"#FFFFFF\"><strong>Ora\u00e7\u00e3o para o discernimento e a elei\u00e7\u00e3o do novo Ministro Geral<\/strong><\/td>\n<\/tr>\n<tr>\n<td bgcolor=\"#FFFFFF\"><em>Senhor Jesus Cristo, que nos chamaste, como S\u00e3o Francisco de Assis, a viver o Evangelho em fraternidade, na miss\u00e3o e no servi\u00e7o aos pobres e aos marginalizados, em comunh\u00e3o com a Igreja, te pedimos que infundas o teu Esp\u00edrito sobre aquele que, seguindo o teu exemplo, dedique a sua vida no servi\u00e7o de Ministro Geral da Ordem, com zelo e segundo o teu cora\u00e7\u00e3o, e como sinal de vida doada no amor.<\/em><br \/>\n<em>Agradecemos-te pelo irm\u00e3o Jos\u00e9, nosso ex-Ministro Geral, pelo seu fiel servi\u00e7o \u00e0 Ordem dos Frades Menores, \u00e0 Igreja e ao mundo. Pedimos-te que d\u00eas a ele a gra\u00e7a necess\u00e1ria para desenvolver o seu novo minist\u00e9rio apost\u00f3lico.<\/em><br \/>\n<em>Pedimos-te, Senhor Jesus, em uni\u00e3o com o Pai, que infundas o Esp\u00edrito Santo sobre a Ordem dos Frades Menores, particularmente neste per\u00edodo de elei\u00e7\u00e3o do novo Ministro Geral. Acompanha com a tua divina sabedoria e intelig\u00eancia o discernimento e as decis\u00f5es da fraternidade.<\/em><br \/>\n<em><span style=\"line-height: 19px;\">Sant\u00edssima Trindade, concede ao novo Ministro Geral, que j\u00e1 escolheste, santidade e for\u00e7a para que desempenhe com dedica\u00e7\u00e3o o seu minist\u00e9rio e a sua miss\u00e3o. A tua Palavra reine soberana na sua vida, e com suas palavras e a\u00e7\u00f5es, possa orientar a Ordem a Ti, que \u00e9s o Bem, todo Bem, o sumo Bem.<\/span><\/em><br \/>\n<em>Continua a aben\u00e7oar e a guiar a Ordem dos Frades Menores, para que todos possamos cumprir teu santo e verdadeiro mandamento.<\/em><br \/>\n<em>A Bem-aventurada Virgem Maria, M\u00e3e de Deus, interceda por n\u00f3s agora e nos s\u00e9culos dos s\u00e9culos. Am\u00e9m.<\/em><\/td>\n<\/tr>\n<\/tbody>\n<\/table>\n<\/td>\n<\/tr>\n<\/tbody>\n<\/table>\n<p>A Confer\u00eancia Brasileira tem como presidente Frei Jo\u00e3o In\u00e1cio M\u00fcller, Provincial da Prov\u00edncia S\u00e3o Francisco de Assis, no Rio Grande do Sul, que tamb\u00e9m participa da elei\u00e7\u00e3o. Al\u00e9m da Confer\u00eancia Brasileira, mais treze Confer\u00eancias estar\u00e3o representadas al\u00e9m da Cust\u00f3dia da Terra Santa, a saber: Confer\u00eancia Italiana, Hispano-lusitana, Transalpina, Cone Sul, Bolivariana, \u00c1sia Oriental, \u00c1sia Meridional, Austr\u00e1lia e Oceania, Anglof\u00f4nica, Africana, M\u00e9xico e Am\u00e9rica Central, pa\u00edses Esl\u00e1vicos do Sul e pa\u00edses Esl\u00e1vicos do Norte.<\/p>\n<p>A Ordem dos Frades Menores est\u00e1 presente em 110 pa\u00edses, organizada em 103 prov\u00edncias, 8 cust\u00f3dias aut\u00f4nomas, 14 cust\u00f3dias dependentes, 1 Federa\u00e7\u00e3o e 20 Funda\u00e7\u00f5es. As Prov\u00edncias e Cust\u00f3dias Aut\u00f4nomas s\u00e3o governadas, respectivamente, pelo Ministro Provincial e seu Definit\u00f3rio ou pelo Cust\u00f3dio e seu Conselho, eleitos pelo Cap\u00edtulo Provincial ou Custodial. As Prov\u00edncias de uma ou mais \u00e1reas geogr\u00e1ficas formam uma Confer\u00eancia. Na Ordem dos Frades Menores as Confer\u00eancias de Ministro Provinciais somam 14.<\/p>\n<p>A Ordem dos Frades Menores est\u00e1 constitu\u00edda por cerca de 15 mil frades que, incorporados nas Prov\u00edncias e nas Cust\u00f3dias, s\u00e3o governados pelo Ministro Geral com seu Definit\u00f3rio (Conselho). A Regra dos Frades Menores, confirmada pelo Papa Hon\u00f3rio III (1223), \u00e9 o fundamento da vida e da legisla\u00e7\u00e3o da Ordem.<\/p>\n<p>Frei Jos\u00e9 Carballo\u00a0 foi eleito Ministro Geral no dia 5 de junho de 2003 e, em 4 de junho de 2009, foi reeleito para mais seis anos. Ele foi nomeado pelo Papa Francisco para o novo cargo no dia 6 de abril \u00faltimo. Frei Jos\u00e9 ser\u00e1 ordenado arcebispo no dia 18 de maio, v\u00e9spera de Pentecostes. Espanhol, ele ser\u00e1 ordenado pelo Secret\u00e1rio de Estado do Vaticano, Tarc\u00edsio Bertone, no santu\u00e1rio de Santiago de Compostela, na Espanha.<\/p>\n","protected":false},"excerpt":{"rendered":"<p>A Ordem dos Frades Menores ter\u00e1 um novo Ministro Geral no pr\u00f3ximo dia 22 de maio. A convoca\u00e7\u00e3o para elei\u00e7\u00e3o foi feita pelo Vig\u00e1rio Geral Frei Michael Perry (foto), que responde pela Ordem at\u00e9 a elei\u00e7\u00e3o do novo Geral. Frei Fid\u00eancio Vanboemmel participa da elei\u00e7\u00e3o.<\/p>\n","protected":false},"author":1,"featured_media":216736,"comment_status":"closed","ping_status":"open","sticky":false,"template":"","format":"standard","meta":[],"categories":[1],"tags":[184,397],"acf":[],"yoast_head":"<!-- This site is optimized with the Yoast SEO plugin v19.2 - https:\/\/yoast.com\/wordpress\/plugins\/seo\/ -->\n<title>Ministro Geral ser\u00e1 eleito nesta quarta-feira - Not\u00edcias - Franciscanos<\/title>\n<meta name=\"robots\" content=\"index, follow, max-snippet:-1, max-image-preview:large, max-video-preview:-1\" \/>\n<link rel=\"canonical\" href=\"https:\/\/franciscanos.org.br\/noticias\/novo-ministro-geral-sera-eleito-dia-22.html\" \/>\n<meta property=\"og:locale\" content=\"pt_BR\" \/>\n<meta property=\"og:type\" content=\"article\" \/>\n<meta property=\"og:title\" content=\"Ministro Geral ser\u00e1 eleito nesta quarta-feira - Not\u00edcias - Franciscanos\" \/>\n<meta property=\"og:description\" content=\"A Ordem dos Frades Menores ter\u00e1 um novo Ministro Geral no pr\u00f3ximo dia 22 de maio. A convoca\u00e7\u00e3o para elei\u00e7\u00e3o foi feita pelo Vig\u00e1rio Geral Frei Michael Perry (foto), que responde pela Ordem at\u00e9 a elei\u00e7\u00e3o do novo Geral. Frei Fid\u00eancio Vanboemmel participa da elei\u00e7\u00e3o.\" \/>\n<meta property=\"og:url\" content=\"https:\/\/franciscanos.org.br\/noticias\/novo-ministro-geral-sera-eleito-dia-22.html\" \/>\n<meta property=\"og:site_name\" content=\"Not\u00edcias - Franciscanos\" \/>\n<meta property=\"article:published_time\" content=\"2013-05-20T04:10:01+00:00\" \/>\n<meta property=\"article:modified_time\" content=\"2020-01-28T16:26:15+00:00\" \/>\n<meta property=\"og:image\" content=\"https:\/\/franciscanos.org.br\/noticias\/wp-content\/uploads\/2013\/05\/ofm-1.jpg\" \/>\n\t<meta property=\"og:image:width\" content=\"273\" \/>\n\t<meta property=\"og:image:height\" content=\"182\" \/>\n\t<meta property=\"og:image:type\" content=\"image\/jpeg\" \/>\n<meta name=\"author\" content=\"admin\" \/>\n<meta name=\"twitter:card\" content=\"summary_large_image\" \/>\n<meta name=\"twitter:label1\" content=\"Escrito por\" \/>\n\t<meta name=\"twitter:data1\" content=\"admin\" \/>\n\t<meta name=\"twitter:label2\" content=\"Est. tempo de leitura\" \/>\n\t<meta name=\"twitter:data2\" content=\"5 minutos\" \/>\n<script type=\"application\/ld+json\" class=\"yoast-schema-graph\">{\"@context\":\"https:\/\/schema.org\",\"@graph\":[{\"@type\":\"WebSite\",\"@id\":\"https:\/\/franciscanos.org.br\/noticias\/#website\",\"url\":\"https:\/\/franciscanos.org.br\/noticias\/\",\"name\":\"Not\u00edcias - Franciscanos\",\"description\":\"Prov\u00edncia Franciscana da Imaculada Concei\u00e7\u00e3o do Brasil - Ordem dos Frades Menores - OFM\",\"potentialAction\":[{\"@type\":\"SearchAction\",\"target\":{\"@type\":\"EntryPoint\",\"urlTemplate\":\"https:\/\/franciscanos.org.br\/noticias\/?s={search_term_string}\"},\"query-input\":\"required name=search_term_string\"}],\"inLanguage\":\"pt-BR\"},{\"@type\":\"ImageObject\",\"inLanguage\":\"pt-BR\",\"@id\":\"https:\/\/franciscanos.org.br\/noticias\/novo-ministro-geral-sera-eleito-dia-22.html#primaryimage\",\"url\":\"https:\/\/franciscanos.org.br\/noticias\/wp-content\/uploads\/2013\/05\/ofm-1.jpg\",\"contentUrl\":\"https:\/\/franciscanos.org.br\/noticias\/wp-content\/uploads\/2013\/05\/ofm-1.jpg\",\"width\":273,\"height\":182},{\"@type\":\"WebPage\",\"@id\":\"https:\/\/franciscanos.org.br\/noticias\/novo-ministro-geral-sera-eleito-dia-22.html#webpage\",\"url\":\"https:\/\/franciscanos.org.br\/noticias\/novo-ministro-geral-sera-eleito-dia-22.html\",\"name\":\"Ministro Geral ser\u00e1 eleito nesta quarta-feira - Not\u00edcias - Franciscanos\",\"isPartOf\":{\"@id\":\"https:\/\/franciscanos.org.br\/noticias\/#website\"},\"primaryImageOfPage\":{\"@id\":\"https:\/\/franciscanos.org.br\/noticias\/novo-ministro-geral-sera-eleito-dia-22.html#primaryimage\"},\"datePublished\":\"2013-05-20T04:10:01+00:00\",\"dateModified\":\"2020-01-28T16:26:15+00:00\",\"author\":{\"@id\":\"https:\/\/franciscanos.org.br\/noticias\/#\/schema\/person\/b38fbf43118f02820bd932f2e4b14ad3\"},\"breadcrumb\":{\"@id\":\"https:\/\/franciscanos.org.br\/noticias\/novo-ministro-geral-sera-eleito-dia-22.html#breadcrumb\"},\"inLanguage\":\"pt-BR\",\"potentialAction\":[{\"@type\":\"ReadAction\",\"target\":[\"https:\/\/franciscanos.org.br\/noticias\/novo-ministro-geral-sera-eleito-dia-22.html\"]}]},{\"@type\":\"BreadcrumbList\",\"@id\":\"https:\/\/franciscanos.org.br\/noticias\/novo-ministro-geral-sera-eleito-dia-22.html#breadcrumb\",\"itemListElement\":[{\"@type\":\"ListItem\",\"position\":1,\"name\":\"Home\",\"item\":\"https:\/\/franciscanos.org.br\/noticias\"},{\"@type\":\"ListItem\",\"position\":2,\"name\":\"Ministro Geral ser\u00e1 eleito nesta quarta-feira\"}]},{\"@type\":\"Person\",\"@id\":\"https:\/\/franciscanos.org.br\/noticias\/#\/schema\/person\/b38fbf43118f02820bd932f2e4b14ad3\",\"name\":\"admin\",\"image\":{\"@type\":\"ImageObject\",\"inLanguage\":\"pt-BR\",\"@id\":\"https:\/\/franciscanos.org.br\/noticias\/#\/schema\/person\/image\/\",\"url\":\"https:\/\/secure.gravatar.com\/avatar\/e8495742d34d0ba6448ea1c628263b3e?s=96&d=mm&r=g\",\"contentUrl\":\"https:\/\/secure.gravatar.com\/avatar\/e8495742d34d0ba6448ea1c628263b3e?s=96&d=mm&r=g\",\"caption\":\"admin\"},\"url\":\"https:\/\/franciscanos.org.br\/noticias\/author\/admin\"}]}<\/script>\n<!-- \/ Yoast SEO plugin. -->","yoast_head_json":{"title":"Ministro Geral ser\u00e1 eleito nesta quarta-feira - Not\u00edcias - Franciscanos","robots":{"index":"index","follow":"follow","max-snippet":"max-snippet:-1","max-image-preview":"max-image-preview:large","max-video-preview":"max-video-preview:-1"},"canonical":"https:\/\/franciscanos.org.br\/noticias\/novo-ministro-geral-sera-eleito-dia-22.html","og_locale":"pt_BR","og_type":"article","og_title":"Ministro Geral ser\u00e1 eleito nesta quarta-feira - Not\u00edcias - Franciscanos","og_description":"A Ordem dos Frades Menores ter\u00e1 um novo Ministro Geral no pr\u00f3ximo dia 22 de maio. A convoca\u00e7\u00e3o para elei\u00e7\u00e3o foi feita pelo Vig\u00e1rio Geral Frei Michael Perry (foto), que responde pela Ordem at\u00e9 a elei\u00e7\u00e3o do novo Geral. Frei Fid\u00eancio Vanboemmel participa da elei\u00e7\u00e3o.","og_url":"https:\/\/franciscanos.org.br\/noticias\/novo-ministro-geral-sera-eleito-dia-22.html","og_site_name":"Not\u00edcias - Franciscanos","article_published_time":"2013-05-20T04:10:01+00:00","article_modified_time":"2020-01-28T16:26:15+00:00","og_image":[{"width":273,"height":182,"url":"https:\/\/franciscanos.org.br\/noticias\/wp-content\/uploads\/2013\/05\/ofm-1.jpg","type":"image\/jpeg"}],"author":"admin","twitter_card":"summary_large_image","twitter_misc":{"Escrito por":"admin","Est. tempo de leitura":"5 minutos"},"schema":{"@context":"https:\/\/schema.org","@graph":[{"@type":"WebSite","@id":"https:\/\/franciscanos.org.br\/noticias\/#website","url":"https:\/\/franciscanos.org.br\/noticias\/","name":"Not\u00edcias - Franciscanos","description":"Prov\u00edncia Franciscana da Imaculada Concei\u00e7\u00e3o do Brasil - Ordem dos Frades Menores - OFM","potentialAction":[{"@type":"SearchAction","target":{"@type":"EntryPoint","urlTemplate":"https:\/\/franciscanos.org.br\/noticias\/?s={search_term_string}"},"query-input":"required name=search_term_string"}],"inLanguage":"pt-BR"},{"@type":"ImageObject","inLanguage":"pt-BR","@id":"https:\/\/franciscanos.org.br\/noticias\/novo-ministro-geral-sera-eleito-dia-22.html#primaryimage","url":"https:\/\/franciscanos.org.br\/noticias\/wp-content\/uploads\/2013\/05\/ofm-1.jpg","contentUrl":"https:\/\/franciscanos.org.br\/noticias\/wp-content\/uploads\/2013\/05\/ofm-1.jpg","width":273,"height":182},{"@type":"WebPage","@id":"https:\/\/franciscanos.org.br\/noticias\/novo-ministro-geral-sera-eleito-dia-22.html#webpage","url":"https:\/\/franciscanos.org.br\/noticias\/novo-ministro-geral-sera-eleito-dia-22.html","name":"Ministro Geral ser\u00e1 eleito nesta quarta-feira - Not\u00edcias - Franciscanos","isPartOf":{"@id":"https:\/\/franciscanos.org.br\/noticias\/#website"},"primaryImageOfPage":{"@id":"https:\/\/franciscanos.org.br\/noticias\/novo-ministro-geral-sera-eleito-dia-22.html#primaryimage"},"datePublished":"2013-05-20T04:10:01+00:00","dateModified":"2020-01-28T16:26:15+00:00","author":{"@id":"https:\/\/franciscanos.org.br\/noticias\/#\/schema\/person\/b38fbf43118f02820bd932f2e4b14ad3"},"breadcrumb":{"@id":"https:\/\/franciscanos.org.br\/noticias\/novo-ministro-geral-sera-eleito-dia-22.html#breadcrumb"},"inLanguage":"pt-BR","potentialAction":[{"@type":"ReadAction","target":["https:\/\/franciscanos.org.br\/noticias\/novo-ministro-geral-sera-eleito-dia-22.html"]}]},{"@type":"BreadcrumbList","@id":"https:\/\/franciscanos.org.br\/noticias\/novo-ministro-geral-sera-eleito-dia-22.html#breadcrumb","itemListElement":[{"@type":"ListItem","position":1,"name":"Home","item":"https:\/\/franciscanos.org.br\/noticias"},{"@type":"ListItem","position":2,"name":"Ministro Geral ser\u00e1 eleito nesta quarta-feira"}]},{"@type":"Person","@id":"https:\/\/franciscanos.org.br\/noticias\/#\/schema\/person\/b38fbf43118f02820bd932f2e4b14ad3","name":"admin","image":{"@type":"ImageObject","inLanguage":"pt-BR","@id":"https:\/\/franciscanos.org.br\/noticias\/#\/schema\/person\/image\/","url":"https:\/\/secure.gravatar.com\/avatar\/e8495742d34d0ba6448ea1c628263b3e?s=96&d=mm&r=g","contentUrl":"https:\/\/secure.gravatar.com\/avatar\/e8495742d34d0ba6448ea1c628263b3e?s=96&d=mm&r=g","caption":"admin"},"url":"https:\/\/franciscanos.org.br\/noticias\/author\/admin"}]}},"_links":{"self":[{"href":"https:\/\/franciscanos.org.br\/noticias\/wp-json\/wp\/v2\/posts\/37948"}],"collection":[{"href":"https:\/\/franciscanos.org.br\/noticias\/wp-json\/wp\/v2\/posts"}],"about":[{"href":"https:\/\/franciscanos.org.br\/noticias\/wp-json\/wp\/v2\/types\/post"}],"author":[{"embeddable":true,"href":"https:\/\/franciscanos.org.br\/noticias\/wp-json\/wp\/v2\/users\/1"}],"replies":[{"embeddable":true,"href":"https:\/\/franciscanos.org.br\/noticias\/wp-json\/wp\/v2\/comments?post=37948"}],"version-history":[{"count":0,"href":"https:\/\/franciscanos.org.br\/noticias\/wp-json\/wp\/v2\/posts\/37948\/revisions"}],"wp:featuredmedia":[{"embeddable":true,"href":"https:\/\/franciscanos.org.br\/noticias\/wp-json\/wp\/v2\/media\/216736"}],"wp:attachment":[{"href":"https:\/\/franciscanos.org.br\/noticias\/wp-json\/wp\/v2\/media?parent=37948"}],"wp:term":[{"taxonomy":"category","embeddable":true,"href":"https:\/\/franciscanos.org.br\/noticias\/wp-json\/wp\/v2\/categories?post=37948"},{"taxonomy":"post_tag","embeddable":true,"href":"https:\/\/franciscanos.org.br\/noticias\/wp-json\/wp\/v2\/tags?post=37948"}],"curies":[{"name":"wp","href":"https:\/\/api.w.org\/{rel}","templated":true}]}}