{"id":37802,"date":"2013-05-08T12:46:33","date_gmt":"2013-05-08T15:46:33","guid":{"rendered":"http:\/\/new.franciscanos.org.br\/?p=37802"},"modified":"2021-07-05T20:05:24","modified_gmt":"2021-07-05T23:05:24","slug":"coral-vai-se-apresentar-no-festival-iguazu-en-concierto","status":"publish","type":"post","link":"https:\/\/franciscanos.org.br\/noticias\/coral-vai-se-apresentar-no-festival-iguazu-en-concierto.html","title":{"rendered":"Coral vai se apresentar no Festival &#8216;Iguazu en Concierto&#8217;"},"content":{"rendered":"<p><img loading=\"lazy\" src=\"http:\/\/franciscanos.org.br\/wp-content\/uploads\/2013\/05\/canarinhos.jpg\" alt=\"canarinhos\" width=\"830\" height=\"288\" \/><\/p>\n<p>O Instituto dos Meninos Cantores de Petr\u00f3polis ir\u00e1 participar do Festival Iguazu en Concierto, que ser\u00e1 realizado entre os dias 27 de maio e 1\u00ba de junho, na Argentina. O festival re\u00fane solistas, orquestras e corais infantojuvenis de pa\u00edses como Argentina, Angola, Brasil, EUA, Turquia, Equador, Fran\u00e7a e Paraguai, com solistas da Argentina, Austr\u00e1lia, Brasil e R\u00fassia.<\/p>\n<p>Ao todo, 34 coralistas do Coral dos Canarinhos de Petr\u00f3polis ir\u00e3o se apresentar. \u201cEste \u00e9 um festival multicultural. Para n\u00f3s, \u00e9 muito importante estar em contato com outros coros e grupos musicais, pois, dessa forma, a mente se abre para o mundo\u201d, declarou o maestro Marco Aur\u00e9lio Lischt. \u201cOs coralistas gostam muito de ter esse contato, que \u00e9 extremamente enriquecedor\u201d, completou.<\/p>\n<p>De acordo com Lischt, a apresenta\u00e7\u00e3o ter\u00e1 muita m\u00fasica brasileira, folcl\u00f3rica e popular, levando as tradi\u00e7\u00f5es brasileiras para o mundo. Durante os seis dias, 700 crian\u00e7as e jovens dos cinco continentes far\u00e3o m\u00fasica juntos, em um dos cen\u00e1rios naturais mais maravilhosos do mundo: as Cataratas do Igua\u00e7u.<\/p>\n<p>Para as apresenta\u00e7\u00f5es, os coralistas convocados se preparam, todos juntos, em aulas magistrais, com professores e solistas do Teatro\u00a0Col\u00f3n. Durante os ensaios, eles preparam o repert\u00f3rio final que interpretar\u00e3o em forma conjunta no grande concerto final, formando a denominada Grande Orquestra e Coral \u201cIgua\u00e7u em Concerto\u201d.<\/p>\n<p>Os concertos s\u00e3o gratuitos, e acontecem, sem interrup\u00e7\u00e3o durante os seis dias, nos melhores hot\u00e9is da regi\u00e3o, La Aripuca e o anfiteatro de Puerto Iguazu. O encerramento do festival \u00e9 marcado por um megaconcerto nos jardins do Sheraton Hotel, dentro do Parque Nacional, que re\u00fane orquestras, corais e solistas convocados em um \u00fanico palco.<\/p>\n<p>Cada orquestra, coral ou solista convocados s\u00e3o escolhidos por meio de uma sele\u00e7\u00e3o realizada pela Dire\u00e7\u00e3o Art\u00edstica do Iguazu en Concierto, a cargo de Andrea Merenzon, ganhadora do Latin Grammy 2005.<\/p>\n","protected":false},"excerpt":{"rendered":"<p>Canarinhos<\/p>\n","protected":false},"author":1,"featured_media":213188,"comment_status":"closed","ping_status":"open","sticky":false,"template":"","format":"standard","meta":[],"categories":[1],"tags":[1378],"acf":[],"yoast_head":"<!-- This site is optimized with the Yoast SEO plugin v19.2 - https:\/\/yoast.com\/wordpress\/plugins\/seo\/ -->\n<title>Coral vai se apresentar no Festival &#039;Iguazu en Concierto&#039; - Not\u00edcias - Franciscanos<\/title>\n<meta name=\"robots\" content=\"index, follow, max-snippet:-1, max-image-preview:large, max-video-preview:-1\" \/>\n<link rel=\"canonical\" href=\"https:\/\/franciscanos.org.br\/noticias\/coral-vai-se-apresentar-no-festival-iguazu-en-concierto.html\" \/>\n<meta property=\"og:locale\" content=\"pt_BR\" \/>\n<meta property=\"og:type\" content=\"article\" \/>\n<meta property=\"og:title\" content=\"Coral vai se apresentar no Festival &#039;Iguazu en Concierto&#039; - Not\u00edcias - Franciscanos\" \/>\n<meta property=\"og:description\" content=\"Canarinhos\" \/>\n<meta property=\"og:url\" content=\"https:\/\/franciscanos.org.br\/noticias\/coral-vai-se-apresentar-no-festival-iguazu-en-concierto.html\" \/>\n<meta property=\"og:site_name\" content=\"Not\u00edcias - Franciscanos\" \/>\n<meta property=\"article:published_time\" content=\"2013-05-08T15:46:33+00:00\" \/>\n<meta property=\"article:modified_time\" content=\"2021-07-05T23:05:24+00:00\" \/>\n<meta property=\"og:image\" content=\"https:\/\/franciscanos.org.br\/noticias\/wp-content\/uploads\/2013\/05\/canarinhos.jpg\" \/>\n\t<meta property=\"og:image:width\" content=\"273\" \/>\n\t<meta property=\"og:image:height\" content=\"181\" \/>\n\t<meta property=\"og:image:type\" content=\"image\/jpeg\" \/>\n<meta name=\"author\" content=\"admin\" \/>\n<meta name=\"twitter:card\" content=\"summary_large_image\" \/>\n<meta name=\"twitter:label1\" content=\"Escrito por\" \/>\n\t<meta name=\"twitter:data1\" content=\"admin\" \/>\n\t<meta name=\"twitter:label2\" content=\"Est. tempo de leitura\" \/>\n\t<meta name=\"twitter:data2\" content=\"2 minutos\" \/>\n<script type=\"application\/ld+json\" class=\"yoast-schema-graph\">{\"@context\":\"https:\/\/schema.org\",\"@graph\":[{\"@type\":\"WebSite\",\"@id\":\"https:\/\/franciscanos.org.br\/noticias\/#website\",\"url\":\"https:\/\/franciscanos.org.br\/noticias\/\",\"name\":\"Not\u00edcias - Franciscanos\",\"description\":\"Prov\u00edncia Franciscana da Imaculada Concei\u00e7\u00e3o do Brasil - Ordem dos Frades Menores - OFM\",\"potentialAction\":[{\"@type\":\"SearchAction\",\"target\":{\"@type\":\"EntryPoint\",\"urlTemplate\":\"https:\/\/franciscanos.org.br\/noticias\/?s={search_term_string}\"},\"query-input\":\"required name=search_term_string\"}],\"inLanguage\":\"pt-BR\"},{\"@type\":\"ImageObject\",\"inLanguage\":\"pt-BR\",\"@id\":\"https:\/\/franciscanos.org.br\/noticias\/coral-vai-se-apresentar-no-festival-iguazu-en-concierto.html#primaryimage\",\"url\":\"https:\/\/franciscanos.org.br\/noticias\/wp-content\/uploads\/2013\/05\/canarinhos.jpg\",\"contentUrl\":\"https:\/\/franciscanos.org.br\/noticias\/wp-content\/uploads\/2013\/05\/canarinhos.jpg\",\"width\":273,\"height\":181},{\"@type\":\"WebPage\",\"@id\":\"https:\/\/franciscanos.org.br\/noticias\/coral-vai-se-apresentar-no-festival-iguazu-en-concierto.html#webpage\",\"url\":\"https:\/\/franciscanos.org.br\/noticias\/coral-vai-se-apresentar-no-festival-iguazu-en-concierto.html\",\"name\":\"Coral vai se apresentar no Festival 'Iguazu en Concierto' - Not\u00edcias - Franciscanos\",\"isPartOf\":{\"@id\":\"https:\/\/franciscanos.org.br\/noticias\/#website\"},\"primaryImageOfPage\":{\"@id\":\"https:\/\/franciscanos.org.br\/noticias\/coral-vai-se-apresentar-no-festival-iguazu-en-concierto.html#primaryimage\"},\"datePublished\":\"2013-05-08T15:46:33+00:00\",\"dateModified\":\"2021-07-05T23:05:24+00:00\",\"author\":{\"@id\":\"https:\/\/franciscanos.org.br\/noticias\/#\/schema\/person\/b38fbf43118f02820bd932f2e4b14ad3\"},\"breadcrumb\":{\"@id\":\"https:\/\/franciscanos.org.br\/noticias\/coral-vai-se-apresentar-no-festival-iguazu-en-concierto.html#breadcrumb\"},\"inLanguage\":\"pt-BR\",\"potentialAction\":[{\"@type\":\"ReadAction\",\"target\":[\"https:\/\/franciscanos.org.br\/noticias\/coral-vai-se-apresentar-no-festival-iguazu-en-concierto.html\"]}]},{\"@type\":\"BreadcrumbList\",\"@id\":\"https:\/\/franciscanos.org.br\/noticias\/coral-vai-se-apresentar-no-festival-iguazu-en-concierto.html#breadcrumb\",\"itemListElement\":[{\"@type\":\"ListItem\",\"position\":1,\"name\":\"Home\",\"item\":\"https:\/\/franciscanos.org.br\/noticias\"},{\"@type\":\"ListItem\",\"position\":2,\"name\":\"Coral vai se apresentar no Festival &#8216;Iguazu en Concierto&#8217;\"}]},{\"@type\":\"Person\",\"@id\":\"https:\/\/franciscanos.org.br\/noticias\/#\/schema\/person\/b38fbf43118f02820bd932f2e4b14ad3\",\"name\":\"admin\",\"image\":{\"@type\":\"ImageObject\",\"inLanguage\":\"pt-BR\",\"@id\":\"https:\/\/franciscanos.org.br\/noticias\/#\/schema\/person\/image\/\",\"url\":\"https:\/\/secure.gravatar.com\/avatar\/e8495742d34d0ba6448ea1c628263b3e?s=96&d=mm&r=g\",\"contentUrl\":\"https:\/\/secure.gravatar.com\/avatar\/e8495742d34d0ba6448ea1c628263b3e?s=96&d=mm&r=g\",\"caption\":\"admin\"},\"url\":\"https:\/\/franciscanos.org.br\/noticias\/author\/admin\"}]}<\/script>\n<!-- \/ Yoast SEO plugin. -->","yoast_head_json":{"title":"Coral vai se apresentar no Festival 'Iguazu en Concierto' - Not\u00edcias - Franciscanos","robots":{"index":"index","follow":"follow","max-snippet":"max-snippet:-1","max-image-preview":"max-image-preview:large","max-video-preview":"max-video-preview:-1"},"canonical":"https:\/\/franciscanos.org.br\/noticias\/coral-vai-se-apresentar-no-festival-iguazu-en-concierto.html","og_locale":"pt_BR","og_type":"article","og_title":"Coral vai se apresentar no Festival 'Iguazu en Concierto' - Not\u00edcias - Franciscanos","og_description":"Canarinhos","og_url":"https:\/\/franciscanos.org.br\/noticias\/coral-vai-se-apresentar-no-festival-iguazu-en-concierto.html","og_site_name":"Not\u00edcias - Franciscanos","article_published_time":"2013-05-08T15:46:33+00:00","article_modified_time":"2021-07-05T23:05:24+00:00","og_image":[{"width":273,"height":181,"url":"https:\/\/franciscanos.org.br\/noticias\/wp-content\/uploads\/2013\/05\/canarinhos.jpg","type":"image\/jpeg"}],"author":"admin","twitter_card":"summary_large_image","twitter_misc":{"Escrito por":"admin","Est. tempo de leitura":"2 minutos"},"schema":{"@context":"https:\/\/schema.org","@graph":[{"@type":"WebSite","@id":"https:\/\/franciscanos.org.br\/noticias\/#website","url":"https:\/\/franciscanos.org.br\/noticias\/","name":"Not\u00edcias - Franciscanos","description":"Prov\u00edncia Franciscana da Imaculada Concei\u00e7\u00e3o do Brasil - Ordem dos Frades Menores - OFM","potentialAction":[{"@type":"SearchAction","target":{"@type":"EntryPoint","urlTemplate":"https:\/\/franciscanos.org.br\/noticias\/?s={search_term_string}"},"query-input":"required name=search_term_string"}],"inLanguage":"pt-BR"},{"@type":"ImageObject","inLanguage":"pt-BR","@id":"https:\/\/franciscanos.org.br\/noticias\/coral-vai-se-apresentar-no-festival-iguazu-en-concierto.html#primaryimage","url":"https:\/\/franciscanos.org.br\/noticias\/wp-content\/uploads\/2013\/05\/canarinhos.jpg","contentUrl":"https:\/\/franciscanos.org.br\/noticias\/wp-content\/uploads\/2013\/05\/canarinhos.jpg","width":273,"height":181},{"@type":"WebPage","@id":"https:\/\/franciscanos.org.br\/noticias\/coral-vai-se-apresentar-no-festival-iguazu-en-concierto.html#webpage","url":"https:\/\/franciscanos.org.br\/noticias\/coral-vai-se-apresentar-no-festival-iguazu-en-concierto.html","name":"Coral vai se apresentar no Festival 'Iguazu en Concierto' - Not\u00edcias - Franciscanos","isPartOf":{"@id":"https:\/\/franciscanos.org.br\/noticias\/#website"},"primaryImageOfPage":{"@id":"https:\/\/franciscanos.org.br\/noticias\/coral-vai-se-apresentar-no-festival-iguazu-en-concierto.html#primaryimage"},"datePublished":"2013-05-08T15:46:33+00:00","dateModified":"2021-07-05T23:05:24+00:00","author":{"@id":"https:\/\/franciscanos.org.br\/noticias\/#\/schema\/person\/b38fbf43118f02820bd932f2e4b14ad3"},"breadcrumb":{"@id":"https:\/\/franciscanos.org.br\/noticias\/coral-vai-se-apresentar-no-festival-iguazu-en-concierto.html#breadcrumb"},"inLanguage":"pt-BR","potentialAction":[{"@type":"ReadAction","target":["https:\/\/franciscanos.org.br\/noticias\/coral-vai-se-apresentar-no-festival-iguazu-en-concierto.html"]}]},{"@type":"BreadcrumbList","@id":"https:\/\/franciscanos.org.br\/noticias\/coral-vai-se-apresentar-no-festival-iguazu-en-concierto.html#breadcrumb","itemListElement":[{"@type":"ListItem","position":1,"name":"Home","item":"https:\/\/franciscanos.org.br\/noticias"},{"@type":"ListItem","position":2,"name":"Coral vai se apresentar no Festival &#8216;Iguazu en Concierto&#8217;"}]},{"@type":"Person","@id":"https:\/\/franciscanos.org.br\/noticias\/#\/schema\/person\/b38fbf43118f02820bd932f2e4b14ad3","name":"admin","image":{"@type":"ImageObject","inLanguage":"pt-BR","@id":"https:\/\/franciscanos.org.br\/noticias\/#\/schema\/person\/image\/","url":"https:\/\/secure.gravatar.com\/avatar\/e8495742d34d0ba6448ea1c628263b3e?s=96&d=mm&r=g","contentUrl":"https:\/\/secure.gravatar.com\/avatar\/e8495742d34d0ba6448ea1c628263b3e?s=96&d=mm&r=g","caption":"admin"},"url":"https:\/\/franciscanos.org.br\/noticias\/author\/admin"}]}},"_links":{"self":[{"href":"https:\/\/franciscanos.org.br\/noticias\/wp-json\/wp\/v2\/posts\/37802"}],"collection":[{"href":"https:\/\/franciscanos.org.br\/noticias\/wp-json\/wp\/v2\/posts"}],"about":[{"href":"https:\/\/franciscanos.org.br\/noticias\/wp-json\/wp\/v2\/types\/post"}],"author":[{"embeddable":true,"href":"https:\/\/franciscanos.org.br\/noticias\/wp-json\/wp\/v2\/users\/1"}],"replies":[{"embeddable":true,"href":"https:\/\/franciscanos.org.br\/noticias\/wp-json\/wp\/v2\/comments?post=37802"}],"version-history":[{"count":1,"href":"https:\/\/franciscanos.org.br\/noticias\/wp-json\/wp\/v2\/posts\/37802\/revisions"}],"predecessor-version":[{"id":229236,"href":"https:\/\/franciscanos.org.br\/noticias\/wp-json\/wp\/v2\/posts\/37802\/revisions\/229236"}],"wp:featuredmedia":[{"embeddable":true,"href":"https:\/\/franciscanos.org.br\/noticias\/wp-json\/wp\/v2\/media\/213188"}],"wp:attachment":[{"href":"https:\/\/franciscanos.org.br\/noticias\/wp-json\/wp\/v2\/media?parent=37802"}],"wp:term":[{"taxonomy":"category","embeddable":true,"href":"https:\/\/franciscanos.org.br\/noticias\/wp-json\/wp\/v2\/categories?post=37802"},{"taxonomy":"post_tag","embeddable":true,"href":"https:\/\/franciscanos.org.br\/noticias\/wp-json\/wp\/v2\/tags?post=37802"}],"curies":[{"name":"wp","href":"https:\/\/api.w.org\/{rel}","templated":true}]}}