{"id":37643,"date":"2013-05-07T07:52:53","date_gmt":"2013-05-07T10:52:53","guid":{"rendered":"http:\/\/new.franciscanos.org.br\/?p=37643"},"modified":"2020-01-28T13:08:15","modified_gmt":"2020-01-28T16:08:15","slug":"frente-de-evangelizacao-da-comunicacao-realiza-encontro-em-pato-branco","status":"publish","type":"post","link":"https:\/\/franciscanos.org.br\/noticias\/frente-de-evangelizacao-da-comunicacao-realiza-encontro-em-pato-branco.html","title":{"rendered":"Comunica\u00e7\u00e3o faz o 1\u00ba encontro regional em Pato Branco"},"content":{"rendered":"<p><strong>Por Frei Gustavo Medela<\/strong><\/p>\n<p>Com o objetivo de buscar maior integra\u00e7\u00e3o entre as diferentes iniciativas que comp\u00f5em a Frente de Evangeliza\u00e7\u00e3o da Comunica\u00e7\u00e3o, Frei Gustavo Medella, coordenador provincial do setor, reuniu-se, nesta segunda-feira, dia 06 de maio, com toda equipe de trabalho da Funda\u00e7\u00e3o Celinauta, de Pato Branco, PR, que abrange as R\u00e1dios Celinauta (AM), Movimento (FM) e a TV Sudoeste (afiliada \u00e0 Rede TV). O encontro se realizou na sede da funda\u00e7\u00e3o e teve in\u00edcio \u00e0s 15h30.<\/p>\n<p><img loading=\"lazy\" class=\"alignright size-full wp-image-37647\" src=\"http:\/\/franciscanos.org.br\/wp-content\/uploads\/2013\/05\/frente_evangelizacao1.jpg\" alt=\"Frente Evangeliza\u00e7\u00e3o\" width=\"450\" height=\"253\" \/>Apresentado ao grupo e acolhido pelo presidente da Funda\u00e7\u00e3o, Frei Cl\u00e9sio Wiggers, Frei Gustavo inicialmente rezou com todos o \u201cSalmo da Comunica\u00e7\u00e3o\u201d. Em seguida, apresentou em linhas gerais as propostas da Prov\u00edncia Franciscana da Imaculada Concei\u00e7\u00e3o no que diz respeito \u00e0 Evangeliza\u00e7\u00e3o da Comunica\u00e7\u00e3o, \u00e1rea assumida como priorit\u00e1ria no \u00faltimo Cap\u00edtulo Provincial, em 2012. \u201cNa Frente da Evangeliza\u00e7\u00e3o da Comunica\u00e7\u00e3o, nossa meta \u00e9 avan\u00e7ar cada vez mais num trabalho marcado pelo di\u00e1logo, pela aproxima\u00e7\u00e3o, pela ajuda m\u00fatua e pela comunh\u00e3o\u201d, explicou.<\/p>\n<p>O frade tamb\u00e9m aproveitou a ocasi\u00e3o para partilhar algumas a\u00e7\u00f5es que j\u00e1 v\u00eam sendo realizadas, como a visita a todos os tranalhos de comunica\u00e7\u00e3o realizados na Prov\u00edncia, como a reuni\u00e3o mensal da Frente de Evangeliza\u00e7\u00e3o da Comunica\u00e7\u00e3o em S\u00e3o Paulo, os planos em rela\u00e7\u00e3o \u00e0 <i>Web<\/i>TV Franciscanos, ao programa de r\u00e1dio Sala Franciscana, projetos de parcerias e outras iniciativas. \u201cSempre que posso, tenho insistido em duas ideias que, gostaria, fossem sempre recordadas em todas as nossas a\u00e7\u00f5es: \u2018N\u00f3s trabalhamos muito! E trabalhamos bem! O que precisamos \u00e9 trabalhar mais juntos!\u2019 e \u2018N\u00f3s podemos discordar, e \u00e9 bom que haja diferen\u00e7as. O que n\u00e3o podemos \u00e9 deixar de nos comunicar\u2019\u201d, destacou o frei.<\/p>\n<p>No momento seguinte, Frei Gustavo partilhou com o grupo as conclus\u00f5es e propostas apontadas no II Congresso de Evangeliza\u00e7\u00e3o e Miss\u00e3o da Am\u00e9rica Latina e do Caribe, realizado entre 21 e 27 de abril em Canind\u00e9, no Sert\u00e3o do Cear\u00e1, no que diz espeito \u00e0 comunica\u00e7\u00e3o:<br \/>\n<b><\/b><\/p>\n<p><b>CONCLUS\u00d5ES<\/b><\/p>\n<p>A) Comunica\u00e7\u00e3o \u00e9 mais do que transmiss\u00e3o de mensagens ou informa\u00e7\u00f5es. Trata-se de uma experi\u00eancia, de um encontro transformador, que toca o profundo dos cora\u00e7\u00f5es daqueles que se comunicam.<\/p>\n<p>B) Os avan\u00e7os tecnol\u00f3gicos na \u00e1rea das comunica\u00e7\u00f5es influ\u00edram decisivamente no seio da humanidade, dando origem a uma nova cultura, novos modos de rela\u00e7\u00e3o, de organiza\u00e7\u00e3o do pensamento, de armazenamento da mem\u00f3ria. O grande desafio \u00e9 compreender o modelo de humanidade gestado a partir desta cultura da comunica\u00e7\u00e3o e buscar impregn\u00e1-la do Evangelho de Cristo.<\/p>\n<p>C) A Comunica\u00e7\u00e3o \u00e9 uma dimens\u00e3o transversal, que perpassam o nosso carisma, nossa espiritualidade e tamb\u00e9m nossa pr\u00e1tica Evangelizadora.<br \/>\n<b><\/b><\/p>\n<p><b>PROPOSTAS<\/b><\/p>\n<p style=\"padding-left: 40px;\">\u2022 As entidades priorizem a forma\u00e7\u00e3o de seus frades para que sejam efetivos evangelizadores da Cultura da Comunica\u00e7\u00e3o, conhecendo-a a fundo e de modo profissional.<br \/>\n\u2022 As entidades reconhe\u00e7am a Comunica\u00e7\u00e3o como uma Frente de Trabalho priorit\u00e1ria e invistam na forma\u00e7\u00e3o de frades e leigos para atuarem neste campo.<br \/>\n\u2022 Com rela\u00e7\u00e3o aos ve\u00edculos de comunica\u00e7\u00e3o sob nossos cuidados, as entidades se empenhem ao m\u00e1ximo na busca de um trabalho em rede, com soma total de esfor\u00e7os, energias e potencialidades na Evangeliza\u00e7\u00e3o pela Comunica\u00e7\u00e3o.<br \/>\n\u2022 Como irm\u00e3os menores, pac\u00edficos e humildes, que busquemos contribuir, com todos os nossos esfor\u00e7os, atrav\u00e9s da produ\u00e7\u00e3o de material impresso, audiovisual e tamb\u00e9m com a presen\u00e7a nas redes sociais e na internet, para uma comunica\u00e7\u00e3o pelo di\u00e1logo, pela paz e pelo respeito \u00e0 cria\u00e7\u00e3o.<br \/>\n\u2022 Nos ambientes onde atuamos, trabalhar, com todos os nossos parceiros e tamb\u00e9m em nossas fileiras, a consci\u00eancia cr\u00edtica diante dos m\u00faltiplos apelos antievang\u00e9licos que nascem da Cultura da Comunica\u00e7\u00e3o, recorrendo ao apoio de especialistas quando necess\u00e1rio.<br \/>\n\u2022 As confer\u00eancias promovam congressos, encontros, cursos e debates que tratem da quest\u00e3o da comunica\u00e7\u00e3o.<br \/>\nAp\u00f3s a exposi\u00e7\u00e3o, houve espa\u00e7o para di\u00e1logo, com perguntas, observa\u00e7\u00f5es e questionamentos. Na quarta-feira, dia 08 de maio, Frei Gustavo vai a Curitibanos, onde se encontra com a equipe de trabalho da Funda\u00e7\u00e3o Frei Rog\u00e9rio, composta pelas R\u00e1dios Coroado (AM) e Movimento (FM). Al\u00e9m de praticamente todos os funcion\u00e1rios, participaram tamb\u00e9m do encontro Frei Nelson Rabelo e Frei Felipe Gabriel (Felipinho).<\/p>\n","protected":false},"excerpt":{"rendered":"<p>Evangeliza\u00e7\u00e3o<\/p>\n","protected":false},"author":1,"featured_media":208808,"comment_status":"closed","ping_status":"open","sticky":false,"template":"","format":"standard","meta":[],"categories":[1],"tags":[],"acf":[],"yoast_head":"<!-- This site is optimized with the Yoast SEO plugin v19.2 - https:\/\/yoast.com\/wordpress\/plugins\/seo\/ -->\n<title>Comunica\u00e7\u00e3o faz o 1\u00ba encontro regional em Pato Branco - Not\u00edcias - Franciscanos<\/title>\n<meta name=\"robots\" content=\"index, follow, max-snippet:-1, max-image-preview:large, max-video-preview:-1\" \/>\n<link rel=\"canonical\" href=\"https:\/\/franciscanos.org.br\/noticias\/frente-de-evangelizacao-da-comunicacao-realiza-encontro-em-pato-branco.html\" \/>\n<meta property=\"og:locale\" content=\"pt_BR\" \/>\n<meta property=\"og:type\" content=\"article\" \/>\n<meta property=\"og:title\" content=\"Comunica\u00e7\u00e3o faz o 1\u00ba encontro regional em Pato Branco - Not\u00edcias - Franciscanos\" \/>\n<meta property=\"og:description\" content=\"Evangeliza\u00e7\u00e3o\" \/>\n<meta property=\"og:url\" content=\"https:\/\/franciscanos.org.br\/noticias\/frente-de-evangelizacao-da-comunicacao-realiza-encontro-em-pato-branco.html\" \/>\n<meta property=\"og:site_name\" content=\"Not\u00edcias - Franciscanos\" \/>\n<meta property=\"article:published_time\" content=\"2013-05-07T10:52:53+00:00\" \/>\n<meta property=\"article:modified_time\" content=\"2020-01-28T16:08:15+00:00\" \/>\n<meta property=\"og:image\" content=\"https:\/\/franciscanos.org.br\/noticias\/wp-content\/uploads\/2013\/05\/frente_evangelizacao1.jpg\" \/>\n\t<meta property=\"og:image:width\" content=\"273\" \/>\n\t<meta property=\"og:image:height\" content=\"181\" \/>\n\t<meta property=\"og:image:type\" content=\"image\/jpeg\" \/>\n<meta name=\"author\" content=\"admin\" \/>\n<meta name=\"twitter:card\" content=\"summary_large_image\" \/>\n<meta name=\"twitter:label1\" content=\"Escrito por\" \/>\n\t<meta name=\"twitter:data1\" content=\"admin\" \/>\n\t<meta name=\"twitter:label2\" content=\"Est. tempo de leitura\" \/>\n\t<meta name=\"twitter:data2\" content=\"4 minutos\" \/>\n<script type=\"application\/ld+json\" class=\"yoast-schema-graph\">{\"@context\":\"https:\/\/schema.org\",\"@graph\":[{\"@type\":\"WebSite\",\"@id\":\"https:\/\/franciscanos.org.br\/noticias\/#website\",\"url\":\"https:\/\/franciscanos.org.br\/noticias\/\",\"name\":\"Not\u00edcias - Franciscanos\",\"description\":\"Prov\u00edncia Franciscana da Imaculada Concei\u00e7\u00e3o do Brasil - Ordem dos Frades Menores - OFM\",\"potentialAction\":[{\"@type\":\"SearchAction\",\"target\":{\"@type\":\"EntryPoint\",\"urlTemplate\":\"https:\/\/franciscanos.org.br\/noticias\/?s={search_term_string}\"},\"query-input\":\"required name=search_term_string\"}],\"inLanguage\":\"pt-BR\"},{\"@type\":\"ImageObject\",\"inLanguage\":\"pt-BR\",\"@id\":\"https:\/\/franciscanos.org.br\/noticias\/frente-de-evangelizacao-da-comunicacao-realiza-encontro-em-pato-branco.html#primaryimage\",\"url\":\"https:\/\/franciscanos.org.br\/noticias\/wp-content\/uploads\/2013\/05\/frente_evangelizacao1.jpg\",\"contentUrl\":\"https:\/\/franciscanos.org.br\/noticias\/wp-content\/uploads\/2013\/05\/frente_evangelizacao1.jpg\",\"width\":273,\"height\":181},{\"@type\":\"WebPage\",\"@id\":\"https:\/\/franciscanos.org.br\/noticias\/frente-de-evangelizacao-da-comunicacao-realiza-encontro-em-pato-branco.html#webpage\",\"url\":\"https:\/\/franciscanos.org.br\/noticias\/frente-de-evangelizacao-da-comunicacao-realiza-encontro-em-pato-branco.html\",\"name\":\"Comunica\u00e7\u00e3o faz o 1\u00ba encontro regional em Pato Branco - Not\u00edcias - Franciscanos\",\"isPartOf\":{\"@id\":\"https:\/\/franciscanos.org.br\/noticias\/#website\"},\"primaryImageOfPage\":{\"@id\":\"https:\/\/franciscanos.org.br\/noticias\/frente-de-evangelizacao-da-comunicacao-realiza-encontro-em-pato-branco.html#primaryimage\"},\"datePublished\":\"2013-05-07T10:52:53+00:00\",\"dateModified\":\"2020-01-28T16:08:15+00:00\",\"author\":{\"@id\":\"https:\/\/franciscanos.org.br\/noticias\/#\/schema\/person\/b38fbf43118f02820bd932f2e4b14ad3\"},\"breadcrumb\":{\"@id\":\"https:\/\/franciscanos.org.br\/noticias\/frente-de-evangelizacao-da-comunicacao-realiza-encontro-em-pato-branco.html#breadcrumb\"},\"inLanguage\":\"pt-BR\",\"potentialAction\":[{\"@type\":\"ReadAction\",\"target\":[\"https:\/\/franciscanos.org.br\/noticias\/frente-de-evangelizacao-da-comunicacao-realiza-encontro-em-pato-branco.html\"]}]},{\"@type\":\"BreadcrumbList\",\"@id\":\"https:\/\/franciscanos.org.br\/noticias\/frente-de-evangelizacao-da-comunicacao-realiza-encontro-em-pato-branco.html#breadcrumb\",\"itemListElement\":[{\"@type\":\"ListItem\",\"position\":1,\"name\":\"Home\",\"item\":\"https:\/\/franciscanos.org.br\/noticias\"},{\"@type\":\"ListItem\",\"position\":2,\"name\":\"Comunica\u00e7\u00e3o faz o 1\u00ba encontro regional em Pato Branco\"}]},{\"@type\":\"Person\",\"@id\":\"https:\/\/franciscanos.org.br\/noticias\/#\/schema\/person\/b38fbf43118f02820bd932f2e4b14ad3\",\"name\":\"admin\",\"image\":{\"@type\":\"ImageObject\",\"inLanguage\":\"pt-BR\",\"@id\":\"https:\/\/franciscanos.org.br\/noticias\/#\/schema\/person\/image\/\",\"url\":\"https:\/\/secure.gravatar.com\/avatar\/e8495742d34d0ba6448ea1c628263b3e?s=96&d=mm&r=g\",\"contentUrl\":\"https:\/\/secure.gravatar.com\/avatar\/e8495742d34d0ba6448ea1c628263b3e?s=96&d=mm&r=g\",\"caption\":\"admin\"},\"url\":\"https:\/\/franciscanos.org.br\/noticias\/author\/admin\"}]}<\/script>\n<!-- \/ Yoast SEO plugin. -->","yoast_head_json":{"title":"Comunica\u00e7\u00e3o faz o 1\u00ba encontro regional em Pato Branco - Not\u00edcias - Franciscanos","robots":{"index":"index","follow":"follow","max-snippet":"max-snippet:-1","max-image-preview":"max-image-preview:large","max-video-preview":"max-video-preview:-1"},"canonical":"https:\/\/franciscanos.org.br\/noticias\/frente-de-evangelizacao-da-comunicacao-realiza-encontro-em-pato-branco.html","og_locale":"pt_BR","og_type":"article","og_title":"Comunica\u00e7\u00e3o faz o 1\u00ba encontro regional em Pato Branco - Not\u00edcias - Franciscanos","og_description":"Evangeliza\u00e7\u00e3o","og_url":"https:\/\/franciscanos.org.br\/noticias\/frente-de-evangelizacao-da-comunicacao-realiza-encontro-em-pato-branco.html","og_site_name":"Not\u00edcias - Franciscanos","article_published_time":"2013-05-07T10:52:53+00:00","article_modified_time":"2020-01-28T16:08:15+00:00","og_image":[{"width":273,"height":181,"url":"https:\/\/franciscanos.org.br\/noticias\/wp-content\/uploads\/2013\/05\/frente_evangelizacao1.jpg","type":"image\/jpeg"}],"author":"admin","twitter_card":"summary_large_image","twitter_misc":{"Escrito por":"admin","Est. tempo de leitura":"4 minutos"},"schema":{"@context":"https:\/\/schema.org","@graph":[{"@type":"WebSite","@id":"https:\/\/franciscanos.org.br\/noticias\/#website","url":"https:\/\/franciscanos.org.br\/noticias\/","name":"Not\u00edcias - Franciscanos","description":"Prov\u00edncia Franciscana da Imaculada Concei\u00e7\u00e3o do Brasil - Ordem dos Frades Menores - OFM","potentialAction":[{"@type":"SearchAction","target":{"@type":"EntryPoint","urlTemplate":"https:\/\/franciscanos.org.br\/noticias\/?s={search_term_string}"},"query-input":"required name=search_term_string"}],"inLanguage":"pt-BR"},{"@type":"ImageObject","inLanguage":"pt-BR","@id":"https:\/\/franciscanos.org.br\/noticias\/frente-de-evangelizacao-da-comunicacao-realiza-encontro-em-pato-branco.html#primaryimage","url":"https:\/\/franciscanos.org.br\/noticias\/wp-content\/uploads\/2013\/05\/frente_evangelizacao1.jpg","contentUrl":"https:\/\/franciscanos.org.br\/noticias\/wp-content\/uploads\/2013\/05\/frente_evangelizacao1.jpg","width":273,"height":181},{"@type":"WebPage","@id":"https:\/\/franciscanos.org.br\/noticias\/frente-de-evangelizacao-da-comunicacao-realiza-encontro-em-pato-branco.html#webpage","url":"https:\/\/franciscanos.org.br\/noticias\/frente-de-evangelizacao-da-comunicacao-realiza-encontro-em-pato-branco.html","name":"Comunica\u00e7\u00e3o faz o 1\u00ba encontro regional em Pato Branco - Not\u00edcias - Franciscanos","isPartOf":{"@id":"https:\/\/franciscanos.org.br\/noticias\/#website"},"primaryImageOfPage":{"@id":"https:\/\/franciscanos.org.br\/noticias\/frente-de-evangelizacao-da-comunicacao-realiza-encontro-em-pato-branco.html#primaryimage"},"datePublished":"2013-05-07T10:52:53+00:00","dateModified":"2020-01-28T16:08:15+00:00","author":{"@id":"https:\/\/franciscanos.org.br\/noticias\/#\/schema\/person\/b38fbf43118f02820bd932f2e4b14ad3"},"breadcrumb":{"@id":"https:\/\/franciscanos.org.br\/noticias\/frente-de-evangelizacao-da-comunicacao-realiza-encontro-em-pato-branco.html#breadcrumb"},"inLanguage":"pt-BR","potentialAction":[{"@type":"ReadAction","target":["https:\/\/franciscanos.org.br\/noticias\/frente-de-evangelizacao-da-comunicacao-realiza-encontro-em-pato-branco.html"]}]},{"@type":"BreadcrumbList","@id":"https:\/\/franciscanos.org.br\/noticias\/frente-de-evangelizacao-da-comunicacao-realiza-encontro-em-pato-branco.html#breadcrumb","itemListElement":[{"@type":"ListItem","position":1,"name":"Home","item":"https:\/\/franciscanos.org.br\/noticias"},{"@type":"ListItem","position":2,"name":"Comunica\u00e7\u00e3o faz o 1\u00ba encontro regional em Pato Branco"}]},{"@type":"Person","@id":"https:\/\/franciscanos.org.br\/noticias\/#\/schema\/person\/b38fbf43118f02820bd932f2e4b14ad3","name":"admin","image":{"@type":"ImageObject","inLanguage":"pt-BR","@id":"https:\/\/franciscanos.org.br\/noticias\/#\/schema\/person\/image\/","url":"https:\/\/secure.gravatar.com\/avatar\/e8495742d34d0ba6448ea1c628263b3e?s=96&d=mm&r=g","contentUrl":"https:\/\/secure.gravatar.com\/avatar\/e8495742d34d0ba6448ea1c628263b3e?s=96&d=mm&r=g","caption":"admin"},"url":"https:\/\/franciscanos.org.br\/noticias\/author\/admin"}]}},"_links":{"self":[{"href":"https:\/\/franciscanos.org.br\/noticias\/wp-json\/wp\/v2\/posts\/37643"}],"collection":[{"href":"https:\/\/franciscanos.org.br\/noticias\/wp-json\/wp\/v2\/posts"}],"about":[{"href":"https:\/\/franciscanos.org.br\/noticias\/wp-json\/wp\/v2\/types\/post"}],"author":[{"embeddable":true,"href":"https:\/\/franciscanos.org.br\/noticias\/wp-json\/wp\/v2\/users\/1"}],"replies":[{"embeddable":true,"href":"https:\/\/franciscanos.org.br\/noticias\/wp-json\/wp\/v2\/comments?post=37643"}],"version-history":[{"count":0,"href":"https:\/\/franciscanos.org.br\/noticias\/wp-json\/wp\/v2\/posts\/37643\/revisions"}],"wp:featuredmedia":[{"embeddable":true,"href":"https:\/\/franciscanos.org.br\/noticias\/wp-json\/wp\/v2\/media\/208808"}],"wp:attachment":[{"href":"https:\/\/franciscanos.org.br\/noticias\/wp-json\/wp\/v2\/media?parent=37643"}],"wp:term":[{"taxonomy":"category","embeddable":true,"href":"https:\/\/franciscanos.org.br\/noticias\/wp-json\/wp\/v2\/categories?post=37643"},{"taxonomy":"post_tag","embeddable":true,"href":"https:\/\/franciscanos.org.br\/noticias\/wp-json\/wp\/v2\/tags?post=37643"}],"curies":[{"name":"wp","href":"https:\/\/api.w.org\/{rel}","templated":true}]}}