{"id":37286,"date":"2013-05-03T11:36:38","date_gmt":"2013-05-03T14:36:38","guid":{"rendered":"http:\/\/new.franciscanos.org.br\/?p=37286"},"modified":"2020-01-28T13:07:09","modified_gmt":"2020-01-28T16:07:09","slug":"projeto-reviver-o-dom-da-vocacao-grupo-de-20-frades-viaja-para-italia","status":"publish","type":"post","link":"https:\/\/franciscanos.org.br\/noticias\/projeto-reviver-o-dom-da-vocacao-grupo-de-20-frades-viaja-para-italia.html","title":{"rendered":"Reviver o Dom da Voca\u00e7\u00e3o: 20 frades viajam para It\u00e1lia"},"content":{"rendered":"<p><img loading=\"lazy\" src=\"https:\/\/franciscanos.org.br\/noticias\/wp-content\/uploads\/2013\/05\/22.jpg\" alt=\"\" width=\"600\" height=\"400\" \/><\/p>\n<p><strong>Moacir Beggo<\/strong><\/p>\n<p><strong>S\u00e3o Paulo (SP) &#8211;<\/strong> Com a Missa do Envio nesta sexta-feira (03\/05), no Convento S\u00e3o Francisco de S\u00e3o Paulo, teve in\u00edcio a terceira edi\u00e7\u00e3o do Projeto &#8220;Reviver o Dom da Voca\u00e7\u00e3o&#8221;, promovida pela Confer\u00eancia dos Frades Menores do Brasil (CFMB). Vinte frades embarcam ainda hoje para viver essa experi\u00eancia durante um m\u00eas nos lugares franciscanos e na Terra Santa.<br \/>\nO Ministro Provincial Frei Fid\u00eancio Vanboemmel, como vice-presidente da CFMB, presidiu a celebra\u00e7\u00e3o na festa dos ap\u00f3stolos S\u00e3o Felipe e S\u00e3o Tiago e aben\u00e7oou os frades peregrinos. &#8220;Esta manh\u00e3 tem um sabor muito especial porque temos no nosso meio 20 frades de diferentes partes do Brasil que v\u00e3o iniciar uma peregrina\u00e7\u00e3o franciscana pela Terra Santa e por Assis, principalmente&#8221;, explicou para os fi\u00e9is da Missa das 7h30.<\/p>\n<p>&#8220;Esses frades, depois de viverem cerca de 25 anos de vida consagrada, resolveram fazer uma parada das atividades, \u00a0da correria do dia a dia, para darem um tempo maior a si mesmos e a Deus, para poderem reassumir a voca\u00e7\u00e3o e a miss\u00e3o evangelizadora que recebemos exatamente como d\u00e1diva de Deus&#8221;, acrescentou o Ministro Provincial.<\/p>\n<p><img loading=\"lazy\" class=\"alignleft size-full wp-image-198178\" src=\"https:\/\/franciscanos.org.br\/noticias\/wp-content\/uploads\/2013\/05\/10.jpg\" alt=\"\" width=\"600\" height=\"450\" srcset=\"https:\/\/franciscanos.org.br\/noticias\/wp-content\/uploads\/2013\/05\/10.jpg 600w, https:\/\/franciscanos.org.br\/noticias\/wp-content\/uploads\/2013\/05\/10-450x338.jpg 450w, https:\/\/franciscanos.org.br\/noticias\/wp-content\/uploads\/2013\/05\/10-150x113.jpg 150w\" sizes=\"(max-width: 600px) 100vw, 600px\" \/>Frei Fid\u00eancio desejou uma boa viagem e pediu: &#8220;V\u00e3o com Deus e fa\u00e7am essa experi\u00eancia de f\u00e9. Voltem mais fortalecidos para a miss\u00e3o evangelizadora!&#8221;<\/p>\n<p>A experi\u00eancia, na verdade, se iniciou h\u00e1 quatro dias, quando o grupo se reuniu em S\u00e3o Paulo para poder se conhecer melhor e fazer um estudo dos lugares franciscanos, segundo as Fontes Franciscanas, e dos lugares sagrados na Terra Santa.<\/p>\n<p>Esta experi\u00eancia \u00e9 organizada pelo Servi\u00e7o de Forma\u00e7\u00e3o e Estudos (Serfe) da CFMB, que tem \u00e0 frente Frei Beto Breis, da Prov\u00edncia Santo Ant\u00f4nio do Brasil, e visa a Forma\u00e7\u00e3o Permanente do frade menor.<\/p>\n<p>O grupo de 20 frades representa nove entidades dos Frades Menores do Brasil<strong>: Prov\u00edncia Santo Ant\u00f4nio<\/strong> &#8211; Frei Ricardo Ferreira; <strong>Prov\u00edncia Imaculada Concei\u00e7\u00e3o<\/strong>: Frei Athaylton Jorge, Frei Joel Sgarbozza, Frei Marcos Estevam de Melo, Frei Pedro de Oliveira Rodrigues e Frei Rubens Luiz de Carvalho; <strong>Prov\u00edncia de Santa Cruz<\/strong>: Frei Fl\u00e1vio Silva Vieira, Frei M\u00e1rio Rodrigues dos Reis e Frei Vicente Ronaldo da Silva; <strong>Prov\u00edncia do Sant\u00edssimo Nome<\/strong>: Frei Fl\u00e1vio Pereira Noleto e Frei S\u00e9rgio Luiz de Oliveira; <strong>Prov\u00edncia Nossa Senhora da Assun\u00e7\u00e3o<\/strong>: Frei Jo\u00e3o Muniz; <strong>Prov\u00edncia S\u00e3o Francisco de Assis<\/strong>: Frei Bl\u00e1sio Kummer e Frei Armando Mariani; <strong>Cust\u00f3dia de S\u00e3o Benedito da Amaz\u00f4nia:<\/strong> Frei Francisco de Assis Paix\u00e3o; <strong>Cust\u00f3dia das Sete Alegrias<\/strong>: Frei Wanderley G. Figueiredo e Frei Dario Taffarel; <strong>Funda\u00e7\u00e3o Nossa Senhora das Gra\u00e7as<\/strong>: Frei Eul\u00e1lio Miranda. Coordena\u00e7\u00e3o: Frei Beto Breis e Frei Oton Silva.<\/p>\n<p><strong>FREI FL\u00c1VIO ESCREVE SOBRE A PREPARA\u00c7\u00c3O PARA ESTA EXPERI\u00caNCIA<\/strong><br \/>\nDesde o dia 30 de abril, vinte frades das 18 entidades da Confer\u00eancia dos Ministros Provinciais do Brasil (CFMB) se reuniram no Convento S\u00e3o Francisco, no Largo S\u00e3o Francisco, em S\u00e3o Paulo, em prepara\u00e7\u00e3o para a experi\u00eancia &#8220;Reviver o Dom da Voca\u00e7\u00e3o em Assis e Terra Santa&#8221;.<\/p>\n<p>Com esta experi\u00eancia, queremos beber na fonte da voca\u00e7\u00e3o, com a Palavra de Deus, as Fontes Franciscanas e colocar os p\u00e9s no ch\u00e3o onde viveu S\u00e3o Francisco de Assis e Cristo. Iremos experimentar o Amor de Deus que nos agraciou ao chamado para a vida religiosa.<\/p>\n<p>&#8220;Reavivar o dom de Deus que h\u00e1 em ti&#8221; (1Tm 1,6) \u00e9 a inspira\u00e7\u00e3o tem\u00e1tica que o Conselho de Forma\u00e7\u00e3o e Estudos da Ordem envia a vinte frades tendo em vista esta grande experi\u00eancia de vida, com o apoio das Fraternidades da It\u00e1lia, Terra Santa e ajuda da Ordem.<\/p>\n<p>Dia 1\u00ba maio, os frades \u00a0fizeram uma apresenta\u00e7\u00e3o sobre sua vida, voca\u00e7\u00e3o, motiva\u00e7\u00f5es e servi\u00e7os na Prov\u00edncia onde vive. Depois Frei Beto Breis, da Prov\u00edncia Santo Ant\u00f4nio (coordenador da experi\u00eancia), juntamente com Frei Oton Silva (Prov\u00edncia Santa Cruz), fizeram uma introdu\u00e7\u00e3o colocando a riqueza da experi\u00eancia, lembrando que nascemos da itiner\u00e2ncia e discipulado e, por isso, queremos seguir Jesus e manter acessa a chama que nos move para a vida em Fraternidade, pois forma\u00e7\u00e3o permanente \u00e9 aprender aquilo que Deus nos coloca no caminho. Aquilo que \u00e9 a nossa miss\u00e3o, atendendo os apelos do cotidiano que o Senhor nos mostra a cada passo.<\/p>\n<p>Dia 2 de maio, Frei Ludovico Garmus, doutor em Teologia B\u00edblica que mora em Petr\u00f3polis \u00a0e estudou na Terra Santa, passou conosco o dia todo falando sobre a riqueza dos lugares sagrados, significados b\u00edblicos, cultura, pol\u00edtica e diversidade religiosa no lugar onde viveram os primeiros crist\u00e3os.<\/p>\n<p><em><strong>Frei Fl\u00e1vio Pereira Nol\u00eato, O.F.M, Prov\u00edncia Sant\u00edssimo Nome de Jesus<\/strong><\/em><\/p>\n<p>&nbsp;<\/p>\n","protected":false},"excerpt":{"rendered":"<p>CFMB<\/p>\n","protected":false},"author":1,"featured_media":200744,"comment_status":"closed","ping_status":"open","sticky":false,"template":"","format":"standard","meta":[],"categories":[1],"tags":[240],"acf":[],"yoast_head":"<!-- This site is optimized with the Yoast SEO plugin v19.2 - https:\/\/yoast.com\/wordpress\/plugins\/seo\/ -->\n<title>Reviver o Dom da Voca\u00e7\u00e3o: 20 frades viajam para It\u00e1lia - Not\u00edcias - Franciscanos<\/title>\n<meta name=\"robots\" content=\"index, follow, max-snippet:-1, max-image-preview:large, max-video-preview:-1\" \/>\n<link rel=\"canonical\" href=\"https:\/\/franciscanos.org.br\/noticias\/projeto-reviver-o-dom-da-vocacao-grupo-de-20-frades-viaja-para-italia.html\" \/>\n<meta property=\"og:locale\" content=\"pt_BR\" \/>\n<meta property=\"og:type\" content=\"article\" \/>\n<meta property=\"og:title\" content=\"Reviver o Dom da Voca\u00e7\u00e3o: 20 frades viajam para It\u00e1lia - Not\u00edcias - Franciscanos\" \/>\n<meta property=\"og:description\" content=\"CFMB\" \/>\n<meta property=\"og:url\" content=\"https:\/\/franciscanos.org.br\/noticias\/projeto-reviver-o-dom-da-vocacao-grupo-de-20-frades-viaja-para-italia.html\" \/>\n<meta property=\"og:site_name\" content=\"Not\u00edcias - Franciscanos\" \/>\n<meta property=\"article:published_time\" content=\"2013-05-03T14:36:38+00:00\" \/>\n<meta property=\"article:modified_time\" content=\"2020-01-28T16:07:09+00:00\" \/>\n<meta property=\"og:image\" content=\"https:\/\/franciscanos.org.br\/noticias\/wp-content\/uploads\/2013\/05\/22-1.jpg\" \/>\n\t<meta property=\"og:image:width\" content=\"273\" \/>\n\t<meta property=\"og:image:height\" content=\"181\" \/>\n\t<meta property=\"og:image:type\" content=\"image\/jpeg\" \/>\n<meta name=\"author\" content=\"admin\" \/>\n<meta name=\"twitter:card\" content=\"summary_large_image\" \/>\n<meta name=\"twitter:label1\" content=\"Escrito por\" \/>\n\t<meta name=\"twitter:data1\" content=\"admin\" \/>\n\t<meta name=\"twitter:label2\" content=\"Est. tempo de leitura\" \/>\n\t<meta name=\"twitter:data2\" content=\"4 minutos\" \/>\n<script type=\"application\/ld+json\" class=\"yoast-schema-graph\">{\"@context\":\"https:\/\/schema.org\",\"@graph\":[{\"@type\":\"WebSite\",\"@id\":\"https:\/\/franciscanos.org.br\/noticias\/#website\",\"url\":\"https:\/\/franciscanos.org.br\/noticias\/\",\"name\":\"Not\u00edcias - Franciscanos\",\"description\":\"Prov\u00edncia Franciscana da Imaculada Concei\u00e7\u00e3o do Brasil - Ordem dos Frades Menores - OFM\",\"potentialAction\":[{\"@type\":\"SearchAction\",\"target\":{\"@type\":\"EntryPoint\",\"urlTemplate\":\"https:\/\/franciscanos.org.br\/noticias\/?s={search_term_string}\"},\"query-input\":\"required name=search_term_string\"}],\"inLanguage\":\"pt-BR\"},{\"@type\":\"ImageObject\",\"inLanguage\":\"pt-BR\",\"@id\":\"https:\/\/franciscanos.org.br\/noticias\/projeto-reviver-o-dom-da-vocacao-grupo-de-20-frades-viaja-para-italia.html#primaryimage\",\"url\":\"https:\/\/franciscanos.org.br\/noticias\/wp-content\/uploads\/2013\/05\/22-1.jpg\",\"contentUrl\":\"https:\/\/franciscanos.org.br\/noticias\/wp-content\/uploads\/2013\/05\/22-1.jpg\",\"width\":273,\"height\":181},{\"@type\":\"WebPage\",\"@id\":\"https:\/\/franciscanos.org.br\/noticias\/projeto-reviver-o-dom-da-vocacao-grupo-de-20-frades-viaja-para-italia.html#webpage\",\"url\":\"https:\/\/franciscanos.org.br\/noticias\/projeto-reviver-o-dom-da-vocacao-grupo-de-20-frades-viaja-para-italia.html\",\"name\":\"Reviver o Dom da Voca\u00e7\u00e3o: 20 frades viajam para It\u00e1lia - Not\u00edcias - Franciscanos\",\"isPartOf\":{\"@id\":\"https:\/\/franciscanos.org.br\/noticias\/#website\"},\"primaryImageOfPage\":{\"@id\":\"https:\/\/franciscanos.org.br\/noticias\/projeto-reviver-o-dom-da-vocacao-grupo-de-20-frades-viaja-para-italia.html#primaryimage\"},\"datePublished\":\"2013-05-03T14:36:38+00:00\",\"dateModified\":\"2020-01-28T16:07:09+00:00\",\"author\":{\"@id\":\"https:\/\/franciscanos.org.br\/noticias\/#\/schema\/person\/b38fbf43118f02820bd932f2e4b14ad3\"},\"breadcrumb\":{\"@id\":\"https:\/\/franciscanos.org.br\/noticias\/projeto-reviver-o-dom-da-vocacao-grupo-de-20-frades-viaja-para-italia.html#breadcrumb\"},\"inLanguage\":\"pt-BR\",\"potentialAction\":[{\"@type\":\"ReadAction\",\"target\":[\"https:\/\/franciscanos.org.br\/noticias\/projeto-reviver-o-dom-da-vocacao-grupo-de-20-frades-viaja-para-italia.html\"]}]},{\"@type\":\"BreadcrumbList\",\"@id\":\"https:\/\/franciscanos.org.br\/noticias\/projeto-reviver-o-dom-da-vocacao-grupo-de-20-frades-viaja-para-italia.html#breadcrumb\",\"itemListElement\":[{\"@type\":\"ListItem\",\"position\":1,\"name\":\"Home\",\"item\":\"https:\/\/franciscanos.org.br\/noticias\"},{\"@type\":\"ListItem\",\"position\":2,\"name\":\"Reviver o Dom da Voca\u00e7\u00e3o: 20 frades viajam para It\u00e1lia\"}]},{\"@type\":\"Person\",\"@id\":\"https:\/\/franciscanos.org.br\/noticias\/#\/schema\/person\/b38fbf43118f02820bd932f2e4b14ad3\",\"name\":\"admin\",\"image\":{\"@type\":\"ImageObject\",\"inLanguage\":\"pt-BR\",\"@id\":\"https:\/\/franciscanos.org.br\/noticias\/#\/schema\/person\/image\/\",\"url\":\"https:\/\/secure.gravatar.com\/avatar\/e8495742d34d0ba6448ea1c628263b3e?s=96&d=mm&r=g\",\"contentUrl\":\"https:\/\/secure.gravatar.com\/avatar\/e8495742d34d0ba6448ea1c628263b3e?s=96&d=mm&r=g\",\"caption\":\"admin\"},\"url\":\"https:\/\/franciscanos.org.br\/noticias\/author\/admin\"}]}<\/script>\n<!-- \/ Yoast SEO plugin. -->","yoast_head_json":{"title":"Reviver o Dom da Voca\u00e7\u00e3o: 20 frades viajam para It\u00e1lia - Not\u00edcias - Franciscanos","robots":{"index":"index","follow":"follow","max-snippet":"max-snippet:-1","max-image-preview":"max-image-preview:large","max-video-preview":"max-video-preview:-1"},"canonical":"https:\/\/franciscanos.org.br\/noticias\/projeto-reviver-o-dom-da-vocacao-grupo-de-20-frades-viaja-para-italia.html","og_locale":"pt_BR","og_type":"article","og_title":"Reviver o Dom da Voca\u00e7\u00e3o: 20 frades viajam para It\u00e1lia - Not\u00edcias - Franciscanos","og_description":"CFMB","og_url":"https:\/\/franciscanos.org.br\/noticias\/projeto-reviver-o-dom-da-vocacao-grupo-de-20-frades-viaja-para-italia.html","og_site_name":"Not\u00edcias - Franciscanos","article_published_time":"2013-05-03T14:36:38+00:00","article_modified_time":"2020-01-28T16:07:09+00:00","og_image":[{"width":273,"height":181,"url":"https:\/\/franciscanos.org.br\/noticias\/wp-content\/uploads\/2013\/05\/22-1.jpg","type":"image\/jpeg"}],"author":"admin","twitter_card":"summary_large_image","twitter_misc":{"Escrito por":"admin","Est. tempo de leitura":"4 minutos"},"schema":{"@context":"https:\/\/schema.org","@graph":[{"@type":"WebSite","@id":"https:\/\/franciscanos.org.br\/noticias\/#website","url":"https:\/\/franciscanos.org.br\/noticias\/","name":"Not\u00edcias - Franciscanos","description":"Prov\u00edncia Franciscana da Imaculada Concei\u00e7\u00e3o do Brasil - Ordem dos Frades Menores - OFM","potentialAction":[{"@type":"SearchAction","target":{"@type":"EntryPoint","urlTemplate":"https:\/\/franciscanos.org.br\/noticias\/?s={search_term_string}"},"query-input":"required name=search_term_string"}],"inLanguage":"pt-BR"},{"@type":"ImageObject","inLanguage":"pt-BR","@id":"https:\/\/franciscanos.org.br\/noticias\/projeto-reviver-o-dom-da-vocacao-grupo-de-20-frades-viaja-para-italia.html#primaryimage","url":"https:\/\/franciscanos.org.br\/noticias\/wp-content\/uploads\/2013\/05\/22-1.jpg","contentUrl":"https:\/\/franciscanos.org.br\/noticias\/wp-content\/uploads\/2013\/05\/22-1.jpg","width":273,"height":181},{"@type":"WebPage","@id":"https:\/\/franciscanos.org.br\/noticias\/projeto-reviver-o-dom-da-vocacao-grupo-de-20-frades-viaja-para-italia.html#webpage","url":"https:\/\/franciscanos.org.br\/noticias\/projeto-reviver-o-dom-da-vocacao-grupo-de-20-frades-viaja-para-italia.html","name":"Reviver o Dom da Voca\u00e7\u00e3o: 20 frades viajam para It\u00e1lia - Not\u00edcias - Franciscanos","isPartOf":{"@id":"https:\/\/franciscanos.org.br\/noticias\/#website"},"primaryImageOfPage":{"@id":"https:\/\/franciscanos.org.br\/noticias\/projeto-reviver-o-dom-da-vocacao-grupo-de-20-frades-viaja-para-italia.html#primaryimage"},"datePublished":"2013-05-03T14:36:38+00:00","dateModified":"2020-01-28T16:07:09+00:00","author":{"@id":"https:\/\/franciscanos.org.br\/noticias\/#\/schema\/person\/b38fbf43118f02820bd932f2e4b14ad3"},"breadcrumb":{"@id":"https:\/\/franciscanos.org.br\/noticias\/projeto-reviver-o-dom-da-vocacao-grupo-de-20-frades-viaja-para-italia.html#breadcrumb"},"inLanguage":"pt-BR","potentialAction":[{"@type":"ReadAction","target":["https:\/\/franciscanos.org.br\/noticias\/projeto-reviver-o-dom-da-vocacao-grupo-de-20-frades-viaja-para-italia.html"]}]},{"@type":"BreadcrumbList","@id":"https:\/\/franciscanos.org.br\/noticias\/projeto-reviver-o-dom-da-vocacao-grupo-de-20-frades-viaja-para-italia.html#breadcrumb","itemListElement":[{"@type":"ListItem","position":1,"name":"Home","item":"https:\/\/franciscanos.org.br\/noticias"},{"@type":"ListItem","position":2,"name":"Reviver o Dom da Voca\u00e7\u00e3o: 20 frades viajam para It\u00e1lia"}]},{"@type":"Person","@id":"https:\/\/franciscanos.org.br\/noticias\/#\/schema\/person\/b38fbf43118f02820bd932f2e4b14ad3","name":"admin","image":{"@type":"ImageObject","inLanguage":"pt-BR","@id":"https:\/\/franciscanos.org.br\/noticias\/#\/schema\/person\/image\/","url":"https:\/\/secure.gravatar.com\/avatar\/e8495742d34d0ba6448ea1c628263b3e?s=96&d=mm&r=g","contentUrl":"https:\/\/secure.gravatar.com\/avatar\/e8495742d34d0ba6448ea1c628263b3e?s=96&d=mm&r=g","caption":"admin"},"url":"https:\/\/franciscanos.org.br\/noticias\/author\/admin"}]}},"_links":{"self":[{"href":"https:\/\/franciscanos.org.br\/noticias\/wp-json\/wp\/v2\/posts\/37286"}],"collection":[{"href":"https:\/\/franciscanos.org.br\/noticias\/wp-json\/wp\/v2\/posts"}],"about":[{"href":"https:\/\/franciscanos.org.br\/noticias\/wp-json\/wp\/v2\/types\/post"}],"author":[{"embeddable":true,"href":"https:\/\/franciscanos.org.br\/noticias\/wp-json\/wp\/v2\/users\/1"}],"replies":[{"embeddable":true,"href":"https:\/\/franciscanos.org.br\/noticias\/wp-json\/wp\/v2\/comments?post=37286"}],"version-history":[{"count":0,"href":"https:\/\/franciscanos.org.br\/noticias\/wp-json\/wp\/v2\/posts\/37286\/revisions"}],"wp:featuredmedia":[{"embeddable":true,"href":"https:\/\/franciscanos.org.br\/noticias\/wp-json\/wp\/v2\/media\/200744"}],"wp:attachment":[{"href":"https:\/\/franciscanos.org.br\/noticias\/wp-json\/wp\/v2\/media?parent=37286"}],"wp:term":[{"taxonomy":"category","embeddable":true,"href":"https:\/\/franciscanos.org.br\/noticias\/wp-json\/wp\/v2\/categories?post=37286"},{"taxonomy":"post_tag","embeddable":true,"href":"https:\/\/franciscanos.org.br\/noticias\/wp-json\/wp\/v2\/tags?post=37286"}],"curies":[{"name":"wp","href":"https:\/\/api.w.org\/{rel}","templated":true}]}}