{"id":36854,"date":"2013-04-29T14:29:45","date_gmt":"2013-04-29T17:29:45","guid":{"rendered":"http:\/\/new.franciscanos.org.br\/?p=36854"},"modified":"2020-11-11T09:54:59","modified_gmt":"2020-11-11T12:54:59","slug":"visita-do-ministro-provincial-a-fraternidade-sao-boaventura","status":"publish","type":"post","link":"https:\/\/franciscanos.org.br\/noticias\/visita-do-ministro-provincial-a-fraternidade-sao-boaventura.html","title":{"rendered":"Visita do Ministro Provincial \u00e0 Fraternidade S\u00e3o Boaventura"},"content":{"rendered":"<p><strong><img loading=\"lazy\" class=\"alignright size-full wp-image-36856\" title=\"Fraternidades\" src=\"http:\/\/franciscanos.org.br\/wp-content\/uploads\/2013\/04\/Fraternidades.jpg\" alt=\"\" width=\"450\" height=\"338\" \/><\/strong>Bendito aquele que vem em nome do Senhor! Entre os dias 26 e 29 de abril, a Fraternidade S\u00e3o Boaventura, de Rondinha, teve a imensa alegria e satisfa\u00e7\u00e3o de receber a visita de Frei Fid\u00eancio Vanb\u00f6emmel, Ministro Provincial. Foram dias de excelente conv\u00edvio e de muitas gra\u00e7as para todos.<\/p>\n<p>No s\u00e1bado, ap\u00f3s a Missa e o conv\u00edvio no caf\u00e9 da manh\u00e3, os frades formandos participaram de uma roda de conversa com Frei Fid\u00eancio. O Provincial relatou um pouco de suas atividades, desde o Cap\u00edtulo da Funda\u00e7\u00e3o Imaculada M\u00e3e de Deus de Angola (FIMDA) at\u00e9 aquele presente momento; fez diversos coment\u00e1rios acerca da tem\u00e1tica da forma\u00e7\u00e3o inicial e permanente; e abriu espa\u00e7o para d\u00favidas e perguntas no tocante ao processo de forma\u00e7\u00e3o da Prov\u00edncia.<\/p>\n<p>A conversa foi edificante para ambas as partes, pois ficou evidente a import\u00e2ncia de se tomar a s\u00e9rio e de forma comprometida o processo formativo, n\u00e3o s\u00f3 nas etapas iniciais, mas tamb\u00e9m e, sobretudo, ao longo da vida consagrada. E esse encontro encerrou-se com uma deliciosa feijoada, resqu\u00edcio da &#8220;Feijoada dos Freis&#8217;, realizada no dia 14 pr\u00f3ximo passado, a t\u00edtulo de grande confraterniza\u00e7\u00e3o com aqueles mais pr\u00f3ximos \u00e0 fraternidade (aproximadamente 80 pessoas).<\/p>\n<p>No Dia do Senhor, 5\u00b0 Domingo da P\u00e1scoa, a Fraternidade esteve em festa, pois, pelas m\u00e3os de Frei Fid\u00eancio, os dez frades estudantes do 1\u00b0 ano de profiss\u00e3o tempor\u00e1ria receberam os minist\u00e9rios do Leitorado e do Acolitado. Foi destacado a import\u00e2ncia dessa confirma\u00e7\u00e3o da Santa Igreja em rela\u00e7\u00e3o a tais servi\u00e7os que os frades solicitamente prestam em suas atividades pastorais; e o quanto significa para cada consagrado essa ades\u00e3o \u00e0s Ordens Menores.<\/p>\n<p><img loading=\"lazy\" class=\"alignleft size-full wp-image-36855\" title=\"Fraternidades3\" src=\"http:\/\/franciscanos.org.br\/wp-content\/uploads\/2013\/04\/Fraternidades3.jpg\" alt=\"\" width=\"450\" height=\"338\" \/>Foi uma bel\u00edssima celebra\u00e7\u00e3o, ainda mais devido \u00e0 Capela estar completamente cheia, n\u00e3o somente com aqueles que fielmente frequentam essa casa, mas tamb\u00e9m contando com os amigos e visitantes das comunidades vizinhas onde os frades exercem suas atividades pastorais.<\/p>\n<p>A comemora\u00e7\u00e3o prosseguiu com um churrasco bastante simples, por\u00e9m igualmente saboroso. O clima esteve bastante favor\u00e1vel, e propiciou uma excelente tarde de repouso para todos. \u00c0 noite, ap\u00f3s a Adora\u00e7\u00e3o ao Sant\u00edssimo Sacramento, a Fraternidade fez seu recreio festivo contando tamb\u00e9m com a visita dos confrades da fraternidade vizinha (Bom Jesus da Aldeia).<\/p>\n<p>E a visita terminou com o almo\u00e7o da segunda-feira, feito dentro da normalidade e sobriedade que o carisma requer. Ficam aqui registrados o profundo agradecimento a Frei Fid\u00eancio pela disponibilidade e pela presen\u00e7a sempre t\u00e3o terna e fraterna; e os votos de que os confrades rec\u00e9m-institu\u00eddos Leitores e Ac\u00f3litos da Santa Madre Igreja sejam perseverantes e muito felizes nesses minist\u00e9rios t\u00e3o importantes no servi\u00e7o junto ao Povo de Deus, Corpo M\u00edstico de Cristo. Paz e Bem.<\/p>\n","protected":false},"excerpt":{"rendered":"<p>Fraternidades<\/p>\n","protected":false},"author":1,"featured_media":208971,"comment_status":"closed","ping_status":"open","sticky":false,"template":"","format":"standard","meta":[],"categories":[1],"tags":[53],"acf":[],"yoast_head":"<!-- This site is optimized with the Yoast SEO plugin v19.2 - https:\/\/yoast.com\/wordpress\/plugins\/seo\/ -->\n<title>Visita do Ministro Provincial \u00e0 Fraternidade S\u00e3o Boaventura - Not\u00edcias - Franciscanos<\/title>\n<meta name=\"robots\" content=\"index, follow, max-snippet:-1, max-image-preview:large, max-video-preview:-1\" \/>\n<link rel=\"canonical\" href=\"https:\/\/franciscanos.org.br\/noticias\/visita-do-ministro-provincial-a-fraternidade-sao-boaventura.html\" \/>\n<meta property=\"og:locale\" content=\"pt_BR\" \/>\n<meta property=\"og:type\" content=\"article\" \/>\n<meta property=\"og:title\" content=\"Visita do Ministro Provincial \u00e0 Fraternidade S\u00e3o Boaventura - Not\u00edcias - Franciscanos\" \/>\n<meta property=\"og:description\" content=\"Fraternidades\" \/>\n<meta property=\"og:url\" content=\"https:\/\/franciscanos.org.br\/noticias\/visita-do-ministro-provincial-a-fraternidade-sao-boaventura.html\" \/>\n<meta property=\"og:site_name\" content=\"Not\u00edcias - Franciscanos\" \/>\n<meta property=\"article:published_time\" content=\"2013-04-29T17:29:45+00:00\" \/>\n<meta property=\"article:modified_time\" content=\"2020-11-11T12:54:59+00:00\" \/>\n<meta property=\"og:image\" content=\"https:\/\/franciscanos.org.br\/noticias\/wp-content\/uploads\/2013\/04\/Fraternidades.jpg\" \/>\n\t<meta property=\"og:image:width\" content=\"273\" \/>\n\t<meta property=\"og:image:height\" content=\"181\" \/>\n\t<meta property=\"og:image:type\" content=\"image\/jpeg\" \/>\n<meta name=\"author\" content=\"admin\" \/>\n<meta name=\"twitter:card\" content=\"summary_large_image\" \/>\n<meta name=\"twitter:label1\" content=\"Escrito por\" \/>\n\t<meta name=\"twitter:data1\" content=\"admin\" \/>\n\t<meta name=\"twitter:label2\" content=\"Est. tempo de leitura\" \/>\n\t<meta name=\"twitter:data2\" content=\"2 minutos\" \/>\n<script type=\"application\/ld+json\" class=\"yoast-schema-graph\">{\"@context\":\"https:\/\/schema.org\",\"@graph\":[{\"@type\":\"WebSite\",\"@id\":\"https:\/\/franciscanos.org.br\/noticias\/#website\",\"url\":\"https:\/\/franciscanos.org.br\/noticias\/\",\"name\":\"Not\u00edcias - Franciscanos\",\"description\":\"Prov\u00edncia Franciscana da Imaculada Concei\u00e7\u00e3o do Brasil - Ordem dos Frades Menores - OFM\",\"potentialAction\":[{\"@type\":\"SearchAction\",\"target\":{\"@type\":\"EntryPoint\",\"urlTemplate\":\"https:\/\/franciscanos.org.br\/noticias\/?s={search_term_string}\"},\"query-input\":\"required name=search_term_string\"}],\"inLanguage\":\"pt-BR\"},{\"@type\":\"ImageObject\",\"inLanguage\":\"pt-BR\",\"@id\":\"https:\/\/franciscanos.org.br\/noticias\/visita-do-ministro-provincial-a-fraternidade-sao-boaventura.html#primaryimage\",\"url\":\"https:\/\/franciscanos.org.br\/noticias\/wp-content\/uploads\/2013\/04\/Fraternidades.jpg\",\"contentUrl\":\"https:\/\/franciscanos.org.br\/noticias\/wp-content\/uploads\/2013\/04\/Fraternidades.jpg\",\"width\":273,\"height\":181},{\"@type\":\"WebPage\",\"@id\":\"https:\/\/franciscanos.org.br\/noticias\/visita-do-ministro-provincial-a-fraternidade-sao-boaventura.html#webpage\",\"url\":\"https:\/\/franciscanos.org.br\/noticias\/visita-do-ministro-provincial-a-fraternidade-sao-boaventura.html\",\"name\":\"Visita do Ministro Provincial \u00e0 Fraternidade S\u00e3o Boaventura - Not\u00edcias - Franciscanos\",\"isPartOf\":{\"@id\":\"https:\/\/franciscanos.org.br\/noticias\/#website\"},\"primaryImageOfPage\":{\"@id\":\"https:\/\/franciscanos.org.br\/noticias\/visita-do-ministro-provincial-a-fraternidade-sao-boaventura.html#primaryimage\"},\"datePublished\":\"2013-04-29T17:29:45+00:00\",\"dateModified\":\"2020-11-11T12:54:59+00:00\",\"author\":{\"@id\":\"https:\/\/franciscanos.org.br\/noticias\/#\/schema\/person\/b38fbf43118f02820bd932f2e4b14ad3\"},\"breadcrumb\":{\"@id\":\"https:\/\/franciscanos.org.br\/noticias\/visita-do-ministro-provincial-a-fraternidade-sao-boaventura.html#breadcrumb\"},\"inLanguage\":\"pt-BR\",\"potentialAction\":[{\"@type\":\"ReadAction\",\"target\":[\"https:\/\/franciscanos.org.br\/noticias\/visita-do-ministro-provincial-a-fraternidade-sao-boaventura.html\"]}]},{\"@type\":\"BreadcrumbList\",\"@id\":\"https:\/\/franciscanos.org.br\/noticias\/visita-do-ministro-provincial-a-fraternidade-sao-boaventura.html#breadcrumb\",\"itemListElement\":[{\"@type\":\"ListItem\",\"position\":1,\"name\":\"Home\",\"item\":\"https:\/\/franciscanos.org.br\/noticias\"},{\"@type\":\"ListItem\",\"position\":2,\"name\":\"Visita do Ministro Provincial \u00e0 Fraternidade S\u00e3o Boaventura\"}]},{\"@type\":\"Person\",\"@id\":\"https:\/\/franciscanos.org.br\/noticias\/#\/schema\/person\/b38fbf43118f02820bd932f2e4b14ad3\",\"name\":\"admin\",\"image\":{\"@type\":\"ImageObject\",\"inLanguage\":\"pt-BR\",\"@id\":\"https:\/\/franciscanos.org.br\/noticias\/#\/schema\/person\/image\/\",\"url\":\"https:\/\/secure.gravatar.com\/avatar\/e8495742d34d0ba6448ea1c628263b3e?s=96&d=mm&r=g\",\"contentUrl\":\"https:\/\/secure.gravatar.com\/avatar\/e8495742d34d0ba6448ea1c628263b3e?s=96&d=mm&r=g\",\"caption\":\"admin\"},\"url\":\"https:\/\/franciscanos.org.br\/noticias\/author\/admin\"}]}<\/script>\n<!-- \/ Yoast SEO plugin. -->","yoast_head_json":{"title":"Visita do Ministro Provincial \u00e0 Fraternidade S\u00e3o Boaventura - Not\u00edcias - Franciscanos","robots":{"index":"index","follow":"follow","max-snippet":"max-snippet:-1","max-image-preview":"max-image-preview:large","max-video-preview":"max-video-preview:-1"},"canonical":"https:\/\/franciscanos.org.br\/noticias\/visita-do-ministro-provincial-a-fraternidade-sao-boaventura.html","og_locale":"pt_BR","og_type":"article","og_title":"Visita do Ministro Provincial \u00e0 Fraternidade S\u00e3o Boaventura - Not\u00edcias - Franciscanos","og_description":"Fraternidades","og_url":"https:\/\/franciscanos.org.br\/noticias\/visita-do-ministro-provincial-a-fraternidade-sao-boaventura.html","og_site_name":"Not\u00edcias - Franciscanos","article_published_time":"2013-04-29T17:29:45+00:00","article_modified_time":"2020-11-11T12:54:59+00:00","og_image":[{"width":273,"height":181,"url":"https:\/\/franciscanos.org.br\/noticias\/wp-content\/uploads\/2013\/04\/Fraternidades.jpg","type":"image\/jpeg"}],"author":"admin","twitter_card":"summary_large_image","twitter_misc":{"Escrito por":"admin","Est. tempo de leitura":"2 minutos"},"schema":{"@context":"https:\/\/schema.org","@graph":[{"@type":"WebSite","@id":"https:\/\/franciscanos.org.br\/noticias\/#website","url":"https:\/\/franciscanos.org.br\/noticias\/","name":"Not\u00edcias - Franciscanos","description":"Prov\u00edncia Franciscana da Imaculada Concei\u00e7\u00e3o do Brasil - Ordem dos Frades Menores - OFM","potentialAction":[{"@type":"SearchAction","target":{"@type":"EntryPoint","urlTemplate":"https:\/\/franciscanos.org.br\/noticias\/?s={search_term_string}"},"query-input":"required name=search_term_string"}],"inLanguage":"pt-BR"},{"@type":"ImageObject","inLanguage":"pt-BR","@id":"https:\/\/franciscanos.org.br\/noticias\/visita-do-ministro-provincial-a-fraternidade-sao-boaventura.html#primaryimage","url":"https:\/\/franciscanos.org.br\/noticias\/wp-content\/uploads\/2013\/04\/Fraternidades.jpg","contentUrl":"https:\/\/franciscanos.org.br\/noticias\/wp-content\/uploads\/2013\/04\/Fraternidades.jpg","width":273,"height":181},{"@type":"WebPage","@id":"https:\/\/franciscanos.org.br\/noticias\/visita-do-ministro-provincial-a-fraternidade-sao-boaventura.html#webpage","url":"https:\/\/franciscanos.org.br\/noticias\/visita-do-ministro-provincial-a-fraternidade-sao-boaventura.html","name":"Visita do Ministro Provincial \u00e0 Fraternidade S\u00e3o Boaventura - Not\u00edcias - Franciscanos","isPartOf":{"@id":"https:\/\/franciscanos.org.br\/noticias\/#website"},"primaryImageOfPage":{"@id":"https:\/\/franciscanos.org.br\/noticias\/visita-do-ministro-provincial-a-fraternidade-sao-boaventura.html#primaryimage"},"datePublished":"2013-04-29T17:29:45+00:00","dateModified":"2020-11-11T12:54:59+00:00","author":{"@id":"https:\/\/franciscanos.org.br\/noticias\/#\/schema\/person\/b38fbf43118f02820bd932f2e4b14ad3"},"breadcrumb":{"@id":"https:\/\/franciscanos.org.br\/noticias\/visita-do-ministro-provincial-a-fraternidade-sao-boaventura.html#breadcrumb"},"inLanguage":"pt-BR","potentialAction":[{"@type":"ReadAction","target":["https:\/\/franciscanos.org.br\/noticias\/visita-do-ministro-provincial-a-fraternidade-sao-boaventura.html"]}]},{"@type":"BreadcrumbList","@id":"https:\/\/franciscanos.org.br\/noticias\/visita-do-ministro-provincial-a-fraternidade-sao-boaventura.html#breadcrumb","itemListElement":[{"@type":"ListItem","position":1,"name":"Home","item":"https:\/\/franciscanos.org.br\/noticias"},{"@type":"ListItem","position":2,"name":"Visita do Ministro Provincial \u00e0 Fraternidade S\u00e3o Boaventura"}]},{"@type":"Person","@id":"https:\/\/franciscanos.org.br\/noticias\/#\/schema\/person\/b38fbf43118f02820bd932f2e4b14ad3","name":"admin","image":{"@type":"ImageObject","inLanguage":"pt-BR","@id":"https:\/\/franciscanos.org.br\/noticias\/#\/schema\/person\/image\/","url":"https:\/\/secure.gravatar.com\/avatar\/e8495742d34d0ba6448ea1c628263b3e?s=96&d=mm&r=g","contentUrl":"https:\/\/secure.gravatar.com\/avatar\/e8495742d34d0ba6448ea1c628263b3e?s=96&d=mm&r=g","caption":"admin"},"url":"https:\/\/franciscanos.org.br\/noticias\/author\/admin"}]}},"_links":{"self":[{"href":"https:\/\/franciscanos.org.br\/noticias\/wp-json\/wp\/v2\/posts\/36854"}],"collection":[{"href":"https:\/\/franciscanos.org.br\/noticias\/wp-json\/wp\/v2\/posts"}],"about":[{"href":"https:\/\/franciscanos.org.br\/noticias\/wp-json\/wp\/v2\/types\/post"}],"author":[{"embeddable":true,"href":"https:\/\/franciscanos.org.br\/noticias\/wp-json\/wp\/v2\/users\/1"}],"replies":[{"embeddable":true,"href":"https:\/\/franciscanos.org.br\/noticias\/wp-json\/wp\/v2\/comments?post=36854"}],"version-history":[{"count":1,"href":"https:\/\/franciscanos.org.br\/noticias\/wp-json\/wp\/v2\/posts\/36854\/revisions"}],"predecessor-version":[{"id":229244,"href":"https:\/\/franciscanos.org.br\/noticias\/wp-json\/wp\/v2\/posts\/36854\/revisions\/229244"}],"wp:featuredmedia":[{"embeddable":true,"href":"https:\/\/franciscanos.org.br\/noticias\/wp-json\/wp\/v2\/media\/208971"}],"wp:attachment":[{"href":"https:\/\/franciscanos.org.br\/noticias\/wp-json\/wp\/v2\/media?parent=36854"}],"wp:term":[{"taxonomy":"category","embeddable":true,"href":"https:\/\/franciscanos.org.br\/noticias\/wp-json\/wp\/v2\/categories?post=36854"},{"taxonomy":"post_tag","embeddable":true,"href":"https:\/\/franciscanos.org.br\/noticias\/wp-json\/wp\/v2\/tags?post=36854"}],"curies":[{"name":"wp","href":"https:\/\/api.w.org\/{rel}","templated":true}]}}