{"id":36781,"date":"2013-04-29T07:52:35","date_gmt":"2013-04-29T10:52:35","guid":{"rendered":"http:\/\/new.franciscanos.org.br\/?p=36781"},"modified":"2020-01-28T11:47:36","modified_gmt":"2020-01-28T14:47:36","slug":"frei-andre-celebra-primeira-missa-em-nilopolis","status":"publish","type":"post","link":"https:\/\/franciscanos.org.br\/noticias\/frei-andre-celebra-primeira-missa-em-nilopolis.html","title":{"rendered":"Frei Andr\u00e9 celebra Primeira Missa em Nil\u00f3polis"},"content":{"rendered":"<p><img loading=\"lazy\" class=\"alignnone wp-image-192200 size-full\" src=\"https:\/\/franciscanos.org.br\/noticias\/wp-content\/uploads\/2013\/04\/freiandre.jpg\" alt=\"\" width=\"890\" height=\"400\" srcset=\"https:\/\/franciscanos.org.br\/noticias\/wp-content\/uploads\/2013\/04\/freiandre.jpg 890w, https:\/\/franciscanos.org.br\/noticias\/wp-content\/uploads\/2013\/04\/freiandre-450x202.jpg 450w, https:\/\/franciscanos.org.br\/noticias\/wp-content\/uploads\/2013\/04\/freiandre-768x345.jpg 768w, https:\/\/franciscanos.org.br\/noticias\/wp-content\/uploads\/2013\/04\/freiandre-150x67.jpg 150w\" sizes=\"(max-width: 890px) 100vw, 890px\" \/><\/p>\n<p><strong>Por Cl\u00e1udio Santos, OFS, especial para este site<\/strong><\/p>\n<p><strong>Nil\u00f3polis (RJ)<\/strong> &#8211; Mais uma vez os fi\u00e9is lotaram a Par\u00f3quia Nossa Senhora Aparecida para celebrar as prim\u00edcias do mais novo presb\u00edtero da Prov\u00edncia da Imaculada Concei\u00e7\u00e3o: Frei Andr\u00e9 Luiz da Rocha Henriques. Ele foi ordenado no s\u00e1bado pelo bispo da Diocese de Nova Igua\u00e7u (RJ), Dom Luciano Bergamin, CRL, na Igreja Nossa Senhora Aparecida, em Nil\u00f3polis (RJ), e ontem (28) celebrou a sua primeira missa.<\/p>\n<p>A celebra\u00e7\u00e3o foi concelebrada pelo Definidor da Prov\u00edncia, Frei Evaristo Spengler, representando o Ministro Provincial, Frei Fid\u00eancio Vanboemmel, e pelo p\u00e1roco da Matriz Nossa Senhora Aparecida, Frei Walter Ferreira J\u00fanior e pelos confrades presb\u00edteros que vieram prestigiar a celebra\u00e7\u00e3o. Os pais, Luiz Firmino e Concei\u00e7\u00e3o Aparecida da Rocha Henriques e a irm\u00e3 Fl\u00e1via Marcela da Rocha Henriques vieram de C\u00e2ndido Mota (SP), especialmente para participar da ordena\u00e7\u00e3o e da celebra\u00e7\u00e3o da Primeira Missa como presb\u00edtero.<\/p>\n<p>Como de costume nas prim\u00edcias, o neo-sacerdote costuma chamar algu\u00e9m para fazer o serm\u00e3o. Frei Andr\u00e9 escolheu Frei C\u00e9sar K\u00fclkamp, seu formador, para fazer a homilia, no qual Frei C\u00e9sar fez uma reflex\u00e3o sobre o sentido b\u00edblico das prim\u00edcias como oferta da pr\u00f3pria vida e voca\u00e7\u00e3o a Deus, destacando o amadurecimento vocacional de Frei Andr\u00e9 e sua fraterna conviv\u00eancia nos anos de forma\u00e7\u00e3o como formador e confrade <strong>(<\/strong><\/p>\n<p>Ao longo de toda celebra\u00e7\u00e3o a assembleia acompanhava atentamente e com muita aten\u00e7\u00e3o cada passo da celebra\u00e7\u00e3o at\u00e9 que chegou o \u00e1pice da celebra\u00e7\u00e3o eucar\u00edstica, momento em que o p\u00e3o e o vinho se transformaram no corpo e sangue de Nosso Senhor Jesus Cristo. No final da celebra\u00e7\u00e3o, Frei Andr\u00e9 apresentou as crian\u00e7as que estavam no templo, dedicando-as a Nossa Senhora Aparecida e saudou os aniversariantes do m\u00eas com o tradicional canto de parab\u00e9ns.<\/p>\n<p>O novo presb\u00edtero aben\u00e7oou os fi\u00e9is e foi receber os cumprimentos e homenagens singelas do povo de Deus que, mais uma vez, fez quest\u00e3o de celebrar essa nova etapa de sua voca\u00e7\u00e3o crist\u00e3 de servi\u00e7o a Deus, a Igreja e ao Povo de Deus.<\/p>\n<p>Frei Andr\u00e9 reside atualmente na Fraternidade de Nossa Senhora Aparecida, local que escolheu para a sua ordena\u00e7\u00e3o presbiteral.<\/p>\n<hr \/>\n<div id=\"linha_identificacao\">\n<h1 class=\"fontptserif font-700\">Homilia de Frei C\u00e9sar K\u00fclkamp<\/h1>\n<\/div>\n<div class=\"sub_header tl-center\">\n<p>A todos os irm\u00e3os e irm\u00e3s aqui presentes, a nossa sauda\u00e7\u00e3o franciscana: Paz e Bem!<br \/>\n<i class=\"fas fa-clock\"><\/i><\/p>\n<\/div>\n<div class=\"conteudo\">\n<p>Com muita alegria estamos participando hoje da primeira missa de frei Andr\u00e9.<\/p>\n<p>Dia de alegria para toda a Igreja, para a Par\u00f3quia Nossa Senhora Aparecida, aqui em Nil\u00f3polis, com suas comunidades, para a Par\u00f3quia do Sagrado Cora\u00e7\u00e3o de Jesus, de Petr\u00f3polis e para a Par\u00f3quia Santa Clara, de Imbari\u00ea, lugares onde Frei Andr\u00e9 viveu e desempenhou suas atividades pastorais nos \u00faltimos anos.<\/p>\n<p>Dia de alegria para a Ordem franciscana e a Prov\u00edncia da Imaculada Concei\u00e7\u00e3o do Brasil, pois mais um de seus irm\u00e3os assume este minist\u00e9rio, este servi\u00e7o ao povo de Deus em cada lugar onde a Ordem \u00e9 chamada a estar.<\/p>\n<p>Alegria para a fam\u00edlia de Luiz Firmino e Concei\u00e7\u00e3o Aparecida, seus filhos Fl\u00e1via e Cl\u00f3vis, e todos os seus parentes, que v\u00eam de C\u00e2ndido Mota e outros lugares; alegria pelo sim a Deus do vosso filho, pois \u00e9 no seio da fam\u00edlia que o chamado de Deus se realiza.<\/p>\n<p>Frei Andr\u00e9, este dia \u00e9 de alegria porque voc\u00ea oferece a Deus as suas prim\u00edcias!<\/p>\n<p>No Antigo Testamento esta palavra \u201cprim\u00edcias\u201d era usada para descrever os primeiros frutos do campo ou dos rebanhos, que eram oferecidos em gratid\u00e3o a Deus (Dt 18,4;26,2; Ne 10,35-37;Num28,26). As prim\u00edcias, portanto, representavam o in\u00edcio da colheita. Apresentavam-se comidas especiais ao Senhor no tabern\u00e1culo, significando com isso que o p\u00e3o de cada dia era dado pela gra\u00e7a e benevol\u00eancia do Senhor (Lv 23,15-20). Esta festa das prim\u00edcias passou a ser celebrada no dia de Pentecostes, primeiramente mem\u00f3ria da entrega da Lei no Monte Sinai. Por isso, S\u00e3o Paulo chamou o Esp\u00edrito Santo de \u201cprim\u00edcias\u201d (Rm 8,23). Nesse caso, \u00e9 Deus e n\u00e3o o adorador quem d\u00e1 as prim\u00edcias (2Cor 5,5). E elas marcam a presen\u00e7a bendita do Esp\u00edrito Santo na Igreja.<\/p>\n<p>Mas, desde o Antigo Testamento, os primeiros frutos apontam para uma colheita muito maior que h\u00e1 de vir.<\/p>\n<p>Por isso, Frei Andr\u00e9, sua colheita de frutos para Deus e da benevol\u00eancia de Deus para os homens est\u00e1 apenas come\u00e7ando.<\/p>\n<p><strong>PALAVRA DE DEUS E O LEMA<\/strong><\/p>\n<p>Neste quinto domingo da P\u00e1scoa, o Senhor nos fala atrav\u00e9s da sua Palavra, que cont\u00e9m em si a for\u00e7a e a orienta\u00e7\u00e3o de que precisamos para bem conduzir nossa vida crist\u00e3 e, portanto, tamb\u00e9m este minist\u00e9rio do qual voc\u00ea foi institu\u00eddo.<\/p>\n<p>O Evangelho de Jo\u00e3o revive o contexto da Quinta-feira Santa, onde Jesus transmite aos seus mais pr\u00f3ximos, os ap\u00f3stolos, o seu testamento, o n\u00facleo central da sua mensagem, que consiste no amor: \u201cComo eu vos amei, assim tamb\u00e9m v\u00f3s deveis amar-vos uns aos outros\u201d.<\/p>\n<p>Ele fala deste como sendo um mandamento \u201cnovo\u201d.\u00a0 E a novidades est\u00e1 justamente na medida que Ele nos prop\u00f5e para amar. N\u00e3o a que costumamos usar, a de amar quem nos ama. Ou ent\u00e3o amar quem tem sucesso, quem \u00e9 simp\u00e1tico, rico, inteligente, bom. Assim, amamos quem julgamos merecer este amor. \u00c9 completamente diferente o amor que Jesus nos ensina com palavras e com sua vida: Ele amou os pobres, os doentes, os marginalizados, os malvados, os ladr\u00f5es e os seus pr\u00f3prios algozes.<\/p>\n<p>E fez isso porque s\u00f3 o amor poderia conseguir que superassem a pr\u00f3pria condi\u00e7\u00e3o de mis\u00e9ria e de pecado. E assim, buscou superar os velhos esquemas de sociedade, baseados na competi\u00e7\u00e3o, no merecimento, no dom\u00ednio, no poder. Quis construir a nova comunidade, a comunidade crist\u00e3, guiada pela l\u00f3gica do amor e do servi\u00e7o em favor dos humildes, em favor dos que est\u00e3o na marginalidade da vida.<\/p>\n<p>E Jesus diz mais, que \u201cnisto todos conhecer\u00e3o que sois meus disc\u00edpulos, se tiverdes amor uns aos outros\u201d. Assim, nossas comunidades n\u00e3o ser\u00e3o crist\u00e3s apenas se praticarem boas obras, mas sim se as suas obras forem um verdadeiro testemunho de que a comunidade \u00e9 vivificada pelo Esp\u00edrito do Cristo. Neste sentido, os crist\u00e3os n\u00e3o s\u00e3o pessoas diferentes das outras, n\u00e3o vivem fora do mundo. O que caracteriza o crist\u00e3o \u00e9 a l\u00f3gica do amor gratuito, que \u00e9 o amor de Cristo, o amor de Deus.<\/p>\n<p>E isso n\u00e3o como uma tarefa simples e f\u00e1cil. Na leitura dos Atos dos Ap\u00f3stolos de hoje, Paulo e Barnab\u00e9 exortavam os primeiros crist\u00e3os a permanecerem firmes na f\u00e9, pois \u201c\u00e9 preciso que passemos por muitos sofrimentos para entrar no reino de Deus\u201d. E nesta realidade de sofrimentos \u201cdesignaram presb\u00edteros para cada comunidade\u201d.<\/p>\n<p>Assim, nasce a Igreja, com seus minist\u00e9rios\/servi\u00e7os; Igreja que a leitura do livro do Apocalipse de hoje chama de \u201cnovo c\u00e9u e nova terra, a cidade santa, a nova Jerusal\u00e9m, que descia do c\u00e9u, de junto de Deus\u201d. A Igreja vista assim torna-se \u201ca morada de Deus entre os homens. Eles ser\u00e3o o seu povo, e o pr\u00f3prio Deus estar\u00e1 com eles.\u201d Esta \u00e9 a Igreja que proclama que, apesar dos sofrimentos que enfrentamos no nosso dia-a-dia, \u201cDeus enxugar\u00e1 toda l\u00e1grima dos olhos. N\u00e3o haver\u00e1 mais luto, nem choro, nem dor\u2026\u201d porque \u00e9 o pr\u00f3prio Cristo quem anuncia: \u201cEis que fa\u00e7o novas todas as coisas\u201d.<\/p>\n<p>Frei Andr\u00e9, nesta palavra voc\u00ea j\u00e1 tem um programa de vida para o seu minist\u00e9rio. Um programa muito simples, mas tamb\u00e9m desafiante. Voc\u00ea n\u00e3o precisa fazer muitas coisas e n\u00e3o precisa se diferenciar das pessoas. Voc\u00ea deve sim, como crist\u00e3o e ministro ordenado, buscar a centralidade de Cristo em sua vida para que ele mesmo te conduza ao amor generoso que Ele e o Pai t\u00eam para com a humanidade.<\/p>\n<p>E o seu lema fala justamente disso. Do mesmo Evangelho de S\u00e3o Jo\u00e3o: \u201c\u00c9 preciso que Ele cres\u00e7a e eu diminua\u201d (Jo 3,30).<\/p>\n<p>A tenta\u00e7\u00e3o que temos hoje \u00e9 a de falar ou anunciar a n\u00f3s mesmos. E esta \u00e9 uma cilada que trai o Evangelho e o pr\u00f3prio minist\u00e9rio. Voc\u00ea mesmo me disse uma vez que, \u00e0 medida que cresce o nosso Ego diminui o amor de Cristo. E \u00e0 medida que o nosso Ego diminui cresce o amor de Jesus Cristo. E, s\u00f3 assim, ser\u00e1 poss\u00edvel que o Amor d\u2019Ele ame atrav\u00e9s de n\u00f3s.<\/p>\n<p>E na sua recente entrevista ao\u00a0<em>site<\/em>\u00a0da nossa Prov\u00edncia voc\u00ea disse que sabe que s\u00f3 ser\u00e1 um bom presb\u00edtero se Cristo for tudo em voc\u00ea. E voc\u00ea afirmou a\u00ed tamb\u00e9m que n\u00e3o acredita e n\u00e3o quer um an\u00fancio que n\u00e3o parta desta busca aut\u00eantica de vida. Todas as estrat\u00e9gias de evangeliza\u00e7\u00e3o ser\u00e3o ineficazes se n\u00e3o comunicarem um cora\u00e7\u00e3o inflamado pelo amor de Deus. \u201cSe se deseja alcan\u00e7ar o cora\u00e7\u00e3o dos jovens (ou dos crist\u00e3os), \u00e9 preciso primeiro falar ao cora\u00e7\u00e3o de Deus e deix\u00e1-lo falar ao pr\u00f3prio cora\u00e7\u00e3o\u201d.<\/p>\n<p>Frei Andr\u00e9, este seu prop\u00f3sito parte do cora\u00e7\u00e3o do pr\u00f3prio Evangelho, da sua ess\u00eancia. Diante disso, s\u00f3 posso lhe dizer que ele \u00e9 grandioso e voc\u00ea \u00e9 muito corajoso por escolh\u00ea-lo para a sua vida!<\/p>\n<p><strong>\u00a0A PESSOA DO FREI ANDR\u00c9<\/strong><\/p>\n<p>Quando voc\u00ea me fez o convite para falar neste dia, lembrou que eu fui o formador que por mais tempo acompanhou sua caminhada. Desde seu acompanhamento vocacional, em 2001 e 2002, em Agudos, e, a partir do Postulantado, em 2004, at\u00e9 o t\u00e9rmino dos estudos de Teologia, no fim do ano passado, quase sempre moramos na mesma casa. Mas, hoje me dirijo a voc\u00ea, Frei Andr\u00e9, como confrade na Ordem dos Frades Menores e irm\u00e3o na ordem dos presb\u00edteros que, desde ontem, voc\u00ea come\u00e7ou a fazer parte.<\/p>\n<p>Eu tive esta gra\u00e7a de participar de sua vida e de ver de perto seu crescimento para que voc\u00ea conseguisse chegar aqui hoje e daqui possa partir com entusiasmo para a miss\u00e3o que Deus lhe destinar.<\/p>\n<p>Como o lema que voc\u00ea escolheu j\u00e1 nos lembra de que a \u00e9 preciso que a nossa pessoa diminua e cres\u00e7a a presen\u00e7a de Cristo em n\u00f3s, n\u00e3o cabe aqui trazer muitas hist\u00f3rias e depoimentos sobre voc\u00ea.<\/p>\n<p>Mas, muitas pessoas afirmaram ver em voc\u00ea um homem de Deus e, assim, uma luz no caminho delas. Essa aprecia\u00e7\u00e3o positiva, mais do que motivo de orgulho, \u00e9 um desafio para voc\u00ea. Ela nos remete a uma passagem na vida de nosso pai, S\u00e3o Francisco de Assis, j\u00e1 fraco e doente, mas vigoroso na viv\u00eancia do Evangelho. Ele passava por um terreno onde trabalhava um campon\u00eas muito simples e franco que correu ao encontro dele e lhe perguntou se ele era mesmo o Frei Francisco. Ao ouvir a resposta afirmativa ele fala assim ao santo: \u201c<em>Trata de ser t\u00e3o bom como todos dizem, porque s\u00e3o muitos os que confiam em ti. Por isso te aconselho a n\u00e3o seres diferente daquilo que esperam de ti<\/em>\u201d (2Cel 142). Francisco imediatamente se joga ao ch\u00e3o e beija os p\u00e9s daquele campon\u00eas, por lhe ter admoestado desta forma em vez de bajul\u00e1-lo como santo.<\/p>\n<p>Frei Andr\u00e9, devemos honrar a confian\u00e7a que o povo deposita em n\u00f3s com o testemunho coerente da nossa vida.<\/p>\n<p><strong>EUCARISTIA \u2013 CENTRO DA VIDA CRIST\u00c3<\/strong><\/p>\n<p>Caro confrade, hoje voc\u00ea chegou aqui e est\u00e1 presidindo a eucaristia,\u00a0<em>a fonte de toda a vida crist\u00e3<\/em>\u00a0(SC 10). Fonte porque ponto de partida de todo nosso agir enquanto homens de f\u00e9 e lugar para onde devemos retornar para\u00a0<em>rendermos gra\u00e7as a Deus por todo bem que Ele nos fez<\/em>\u00a0(Sl 118) e continua a fazer em nossas vidas.<\/p>\n<p>O sacramento da ordem \u00e9 uma eucaristia feita com a vida do presb\u00edtero, em se transformando ele mesmo em h\u00f3stia viva. S\u00e3o Francisco fala aos seus irm\u00e3os sacerdotes, na Carta a Toda a Ordem: \u201c<em>Pe\u00e7o ainda no Senhor a todos os meus irm\u00e3os sacerdotes, os que s\u00e3o, vierem a ser ou desejarem ser sacerdotes do Alt\u00edssimo,<\/em>[por isso hoje fala tamb\u00e9m voc\u00ea, Frei Andr\u00e9]<em>\u00a0que, ao celebrar a missa, ofere\u00e7am o verdadeiro sacrif\u00edcio do sant\u00edssimo corpo e sangue de Nosso Senhor Jesus Cristo, com disposi\u00e7\u00e3o sincera, com rever\u00eancia e com santa e pura inten\u00e7\u00e3o. [\u2026] seja todo o vosso querer ordenado para Deus\u2026 Considerai a vossa dignidade irm\u00e3os sacerdotes e sede santos porque Ele \u00e9 santo\u2026 v\u00f3s, mais que todos, amai-o, reverenciai-o, honrai-o\u2026 Portanto, nada de v\u00f3s retenhais para v\u00f3s mesmos, para que totalmente vos receba quem totalmente se vos d\u00e1!\u201d<\/em>\u00a0(14-29).<\/p>\n<p>Na Eucaristia, o sacerdote faz a oferta de si mesmo \u00e0 comunidade, aos pobres, aos doentes, aos sofredores, aos machucados e aos marginalizados. Por isso a eucaristia \u00e9 o centro de nossa vida crist\u00e3 e, deve ser tamb\u00e9m, o centro e o cora\u00e7\u00e3o da vida de todo presb\u00edtero, fonte de f\u00e9, fonte de vida, fonte de espiritualidade, fonte de reconcilia\u00e7\u00e3o, fonte do encontro pessoal e fraterno com o sentido de todas as voca\u00e7\u00f5es: o Cristo vivo e ressuscitado.<\/p>\n<p><strong>SACERD\u00d3CIO DE \u201cMENORES\u201d<\/strong><\/p>\n<p>Frei Andr\u00e9, voc\u00ea mesmo escreveu nas suas motiva\u00e7\u00f5es pessoais para receber os minist\u00e9rios ordenados que gostaria de consagrar todas as suas energias para a evangeliza\u00e7\u00e3o, em comunh\u00e3o com seus confrades e se dispunha a exercer o presbiterado conforme o esp\u00edrito franciscano, como frade menor.<\/p>\n<p>E o sacerd\u00f3cio, na perspectiva franciscana, \u00e9 sempre servi\u00e7o. Servi\u00e7o que se realiza, antes de tudo, na experi\u00eancia di\u00e1ria de vida na Fraternidade, na comunidade eclesial, na sociedade e entre os pobres.<\/p>\n<p><strong>CONCLUS\u00c3O<\/strong><\/p>\n<p>Frei Andr\u00e9, diminuir a si para que Ele cres\u00e7a \u00e9 o caminho para quebrar a crosta do ego\u00edsmo ainda presente em nosso mundo e em n\u00f3s mesmos.<\/p>\n<p>E ser sacerdote \u00e9 sobretudo abrir-se aos outros como irm\u00e3o! E ser irm\u00e3o \u00e9 a grande contribui\u00e7\u00e3o do nosso carisma franciscano para o mundo de hoje.<\/p>\n<p>Caros irm\u00e3os, invoquemos a intercess\u00e3o da Virgem Maria, rainha da Ordem dos Frades Menores e m\u00e3e dos Sacerdotes, para obter do Senhor b\u00ean\u00e7\u00e3os abundantes para o minist\u00e9rio do Frei Andr\u00e9.<\/p>\n<p>Frei Andr\u00e9, que voc\u00ea continue crescendo em santidade e esteja pronto para testemunhar a beleza de sua total e definitiva consagra\u00e7\u00e3o a Cristo e \u00e0 Igreja, o seu povo santo!<\/p>\n<\/div>\n","protected":false},"excerpt":{"rendered":"<p>Ordena\u00e7\u00e3o presbiteral<\/p>\n","protected":false},"author":1,"featured_media":216694,"comment_status":"closed","ping_status":"open","sticky":false,"template":"","format":"standard","meta":[],"categories":[1],"tags":[157,167],"acf":[],"yoast_head":"<!-- This site is optimized with the Yoast SEO plugin v19.2 - https:\/\/yoast.com\/wordpress\/plugins\/seo\/ -->\n<title>Frei Andr\u00e9 celebra Primeira Missa em Nil\u00f3polis - Not\u00edcias - Franciscanos<\/title>\n<meta name=\"robots\" content=\"index, follow, max-snippet:-1, max-image-preview:large, max-video-preview:-1\" \/>\n<link rel=\"canonical\" href=\"https:\/\/franciscanos.org.br\/noticias\/frei-andre-celebra-primeira-missa-em-nilopolis.html\" \/>\n<meta property=\"og:locale\" content=\"pt_BR\" \/>\n<meta property=\"og:type\" content=\"article\" \/>\n<meta property=\"og:title\" content=\"Frei Andr\u00e9 celebra Primeira Missa em Nil\u00f3polis - Not\u00edcias - Franciscanos\" \/>\n<meta property=\"og:description\" content=\"Ordena\u00e7\u00e3o presbiteral\" \/>\n<meta property=\"og:url\" content=\"https:\/\/franciscanos.org.br\/noticias\/frei-andre-celebra-primeira-missa-em-nilopolis.html\" \/>\n<meta property=\"og:site_name\" content=\"Not\u00edcias - Franciscanos\" \/>\n<meta property=\"article:published_time\" content=\"2013-04-29T10:52:35+00:00\" \/>\n<meta property=\"article:modified_time\" content=\"2020-01-28T14:47:36+00:00\" \/>\n<meta property=\"og:image\" content=\"https:\/\/franciscanos.org.br\/noticias\/wp-content\/uploads\/2013\/04\/freiandre-2.jpg\" \/>\n\t<meta property=\"og:image:width\" content=\"273\" \/>\n\t<meta property=\"og:image:height\" content=\"181\" \/>\n\t<meta property=\"og:image:type\" content=\"image\/jpeg\" \/>\n<meta name=\"author\" content=\"admin\" \/>\n<meta name=\"twitter:card\" content=\"summary_large_image\" \/>\n<meta name=\"twitter:label1\" content=\"Escrito por\" \/>\n\t<meta name=\"twitter:data1\" content=\"admin\" \/>\n\t<meta name=\"twitter:label2\" content=\"Est. tempo de leitura\" \/>\n\t<meta name=\"twitter:data2\" content=\"13 minutos\" \/>\n<script type=\"application\/ld+json\" class=\"yoast-schema-graph\">{\"@context\":\"https:\/\/schema.org\",\"@graph\":[{\"@type\":\"WebSite\",\"@id\":\"https:\/\/franciscanos.org.br\/noticias\/#website\",\"url\":\"https:\/\/franciscanos.org.br\/noticias\/\",\"name\":\"Not\u00edcias - Franciscanos\",\"description\":\"Prov\u00edncia Franciscana da Imaculada Concei\u00e7\u00e3o do Brasil - Ordem dos Frades Menores - OFM\",\"potentialAction\":[{\"@type\":\"SearchAction\",\"target\":{\"@type\":\"EntryPoint\",\"urlTemplate\":\"https:\/\/franciscanos.org.br\/noticias\/?s={search_term_string}\"},\"query-input\":\"required name=search_term_string\"}],\"inLanguage\":\"pt-BR\"},{\"@type\":\"ImageObject\",\"inLanguage\":\"pt-BR\",\"@id\":\"https:\/\/franciscanos.org.br\/noticias\/frei-andre-celebra-primeira-missa-em-nilopolis.html#primaryimage\",\"url\":\"https:\/\/franciscanos.org.br\/noticias\/wp-content\/uploads\/2013\/04\/freiandre-2.jpg\",\"contentUrl\":\"https:\/\/franciscanos.org.br\/noticias\/wp-content\/uploads\/2013\/04\/freiandre-2.jpg\",\"width\":273,\"height\":181},{\"@type\":\"WebPage\",\"@id\":\"https:\/\/franciscanos.org.br\/noticias\/frei-andre-celebra-primeira-missa-em-nilopolis.html#webpage\",\"url\":\"https:\/\/franciscanos.org.br\/noticias\/frei-andre-celebra-primeira-missa-em-nilopolis.html\",\"name\":\"Frei Andr\u00e9 celebra Primeira Missa em Nil\u00f3polis - Not\u00edcias - Franciscanos\",\"isPartOf\":{\"@id\":\"https:\/\/franciscanos.org.br\/noticias\/#website\"},\"primaryImageOfPage\":{\"@id\":\"https:\/\/franciscanos.org.br\/noticias\/frei-andre-celebra-primeira-missa-em-nilopolis.html#primaryimage\"},\"datePublished\":\"2013-04-29T10:52:35+00:00\",\"dateModified\":\"2020-01-28T14:47:36+00:00\",\"author\":{\"@id\":\"https:\/\/franciscanos.org.br\/noticias\/#\/schema\/person\/b38fbf43118f02820bd932f2e4b14ad3\"},\"breadcrumb\":{\"@id\":\"https:\/\/franciscanos.org.br\/noticias\/frei-andre-celebra-primeira-missa-em-nilopolis.html#breadcrumb\"},\"inLanguage\":\"pt-BR\",\"potentialAction\":[{\"@type\":\"ReadAction\",\"target\":[\"https:\/\/franciscanos.org.br\/noticias\/frei-andre-celebra-primeira-missa-em-nilopolis.html\"]}]},{\"@type\":\"BreadcrumbList\",\"@id\":\"https:\/\/franciscanos.org.br\/noticias\/frei-andre-celebra-primeira-missa-em-nilopolis.html#breadcrumb\",\"itemListElement\":[{\"@type\":\"ListItem\",\"position\":1,\"name\":\"Home\",\"item\":\"https:\/\/franciscanos.org.br\/noticias\"},{\"@type\":\"ListItem\",\"position\":2,\"name\":\"Frei Andr\u00e9 celebra Primeira Missa em Nil\u00f3polis\"}]},{\"@type\":\"Person\",\"@id\":\"https:\/\/franciscanos.org.br\/noticias\/#\/schema\/person\/b38fbf43118f02820bd932f2e4b14ad3\",\"name\":\"admin\",\"image\":{\"@type\":\"ImageObject\",\"inLanguage\":\"pt-BR\",\"@id\":\"https:\/\/franciscanos.org.br\/noticias\/#\/schema\/person\/image\/\",\"url\":\"https:\/\/secure.gravatar.com\/avatar\/e8495742d34d0ba6448ea1c628263b3e?s=96&d=mm&r=g\",\"contentUrl\":\"https:\/\/secure.gravatar.com\/avatar\/e8495742d34d0ba6448ea1c628263b3e?s=96&d=mm&r=g\",\"caption\":\"admin\"},\"url\":\"https:\/\/franciscanos.org.br\/noticias\/author\/admin\"}]}<\/script>\n<!-- \/ Yoast SEO plugin. -->","yoast_head_json":{"title":"Frei Andr\u00e9 celebra Primeira Missa em Nil\u00f3polis - Not\u00edcias - Franciscanos","robots":{"index":"index","follow":"follow","max-snippet":"max-snippet:-1","max-image-preview":"max-image-preview:large","max-video-preview":"max-video-preview:-1"},"canonical":"https:\/\/franciscanos.org.br\/noticias\/frei-andre-celebra-primeira-missa-em-nilopolis.html","og_locale":"pt_BR","og_type":"article","og_title":"Frei Andr\u00e9 celebra Primeira Missa em Nil\u00f3polis - Not\u00edcias - Franciscanos","og_description":"Ordena\u00e7\u00e3o presbiteral","og_url":"https:\/\/franciscanos.org.br\/noticias\/frei-andre-celebra-primeira-missa-em-nilopolis.html","og_site_name":"Not\u00edcias - Franciscanos","article_published_time":"2013-04-29T10:52:35+00:00","article_modified_time":"2020-01-28T14:47:36+00:00","og_image":[{"width":273,"height":181,"url":"https:\/\/franciscanos.org.br\/noticias\/wp-content\/uploads\/2013\/04\/freiandre-2.jpg","type":"image\/jpeg"}],"author":"admin","twitter_card":"summary_large_image","twitter_misc":{"Escrito por":"admin","Est. tempo de leitura":"13 minutos"},"schema":{"@context":"https:\/\/schema.org","@graph":[{"@type":"WebSite","@id":"https:\/\/franciscanos.org.br\/noticias\/#website","url":"https:\/\/franciscanos.org.br\/noticias\/","name":"Not\u00edcias - Franciscanos","description":"Prov\u00edncia Franciscana da Imaculada Concei\u00e7\u00e3o do Brasil - Ordem dos Frades Menores - OFM","potentialAction":[{"@type":"SearchAction","target":{"@type":"EntryPoint","urlTemplate":"https:\/\/franciscanos.org.br\/noticias\/?s={search_term_string}"},"query-input":"required name=search_term_string"}],"inLanguage":"pt-BR"},{"@type":"ImageObject","inLanguage":"pt-BR","@id":"https:\/\/franciscanos.org.br\/noticias\/frei-andre-celebra-primeira-missa-em-nilopolis.html#primaryimage","url":"https:\/\/franciscanos.org.br\/noticias\/wp-content\/uploads\/2013\/04\/freiandre-2.jpg","contentUrl":"https:\/\/franciscanos.org.br\/noticias\/wp-content\/uploads\/2013\/04\/freiandre-2.jpg","width":273,"height":181},{"@type":"WebPage","@id":"https:\/\/franciscanos.org.br\/noticias\/frei-andre-celebra-primeira-missa-em-nilopolis.html#webpage","url":"https:\/\/franciscanos.org.br\/noticias\/frei-andre-celebra-primeira-missa-em-nilopolis.html","name":"Frei Andr\u00e9 celebra Primeira Missa em Nil\u00f3polis - Not\u00edcias - Franciscanos","isPartOf":{"@id":"https:\/\/franciscanos.org.br\/noticias\/#website"},"primaryImageOfPage":{"@id":"https:\/\/franciscanos.org.br\/noticias\/frei-andre-celebra-primeira-missa-em-nilopolis.html#primaryimage"},"datePublished":"2013-04-29T10:52:35+00:00","dateModified":"2020-01-28T14:47:36+00:00","author":{"@id":"https:\/\/franciscanos.org.br\/noticias\/#\/schema\/person\/b38fbf43118f02820bd932f2e4b14ad3"},"breadcrumb":{"@id":"https:\/\/franciscanos.org.br\/noticias\/frei-andre-celebra-primeira-missa-em-nilopolis.html#breadcrumb"},"inLanguage":"pt-BR","potentialAction":[{"@type":"ReadAction","target":["https:\/\/franciscanos.org.br\/noticias\/frei-andre-celebra-primeira-missa-em-nilopolis.html"]}]},{"@type":"BreadcrumbList","@id":"https:\/\/franciscanos.org.br\/noticias\/frei-andre-celebra-primeira-missa-em-nilopolis.html#breadcrumb","itemListElement":[{"@type":"ListItem","position":1,"name":"Home","item":"https:\/\/franciscanos.org.br\/noticias"},{"@type":"ListItem","position":2,"name":"Frei Andr\u00e9 celebra Primeira Missa em Nil\u00f3polis"}]},{"@type":"Person","@id":"https:\/\/franciscanos.org.br\/noticias\/#\/schema\/person\/b38fbf43118f02820bd932f2e4b14ad3","name":"admin","image":{"@type":"ImageObject","inLanguage":"pt-BR","@id":"https:\/\/franciscanos.org.br\/noticias\/#\/schema\/person\/image\/","url":"https:\/\/secure.gravatar.com\/avatar\/e8495742d34d0ba6448ea1c628263b3e?s=96&d=mm&r=g","contentUrl":"https:\/\/secure.gravatar.com\/avatar\/e8495742d34d0ba6448ea1c628263b3e?s=96&d=mm&r=g","caption":"admin"},"url":"https:\/\/franciscanos.org.br\/noticias\/author\/admin"}]}},"_links":{"self":[{"href":"https:\/\/franciscanos.org.br\/noticias\/wp-json\/wp\/v2\/posts\/36781"}],"collection":[{"href":"https:\/\/franciscanos.org.br\/noticias\/wp-json\/wp\/v2\/posts"}],"about":[{"href":"https:\/\/franciscanos.org.br\/noticias\/wp-json\/wp\/v2\/types\/post"}],"author":[{"embeddable":true,"href":"https:\/\/franciscanos.org.br\/noticias\/wp-json\/wp\/v2\/users\/1"}],"replies":[{"embeddable":true,"href":"https:\/\/franciscanos.org.br\/noticias\/wp-json\/wp\/v2\/comments?post=36781"}],"version-history":[{"count":0,"href":"https:\/\/franciscanos.org.br\/noticias\/wp-json\/wp\/v2\/posts\/36781\/revisions"}],"wp:featuredmedia":[{"embeddable":true,"href":"https:\/\/franciscanos.org.br\/noticias\/wp-json\/wp\/v2\/media\/216694"}],"wp:attachment":[{"href":"https:\/\/franciscanos.org.br\/noticias\/wp-json\/wp\/v2\/media?parent=36781"}],"wp:term":[{"taxonomy":"category","embeddable":true,"href":"https:\/\/franciscanos.org.br\/noticias\/wp-json\/wp\/v2\/categories?post=36781"},{"taxonomy":"post_tag","embeddable":true,"href":"https:\/\/franciscanos.org.br\/noticias\/wp-json\/wp\/v2\/tags?post=36781"}],"curies":[{"name":"wp","href":"https:\/\/api.w.org\/{rel}","templated":true}]}}