{"id":36746,"date":"2013-04-28T08:44:47","date_gmt":"2013-04-28T11:44:47","guid":{"rendered":"http:\/\/new.franciscanos.org.br\/?p=36746"},"modified":"2020-11-11T09:41:01","modified_gmt":"2020-11-11T12:41:01","slug":"frei-andre-e-ordenado-presbitero-em-nilopolis","status":"publish","type":"post","link":"https:\/\/franciscanos.org.br\/noticias\/frei-andre-e-ordenado-presbitero-em-nilopolis.html","title":{"rendered":"Muita emo\u00e7\u00e3o e alegria na ordena\u00e7\u00e3o de Frei Andr\u00e9"},"content":{"rendered":"<p><img loading=\"lazy\" class=\"alignnone wp-image-192208 size-full\" src=\"https:\/\/franciscanos.org.br\/noticias\/wp-content\/uploads\/2013\/04\/freiandre_5.jpg\" alt=\"\" width=\"890\" height=\"400\" srcset=\"https:\/\/franciscanos.org.br\/noticias\/wp-content\/uploads\/2013\/04\/freiandre_5.jpg 890w, https:\/\/franciscanos.org.br\/noticias\/wp-content\/uploads\/2013\/04\/freiandre_5-450x202.jpg 450w, https:\/\/franciscanos.org.br\/noticias\/wp-content\/uploads\/2013\/04\/freiandre_5-768x345.jpg 768w, https:\/\/franciscanos.org.br\/noticias\/wp-content\/uploads\/2013\/04\/freiandre_5-150x67.jpg 150w\" sizes=\"(max-width: 890px) 100vw, 890px\" \/><\/p>\n<p><strong>Cl\u00e1udio Santos, OFS, especial para este site<\/strong><\/p>\n<p><strong>Nil\u00f3polis (RJ)\u00a0<\/strong>&#8211; Uma multid\u00e3o de fi\u00e9is lotou a Matriz de Nossa Senhora Aparecida, em Nil\u00f3polis (RJ), no \u00faltimo s\u00e1bado (27) para celebrar com alegria e devo\u00e7\u00e3o a ordena\u00e7\u00e3o presbiteral de Frei Andr\u00e9 Luiz da Rocha Henriques. V\u00e1rias regi\u00f5es da Prov\u00edncia da Imaculada Concei\u00e7\u00e3o, por onde frei Andr\u00e9 passou ao longo dos seus dez anos de prepara\u00e7\u00e3o, enviaram pessoas para celebrar esse momento especial de sua voca\u00e7\u00e3o e manifestar seu carinho e gratid\u00e3o pelo apoio fraterno que dele receberam por onde passou evangelizando.<\/p>\n<p>A solene prociss\u00e3o de entrada marcou o in\u00edcio da celebra\u00e7\u00e3o, na qual estavam os frades da Prov\u00edncia, especialmente das fraternidades do Rio de Janeiro, entre eles o Definidor Frei Evaristo Spengler, representando o Ministro Provincial, Frei Fid\u00eancio Vanboemmel, o p\u00e1roco da Par\u00f3quia Nossa Senhora Aparecida, Frei Walter Ferreira J\u00fanior, ministros da Eucaristia e familiares de Frei Andr\u00e9 que vieram de C\u00e2ndido Mota (SP).<\/p>\n<p>A celebra\u00e7\u00e3o foi presidida pelo bispo da Diocese de Nova Igua\u00e7u (RJ), Dom Luciano Bergamin, CRL, que encantou a todos com sua simplicidade e alegria durante e no decorrer de toda a celebra\u00e7\u00e3o. Ap\u00f3s a Liturgia da Palavra, deu-se in\u00edcio ao Rito de Ordena\u00e7\u00e3o no qual Frei Andr\u00e9 foi apresentado ao bispo e escolhido para o servi\u00e7o na Igreja como presb\u00edtero.<\/p>\n<div id=\"attachment_36764\" style=\"width: 360px\" class=\"wp-caption alignright\"><a href=\"http:\/\/franciscanos.org.br\/wp-content\/uploads\/2013\/04\/andre3.jpg\"><img aria-describedby=\"caption-attachment-36764\" loading=\"lazy\" class=\"size-full wp-image-36764\" title=\"Fotos Cl\u00e1udio Santos\" src=\"http:\/\/franciscanos.org.br\/wp-content\/uploads\/2013\/04\/andre3.jpg\" alt=\"\" width=\"350\" height=\"576\" \/><\/a><p id=\"caption-attachment-36764\" class=\"wp-caption-text\">Frei Evaristo imp\u00f5e as m\u00e3os sobre o ordenando<\/p><\/div>\n<p>Em sua homilia, o bispo ressaltou a dimens\u00e3o mission\u00e1ria do ap\u00f3stolo Paulo que visitava as comunidades nascentes e as confirmava na f\u00e9, deixando nelas presb\u00edteros para animar as comunidades para que a comunidade progredisse na f\u00e9, esperan\u00e7a, no amor e na miss\u00e3o, tra\u00e7ando um paralelo com a ordena\u00e7\u00e3o presbiteral que toda a comunidade celebrava.<\/p>\n<p>Dom Luciano recordou o lema da ordena\u00e7\u00e3o de Frei Andr\u00e9 \u2013 \u2018\u00c9 necess\u00e1rio que Ele cres\u00e7a e eu diminua (Jo 3,30)\u2019 \u2013 e o exortou a ser na Igreja e onde for: homem de Deus, homem da Igreja, homem do povo. Que seja um bom mestre da f\u00e9, bom sacerdote na vida crist\u00e3 e bom pastor do povo com seu ensinamento e, sobretudo, com seu viver, valorizando as celebra\u00e7\u00f5es lit\u00fargicas e sendo instrumento de Deus e para o povo de Deus.<\/p>\n<p>Finalizando sua homilia, Dom Luciano confiou Frei Andr\u00e9 aos cuidados de Nossa Senhora Aparecida e pediu-lhe que confiasse no Senhor e procurasse ter com ele um encontro pessoal, recomendando-lhe que amasse a juventude e a levasse para Deus.\u00a0 Dom Luciano presenteou Frei Andr\u00e9 com um lindo crucifixo para recordar sempre o imenso amor misericordioso de Deus por todos n\u00f3s.<\/p>\n<p>Na sequ\u00eancia, Frei Andr\u00e9 manifestou perante o povo o prop\u00f3sito de aceitar o encargo de presb\u00edtero e, em seguida, em sinal de despojamento e entrega total se prostrou no ch\u00e3o enquanto os fi\u00e9is acompanhavam a prece lit\u00e2nica, na qual toda a comunidade suplicou \u00e0 Deus para que derramasse a sua gra\u00e7a e a sua b\u00ean\u00e7\u00e3o sobre aquele que foi eleito para o servi\u00e7o da Igreja.<\/p>\n<p>Toda assembleia acompanhava com muita aten\u00e7\u00e3o e devo\u00e7\u00e3o cada passo da celebra\u00e7\u00e3o at\u00e9 que chegou o momento central da ordena\u00e7\u00e3o sacerdotal: a imposi\u00e7\u00e3o das m\u00e3os do bispo &#8211; gesto da tradi\u00e7\u00e3o b\u00edblica e apost\u00f3lica &#8211; e a prece de ordena\u00e7\u00e3o que conferiram a Frei Andr\u00e9 o dom do Esp\u00edrito Santo para o servi\u00e7o de presb\u00edtero.<\/p>\n<p>Ap\u00f3s o rito de imposi\u00e7\u00e3o das m\u00e3os, o rec\u00e9m-ordenado \u00e9 revestido dos paramentos pr\u00f3prios do presb\u00edtero e, na sequ\u00eancia, o bispo unge com o \u00f3leo do crisma a palma das m\u00e3os do presb\u00edtero para que ele tenha a un\u00e7\u00e3o para perdoar, aben\u00e7oar, consagrar e santificar o povo de Deus como sinal de Cristo, o Ungido de Deus Pai.<\/p>\n<p>Finalizando o rito, Frei Andr\u00e9 recebeu das m\u00e3os de Dom Luciano o c\u00e1lice e a patena para poder oferecer a Deus, em nome de seu povo, o santo sacrif\u00edcio eucar\u00edstico. Ap\u00f3s o ritual de ordena\u00e7\u00e3o, num gesto de comunh\u00e3o fraterna, os presb\u00edteros e confrades acolheram com entusiasmo o neo-sacerdote na Ordem do Presbiterato.<\/p>\n<p>Na A\u00e7\u00e3o de Gra\u00e7as, Frei Andr\u00e9 fez os seus agradecimentos, recordando, emocionado, a figura marcante do Pe. Marcos Damasceno, j\u00e1 falecido, em sua trajet\u00f3ria vocacional. Ainda nesse momento, Frei Andr\u00e9 recebeu de sua irm\u00e3 Fl\u00e1via Marcela da Rocha Henriques uma singela homenagem executando na flauta transversa a m\u00fasica Greensleeves.<\/p>\n<p>Atendendo ao pedido do bispo, o novo presb\u00edtero aben\u00e7oou os fi\u00e9is e foi receber os cumprimentos e homenagens singelas do povo de Deus que fez quest\u00e3o de celebrar essa nova etapa de sua voca\u00e7\u00e3o crist\u00e3, servindo a Deus, a Igreja e o Povo de Deus; vivendo com perseveran\u00e7a o Santo Evangelho de Nosso Senhor Jesus Cristo segundo os passos de S\u00e3o Francisco de Assis.<\/p>\n","protected":false},"excerpt":{"rendered":"<p>Ordena\u00e7\u00e3o presbiteral<\/p>\n","protected":false},"author":1,"featured_media":216691,"comment_status":"closed","ping_status":"open","sticky":false,"template":"","format":"standard","meta":[],"categories":[1],"tags":[157],"acf":[],"yoast_head":"<!-- This site is optimized with the Yoast SEO plugin v19.2 - https:\/\/yoast.com\/wordpress\/plugins\/seo\/ -->\n<title>Muita emo\u00e7\u00e3o e alegria na ordena\u00e7\u00e3o de Frei Andr\u00e9 - Not\u00edcias - Franciscanos<\/title>\n<meta name=\"robots\" content=\"index, follow, max-snippet:-1, max-image-preview:large, max-video-preview:-1\" \/>\n<link rel=\"canonical\" href=\"https:\/\/franciscanos.org.br\/noticias\/frei-andre-e-ordenado-presbitero-em-nilopolis.html\" \/>\n<meta property=\"og:locale\" content=\"pt_BR\" \/>\n<meta property=\"og:type\" content=\"article\" \/>\n<meta property=\"og:title\" content=\"Muita emo\u00e7\u00e3o e alegria na ordena\u00e7\u00e3o de Frei Andr\u00e9 - Not\u00edcias - Franciscanos\" \/>\n<meta property=\"og:description\" content=\"Ordena\u00e7\u00e3o presbiteral\" \/>\n<meta property=\"og:url\" content=\"https:\/\/franciscanos.org.br\/noticias\/frei-andre-e-ordenado-presbitero-em-nilopolis.html\" \/>\n<meta property=\"og:site_name\" content=\"Not\u00edcias - Franciscanos\" \/>\n<meta property=\"article:published_time\" content=\"2013-04-28T11:44:47+00:00\" \/>\n<meta property=\"article:modified_time\" content=\"2020-11-11T12:41:01+00:00\" \/>\n<meta property=\"og:image\" content=\"https:\/\/franciscanos.org.br\/noticias\/wp-content\/uploads\/2013\/04\/andre3.jpg\" \/>\n\t<meta property=\"og:image:width\" content=\"273\" \/>\n\t<meta property=\"og:image:height\" content=\"181\" \/>\n\t<meta property=\"og:image:type\" content=\"image\/jpeg\" \/>\n<meta name=\"author\" content=\"admin\" \/>\n<meta name=\"twitter:card\" content=\"summary_large_image\" \/>\n<meta name=\"twitter:label1\" content=\"Escrito por\" \/>\n\t<meta name=\"twitter:data1\" content=\"admin\" \/>\n\t<meta name=\"twitter:label2\" content=\"Est. tempo de leitura\" \/>\n\t<meta name=\"twitter:data2\" content=\"4 minutos\" \/>\n<script type=\"application\/ld+json\" class=\"yoast-schema-graph\">{\"@context\":\"https:\/\/schema.org\",\"@graph\":[{\"@type\":\"WebSite\",\"@id\":\"https:\/\/franciscanos.org.br\/noticias\/#website\",\"url\":\"https:\/\/franciscanos.org.br\/noticias\/\",\"name\":\"Not\u00edcias - Franciscanos\",\"description\":\"Prov\u00edncia Franciscana da Imaculada Concei\u00e7\u00e3o do Brasil - Ordem dos Frades Menores - OFM\",\"potentialAction\":[{\"@type\":\"SearchAction\",\"target\":{\"@type\":\"EntryPoint\",\"urlTemplate\":\"https:\/\/franciscanos.org.br\/noticias\/?s={search_term_string}\"},\"query-input\":\"required name=search_term_string\"}],\"inLanguage\":\"pt-BR\"},{\"@type\":\"ImageObject\",\"inLanguage\":\"pt-BR\",\"@id\":\"https:\/\/franciscanos.org.br\/noticias\/frei-andre-e-ordenado-presbitero-em-nilopolis.html#primaryimage\",\"url\":\"https:\/\/franciscanos.org.br\/noticias\/wp-content\/uploads\/2013\/04\/andre3.jpg\",\"contentUrl\":\"https:\/\/franciscanos.org.br\/noticias\/wp-content\/uploads\/2013\/04\/andre3.jpg\",\"width\":273,\"height\":181},{\"@type\":\"WebPage\",\"@id\":\"https:\/\/franciscanos.org.br\/noticias\/frei-andre-e-ordenado-presbitero-em-nilopolis.html#webpage\",\"url\":\"https:\/\/franciscanos.org.br\/noticias\/frei-andre-e-ordenado-presbitero-em-nilopolis.html\",\"name\":\"Muita emo\u00e7\u00e3o e alegria na ordena\u00e7\u00e3o de Frei Andr\u00e9 - Not\u00edcias - Franciscanos\",\"isPartOf\":{\"@id\":\"https:\/\/franciscanos.org.br\/noticias\/#website\"},\"primaryImageOfPage\":{\"@id\":\"https:\/\/franciscanos.org.br\/noticias\/frei-andre-e-ordenado-presbitero-em-nilopolis.html#primaryimage\"},\"datePublished\":\"2013-04-28T11:44:47+00:00\",\"dateModified\":\"2020-11-11T12:41:01+00:00\",\"author\":{\"@id\":\"https:\/\/franciscanos.org.br\/noticias\/#\/schema\/person\/b38fbf43118f02820bd932f2e4b14ad3\"},\"breadcrumb\":{\"@id\":\"https:\/\/franciscanos.org.br\/noticias\/frei-andre-e-ordenado-presbitero-em-nilopolis.html#breadcrumb\"},\"inLanguage\":\"pt-BR\",\"potentialAction\":[{\"@type\":\"ReadAction\",\"target\":[\"https:\/\/franciscanos.org.br\/noticias\/frei-andre-e-ordenado-presbitero-em-nilopolis.html\"]}]},{\"@type\":\"BreadcrumbList\",\"@id\":\"https:\/\/franciscanos.org.br\/noticias\/frei-andre-e-ordenado-presbitero-em-nilopolis.html#breadcrumb\",\"itemListElement\":[{\"@type\":\"ListItem\",\"position\":1,\"name\":\"Home\",\"item\":\"https:\/\/franciscanos.org.br\/noticias\"},{\"@type\":\"ListItem\",\"position\":2,\"name\":\"Muita emo\u00e7\u00e3o e alegria na ordena\u00e7\u00e3o de Frei Andr\u00e9\"}]},{\"@type\":\"Person\",\"@id\":\"https:\/\/franciscanos.org.br\/noticias\/#\/schema\/person\/b38fbf43118f02820bd932f2e4b14ad3\",\"name\":\"admin\",\"image\":{\"@type\":\"ImageObject\",\"inLanguage\":\"pt-BR\",\"@id\":\"https:\/\/franciscanos.org.br\/noticias\/#\/schema\/person\/image\/\",\"url\":\"https:\/\/secure.gravatar.com\/avatar\/e8495742d34d0ba6448ea1c628263b3e?s=96&d=mm&r=g\",\"contentUrl\":\"https:\/\/secure.gravatar.com\/avatar\/e8495742d34d0ba6448ea1c628263b3e?s=96&d=mm&r=g\",\"caption\":\"admin\"},\"url\":\"https:\/\/franciscanos.org.br\/noticias\/author\/admin\"}]}<\/script>\n<!-- \/ Yoast SEO plugin. -->","yoast_head_json":{"title":"Muita emo\u00e7\u00e3o e alegria na ordena\u00e7\u00e3o de Frei Andr\u00e9 - Not\u00edcias - Franciscanos","robots":{"index":"index","follow":"follow","max-snippet":"max-snippet:-1","max-image-preview":"max-image-preview:large","max-video-preview":"max-video-preview:-1"},"canonical":"https:\/\/franciscanos.org.br\/noticias\/frei-andre-e-ordenado-presbitero-em-nilopolis.html","og_locale":"pt_BR","og_type":"article","og_title":"Muita emo\u00e7\u00e3o e alegria na ordena\u00e7\u00e3o de Frei Andr\u00e9 - Not\u00edcias - Franciscanos","og_description":"Ordena\u00e7\u00e3o presbiteral","og_url":"https:\/\/franciscanos.org.br\/noticias\/frei-andre-e-ordenado-presbitero-em-nilopolis.html","og_site_name":"Not\u00edcias - Franciscanos","article_published_time":"2013-04-28T11:44:47+00:00","article_modified_time":"2020-11-11T12:41:01+00:00","og_image":[{"width":273,"height":181,"url":"https:\/\/franciscanos.org.br\/noticias\/wp-content\/uploads\/2013\/04\/andre3.jpg","type":"image\/jpeg"}],"author":"admin","twitter_card":"summary_large_image","twitter_misc":{"Escrito por":"admin","Est. tempo de leitura":"4 minutos"},"schema":{"@context":"https:\/\/schema.org","@graph":[{"@type":"WebSite","@id":"https:\/\/franciscanos.org.br\/noticias\/#website","url":"https:\/\/franciscanos.org.br\/noticias\/","name":"Not\u00edcias - Franciscanos","description":"Prov\u00edncia Franciscana da Imaculada Concei\u00e7\u00e3o do Brasil - Ordem dos Frades Menores - OFM","potentialAction":[{"@type":"SearchAction","target":{"@type":"EntryPoint","urlTemplate":"https:\/\/franciscanos.org.br\/noticias\/?s={search_term_string}"},"query-input":"required name=search_term_string"}],"inLanguage":"pt-BR"},{"@type":"ImageObject","inLanguage":"pt-BR","@id":"https:\/\/franciscanos.org.br\/noticias\/frei-andre-e-ordenado-presbitero-em-nilopolis.html#primaryimage","url":"https:\/\/franciscanos.org.br\/noticias\/wp-content\/uploads\/2013\/04\/andre3.jpg","contentUrl":"https:\/\/franciscanos.org.br\/noticias\/wp-content\/uploads\/2013\/04\/andre3.jpg","width":273,"height":181},{"@type":"WebPage","@id":"https:\/\/franciscanos.org.br\/noticias\/frei-andre-e-ordenado-presbitero-em-nilopolis.html#webpage","url":"https:\/\/franciscanos.org.br\/noticias\/frei-andre-e-ordenado-presbitero-em-nilopolis.html","name":"Muita emo\u00e7\u00e3o e alegria na ordena\u00e7\u00e3o de Frei Andr\u00e9 - Not\u00edcias - Franciscanos","isPartOf":{"@id":"https:\/\/franciscanos.org.br\/noticias\/#website"},"primaryImageOfPage":{"@id":"https:\/\/franciscanos.org.br\/noticias\/frei-andre-e-ordenado-presbitero-em-nilopolis.html#primaryimage"},"datePublished":"2013-04-28T11:44:47+00:00","dateModified":"2020-11-11T12:41:01+00:00","author":{"@id":"https:\/\/franciscanos.org.br\/noticias\/#\/schema\/person\/b38fbf43118f02820bd932f2e4b14ad3"},"breadcrumb":{"@id":"https:\/\/franciscanos.org.br\/noticias\/frei-andre-e-ordenado-presbitero-em-nilopolis.html#breadcrumb"},"inLanguage":"pt-BR","potentialAction":[{"@type":"ReadAction","target":["https:\/\/franciscanos.org.br\/noticias\/frei-andre-e-ordenado-presbitero-em-nilopolis.html"]}]},{"@type":"BreadcrumbList","@id":"https:\/\/franciscanos.org.br\/noticias\/frei-andre-e-ordenado-presbitero-em-nilopolis.html#breadcrumb","itemListElement":[{"@type":"ListItem","position":1,"name":"Home","item":"https:\/\/franciscanos.org.br\/noticias"},{"@type":"ListItem","position":2,"name":"Muita emo\u00e7\u00e3o e alegria na ordena\u00e7\u00e3o de Frei Andr\u00e9"}]},{"@type":"Person","@id":"https:\/\/franciscanos.org.br\/noticias\/#\/schema\/person\/b38fbf43118f02820bd932f2e4b14ad3","name":"admin","image":{"@type":"ImageObject","inLanguage":"pt-BR","@id":"https:\/\/franciscanos.org.br\/noticias\/#\/schema\/person\/image\/","url":"https:\/\/secure.gravatar.com\/avatar\/e8495742d34d0ba6448ea1c628263b3e?s=96&d=mm&r=g","contentUrl":"https:\/\/secure.gravatar.com\/avatar\/e8495742d34d0ba6448ea1c628263b3e?s=96&d=mm&r=g","caption":"admin"},"url":"https:\/\/franciscanos.org.br\/noticias\/author\/admin"}]}},"_links":{"self":[{"href":"https:\/\/franciscanos.org.br\/noticias\/wp-json\/wp\/v2\/posts\/36746"}],"collection":[{"href":"https:\/\/franciscanos.org.br\/noticias\/wp-json\/wp\/v2\/posts"}],"about":[{"href":"https:\/\/franciscanos.org.br\/noticias\/wp-json\/wp\/v2\/types\/post"}],"author":[{"embeddable":true,"href":"https:\/\/franciscanos.org.br\/noticias\/wp-json\/wp\/v2\/users\/1"}],"replies":[{"embeddable":true,"href":"https:\/\/franciscanos.org.br\/noticias\/wp-json\/wp\/v2\/comments?post=36746"}],"version-history":[{"count":1,"href":"https:\/\/franciscanos.org.br\/noticias\/wp-json\/wp\/v2\/posts\/36746\/revisions"}],"predecessor-version":[{"id":229231,"href":"https:\/\/franciscanos.org.br\/noticias\/wp-json\/wp\/v2\/posts\/36746\/revisions\/229231"}],"wp:featuredmedia":[{"embeddable":true,"href":"https:\/\/franciscanos.org.br\/noticias\/wp-json\/wp\/v2\/media\/216691"}],"wp:attachment":[{"href":"https:\/\/franciscanos.org.br\/noticias\/wp-json\/wp\/v2\/media?parent=36746"}],"wp:term":[{"taxonomy":"category","embeddable":true,"href":"https:\/\/franciscanos.org.br\/noticias\/wp-json\/wp\/v2\/categories?post=36746"},{"taxonomy":"post_tag","embeddable":true,"href":"https:\/\/franciscanos.org.br\/noticias\/wp-json\/wp\/v2\/tags?post=36746"}],"curies":[{"name":"wp","href":"https:\/\/api.w.org\/{rel}","templated":true}]}}