{"id":36706,"date":"2013-04-27T12:25:10","date_gmt":"2013-04-27T15:25:10","guid":{"rendered":"http:\/\/new.franciscanos.org.br\/?p=36706"},"modified":"2021-07-05T19:51:25","modified_gmt":"2021-07-05T22:51:25","slug":"a-vocacao-presbiteral-e-tema-no-terceiro-dia-do-triduo","status":"publish","type":"post","link":"https:\/\/franciscanos.org.br\/noticias\/a-vocacao-presbiteral-e-tema-no-terceiro-dia-do-triduo.html","title":{"rendered":"Voca\u00e7\u00e3o presbiteral \u00e9 tema do terceiro dia do Tr\u00edduo"},"content":{"rendered":"<p><strong>Frei Diego Melo<\/strong><\/p>\n<p><strong>Nil\u00f3polis (RJ)<\/strong> &#8211; No terceiro dia do Tr\u00edduo Preparat\u00f3rio para a ordena\u00e7\u00e3o do Frei Andr\u00e9 Luiz da R. Henriques, os frades continuaram as visitas nas comunidades.<\/p>\n<p>Com o tema Voca\u00e7\u00e3o presbiteral, a celebra\u00e7\u00e3o da Santa Missa, presidida por Frei Alvaci Mendes da Luz, com a participa\u00e7\u00e3o do p\u00e1roco Frei Walter Ferreira J\u00fanior e v\u00e1rios frades, foi marcada por reflex\u00f5es sobre a voca\u00e7\u00e3o sacerdotal e momentos significativos para o Frei Andr\u00e9 e todo o povo.<\/p>\n<p>Na sua homilia, Frei Alvaci iniciou a reflex\u00e3o sobre a miss\u00e3o sacerdotal, fazendo uma retrospectiva da vida de Frei Andr\u00e9 e dos chamados de Deus \u00e0 voca\u00e7\u00e3o: inicialmente, ele foi chamado \u00e0 voca\u00e7\u00e3o batismal; depois, a uma voca\u00e7\u00e3o espec\u00edfica, voca\u00e7\u00e3o religiosa; mais tarde, chamado a uma voca\u00e7\u00e3o mais espec\u00edfica ainda, a voca\u00e7\u00e3o franciscana; e agora, o chamado \u00e0 voca\u00e7\u00e3o sacerdotal. Frei Andr\u00e9, sacerdote franciscano, chamado por Deus a ser sacerdote na Par\u00f3quia Nossa Senhora Aparecida, em Nil\u00f3polis, onde vai servir ao povo de Deus. E, como disse o Papa Francisco, \u201cos pastores precisam estar junto de suas ovelhas\u201d. Frei Andr\u00e9 ser\u00e1 pastor das ovelhas na Baixada Fluminense. Frei Alvaci lembrou tamb\u00e9m que o povo de Nil\u00f3polis contribuiu para que Frei Andr\u00e9 chegasse \u00e0 voca\u00e7\u00e3o sacerdotal, voca\u00e7\u00e3o de servi\u00e7o. Jesus \u00e9 o caminho que conduz \u00e0 voca\u00e7\u00e3o.<\/p>\n<div id=\"attachment_36716\" style=\"width: 410px\" class=\"wp-caption alignright\"><a href=\"http:\/\/franciscanos.org.br\/wp-content\/uploads\/2013\/04\/meio1.jpg\"><img aria-describedby=\"caption-attachment-36716\" loading=\"lazy\" class=\"size-full wp-image-36716\" title=\"Frei Andr\u00e9\" src=\"http:\/\/franciscanos.org.br\/wp-content\/uploads\/2013\/04\/meio1.jpg\" alt=\"\" width=\"400\" height=\"413\" \/><\/a><p id=\"caption-attachment-36716\" class=\"wp-caption-text\">Frei Andr\u00e9 lava os p\u00e9s de sua m\u00e3e<\/p><\/div>\n<p>Frei Andr\u00e9 fez o juramento de fidelidade \u00e0 Igreja, ao povo de Deus. Assumiu o compromisso de servir a Jesus Cristo, junto ao povo.<\/p>\n<p>Um momento muito significativo da celebra\u00e7\u00e3o, foi quando Frei Andr\u00e9, em sinal de servi\u00e7o e gratid\u00e3o a quem tanto o orientou, contribuindo para sua voca\u00e7\u00e3o, lavou os p\u00e9s da sua m\u00e3e. Nesse momento, Frei Paulo C\u00e9sar Ferreira fez um bonito canto de gratid\u00e3o, encantando a todos.<\/p>\n<p>Na prociss\u00e3o das ofertas foram oferecidas a estola e a casula, vestes sacerdotais que simbolizam o servi\u00e7o e revelam a grandeza de Deus e tamb\u00e9m o \u00f3leo, com que o sacerdote \u00e9 ungido para o servi\u00e7o.<\/p>\n<p>Ao final da celebra\u00e7\u00e3o, todos os benfeitores do Pr\u00f3-Voca\u00e7\u00f5es foram apresentados \u00e0 comunidade e receberam a b\u00ean\u00e7\u00e3o de S\u00e3o Francisco, por Frei Alvaci.<\/p>\n<p>Conforme o programado, ap\u00f3s a celebra\u00e7\u00e3o aconteceu o Encontro dos frades com os benfeitores do Pr\u00f3-Voca\u00e7\u00f5es, coordenado por Frei Alvaci, que fez uma explana\u00e7\u00e3o abordando: objetivos do Pr\u00f3-Voca\u00e7\u00f5es (espiritualidade, ajuda aos seminaristas e miss\u00e3o em Angola ), divulga\u00e7\u00e3o, busca de recursos, locais onde est\u00e3o os benfeitores, formas de contato etc. Frei Alvaci agradeceu aos presentes a colabora\u00e7\u00e3o e motivou o grupo a incentivar a participa\u00e7\u00e3o de mais pessoas.<\/p>\n<p>Encerrou-se o encontro, com a ora\u00e7\u00e3o e canto por Frei Alexandre e b\u00ean\u00e7\u00e3o final por Frei Walter, p\u00e1roco.<\/p>\n<p>A Par\u00f3quia Nossa Senhora Aparecida de Nil\u00f3polis agradece a Deus pela presen\u00e7a franciscana e por mais um frade que aqui recebe a sua ordena\u00e7\u00e3o presbiteral.<\/p>\n","protected":false},"excerpt":{"rendered":"<p>Ordena\u00e7\u00e3o presbiteral<\/p>\n","protected":false},"author":1,"featured_media":216688,"comment_status":"closed","ping_status":"open","sticky":false,"template":"","format":"standard","meta":[],"categories":[1],"tags":[157],"acf":[],"yoast_head":"<!-- This site is optimized with the Yoast SEO plugin v19.2 - https:\/\/yoast.com\/wordpress\/plugins\/seo\/ -->\n<title>Voca\u00e7\u00e3o presbiteral \u00e9 tema do terceiro dia do Tr\u00edduo - Not\u00edcias - Franciscanos<\/title>\n<meta name=\"robots\" content=\"index, follow, max-snippet:-1, max-image-preview:large, max-video-preview:-1\" \/>\n<link rel=\"canonical\" href=\"https:\/\/franciscanos.org.br\/noticias\/a-vocacao-presbiteral-e-tema-no-terceiro-dia-do-triduo.html\" \/>\n<meta property=\"og:locale\" content=\"pt_BR\" \/>\n<meta property=\"og:type\" content=\"article\" \/>\n<meta property=\"og:title\" content=\"Voca\u00e7\u00e3o presbiteral \u00e9 tema do terceiro dia do Tr\u00edduo - Not\u00edcias - Franciscanos\" \/>\n<meta property=\"og:description\" content=\"Ordena\u00e7\u00e3o presbiteral\" \/>\n<meta property=\"og:url\" content=\"https:\/\/franciscanos.org.br\/noticias\/a-vocacao-presbiteral-e-tema-no-terceiro-dia-do-triduo.html\" \/>\n<meta property=\"og:site_name\" content=\"Not\u00edcias - Franciscanos\" \/>\n<meta property=\"article:published_time\" content=\"2013-04-27T15:25:10+00:00\" \/>\n<meta property=\"article:modified_time\" content=\"2021-07-05T22:51:25+00:00\" \/>\n<meta property=\"og:image\" content=\"https:\/\/franciscanos.org.br\/noticias\/wp-content\/uploads\/2013\/04\/meio1.jpg\" \/>\n\t<meta property=\"og:image:width\" content=\"273\" \/>\n\t<meta property=\"og:image:height\" content=\"181\" \/>\n\t<meta property=\"og:image:type\" content=\"image\/jpeg\" \/>\n<meta name=\"author\" content=\"admin\" \/>\n<meta name=\"twitter:card\" content=\"summary_large_image\" \/>\n<meta name=\"twitter:label1\" content=\"Escrito por\" \/>\n\t<meta name=\"twitter:data1\" content=\"admin\" \/>\n\t<meta name=\"twitter:label2\" content=\"Est. tempo de leitura\" \/>\n\t<meta name=\"twitter:data2\" content=\"3 minutos\" \/>\n<script type=\"application\/ld+json\" class=\"yoast-schema-graph\">{\"@context\":\"https:\/\/schema.org\",\"@graph\":[{\"@type\":\"WebSite\",\"@id\":\"https:\/\/franciscanos.org.br\/noticias\/#website\",\"url\":\"https:\/\/franciscanos.org.br\/noticias\/\",\"name\":\"Not\u00edcias - Franciscanos\",\"description\":\"Prov\u00edncia Franciscana da Imaculada Concei\u00e7\u00e3o do Brasil - Ordem dos Frades Menores - OFM\",\"potentialAction\":[{\"@type\":\"SearchAction\",\"target\":{\"@type\":\"EntryPoint\",\"urlTemplate\":\"https:\/\/franciscanos.org.br\/noticias\/?s={search_term_string}\"},\"query-input\":\"required name=search_term_string\"}],\"inLanguage\":\"pt-BR\"},{\"@type\":\"ImageObject\",\"inLanguage\":\"pt-BR\",\"@id\":\"https:\/\/franciscanos.org.br\/noticias\/a-vocacao-presbiteral-e-tema-no-terceiro-dia-do-triduo.html#primaryimage\",\"url\":\"https:\/\/franciscanos.org.br\/noticias\/wp-content\/uploads\/2013\/04\/meio1.jpg\",\"contentUrl\":\"https:\/\/franciscanos.org.br\/noticias\/wp-content\/uploads\/2013\/04\/meio1.jpg\",\"width\":273,\"height\":181},{\"@type\":\"WebPage\",\"@id\":\"https:\/\/franciscanos.org.br\/noticias\/a-vocacao-presbiteral-e-tema-no-terceiro-dia-do-triduo.html#webpage\",\"url\":\"https:\/\/franciscanos.org.br\/noticias\/a-vocacao-presbiteral-e-tema-no-terceiro-dia-do-triduo.html\",\"name\":\"Voca\u00e7\u00e3o presbiteral \u00e9 tema do terceiro dia do Tr\u00edduo - Not\u00edcias - Franciscanos\",\"isPartOf\":{\"@id\":\"https:\/\/franciscanos.org.br\/noticias\/#website\"},\"primaryImageOfPage\":{\"@id\":\"https:\/\/franciscanos.org.br\/noticias\/a-vocacao-presbiteral-e-tema-no-terceiro-dia-do-triduo.html#primaryimage\"},\"datePublished\":\"2013-04-27T15:25:10+00:00\",\"dateModified\":\"2021-07-05T22:51:25+00:00\",\"author\":{\"@id\":\"https:\/\/franciscanos.org.br\/noticias\/#\/schema\/person\/b38fbf43118f02820bd932f2e4b14ad3\"},\"breadcrumb\":{\"@id\":\"https:\/\/franciscanos.org.br\/noticias\/a-vocacao-presbiteral-e-tema-no-terceiro-dia-do-triduo.html#breadcrumb\"},\"inLanguage\":\"pt-BR\",\"potentialAction\":[{\"@type\":\"ReadAction\",\"target\":[\"https:\/\/franciscanos.org.br\/noticias\/a-vocacao-presbiteral-e-tema-no-terceiro-dia-do-triduo.html\"]}]},{\"@type\":\"BreadcrumbList\",\"@id\":\"https:\/\/franciscanos.org.br\/noticias\/a-vocacao-presbiteral-e-tema-no-terceiro-dia-do-triduo.html#breadcrumb\",\"itemListElement\":[{\"@type\":\"ListItem\",\"position\":1,\"name\":\"Home\",\"item\":\"https:\/\/franciscanos.org.br\/noticias\"},{\"@type\":\"ListItem\",\"position\":2,\"name\":\"Voca\u00e7\u00e3o presbiteral \u00e9 tema do terceiro dia do Tr\u00edduo\"}]},{\"@type\":\"Person\",\"@id\":\"https:\/\/franciscanos.org.br\/noticias\/#\/schema\/person\/b38fbf43118f02820bd932f2e4b14ad3\",\"name\":\"admin\",\"image\":{\"@type\":\"ImageObject\",\"inLanguage\":\"pt-BR\",\"@id\":\"https:\/\/franciscanos.org.br\/noticias\/#\/schema\/person\/image\/\",\"url\":\"https:\/\/secure.gravatar.com\/avatar\/e8495742d34d0ba6448ea1c628263b3e?s=96&d=mm&r=g\",\"contentUrl\":\"https:\/\/secure.gravatar.com\/avatar\/e8495742d34d0ba6448ea1c628263b3e?s=96&d=mm&r=g\",\"caption\":\"admin\"},\"url\":\"https:\/\/franciscanos.org.br\/noticias\/author\/admin\"}]}<\/script>\n<!-- \/ Yoast SEO plugin. -->","yoast_head_json":{"title":"Voca\u00e7\u00e3o presbiteral \u00e9 tema do terceiro dia do Tr\u00edduo - Not\u00edcias - Franciscanos","robots":{"index":"index","follow":"follow","max-snippet":"max-snippet:-1","max-image-preview":"max-image-preview:large","max-video-preview":"max-video-preview:-1"},"canonical":"https:\/\/franciscanos.org.br\/noticias\/a-vocacao-presbiteral-e-tema-no-terceiro-dia-do-triduo.html","og_locale":"pt_BR","og_type":"article","og_title":"Voca\u00e7\u00e3o presbiteral \u00e9 tema do terceiro dia do Tr\u00edduo - Not\u00edcias - Franciscanos","og_description":"Ordena\u00e7\u00e3o presbiteral","og_url":"https:\/\/franciscanos.org.br\/noticias\/a-vocacao-presbiteral-e-tema-no-terceiro-dia-do-triduo.html","og_site_name":"Not\u00edcias - Franciscanos","article_published_time":"2013-04-27T15:25:10+00:00","article_modified_time":"2021-07-05T22:51:25+00:00","og_image":[{"width":273,"height":181,"url":"https:\/\/franciscanos.org.br\/noticias\/wp-content\/uploads\/2013\/04\/meio1.jpg","type":"image\/jpeg"}],"author":"admin","twitter_card":"summary_large_image","twitter_misc":{"Escrito por":"admin","Est. tempo de leitura":"3 minutos"},"schema":{"@context":"https:\/\/schema.org","@graph":[{"@type":"WebSite","@id":"https:\/\/franciscanos.org.br\/noticias\/#website","url":"https:\/\/franciscanos.org.br\/noticias\/","name":"Not\u00edcias - Franciscanos","description":"Prov\u00edncia Franciscana da Imaculada Concei\u00e7\u00e3o do Brasil - Ordem dos Frades Menores - OFM","potentialAction":[{"@type":"SearchAction","target":{"@type":"EntryPoint","urlTemplate":"https:\/\/franciscanos.org.br\/noticias\/?s={search_term_string}"},"query-input":"required name=search_term_string"}],"inLanguage":"pt-BR"},{"@type":"ImageObject","inLanguage":"pt-BR","@id":"https:\/\/franciscanos.org.br\/noticias\/a-vocacao-presbiteral-e-tema-no-terceiro-dia-do-triduo.html#primaryimage","url":"https:\/\/franciscanos.org.br\/noticias\/wp-content\/uploads\/2013\/04\/meio1.jpg","contentUrl":"https:\/\/franciscanos.org.br\/noticias\/wp-content\/uploads\/2013\/04\/meio1.jpg","width":273,"height":181},{"@type":"WebPage","@id":"https:\/\/franciscanos.org.br\/noticias\/a-vocacao-presbiteral-e-tema-no-terceiro-dia-do-triduo.html#webpage","url":"https:\/\/franciscanos.org.br\/noticias\/a-vocacao-presbiteral-e-tema-no-terceiro-dia-do-triduo.html","name":"Voca\u00e7\u00e3o presbiteral \u00e9 tema do terceiro dia do Tr\u00edduo - Not\u00edcias - Franciscanos","isPartOf":{"@id":"https:\/\/franciscanos.org.br\/noticias\/#website"},"primaryImageOfPage":{"@id":"https:\/\/franciscanos.org.br\/noticias\/a-vocacao-presbiteral-e-tema-no-terceiro-dia-do-triduo.html#primaryimage"},"datePublished":"2013-04-27T15:25:10+00:00","dateModified":"2021-07-05T22:51:25+00:00","author":{"@id":"https:\/\/franciscanos.org.br\/noticias\/#\/schema\/person\/b38fbf43118f02820bd932f2e4b14ad3"},"breadcrumb":{"@id":"https:\/\/franciscanos.org.br\/noticias\/a-vocacao-presbiteral-e-tema-no-terceiro-dia-do-triduo.html#breadcrumb"},"inLanguage":"pt-BR","potentialAction":[{"@type":"ReadAction","target":["https:\/\/franciscanos.org.br\/noticias\/a-vocacao-presbiteral-e-tema-no-terceiro-dia-do-triduo.html"]}]},{"@type":"BreadcrumbList","@id":"https:\/\/franciscanos.org.br\/noticias\/a-vocacao-presbiteral-e-tema-no-terceiro-dia-do-triduo.html#breadcrumb","itemListElement":[{"@type":"ListItem","position":1,"name":"Home","item":"https:\/\/franciscanos.org.br\/noticias"},{"@type":"ListItem","position":2,"name":"Voca\u00e7\u00e3o presbiteral \u00e9 tema do terceiro dia do Tr\u00edduo"}]},{"@type":"Person","@id":"https:\/\/franciscanos.org.br\/noticias\/#\/schema\/person\/b38fbf43118f02820bd932f2e4b14ad3","name":"admin","image":{"@type":"ImageObject","inLanguage":"pt-BR","@id":"https:\/\/franciscanos.org.br\/noticias\/#\/schema\/person\/image\/","url":"https:\/\/secure.gravatar.com\/avatar\/e8495742d34d0ba6448ea1c628263b3e?s=96&d=mm&r=g","contentUrl":"https:\/\/secure.gravatar.com\/avatar\/e8495742d34d0ba6448ea1c628263b3e?s=96&d=mm&r=g","caption":"admin"},"url":"https:\/\/franciscanos.org.br\/noticias\/author\/admin"}]}},"_links":{"self":[{"href":"https:\/\/franciscanos.org.br\/noticias\/wp-json\/wp\/v2\/posts\/36706"}],"collection":[{"href":"https:\/\/franciscanos.org.br\/noticias\/wp-json\/wp\/v2\/posts"}],"about":[{"href":"https:\/\/franciscanos.org.br\/noticias\/wp-json\/wp\/v2\/types\/post"}],"author":[{"embeddable":true,"href":"https:\/\/franciscanos.org.br\/noticias\/wp-json\/wp\/v2\/users\/1"}],"replies":[{"embeddable":true,"href":"https:\/\/franciscanos.org.br\/noticias\/wp-json\/wp\/v2\/comments?post=36706"}],"version-history":[{"count":1,"href":"https:\/\/franciscanos.org.br\/noticias\/wp-json\/wp\/v2\/posts\/36706\/revisions"}],"predecessor-version":[{"id":229232,"href":"https:\/\/franciscanos.org.br\/noticias\/wp-json\/wp\/v2\/posts\/36706\/revisions\/229232"}],"wp:featuredmedia":[{"embeddable":true,"href":"https:\/\/franciscanos.org.br\/noticias\/wp-json\/wp\/v2\/media\/216688"}],"wp:attachment":[{"href":"https:\/\/franciscanos.org.br\/noticias\/wp-json\/wp\/v2\/media?parent=36706"}],"wp:term":[{"taxonomy":"category","embeddable":true,"href":"https:\/\/franciscanos.org.br\/noticias\/wp-json\/wp\/v2\/categories?post=36706"},{"taxonomy":"post_tag","embeddable":true,"href":"https:\/\/franciscanos.org.br\/noticias\/wp-json\/wp\/v2\/tags?post=36706"}],"curies":[{"name":"wp","href":"https:\/\/api.w.org\/{rel}","templated":true}]}}