{"id":36420,"date":"2013-04-23T09:45:48","date_gmt":"2013-04-23T12:45:48","guid":{"rendered":"http:\/\/new.franciscanos.org.br\/?p=36420"},"modified":"2019-02-06T13:33:45","modified_gmt":"2019-02-06T15:33:45","slug":"a-regra-de-sao-francisco-de-assis-entre-os-lancamentos","status":"publish","type":"post","link":"https:\/\/franciscanos.org.br\/noticias\/a-regra-de-sao-francisco-de-assis-entre-os-lancamentos.html","title":{"rendered":"&#8220;A regra de S\u00e3o Francisco de Assis&#8221;, entre os lan\u00e7amentos."},"content":{"rendered":"<div>\n<p style=\"text-align: left;\"><img loading=\"lazy\" class=\" wp-image-36453 alignright\" title=\"A Regra de S\u00e3o Francisco de Assis \" src=\"http:\/\/franciscanos.org.br\/wp-content\/uploads\/2013\/04\/aregra.jpg\" alt=\"\" width=\"450\" height=\"685\" \/>S\u00e3o Francisco de Assis \u2013 o santo da ecologia e \u201cHomem do mil\u00eanio\u201d \u2013 foi representante da \u201cvolta ao Evangelho\u201d no s\u00e9culo XIII e prim\u00edcias do renascimento espiritual. Seu legado espiritual est\u00e1 presente na ordem franciscana e vem estampada na regra, apresentada e comentada neste volume. A obra inicia-se com uma introdu\u00e7\u00e3o geral, segue-se a sinopse contendo o texto latino original e a tradu\u00e7\u00e3o portuguesa, conclu\u00edda com os coment\u00e1rios de cada um dos doze cap\u00edtulos da regra.<\/p>\n<p style=\"text-align: left;\">A obra destina-se a todos os que buscam em S\u00e3o Francisco de Assis e em seu movimento evang\u00e9lico uma fonte de inspira\u00e7\u00e3o e um sentido de vida, quer sejam religiosos, leigos ou apenas interessados.<\/p>\n<p style=\"text-align: left;\" align=\"center\"><strong>Os autores<\/strong><\/p>\n<p style=\"text-align: left;\" align=\"center\"><em style=\"font-size: 13px; line-height: 19px;\">Aldir Crocoli<\/em><span style=\"font-size: 13px; line-height: 19px;\"> (1948) tem Mestradoem Espiritualidade Franciscana e Doutorado em Teologia Sistem\u00e1tica. \u00c9 Diretor da Escola Superior de Teologia e Espiritualidade Franciscana.<\/span><\/p>\n<p style=\"text-align: left;\" align=\"center\">\u00a0<em style=\"font-size: 13px; line-height: 19px;\">Luiz Carlos Susin<\/em><span style=\"font-size: 13px; line-height: 19px;\"> (1949) \u00e9 Mestre e Doutor em Teologia Sistem\u00e1tica e professor na Escola Superior de Teologia e Espiritualidade Franciscana e na PUC do Rio Grande do Sul. \u00c9 membro da Equipe de Reda\u00e7\u00e3o da Revista <\/span><em style=\"font-size: 13px; line-height: 19px;\">Concilium.<\/em><\/p>\n<p style=\"text-align: left;\" align=\"center\">\n<\/div>\n<h4><strong>VEJA OUTROS LAN\u00c7AMENTOS<\/strong><\/h4>\n<h4><span style=\"font-size: 1em; line-height: 19px;\">Educa\u00e7\u00e3o intercultural &#8211;<br \/>\nDesafios e possibilidades<\/span><\/h4>\n<p><strong>ISBN<\/strong>: 9788532644930<br \/>\n200 p\u00e1ginas<br \/>\n<span style=\"font-size: 13px; line-height: 19px;\"><strong>Autor<\/strong>: Mylene Cristina Santiago, Abdeljalil Akkari e Luciana Pacheco Marques\u00a0<\/span><br \/>\n<strong>Peso<\/strong>: 224 gramas<br \/>\n1\u00aa edi\u00e7\u00e3o<br \/>\n<strong>Assunto<\/strong>: Educa\u00e7\u00e3o e pedagogia<\/p>\n<p><em>Os cap\u00edtulos deste livro convidam a fazer uma reflex\u00e3o sobre os fundamentos te\u00f3ricos e filos\u00f3ficos da educa\u00e7\u00e3o intercultural, como tamb\u00e9m a propor pistas e ferramentas que permitam operacionalizar o di\u00e1logo intercultural no cotidiano escolar. A obra representa um importante subs\u00eddio para todos os que se preocupam em fundamentar e desenvolver a\u00e7\u00f5es pedag\u00f3gicas multiculturais, tra\u00e7ando panoramas e perspectivas para a \u00e1rea.<\/em><\/p>\n<h4>Estrutura e fun\u00e7\u00e3o na sociedade primitiva<\/h4>\n<p><strong>ISBN<\/strong>: 9788532645074<br \/>\n200 p\u00e1ginas<br \/>\n<strong>autor<\/strong>: A. R. Radcliffe-Brown<br \/>\n<strong>Peso<\/strong>: 290 gramas<br \/>\n1\u00aa edi\u00e7\u00e3o<br \/>\n<strong>Assunto<\/strong>: Antropologia<br \/>\n<strong>Cole\u00e7\u00e3o<\/strong>: Antropologia<\/p>\n<p><em>A publica\u00e7\u00e3o desta obra \u00e9 de suma import\u00e2ncia, por diversas raz\u00f5es. Em primeiro lugar mostra a evolu\u00e7\u00e3o do pensamento do mestre e ao mesmo tempo ilustra algumas das mais importantes transforma\u00e7\u00f5es no sentido da Antropologia Social. Al\u00e9m disso, cont\u00e9m uma sele\u00e7\u00e3o de ensaios que, apesar de terem sido escritos em diversas \u00e9pocas, formam uma teoria coerente. \u00c9 de imensa utilidade para professores e estudantes de Antropologia Social, Etnologia, Sociologia e Ci\u00eancias humanas em geral, bem como para todos aqueles que se interessam, de uma maneira ou de outra, pelo estudo das sociedades primitivas.<\/em><\/p>\n<h4>Caderno de exerc\u00edcios e dicas para fazer amigos e ampliar suas rela\u00e7\u00f5es<\/h4>\n<p><strong>ISBN<\/strong>: 9788532644978<br \/>\n64 p\u00e1ginas<br \/>\n<strong>autor<\/strong>: Odile Lamour\u00e8re<br \/>\n<strong>Peso<\/strong>: 106 gramas<br \/>\n1\u00aa edi\u00e7\u00e3o<br \/>\n<strong>Assunto<\/strong>: Literatura de autoconhecimento<br \/>\n<strong>Cole\u00e7\u00e3o<\/strong>: Praticando o bem-estar<\/p>\n<p><em>Ter uma vida social \u00e9 indispens\u00e1vel para o equil\u00edbrio. S\u00f3 consegue isso quem sabe estabelecer rela\u00e7\u00f5es, das quais algumas se tornam amizades ou&#8230; namoros. Muitos t\u00eam a sorte de saber criar e manter amizades, outros reclamam de solid\u00e3o e at\u00e9 mesmo de isolamento. Atrav\u00e9s de exerc\u00edcios f\u00e1ceis e l\u00fadicos, encontrados neste livro, \u00e9 poss\u00edvel nunca mais ficar deprimido \u00e0s v\u00e9speras de um final de semana melanc\u00f3lico e solit\u00e1rio.<\/em><\/p>\n<h4>Caderno de exerc\u00edcios para cuidar de si mesmo<\/h4>\n<p><strong>ISBN<\/strong>: 9788532644954<br \/>\n64 p\u00e1ginas<br \/>\n<strong>autor<\/strong>: Anne Van Stappen<br \/>\n<strong>Peso<\/strong>: 108 gramas<br \/>\n1\u00aa edi\u00e7\u00e3o<br \/>\n<strong>Assunto<\/strong>: Literatura de autoconhecimento<br \/>\n<strong>Cole\u00e7\u00e3o<\/strong>: Praticando o bem-estar<\/p>\n<p><em>Ser\u00e1 que eu consigo ser bondoso(a) comigo mesmo(a)? O que v\u00e3o pensar de mim se eu passar a cuidar de mim mesmo(a)? Ser\u00e1 que ningu\u00e9m vai ficar ressentido por causa disso? Ser\u00e1 que eu n\u00e3o vou me tornar ego\u00edsta? Acontece com cada um de n\u00f3s de se colocar tais perguntas sem realmente obter respostas claras sobre essa quest\u00e3o. Que neste pequeno caderno de exerc\u00edcios voc\u00ea consiga encontrar algumas.<\/em><\/p>\n<h4>Caderno de exerc\u00edcios para cultivar a alegria de viver no cotidiano<\/h4>\n<p><strong>ISBN<\/strong>: 9788532644985<br \/>\n64 p\u00e1ginas<br \/>\n<span style=\"font-size: 13px; line-height: 19px;\"><strong>Autor<\/strong>: Anne Van Stappen<\/span><br \/>\n<strong>Peso<\/strong>: 106 gramas<br \/>\n1\u00aa edi\u00e7\u00e3o<br \/>\n<strong>Assunto<\/strong>: Literatura de autoconhecimento<br \/>\n<strong>Cole\u00e7\u00e3o<\/strong>: Praticando o bem-estar<\/p>\n<p><em>Nesse mundo cada vez mais estressante, complexo e incerto, ser\u00e1 que \u00e9 poss\u00edvel cultivar sua alegria de viver? Quando tudo fica nublado sob o nosso c\u00e9u, que muitas vezes est\u00e1 pesado por causa de m\u00e1s not\u00edcias, ser\u00e1 que poder\u00edamos fazer brilhar o entusiasmo e carregar um dinamismo fecundo, permanecendo, ao mesmo tempo, conscientes das realidades que nos rodeiam? Sim. E este livro est\u00e1 aqui para incitar voc\u00ea a experimentar.<\/em><\/p>\n<h4>Caderno de exerc\u00edcios para desacelerar quando tudo vai r\u00e1pido demais<\/h4>\n<p><strong>ISBN<\/strong>: 9788532644961<br \/>\n64 p\u00e1ginas<br \/>\n<strong>Autor<\/strong>: Erik Pigani<br \/>\n<strong>Peso<\/strong>: 106 gramas<br \/>\n1\u00aa edi\u00e7\u00e3o<br \/>\n<strong>Assunto<\/strong>: Literatura de autoconhecimento<br \/>\n<strong>Cole\u00e7\u00e3o<\/strong>: Praticando o bem-estar<\/p>\n<p><em>Talvez, como milh\u00f5es de outras pessoas hoje, voc\u00ea sofra de falta de tempo. Uma doen\u00e7a que realmente parece ter-se generalizado, a ponto de podermos consider\u00e1-la como uma pandemia! E, visto que ele faz parte de n\u00f3s tanto quanto n\u00f3s fazemos parte dele, uma m\u00e1 qualidade de tempo causa um impacto t\u00e3o negativo quanto a m\u00e1 qualidade do ar ou uma alimenta\u00e7\u00e3o desequilibrada. Neste caderno voc\u00ea encontrar\u00e1 exerc\u00edcios que lhe ajudar\u00e3o a rever a percep\u00e7\u00e3o do tempo e compreender que somos capazes de levar a vida com mais serenidade e lucidez.<\/em><\/p>\n","protected":false},"excerpt":{"rendered":"<p>Editora Vozes<\/p>\n","protected":false},"author":1,"featured_media":199601,"comment_status":"closed","ping_status":"open","sticky":false,"template":"","format":"standard","meta":[],"categories":[1],"tags":[238],"acf":[],"yoast_head":"<!-- This site is optimized with the Yoast SEO plugin v19.2 - https:\/\/yoast.com\/wordpress\/plugins\/seo\/ -->\n<title>&quot;A regra de S\u00e3o Francisco de Assis&quot;, entre os lan\u00e7amentos. - Not\u00edcias - Franciscanos<\/title>\n<meta name=\"robots\" content=\"index, follow, max-snippet:-1, max-image-preview:large, max-video-preview:-1\" \/>\n<link rel=\"canonical\" href=\"https:\/\/franciscanos.org.br\/noticias\/a-regra-de-sao-francisco-de-assis-entre-os-lancamentos.html\" \/>\n<meta property=\"og:locale\" content=\"pt_BR\" \/>\n<meta property=\"og:type\" content=\"article\" \/>\n<meta property=\"og:title\" content=\"&quot;A regra de S\u00e3o Francisco de Assis&quot;, entre os lan\u00e7amentos. - Not\u00edcias - Franciscanos\" \/>\n<meta property=\"og:description\" content=\"Editora Vozes\" \/>\n<meta property=\"og:url\" content=\"https:\/\/franciscanos.org.br\/noticias\/a-regra-de-sao-francisco-de-assis-entre-os-lancamentos.html\" \/>\n<meta property=\"og:site_name\" content=\"Not\u00edcias - Franciscanos\" \/>\n<meta property=\"article:published_time\" content=\"2013-04-23T12:45:48+00:00\" \/>\n<meta property=\"article:modified_time\" content=\"2019-02-06T15:33:45+00:00\" \/>\n<meta property=\"og:image\" content=\"https:\/\/franciscanos.org.br\/noticias\/wp-content\/uploads\/2013\/04\/livro_0602.jpg\" \/>\n\t<meta property=\"og:image:width\" content=\"273\" \/>\n\t<meta property=\"og:image:height\" content=\"181\" \/>\n\t<meta property=\"og:image:type\" content=\"image\/jpeg\" \/>\n<meta name=\"author\" content=\"admin\" \/>\n<meta name=\"twitter:card\" content=\"summary_large_image\" \/>\n<meta name=\"twitter:label1\" content=\"Escrito por\" \/>\n\t<meta name=\"twitter:data1\" content=\"admin\" \/>\n\t<meta name=\"twitter:label2\" content=\"Est. tempo de leitura\" \/>\n\t<meta name=\"twitter:data2\" content=\"4 minutos\" \/>\n<script type=\"application\/ld+json\" class=\"yoast-schema-graph\">{\"@context\":\"https:\/\/schema.org\",\"@graph\":[{\"@type\":\"WebSite\",\"@id\":\"https:\/\/franciscanos.org.br\/noticias\/#website\",\"url\":\"https:\/\/franciscanos.org.br\/noticias\/\",\"name\":\"Not\u00edcias - Franciscanos\",\"description\":\"Prov\u00edncia Franciscana da Imaculada Concei\u00e7\u00e3o do Brasil - Ordem dos Frades Menores - OFM\",\"potentialAction\":[{\"@type\":\"SearchAction\",\"target\":{\"@type\":\"EntryPoint\",\"urlTemplate\":\"https:\/\/franciscanos.org.br\/noticias\/?s={search_term_string}\"},\"query-input\":\"required name=search_term_string\"}],\"inLanguage\":\"pt-BR\"},{\"@type\":\"ImageObject\",\"inLanguage\":\"pt-BR\",\"@id\":\"https:\/\/franciscanos.org.br\/noticias\/a-regra-de-sao-francisco-de-assis-entre-os-lancamentos.html#primaryimage\",\"url\":\"https:\/\/franciscanos.org.br\/noticias\/wp-content\/uploads\/2013\/04\/livro_0602.jpg\",\"contentUrl\":\"https:\/\/franciscanos.org.br\/noticias\/wp-content\/uploads\/2013\/04\/livro_0602.jpg\",\"width\":273,\"height\":181},{\"@type\":\"WebPage\",\"@id\":\"https:\/\/franciscanos.org.br\/noticias\/a-regra-de-sao-francisco-de-assis-entre-os-lancamentos.html#webpage\",\"url\":\"https:\/\/franciscanos.org.br\/noticias\/a-regra-de-sao-francisco-de-assis-entre-os-lancamentos.html\",\"name\":\"\\\"A regra de S\u00e3o Francisco de Assis\\\", entre os lan\u00e7amentos. - Not\u00edcias - Franciscanos\",\"isPartOf\":{\"@id\":\"https:\/\/franciscanos.org.br\/noticias\/#website\"},\"primaryImageOfPage\":{\"@id\":\"https:\/\/franciscanos.org.br\/noticias\/a-regra-de-sao-francisco-de-assis-entre-os-lancamentos.html#primaryimage\"},\"datePublished\":\"2013-04-23T12:45:48+00:00\",\"dateModified\":\"2019-02-06T15:33:45+00:00\",\"author\":{\"@id\":\"https:\/\/franciscanos.org.br\/noticias\/#\/schema\/person\/b38fbf43118f02820bd932f2e4b14ad3\"},\"breadcrumb\":{\"@id\":\"https:\/\/franciscanos.org.br\/noticias\/a-regra-de-sao-francisco-de-assis-entre-os-lancamentos.html#breadcrumb\"},\"inLanguage\":\"pt-BR\",\"potentialAction\":[{\"@type\":\"ReadAction\",\"target\":[\"https:\/\/franciscanos.org.br\/noticias\/a-regra-de-sao-francisco-de-assis-entre-os-lancamentos.html\"]}]},{\"@type\":\"BreadcrumbList\",\"@id\":\"https:\/\/franciscanos.org.br\/noticias\/a-regra-de-sao-francisco-de-assis-entre-os-lancamentos.html#breadcrumb\",\"itemListElement\":[{\"@type\":\"ListItem\",\"position\":1,\"name\":\"Home\",\"item\":\"https:\/\/franciscanos.org.br\/noticias\"},{\"@type\":\"ListItem\",\"position\":2,\"name\":\"&#8220;A regra de S\u00e3o Francisco de Assis&#8221;, entre os lan\u00e7amentos.\"}]},{\"@type\":\"Person\",\"@id\":\"https:\/\/franciscanos.org.br\/noticias\/#\/schema\/person\/b38fbf43118f02820bd932f2e4b14ad3\",\"name\":\"admin\",\"image\":{\"@type\":\"ImageObject\",\"inLanguage\":\"pt-BR\",\"@id\":\"https:\/\/franciscanos.org.br\/noticias\/#\/schema\/person\/image\/\",\"url\":\"https:\/\/secure.gravatar.com\/avatar\/e8495742d34d0ba6448ea1c628263b3e?s=96&d=mm&r=g\",\"contentUrl\":\"https:\/\/secure.gravatar.com\/avatar\/e8495742d34d0ba6448ea1c628263b3e?s=96&d=mm&r=g\",\"caption\":\"admin\"},\"url\":\"https:\/\/franciscanos.org.br\/noticias\/author\/admin\"}]}<\/script>\n<!-- \/ Yoast SEO plugin. -->","yoast_head_json":{"title":"\"A regra de S\u00e3o Francisco de Assis\", entre os lan\u00e7amentos. - Not\u00edcias - Franciscanos","robots":{"index":"index","follow":"follow","max-snippet":"max-snippet:-1","max-image-preview":"max-image-preview:large","max-video-preview":"max-video-preview:-1"},"canonical":"https:\/\/franciscanos.org.br\/noticias\/a-regra-de-sao-francisco-de-assis-entre-os-lancamentos.html","og_locale":"pt_BR","og_type":"article","og_title":"\"A regra de S\u00e3o Francisco de Assis\", entre os lan\u00e7amentos. - Not\u00edcias - Franciscanos","og_description":"Editora Vozes","og_url":"https:\/\/franciscanos.org.br\/noticias\/a-regra-de-sao-francisco-de-assis-entre-os-lancamentos.html","og_site_name":"Not\u00edcias - Franciscanos","article_published_time":"2013-04-23T12:45:48+00:00","article_modified_time":"2019-02-06T15:33:45+00:00","og_image":[{"width":273,"height":181,"url":"https:\/\/franciscanos.org.br\/noticias\/wp-content\/uploads\/2013\/04\/livro_0602.jpg","type":"image\/jpeg"}],"author":"admin","twitter_card":"summary_large_image","twitter_misc":{"Escrito por":"admin","Est. tempo de leitura":"4 minutos"},"schema":{"@context":"https:\/\/schema.org","@graph":[{"@type":"WebSite","@id":"https:\/\/franciscanos.org.br\/noticias\/#website","url":"https:\/\/franciscanos.org.br\/noticias\/","name":"Not\u00edcias - Franciscanos","description":"Prov\u00edncia Franciscana da Imaculada Concei\u00e7\u00e3o do Brasil - Ordem dos Frades Menores - OFM","potentialAction":[{"@type":"SearchAction","target":{"@type":"EntryPoint","urlTemplate":"https:\/\/franciscanos.org.br\/noticias\/?s={search_term_string}"},"query-input":"required name=search_term_string"}],"inLanguage":"pt-BR"},{"@type":"ImageObject","inLanguage":"pt-BR","@id":"https:\/\/franciscanos.org.br\/noticias\/a-regra-de-sao-francisco-de-assis-entre-os-lancamentos.html#primaryimage","url":"https:\/\/franciscanos.org.br\/noticias\/wp-content\/uploads\/2013\/04\/livro_0602.jpg","contentUrl":"https:\/\/franciscanos.org.br\/noticias\/wp-content\/uploads\/2013\/04\/livro_0602.jpg","width":273,"height":181},{"@type":"WebPage","@id":"https:\/\/franciscanos.org.br\/noticias\/a-regra-de-sao-francisco-de-assis-entre-os-lancamentos.html#webpage","url":"https:\/\/franciscanos.org.br\/noticias\/a-regra-de-sao-francisco-de-assis-entre-os-lancamentos.html","name":"\"A regra de S\u00e3o Francisco de Assis\", entre os lan\u00e7amentos. - Not\u00edcias - Franciscanos","isPartOf":{"@id":"https:\/\/franciscanos.org.br\/noticias\/#website"},"primaryImageOfPage":{"@id":"https:\/\/franciscanos.org.br\/noticias\/a-regra-de-sao-francisco-de-assis-entre-os-lancamentos.html#primaryimage"},"datePublished":"2013-04-23T12:45:48+00:00","dateModified":"2019-02-06T15:33:45+00:00","author":{"@id":"https:\/\/franciscanos.org.br\/noticias\/#\/schema\/person\/b38fbf43118f02820bd932f2e4b14ad3"},"breadcrumb":{"@id":"https:\/\/franciscanos.org.br\/noticias\/a-regra-de-sao-francisco-de-assis-entre-os-lancamentos.html#breadcrumb"},"inLanguage":"pt-BR","potentialAction":[{"@type":"ReadAction","target":["https:\/\/franciscanos.org.br\/noticias\/a-regra-de-sao-francisco-de-assis-entre-os-lancamentos.html"]}]},{"@type":"BreadcrumbList","@id":"https:\/\/franciscanos.org.br\/noticias\/a-regra-de-sao-francisco-de-assis-entre-os-lancamentos.html#breadcrumb","itemListElement":[{"@type":"ListItem","position":1,"name":"Home","item":"https:\/\/franciscanos.org.br\/noticias"},{"@type":"ListItem","position":2,"name":"&#8220;A regra de S\u00e3o Francisco de Assis&#8221;, entre os lan\u00e7amentos."}]},{"@type":"Person","@id":"https:\/\/franciscanos.org.br\/noticias\/#\/schema\/person\/b38fbf43118f02820bd932f2e4b14ad3","name":"admin","image":{"@type":"ImageObject","inLanguage":"pt-BR","@id":"https:\/\/franciscanos.org.br\/noticias\/#\/schema\/person\/image\/","url":"https:\/\/secure.gravatar.com\/avatar\/e8495742d34d0ba6448ea1c628263b3e?s=96&d=mm&r=g","contentUrl":"https:\/\/secure.gravatar.com\/avatar\/e8495742d34d0ba6448ea1c628263b3e?s=96&d=mm&r=g","caption":"admin"},"url":"https:\/\/franciscanos.org.br\/noticias\/author\/admin"}]}},"_links":{"self":[{"href":"https:\/\/franciscanos.org.br\/noticias\/wp-json\/wp\/v2\/posts\/36420"}],"collection":[{"href":"https:\/\/franciscanos.org.br\/noticias\/wp-json\/wp\/v2\/posts"}],"about":[{"href":"https:\/\/franciscanos.org.br\/noticias\/wp-json\/wp\/v2\/types\/post"}],"author":[{"embeddable":true,"href":"https:\/\/franciscanos.org.br\/noticias\/wp-json\/wp\/v2\/users\/1"}],"replies":[{"embeddable":true,"href":"https:\/\/franciscanos.org.br\/noticias\/wp-json\/wp\/v2\/comments?post=36420"}],"version-history":[{"count":0,"href":"https:\/\/franciscanos.org.br\/noticias\/wp-json\/wp\/v2\/posts\/36420\/revisions"}],"wp:featuredmedia":[{"embeddable":true,"href":"https:\/\/franciscanos.org.br\/noticias\/wp-json\/wp\/v2\/media\/199601"}],"wp:attachment":[{"href":"https:\/\/franciscanos.org.br\/noticias\/wp-json\/wp\/v2\/media?parent=36420"}],"wp:term":[{"taxonomy":"category","embeddable":true,"href":"https:\/\/franciscanos.org.br\/noticias\/wp-json\/wp\/v2\/categories?post=36420"},{"taxonomy":"post_tag","embeddable":true,"href":"https:\/\/franciscanos.org.br\/noticias\/wp-json\/wp\/v2\/tags?post=36420"}],"curies":[{"name":"wp","href":"https:\/\/api.w.org\/{rel}","templated":true}]}}