{"id":36364,"date":"2013-04-22T14:44:11","date_gmt":"2013-04-22T17:44:11","guid":{"rendered":"http:\/\/new.franciscanos.org.br\/?p=36364"},"modified":"2020-06-11T17:10:30","modified_gmt":"2020-06-11T20:10:30","slug":"papa-sejam-pastores-nao-funcionarios-sejam-mediadores-nao-intermediarios","status":"publish","type":"post","link":"https:\/\/franciscanos.org.br\/noticias\/papa-sejam-pastores-nao-funcionarios-sejam-mediadores-nao-intermediarios.html","title":{"rendered":"Papa: Sejam pastores, n\u00e3o funcion\u00e1rios"},"content":{"rendered":"<p><strong><img loading=\"lazy\" class=\"alignright size-full wp-image-36365\" title=\"vaticano\" src=\"http:\/\/franciscanos.org.br\/wp-content\/uploads\/2013\/04\/vaticano.jpg\" alt=\"\" width=\"350\" height=\"215\" \/>Cidade do Vaticano (RV) \u2013<\/strong> Na manh\u00e3 deste domingo, o Papa Francisco presidiu, na Bas\u00edlica de S\u00e3o Pedro, \u00e0 ordena\u00e7\u00e3o de dez novos sacerdotes para a diocese de Roma. Antes da celebra\u00e7\u00e3o, o Santo Padre dirigiu-se \u00e0 Sacristia para rezar junto com os ordenandos, confiando seus minist\u00e9rios a Nossa Senhora, um gesto que costumava realizar por ocasi\u00e3o das ordena\u00e7\u00f5es sacerdotais na Argentina.<\/p>\n<p>O Santo Padre iniciou a homilia refletindo sobre o minist\u00e9rio ao qual estavam sendo elevados os ordenandos. \u201cComo voc\u00eas bem sabem \u2013 disse o Papa &#8211; o Senhor Jesus \u00e9 o \u00fanico Sumo Sacerdote do Novo Testamento, mas nele tamb\u00e9m todo o povo de Deus foi constitu\u00eddo povo sacerdotal\u201d.<br \/>\nAp\u00f3s, explicou que Jesus quis, entre todos os disc\u00edpulos, escolher alguns em particular, para exercerem publicamente na Igreja, em seu nome, a miss\u00e3o sacerdotal em favor de todos os homens. E acrescentou \u201co Pai enviou Jesus, que por sua vez enviou primeiramente os ap\u00f3stolos e depois os bispos e os seus sucessores, aos quais foram dados os presb\u00edteros como colaboradores, que, unidos no minist\u00e9rio sacerdotal, s\u00e3o chamados ao servi\u00e7o do povo de Deus\u201d.<\/p>\n<p>Aqueles que ser\u00e3o elevados \u00e0 ordem dos presb\u00edteros, ser\u00e3o configurados a Cristo, Sumo e Eterno Sacerdote, ou seja, ser\u00e3o consagrados como verdadeiros sacerdotes do Novo testamento e este t\u00edtulo os une ao seu bispo. Ser\u00e3o pregadores do Evangelho, pastores do Povo de Deus e presidir\u00e3o as a\u00e7\u00f5es de Culto, especialmente nas celebra\u00e7\u00f5es do sacrif\u00edcio do Senhor.<\/p>\n<p>Dirigindo-se aos que receberiam a ordem do presbiterado a seguir, o Santo Padre recordou que eles seriam participantes da miss\u00e3o de Cristo, \u00fanico mestre e disse: \u201cDispensem a todos a Palavra de Deus que voc\u00eas mesmos receberam com alegria. Recordem-se de vossas m\u00e3es, de vossas av\u00f3s, de vossas catequistas que deram a voc\u00eas a palavra de Deus, a f\u00e9&#8230;aquele dom da f\u00e9. Transmitiram a voc\u00eas este dom da f\u00e9. Leiam e meditem assiduamente a Palavra do Senhor, para acreditar naquilo que leram, para ensinar aquilo que aprenderam da f\u00e9, e para viver aquilo que ensinaram.\u201d<br \/>\nO Santo Padre recordou que \u201ca Palavra de Deus n\u00e3o \u00e9 propriedade vossa: \u00e9 a Palavra de Deus. E a Igreja \u00e9 guardi\u00e3 da Palavra de Deus\u201d e pediu que \u201ca vossa doutrina seja alimento para o Povo de Deus; e o perfume da vossa vida, alegria e sustento aos fi\u00e9is de Cristo, pois com a Palavra e com o exemplo, \u00e9 edificada a casa de Deus, que \u00e9 a Igreja.<\/p>\n<p>A seguir, Francisco os exorta: \u201cReconhe\u00e7am aquilo que fazem. Imitem aquilo que celebram, para que, participando ao minist\u00e9rio da morte e ressurrei\u00e7\u00e3o do Senhor, levem nos vossos membros a morte de Cristo e caminhem com Ele na novidade de vida\u201d.<\/p>\n<p>Falando sobre os sacramentos do Batismo \u2013 que agrega novos fi\u00e9is ao Povo de Deus -, e o da Penit\u00eancia que perdoa os pecados me nome de Cristo e da Igreja, o Santo Padre recordou a necessidade da miseric\u00f3rdia e o carinho pelos anci\u00e3os: \u201choje vos pe\u00e7o em nome de Cristo e da Igreja, por favor, n\u00e3o se cansem de serem misericordiosos. Com o \u00f3leo santo dareis al\u00edvio aos enfermos e tamb\u00e9m aos anci\u00e3os. N\u00e3o tenham vergonha de ter ternura com os anci\u00e3os&#8230;Celebrando os sagrados ritos e elevando nas diversas horas do dia ora\u00e7\u00f5es de louvor e s\u00faplica, sereis a voz do Povo de Deus e de toda a humanidade\u201d.<\/p>\n<p>A este ponto, o Santo Padre uma admoesta\u00e7\u00e3o: \u201cConscientes de terem sido escolhidos entre os homens e constitu\u00eddos em seu favor para esperar nas coisas de Deus, exercitem com alegria e com caridade sincera a obra sacerdotal de Cristo, unicamente com a inten\u00e7\u00e3o de agradar a Deus e n\u00e3o a v\u00f3s mesmos. Sejam pastores, n\u00e3o funcion\u00e1rios. Sejam mediadores, n\u00e3o intermedi\u00e1rios\u201d.<\/p>\n<p>Na conclus\u00e3o, o Santo Padre pediu-lhes para \u201cterem sempre diante dos olhos o exemplo do Bom Pastor, que n\u00e3o veio para ser servido, mas para servir e para procurar salvar aquilo que estava perdido\u201d.<\/p>\n<hr \/>\n<p><em>Fonte: R\u00e1dio Vaticano<\/em><\/p>\n","protected":false},"excerpt":{"rendered":"<p>Ordena\u00e7\u00f5es presbiterais no Vaticano<\/p>\n","protected":false},"author":1,"featured_media":216675,"comment_status":"closed","ping_status":"open","sticky":false,"template":"","format":"standard","meta":[],"categories":[1428],"tags":[157],"acf":[],"yoast_head":"<!-- This site is optimized with the Yoast SEO plugin v19.2 - https:\/\/yoast.com\/wordpress\/plugins\/seo\/ -->\n<title>Papa: Sejam pastores, n\u00e3o funcion\u00e1rios - Not\u00edcias - Franciscanos<\/title>\n<meta name=\"robots\" content=\"index, follow, max-snippet:-1, max-image-preview:large, max-video-preview:-1\" \/>\n<link rel=\"canonical\" href=\"https:\/\/franciscanos.org.br\/noticias\/papa-sejam-pastores-nao-funcionarios-sejam-mediadores-nao-intermediarios.html\" \/>\n<meta property=\"og:locale\" content=\"pt_BR\" \/>\n<meta property=\"og:type\" content=\"article\" \/>\n<meta property=\"og:title\" content=\"Papa: Sejam pastores, n\u00e3o funcion\u00e1rios - Not\u00edcias - Franciscanos\" \/>\n<meta property=\"og:description\" content=\"Ordena\u00e7\u00f5es presbiterais no Vaticano\" \/>\n<meta property=\"og:url\" content=\"https:\/\/franciscanos.org.br\/noticias\/papa-sejam-pastores-nao-funcionarios-sejam-mediadores-nao-intermediarios.html\" \/>\n<meta property=\"og:site_name\" content=\"Not\u00edcias - Franciscanos\" \/>\n<meta property=\"article:published_time\" content=\"2013-04-22T17:44:11+00:00\" \/>\n<meta property=\"article:modified_time\" content=\"2020-06-11T20:10:30+00:00\" \/>\n<meta property=\"og:image\" content=\"https:\/\/franciscanos.org.br\/noticias\/wp-content\/uploads\/2013\/04\/vaticano.jpg\" \/>\n\t<meta property=\"og:image:width\" content=\"273\" \/>\n\t<meta property=\"og:image:height\" content=\"181\" \/>\n\t<meta property=\"og:image:type\" content=\"image\/jpeg\" \/>\n<meta name=\"author\" content=\"admin\" \/>\n<meta name=\"twitter:card\" content=\"summary_large_image\" \/>\n<meta name=\"twitter:label1\" content=\"Escrito por\" \/>\n\t<meta name=\"twitter:data1\" content=\"admin\" \/>\n\t<meta name=\"twitter:label2\" content=\"Est. tempo de leitura\" \/>\n\t<meta name=\"twitter:data2\" content=\"4 minutos\" \/>\n<script type=\"application\/ld+json\" class=\"yoast-schema-graph\">{\"@context\":\"https:\/\/schema.org\",\"@graph\":[{\"@type\":\"WebSite\",\"@id\":\"https:\/\/franciscanos.org.br\/noticias\/#website\",\"url\":\"https:\/\/franciscanos.org.br\/noticias\/\",\"name\":\"Not\u00edcias - Franciscanos\",\"description\":\"Prov\u00edncia Franciscana da Imaculada Concei\u00e7\u00e3o do Brasil - Ordem dos Frades Menores - OFM\",\"potentialAction\":[{\"@type\":\"SearchAction\",\"target\":{\"@type\":\"EntryPoint\",\"urlTemplate\":\"https:\/\/franciscanos.org.br\/noticias\/?s={search_term_string}\"},\"query-input\":\"required name=search_term_string\"}],\"inLanguage\":\"pt-BR\"},{\"@type\":\"ImageObject\",\"inLanguage\":\"pt-BR\",\"@id\":\"https:\/\/franciscanos.org.br\/noticias\/papa-sejam-pastores-nao-funcionarios-sejam-mediadores-nao-intermediarios.html#primaryimage\",\"url\":\"https:\/\/franciscanos.org.br\/noticias\/wp-content\/uploads\/2013\/04\/vaticano.jpg\",\"contentUrl\":\"https:\/\/franciscanos.org.br\/noticias\/wp-content\/uploads\/2013\/04\/vaticano.jpg\",\"width\":273,\"height\":181},{\"@type\":\"WebPage\",\"@id\":\"https:\/\/franciscanos.org.br\/noticias\/papa-sejam-pastores-nao-funcionarios-sejam-mediadores-nao-intermediarios.html#webpage\",\"url\":\"https:\/\/franciscanos.org.br\/noticias\/papa-sejam-pastores-nao-funcionarios-sejam-mediadores-nao-intermediarios.html\",\"name\":\"Papa: Sejam pastores, n\u00e3o funcion\u00e1rios - Not\u00edcias - Franciscanos\",\"isPartOf\":{\"@id\":\"https:\/\/franciscanos.org.br\/noticias\/#website\"},\"primaryImageOfPage\":{\"@id\":\"https:\/\/franciscanos.org.br\/noticias\/papa-sejam-pastores-nao-funcionarios-sejam-mediadores-nao-intermediarios.html#primaryimage\"},\"datePublished\":\"2013-04-22T17:44:11+00:00\",\"dateModified\":\"2020-06-11T20:10:30+00:00\",\"author\":{\"@id\":\"https:\/\/franciscanos.org.br\/noticias\/#\/schema\/person\/b38fbf43118f02820bd932f2e4b14ad3\"},\"breadcrumb\":{\"@id\":\"https:\/\/franciscanos.org.br\/noticias\/papa-sejam-pastores-nao-funcionarios-sejam-mediadores-nao-intermediarios.html#breadcrumb\"},\"inLanguage\":\"pt-BR\",\"potentialAction\":[{\"@type\":\"ReadAction\",\"target\":[\"https:\/\/franciscanos.org.br\/noticias\/papa-sejam-pastores-nao-funcionarios-sejam-mediadores-nao-intermediarios.html\"]}]},{\"@type\":\"BreadcrumbList\",\"@id\":\"https:\/\/franciscanos.org.br\/noticias\/papa-sejam-pastores-nao-funcionarios-sejam-mediadores-nao-intermediarios.html#breadcrumb\",\"itemListElement\":[{\"@type\":\"ListItem\",\"position\":1,\"name\":\"Home\",\"item\":\"https:\/\/franciscanos.org.br\/noticias\"},{\"@type\":\"ListItem\",\"position\":2,\"name\":\"Papa: Sejam pastores, n\u00e3o funcion\u00e1rios\"}]},{\"@type\":\"Person\",\"@id\":\"https:\/\/franciscanos.org.br\/noticias\/#\/schema\/person\/b38fbf43118f02820bd932f2e4b14ad3\",\"name\":\"admin\",\"image\":{\"@type\":\"ImageObject\",\"inLanguage\":\"pt-BR\",\"@id\":\"https:\/\/franciscanos.org.br\/noticias\/#\/schema\/person\/image\/\",\"url\":\"https:\/\/secure.gravatar.com\/avatar\/e8495742d34d0ba6448ea1c628263b3e?s=96&d=mm&r=g\",\"contentUrl\":\"https:\/\/secure.gravatar.com\/avatar\/e8495742d34d0ba6448ea1c628263b3e?s=96&d=mm&r=g\",\"caption\":\"admin\"},\"url\":\"https:\/\/franciscanos.org.br\/noticias\/author\/admin\"}]}<\/script>\n<!-- \/ Yoast SEO plugin. -->","yoast_head_json":{"title":"Papa: Sejam pastores, n\u00e3o funcion\u00e1rios - Not\u00edcias - Franciscanos","robots":{"index":"index","follow":"follow","max-snippet":"max-snippet:-1","max-image-preview":"max-image-preview:large","max-video-preview":"max-video-preview:-1"},"canonical":"https:\/\/franciscanos.org.br\/noticias\/papa-sejam-pastores-nao-funcionarios-sejam-mediadores-nao-intermediarios.html","og_locale":"pt_BR","og_type":"article","og_title":"Papa: Sejam pastores, n\u00e3o funcion\u00e1rios - Not\u00edcias - Franciscanos","og_description":"Ordena\u00e7\u00f5es presbiterais no Vaticano","og_url":"https:\/\/franciscanos.org.br\/noticias\/papa-sejam-pastores-nao-funcionarios-sejam-mediadores-nao-intermediarios.html","og_site_name":"Not\u00edcias - Franciscanos","article_published_time":"2013-04-22T17:44:11+00:00","article_modified_time":"2020-06-11T20:10:30+00:00","og_image":[{"width":273,"height":181,"url":"https:\/\/franciscanos.org.br\/noticias\/wp-content\/uploads\/2013\/04\/vaticano.jpg","type":"image\/jpeg"}],"author":"admin","twitter_card":"summary_large_image","twitter_misc":{"Escrito por":"admin","Est. tempo de leitura":"4 minutos"},"schema":{"@context":"https:\/\/schema.org","@graph":[{"@type":"WebSite","@id":"https:\/\/franciscanos.org.br\/noticias\/#website","url":"https:\/\/franciscanos.org.br\/noticias\/","name":"Not\u00edcias - Franciscanos","description":"Prov\u00edncia Franciscana da Imaculada Concei\u00e7\u00e3o do Brasil - Ordem dos Frades Menores - OFM","potentialAction":[{"@type":"SearchAction","target":{"@type":"EntryPoint","urlTemplate":"https:\/\/franciscanos.org.br\/noticias\/?s={search_term_string}"},"query-input":"required name=search_term_string"}],"inLanguage":"pt-BR"},{"@type":"ImageObject","inLanguage":"pt-BR","@id":"https:\/\/franciscanos.org.br\/noticias\/papa-sejam-pastores-nao-funcionarios-sejam-mediadores-nao-intermediarios.html#primaryimage","url":"https:\/\/franciscanos.org.br\/noticias\/wp-content\/uploads\/2013\/04\/vaticano.jpg","contentUrl":"https:\/\/franciscanos.org.br\/noticias\/wp-content\/uploads\/2013\/04\/vaticano.jpg","width":273,"height":181},{"@type":"WebPage","@id":"https:\/\/franciscanos.org.br\/noticias\/papa-sejam-pastores-nao-funcionarios-sejam-mediadores-nao-intermediarios.html#webpage","url":"https:\/\/franciscanos.org.br\/noticias\/papa-sejam-pastores-nao-funcionarios-sejam-mediadores-nao-intermediarios.html","name":"Papa: Sejam pastores, n\u00e3o funcion\u00e1rios - Not\u00edcias - Franciscanos","isPartOf":{"@id":"https:\/\/franciscanos.org.br\/noticias\/#website"},"primaryImageOfPage":{"@id":"https:\/\/franciscanos.org.br\/noticias\/papa-sejam-pastores-nao-funcionarios-sejam-mediadores-nao-intermediarios.html#primaryimage"},"datePublished":"2013-04-22T17:44:11+00:00","dateModified":"2020-06-11T20:10:30+00:00","author":{"@id":"https:\/\/franciscanos.org.br\/noticias\/#\/schema\/person\/b38fbf43118f02820bd932f2e4b14ad3"},"breadcrumb":{"@id":"https:\/\/franciscanos.org.br\/noticias\/papa-sejam-pastores-nao-funcionarios-sejam-mediadores-nao-intermediarios.html#breadcrumb"},"inLanguage":"pt-BR","potentialAction":[{"@type":"ReadAction","target":["https:\/\/franciscanos.org.br\/noticias\/papa-sejam-pastores-nao-funcionarios-sejam-mediadores-nao-intermediarios.html"]}]},{"@type":"BreadcrumbList","@id":"https:\/\/franciscanos.org.br\/noticias\/papa-sejam-pastores-nao-funcionarios-sejam-mediadores-nao-intermediarios.html#breadcrumb","itemListElement":[{"@type":"ListItem","position":1,"name":"Home","item":"https:\/\/franciscanos.org.br\/noticias"},{"@type":"ListItem","position":2,"name":"Papa: Sejam pastores, n\u00e3o funcion\u00e1rios"}]},{"@type":"Person","@id":"https:\/\/franciscanos.org.br\/noticias\/#\/schema\/person\/b38fbf43118f02820bd932f2e4b14ad3","name":"admin","image":{"@type":"ImageObject","inLanguage":"pt-BR","@id":"https:\/\/franciscanos.org.br\/noticias\/#\/schema\/person\/image\/","url":"https:\/\/secure.gravatar.com\/avatar\/e8495742d34d0ba6448ea1c628263b3e?s=96&d=mm&r=g","contentUrl":"https:\/\/secure.gravatar.com\/avatar\/e8495742d34d0ba6448ea1c628263b3e?s=96&d=mm&r=g","caption":"admin"},"url":"https:\/\/franciscanos.org.br\/noticias\/author\/admin"}]}},"_links":{"self":[{"href":"https:\/\/franciscanos.org.br\/noticias\/wp-json\/wp\/v2\/posts\/36364"}],"collection":[{"href":"https:\/\/franciscanos.org.br\/noticias\/wp-json\/wp\/v2\/posts"}],"about":[{"href":"https:\/\/franciscanos.org.br\/noticias\/wp-json\/wp\/v2\/types\/post"}],"author":[{"embeddable":true,"href":"https:\/\/franciscanos.org.br\/noticias\/wp-json\/wp\/v2\/users\/1"}],"replies":[{"embeddable":true,"href":"https:\/\/franciscanos.org.br\/noticias\/wp-json\/wp\/v2\/comments?post=36364"}],"version-history":[{"count":1,"href":"https:\/\/franciscanos.org.br\/noticias\/wp-json\/wp\/v2\/posts\/36364\/revisions"}],"predecessor-version":[{"id":226376,"href":"https:\/\/franciscanos.org.br\/noticias\/wp-json\/wp\/v2\/posts\/36364\/revisions\/226376"}],"wp:featuredmedia":[{"embeddable":true,"href":"https:\/\/franciscanos.org.br\/noticias\/wp-json\/wp\/v2\/media\/216675"}],"wp:attachment":[{"href":"https:\/\/franciscanos.org.br\/noticias\/wp-json\/wp\/v2\/media?parent=36364"}],"wp:term":[{"taxonomy":"category","embeddable":true,"href":"https:\/\/franciscanos.org.br\/noticias\/wp-json\/wp\/v2\/categories?post=36364"},{"taxonomy":"post_tag","embeddable":true,"href":"https:\/\/franciscanos.org.br\/noticias\/wp-json\/wp\/v2\/tags?post=36364"}],"curies":[{"name":"wp","href":"https:\/\/api.w.org\/{rel}","templated":true}]}}