{"id":36292,"date":"2013-04-22T09:03:28","date_gmt":"2013-04-22T12:03:28","guid":{"rendered":"http:\/\/new.franciscanos.org.br\/?p=36292"},"modified":"2020-01-28T11:18:59","modified_gmt":"2020-01-28T14:18:59","slug":"frei-rodrigo-inicia-o-seu-ministerio-presbiteral","status":"publish","type":"post","link":"https:\/\/franciscanos.org.br\/noticias\/frei-rodrigo-inicia-o-seu-ministerio-presbiteral.html","title":{"rendered":"Frei Rodrigo inicia o seu minist\u00e9rio presbiteral"},"content":{"rendered":"<p><img loading=\"lazy\" class=\"alignnone size-full wp-image-198244\" src=\"https:\/\/franciscanos.org.br\/noticias\/wp-content\/uploads\/2013\/04\/frrodrigo.jpg\" alt=\"\" width=\"830\" height=\"402\" srcset=\"https:\/\/franciscanos.org.br\/noticias\/wp-content\/uploads\/2013\/04\/frrodrigo.jpg 830w, https:\/\/franciscanos.org.br\/noticias\/wp-content\/uploads\/2013\/04\/frrodrigo-450x218.jpg 450w, https:\/\/franciscanos.org.br\/noticias\/wp-content\/uploads\/2013\/04\/frrodrigo-768x372.jpg 768w, https:\/\/franciscanos.org.br\/noticias\/wp-content\/uploads\/2013\/04\/frrodrigo-150x73.jpg 150w\" sizes=\"(max-width: 830px) 100vw, 830px\" \/><\/p>\n<p><strong>Moacir Beggo<\/strong><\/p>\n<p><strong>S\u00e3o Louren\u00e7o (MG)<\/strong>&#8211; No 4\u00ba domingo da P\u00e1scoa e tamb\u00e9m Dia Mundial de Ora\u00e7\u00e3o pelas Voca\u00e7\u00f5es (21\/4), Frei Rodrigo da Silva Santos iniciou o seu minist\u00e9rio presbiteral na sua cidade natal, S\u00e3o Louren\u00e7o (MG), ao celebrar a Primeira Missa na Par\u00f3quia S\u00e3o Louren\u00e7o M\u00e1rtir, onde no dia anterior foi ordenado sacerdote por Dom Diamantino Prata de Carvalho, OFM, bispo da Diocese de Campanha.<\/p>\n<p>O frio caracter\u00edstico da regi\u00e3o serrana, \u00e0s 8 horas, n\u00e3o intimidou o povo para participar das prim\u00edcias de Frei Rodrigo. A prociss\u00e3o de entrada, com seus confrades, entre eles o Definidor Frei Evaristo Spengler, e ministros da Eucaristia e da Palavra, n\u00e3o teve presente Frei Rodrigo para surpresa de alguns. Mas, Frei Diego de Melo, animador vocacional da Prov\u00edncia, explicou que ele viria em seguida, acompanhado dos seminaristas de Ituporanga, o rebanho que o Senhor lhe confiou desde o in\u00edcio do ano.<\/p>\n<p>&#8220;\u00c9 com alegria que estamos aqui para celebrar a A\u00e7\u00e3o de Gra\u00e7as ao Senhor e tamb\u00e9m poder celebrar junto aos seminaristas com quem eu convivo, com quem eu trabalho, com quem eu aprendo, com quem eu tento ensinar uma ou outra coisa, com meus confrades, com os meus familiares e com todos voc\u00eas&#8221;, acolheu o neopresb\u00edtero, explicando que este domingo, h\u00e1 50 anos, \u00e9 escolhido como dia de ora\u00e7\u00e3o pelas voca\u00e7\u00f5es.<\/p>\n<p>E tamb\u00e9m ressaltou que era o domingo do Bom Pastor. &#8220;Que melhor exemplo eu posso tomar que o pr\u00f3prio Cristo nos deixa! O pastor que quer estar com suas ovelhas e vem para todas elas sem discrimina\u00e7\u00e3o&#8221;, exclamou.<\/p>\n<p><img loading=\"lazy\" class=\"alignright size-full wp-image-36296\" title=\"Frei Rodrigo - Foto: Moacir Beggo\" src=\"http:\/\/franciscanos.org.br\/wp-content\/uploads\/2013\/04\/frr.jpg\" alt=\"\" width=\"450\" height=\"300\" \/>Os seminaristas demonstraram muito carinho pelo seu novo orientador e agora neopresb\u00edtero. Al\u00e9m da homenagem inicial, participaram da prociss\u00e3o do ofert\u00f3rio e fizeram mais uma homenagem no final da celebra\u00e7\u00e3o.<\/p>\n<p>Como de costume nas prim\u00edcias, o neo-sacerdote costuma chamar algu\u00e9m para fazer o serm\u00e3o. Frei Rodrigo escolheu Frei Adriano Nascimento, que \u00e9 natural da cidade e conterr\u00e2neo dele, para fazer a homilia. Frei Adriano foi ordenado presb\u00edtero em abril de 2008 na mesma igreja.<\/p>\n<p>Frei Adriano falou da alegria de estar celebrando com Frei Rodrigo as prim\u00edcias. Destacou na sua homilia o evangelho do Bom Pastor e a rever\u00eancia que S\u00e3o Francisco tinha para os sacerdotes. &#8220;De modo sublime, somos hoje convidados por Jesus a fazer parte do seu rebanho e a sermos Igreja, comprometida com a vida das ovelhas e com justi\u00e7a do Reino de Deus. Jesus Cristo, enviado pelo Pai para ser o nosso Bom Pastor, sustenta a nossa vida e as suas palavras nos d\u00e3o a seguran\u00e7a&#8221;, disse, lembrando tamb\u00e9m das voca\u00e7\u00f5es: &#8220;Essa certeza de estarmos sob os cuidados de Jesus convida a rezarmos por todos os vocacionados no servi\u00e7o do Reino de Deus&#8221;.<\/p>\n<p><img loading=\"lazy\" class=\"alignleft wp-image-36297\" title=\"Frei Rodrigo - Foto: Moacir Beggo\" src=\"http:\/\/franciscanos.org.br\/wp-content\/uploads\/2013\/04\/frr1.jpg\" alt=\"\" width=\"360\" height=\"540\" \/>Segundo Frei Adriano, como dizia S\u00e3o Francisco, o sacerdote \u00e9 um homem de Deus: &#8220;Seja o vosso querer todo ordenado para Deus!&#8221;, enfatizou. &#8220;O sacerdote, na perspectiva franciscana, est\u00e1 sempre a servi\u00e7o, exercendo os valores evang\u00e9licos da fraternidade, da minoridade, da simplicidade, da partilha e solidariedade com os pequenos e pobres deste mundo&#8221;.<\/p>\n<p>No final da celebra\u00e7\u00e3o, Frei Rodrigo tamb\u00e9m foi homenageado pela Ordem Franciscana Secular, que n\u00e3o poupou esfor\u00e7os para tornar mais bela e marcante a ordena\u00e7\u00e3o e as prim\u00edcias de Frei Rodrigo. Sua primeira catequista, Maria das Dores, revelou que desde crian\u00e7a Frei Rodrigo j\u00e1 demonstrava o caminho que seguiria mais \u00e0 frente. \u201cQuando Frei Aymor\u00e9 Dalm\u00e9dico, com seu jeitinho franciscano, pedalando a sua bicicleta Monark verde, percorria as escolas convidando as crian\u00e7as para a catequese, jamais poder\u00edamos imaginar que o querido aluno da escola Humberto Sanches, t\u00e3o estudioso, fosse atender ao chamado para o sacerd\u00f3cio\u201d, disse.&#8221;, disse.<\/p>\n<p>&#8220;Na catequese ainda passou a ajudar nas Missas como coroinha, e de t\u00e3o familiarizado que estava com a igreja, passou a ser respons\u00e1vel pelo grupo de coroinhas. Os pais esperavam que ele escolhesse a profiss\u00e3o de engenheiro como os irm\u00e3os, ou quem sabe escolhesse Direito, mas veio a surpresa: &#8216;quero ir para o Semin\u00e1rio!&#8217;. E l\u00e1 se foi o nosso Rodrigo seguir o caminho mais dif\u00edcil, mas tamb\u00e9m o mais bonito&#8221;, homenageou a sua primeira catequista.<\/p>\n<p>Frei Rodrigo continuar\u00e1 em S\u00e3o Louren\u00e7o com seus pais, Ad\u00edlson e Regina Santos, e os irm\u00e3os Marcelo e Felipe, e depois retornar\u00e1 para Ituporanga, onde \u00e9 orientador no Semin\u00e1rio S\u00e3o Francisco de Assis.<\/p>\n<p>&nbsp;<\/p>\n<p>&nbsp;<\/p>\n<p>&nbsp;<\/p>\n<div><\/div>\n<div><\/div>\n","protected":false},"excerpt":{"rendered":"<p>Ordena\u00e7\u00e3o presbiteral<\/p>\n","protected":false},"author":1,"featured_media":216663,"comment_status":"closed","ping_status":"open","sticky":false,"template":"","format":"standard","meta":[],"categories":[1],"tags":[157],"acf":[],"yoast_head":"<!-- This site is optimized with the Yoast SEO plugin v19.2 - https:\/\/yoast.com\/wordpress\/plugins\/seo\/ -->\n<title>Frei Rodrigo inicia o seu minist\u00e9rio presbiteral - Not\u00edcias - Franciscanos<\/title>\n<meta name=\"robots\" content=\"index, follow, max-snippet:-1, max-image-preview:large, max-video-preview:-1\" \/>\n<link rel=\"canonical\" href=\"https:\/\/franciscanos.org.br\/noticias\/frei-rodrigo-inicia-o-seu-ministerio-presbiteral.html\" \/>\n<meta property=\"og:locale\" content=\"pt_BR\" \/>\n<meta property=\"og:type\" content=\"article\" \/>\n<meta property=\"og:title\" content=\"Frei Rodrigo inicia o seu minist\u00e9rio presbiteral - Not\u00edcias - Franciscanos\" \/>\n<meta property=\"og:description\" content=\"Ordena\u00e7\u00e3o presbiteral\" \/>\n<meta property=\"og:url\" content=\"https:\/\/franciscanos.org.br\/noticias\/frei-rodrigo-inicia-o-seu-ministerio-presbiteral.html\" \/>\n<meta property=\"og:site_name\" content=\"Not\u00edcias - Franciscanos\" \/>\n<meta property=\"article:published_time\" content=\"2013-04-22T12:03:28+00:00\" \/>\n<meta property=\"article:modified_time\" content=\"2020-01-28T14:18:59+00:00\" \/>\n<meta property=\"og:image\" content=\"https:\/\/franciscanos.org.br\/noticias\/wp-content\/uploads\/2013\/04\/frr.jpg\" \/>\n\t<meta property=\"og:image:width\" content=\"273\" \/>\n\t<meta property=\"og:image:height\" content=\"181\" \/>\n\t<meta property=\"og:image:type\" content=\"image\/jpeg\" \/>\n<meta name=\"author\" content=\"admin\" \/>\n<meta name=\"twitter:card\" content=\"summary_large_image\" \/>\n<meta name=\"twitter:label1\" content=\"Escrito por\" \/>\n\t<meta name=\"twitter:data1\" content=\"admin\" \/>\n\t<meta name=\"twitter:label2\" content=\"Est. tempo de leitura\" \/>\n\t<meta name=\"twitter:data2\" content=\"4 minutos\" \/>\n<script type=\"application\/ld+json\" class=\"yoast-schema-graph\">{\"@context\":\"https:\/\/schema.org\",\"@graph\":[{\"@type\":\"WebSite\",\"@id\":\"https:\/\/franciscanos.org.br\/noticias\/#website\",\"url\":\"https:\/\/franciscanos.org.br\/noticias\/\",\"name\":\"Not\u00edcias - Franciscanos\",\"description\":\"Prov\u00edncia Franciscana da Imaculada Concei\u00e7\u00e3o do Brasil - Ordem dos Frades Menores - OFM\",\"potentialAction\":[{\"@type\":\"SearchAction\",\"target\":{\"@type\":\"EntryPoint\",\"urlTemplate\":\"https:\/\/franciscanos.org.br\/noticias\/?s={search_term_string}\"},\"query-input\":\"required name=search_term_string\"}],\"inLanguage\":\"pt-BR\"},{\"@type\":\"ImageObject\",\"inLanguage\":\"pt-BR\",\"@id\":\"https:\/\/franciscanos.org.br\/noticias\/frei-rodrigo-inicia-o-seu-ministerio-presbiteral.html#primaryimage\",\"url\":\"https:\/\/franciscanos.org.br\/noticias\/wp-content\/uploads\/2013\/04\/frr.jpg\",\"contentUrl\":\"https:\/\/franciscanos.org.br\/noticias\/wp-content\/uploads\/2013\/04\/frr.jpg\",\"width\":273,\"height\":181},{\"@type\":\"WebPage\",\"@id\":\"https:\/\/franciscanos.org.br\/noticias\/frei-rodrigo-inicia-o-seu-ministerio-presbiteral.html#webpage\",\"url\":\"https:\/\/franciscanos.org.br\/noticias\/frei-rodrigo-inicia-o-seu-ministerio-presbiteral.html\",\"name\":\"Frei Rodrigo inicia o seu minist\u00e9rio presbiteral - Not\u00edcias - Franciscanos\",\"isPartOf\":{\"@id\":\"https:\/\/franciscanos.org.br\/noticias\/#website\"},\"primaryImageOfPage\":{\"@id\":\"https:\/\/franciscanos.org.br\/noticias\/frei-rodrigo-inicia-o-seu-ministerio-presbiteral.html#primaryimage\"},\"datePublished\":\"2013-04-22T12:03:28+00:00\",\"dateModified\":\"2020-01-28T14:18:59+00:00\",\"author\":{\"@id\":\"https:\/\/franciscanos.org.br\/noticias\/#\/schema\/person\/b38fbf43118f02820bd932f2e4b14ad3\"},\"breadcrumb\":{\"@id\":\"https:\/\/franciscanos.org.br\/noticias\/frei-rodrigo-inicia-o-seu-ministerio-presbiteral.html#breadcrumb\"},\"inLanguage\":\"pt-BR\",\"potentialAction\":[{\"@type\":\"ReadAction\",\"target\":[\"https:\/\/franciscanos.org.br\/noticias\/frei-rodrigo-inicia-o-seu-ministerio-presbiteral.html\"]}]},{\"@type\":\"BreadcrumbList\",\"@id\":\"https:\/\/franciscanos.org.br\/noticias\/frei-rodrigo-inicia-o-seu-ministerio-presbiteral.html#breadcrumb\",\"itemListElement\":[{\"@type\":\"ListItem\",\"position\":1,\"name\":\"Home\",\"item\":\"https:\/\/franciscanos.org.br\/noticias\"},{\"@type\":\"ListItem\",\"position\":2,\"name\":\"Frei Rodrigo inicia o seu minist\u00e9rio presbiteral\"}]},{\"@type\":\"Person\",\"@id\":\"https:\/\/franciscanos.org.br\/noticias\/#\/schema\/person\/b38fbf43118f02820bd932f2e4b14ad3\",\"name\":\"admin\",\"image\":{\"@type\":\"ImageObject\",\"inLanguage\":\"pt-BR\",\"@id\":\"https:\/\/franciscanos.org.br\/noticias\/#\/schema\/person\/image\/\",\"url\":\"https:\/\/secure.gravatar.com\/avatar\/e8495742d34d0ba6448ea1c628263b3e?s=96&d=mm&r=g\",\"contentUrl\":\"https:\/\/secure.gravatar.com\/avatar\/e8495742d34d0ba6448ea1c628263b3e?s=96&d=mm&r=g\",\"caption\":\"admin\"},\"url\":\"https:\/\/franciscanos.org.br\/noticias\/author\/admin\"}]}<\/script>\n<!-- \/ Yoast SEO plugin. -->","yoast_head_json":{"title":"Frei Rodrigo inicia o seu minist\u00e9rio presbiteral - Not\u00edcias - Franciscanos","robots":{"index":"index","follow":"follow","max-snippet":"max-snippet:-1","max-image-preview":"max-image-preview:large","max-video-preview":"max-video-preview:-1"},"canonical":"https:\/\/franciscanos.org.br\/noticias\/frei-rodrigo-inicia-o-seu-ministerio-presbiteral.html","og_locale":"pt_BR","og_type":"article","og_title":"Frei Rodrigo inicia o seu minist\u00e9rio presbiteral - Not\u00edcias - Franciscanos","og_description":"Ordena\u00e7\u00e3o presbiteral","og_url":"https:\/\/franciscanos.org.br\/noticias\/frei-rodrigo-inicia-o-seu-ministerio-presbiteral.html","og_site_name":"Not\u00edcias - Franciscanos","article_published_time":"2013-04-22T12:03:28+00:00","article_modified_time":"2020-01-28T14:18:59+00:00","og_image":[{"width":273,"height":181,"url":"https:\/\/franciscanos.org.br\/noticias\/wp-content\/uploads\/2013\/04\/frr.jpg","type":"image\/jpeg"}],"author":"admin","twitter_card":"summary_large_image","twitter_misc":{"Escrito por":"admin","Est. tempo de leitura":"4 minutos"},"schema":{"@context":"https:\/\/schema.org","@graph":[{"@type":"WebSite","@id":"https:\/\/franciscanos.org.br\/noticias\/#website","url":"https:\/\/franciscanos.org.br\/noticias\/","name":"Not\u00edcias - Franciscanos","description":"Prov\u00edncia Franciscana da Imaculada Concei\u00e7\u00e3o do Brasil - Ordem dos Frades Menores - OFM","potentialAction":[{"@type":"SearchAction","target":{"@type":"EntryPoint","urlTemplate":"https:\/\/franciscanos.org.br\/noticias\/?s={search_term_string}"},"query-input":"required name=search_term_string"}],"inLanguage":"pt-BR"},{"@type":"ImageObject","inLanguage":"pt-BR","@id":"https:\/\/franciscanos.org.br\/noticias\/frei-rodrigo-inicia-o-seu-ministerio-presbiteral.html#primaryimage","url":"https:\/\/franciscanos.org.br\/noticias\/wp-content\/uploads\/2013\/04\/frr.jpg","contentUrl":"https:\/\/franciscanos.org.br\/noticias\/wp-content\/uploads\/2013\/04\/frr.jpg","width":273,"height":181},{"@type":"WebPage","@id":"https:\/\/franciscanos.org.br\/noticias\/frei-rodrigo-inicia-o-seu-ministerio-presbiteral.html#webpage","url":"https:\/\/franciscanos.org.br\/noticias\/frei-rodrigo-inicia-o-seu-ministerio-presbiteral.html","name":"Frei Rodrigo inicia o seu minist\u00e9rio presbiteral - Not\u00edcias - Franciscanos","isPartOf":{"@id":"https:\/\/franciscanos.org.br\/noticias\/#website"},"primaryImageOfPage":{"@id":"https:\/\/franciscanos.org.br\/noticias\/frei-rodrigo-inicia-o-seu-ministerio-presbiteral.html#primaryimage"},"datePublished":"2013-04-22T12:03:28+00:00","dateModified":"2020-01-28T14:18:59+00:00","author":{"@id":"https:\/\/franciscanos.org.br\/noticias\/#\/schema\/person\/b38fbf43118f02820bd932f2e4b14ad3"},"breadcrumb":{"@id":"https:\/\/franciscanos.org.br\/noticias\/frei-rodrigo-inicia-o-seu-ministerio-presbiteral.html#breadcrumb"},"inLanguage":"pt-BR","potentialAction":[{"@type":"ReadAction","target":["https:\/\/franciscanos.org.br\/noticias\/frei-rodrigo-inicia-o-seu-ministerio-presbiteral.html"]}]},{"@type":"BreadcrumbList","@id":"https:\/\/franciscanos.org.br\/noticias\/frei-rodrigo-inicia-o-seu-ministerio-presbiteral.html#breadcrumb","itemListElement":[{"@type":"ListItem","position":1,"name":"Home","item":"https:\/\/franciscanos.org.br\/noticias"},{"@type":"ListItem","position":2,"name":"Frei Rodrigo inicia o seu minist\u00e9rio presbiteral"}]},{"@type":"Person","@id":"https:\/\/franciscanos.org.br\/noticias\/#\/schema\/person\/b38fbf43118f02820bd932f2e4b14ad3","name":"admin","image":{"@type":"ImageObject","inLanguage":"pt-BR","@id":"https:\/\/franciscanos.org.br\/noticias\/#\/schema\/person\/image\/","url":"https:\/\/secure.gravatar.com\/avatar\/e8495742d34d0ba6448ea1c628263b3e?s=96&d=mm&r=g","contentUrl":"https:\/\/secure.gravatar.com\/avatar\/e8495742d34d0ba6448ea1c628263b3e?s=96&d=mm&r=g","caption":"admin"},"url":"https:\/\/franciscanos.org.br\/noticias\/author\/admin"}]}},"_links":{"self":[{"href":"https:\/\/franciscanos.org.br\/noticias\/wp-json\/wp\/v2\/posts\/36292"}],"collection":[{"href":"https:\/\/franciscanos.org.br\/noticias\/wp-json\/wp\/v2\/posts"}],"about":[{"href":"https:\/\/franciscanos.org.br\/noticias\/wp-json\/wp\/v2\/types\/post"}],"author":[{"embeddable":true,"href":"https:\/\/franciscanos.org.br\/noticias\/wp-json\/wp\/v2\/users\/1"}],"replies":[{"embeddable":true,"href":"https:\/\/franciscanos.org.br\/noticias\/wp-json\/wp\/v2\/comments?post=36292"}],"version-history":[{"count":0,"href":"https:\/\/franciscanos.org.br\/noticias\/wp-json\/wp\/v2\/posts\/36292\/revisions"}],"wp:featuredmedia":[{"embeddable":true,"href":"https:\/\/franciscanos.org.br\/noticias\/wp-json\/wp\/v2\/media\/216663"}],"wp:attachment":[{"href":"https:\/\/franciscanos.org.br\/noticias\/wp-json\/wp\/v2\/media?parent=36292"}],"wp:term":[{"taxonomy":"category","embeddable":true,"href":"https:\/\/franciscanos.org.br\/noticias\/wp-json\/wp\/v2\/categories?post=36292"},{"taxonomy":"post_tag","embeddable":true,"href":"https:\/\/franciscanos.org.br\/noticias\/wp-json\/wp\/v2\/tags?post=36292"}],"curies":[{"name":"wp","href":"https:\/\/api.w.org\/{rel}","templated":true}]}}