{"id":36263,"date":"2013-04-20T19:44:17","date_gmt":"2013-04-20T22:44:17","guid":{"rendered":"http:\/\/new.franciscanos.org.br\/?p=36263"},"modified":"2023-01-09T10:56:33","modified_gmt":"2023-01-09T13:56:33","slug":"frei-rodrigo-aqui-estou-para-servir-sem-voces-esse-ministerio-assumido-nao-tem-sentido","status":"publish","type":"post","link":"https:\/\/franciscanos.org.br\/noticias\/frei-rodrigo-aqui-estou-para-servir-sem-voces-esse-ministerio-assumido-nao-tem-sentido.html","title":{"rendered":"Frei Rodrigo: &#8220;Sem voc\u00eas, esse minist\u00e9rio assumido n\u00e3o tem sentido&#8221;"},"content":{"rendered":"<p><img loading=\"lazy\" class=\"alignnone size-full wp-image-198250\" src=\"https:\/\/franciscanos.org.br\/noticias\/wp-content\/uploads\/2013\/04\/rodrigo_alto.jpg\" alt=\"\" width=\"830\" height=\"375\" srcset=\"https:\/\/franciscanos.org.br\/noticias\/wp-content\/uploads\/2013\/04\/rodrigo_alto.jpg 830w, https:\/\/franciscanos.org.br\/noticias\/wp-content\/uploads\/2013\/04\/rodrigo_alto-450x203.jpg 450w, https:\/\/franciscanos.org.br\/noticias\/wp-content\/uploads\/2013\/04\/rodrigo_alto-768x347.jpg 768w, https:\/\/franciscanos.org.br\/noticias\/wp-content\/uploads\/2013\/04\/rodrigo_alto-150x68.jpg 150w\" sizes=\"(max-width: 830px) 100vw, 830px\" \/><\/p>\n<p><strong>Moacir Beggo<\/strong><\/p>\n<p><strong>S\u00e3o Louren\u00e7o (MG)<\/strong>&#8211; Numa t\u00edpica manh\u00e3 de outono, com clima ameno e pr\u00f3prio de uma regi\u00e3o na Serra da Mantiqueira, a cidade de S\u00e3o Louren\u00e7o, no Sul de Minas, parou para celebrar a entrega generosa de Frei Rodrigo da Silva Santos como novo presb\u00edtero da Ordem Franciscana e da Igreja de Deus. E dele o povo ouviu a promessa: \u00a0&#8220;Aqui estou para servir. E, sem voc\u00eas, esse minist\u00e9rio assumido n\u00e3o tem sentido!&#8221;<\/p>\n<p>Frei Rodrigo recebeu o Sacramento da Ordem pela imposi\u00e7\u00e3o das m\u00e3os de Dom Diamantino Prata de Carvalho, OFM, bispo da Diocese de Campanha, que presidiu a celebra\u00e7\u00e3o eucar\u00edstica \u00e0s 10 horas, neste s\u00e1bado (20\/4), na Par\u00f3quia de S\u00e3o Louren\u00e7o M\u00e1rtir. Diante de um povo que se acostumou com a presen\u00e7a franciscana durante cerca de 80 anos nesta cidade, a igreja se vestiu novamente com a cor marrom do h\u00e1bito franciscano devido \u00e0 grande presen\u00e7a de confrades de toda a Prov\u00edncia.<\/p>\n<p>Entre eles, o Definidor Frei Evaristo Spengler, que representou o Ministro Provincial Frei Fid\u00eancio Vanboemmel nesta celebra\u00e7\u00e3o, seminaristas do Semin\u00e1rio S\u00e3o Francisco de Assis, em Ituporanga (SC), onde Frei Rodrigo \u00e9 orientador, e postulantes de Guaratinguet\u00e1 (SP), religiosos e religiosas, sacerdotes da Diocese e a sempre acolhedora Ordem Franciscana Secular de S\u00e3o Louren\u00e7o. Mas a igreja n\u00e3o lotou somente com o povo da cidade. Caravanas das comunidades de Petr\u00f3polis e da Baixada Fluminense, onde Frei Rodrigo trabalhou, vieram celebrar com o ordenando.<\/p>\n<p><img loading=\"lazy\" class=\"alignright\" title=\"Fotos Moacir Beggo\" src=\"http:\/\/franciscanos.org.br\/wp-content\/uploads\/2013\/04\/meio.jpg\" alt=\"\" width=\"400\" height=\"300\" \/>Tendo de um lado o pai Adilson e do outro a m\u00e3e Regina, Frei Rodrigo se juntou aos frades para dar in\u00edcio \u00e0 celebra\u00e7\u00e3o. At\u00e9 o in\u00edcio do rito, ele ficou sentado ao lado dos pais e dos irm\u00e3os Marcelo, Felipe e da cunhada Michele.<\/p>\n<p>Quanto Frei Rodrigo foi chamado a se aproximar do bispo, ele se despediu de seus pais. Dom Diamantino, ent\u00e3o, explicou que essa despedida a seus pais antes de ser chamado para frente do altar n\u00e3o fazia parte do rito, mas era &#8220;um gesto bonito de reconhecimento que, sem a fam\u00edlia, n\u00f3s n\u00e3o somos nem gente muito menos servidores de Cristo&#8221;.<\/p>\n<p>O que se viu durante duas horas foi uma celebra\u00e7\u00e3o fraternal. Dom Diamantino relembrou com alegria, no in\u00edcio e na homilia, que o garotinho Rodrigo foi seu coroinha. Por sua vez, Frei Evaristo lembrou que Frei Diamantino foi seu professor e orientador quando era seminarista e tamb\u00e9m o p\u00e1roco na Igreja de Nossa Senhora da Paz, em Ipanema (RJ), quando foi ordenado di\u00e1cono. Entre os sacerdotes, os irm\u00e3os Frei Adriano e Frei Alessandro, que fizeram a mesma caminhada de Frei Rodrigo. Outros dois religiosos, Frei Marcos e Frei Camilo Milit\u00e3o s\u00e3o naturais de S\u00e3o Louren\u00e7o e estavam presentes.<\/p>\n<p>Depois da elei\u00e7\u00e3o do candidato <strong><a href=\"http:\/\/franciscanos.org.br\/?p=36271\">(veja texto \u00e0 parte)<\/a>,<\/strong> Dom Diamantino falou no in\u00edcio da homilia diretamente aos pais de Frei Rodrigo. &#8220;Certamente, h\u00e1 20 anos, Regina e Ad\u00edlson n\u00e3o esperavam que Rodrigo viesse a ser franciscano e viesse a ser padre. Quem iria imaginar! A gente, \u00e0s vezes, tem outros planos para os filhos, \u00e0s vezes arquiteta outras orienta\u00e7\u00f5es, imagina outras profiss\u00f5es, como os outros dois filhos e irm\u00e3os de Rodrigo &#8211; Felipe e Marcelo -, que abra\u00e7aram a profiss\u00e3o de engenheiros, mas o Rodrigo foi descobrimento ao longo de sua caminhada que o Senhor o chamava. Eu sou testemunha tamb\u00e9m, porque por volta dos 8 ou 9 anos, o Rodrigo j\u00e1 era coroinha da Missa das 10 horas, aos domingos, presidida pelo saudoso Frei Aymor\u00e9 Dalm\u00e9dico e, depois, come\u00e7ou a fazer parte do grupo n\u00e3o s\u00f3 dos coroinhas mas dos vocacionados&#8221;, contou.<\/p>\n<p><a href=\"http:\/\/franciscanos.org.br\/wp-content\/uploads\/2013\/04\/meio2.jpg\"><img loading=\"lazy\" class=\"size-full wp-image-36266 alignleft\" title=\"Fotos Moacir Beggo\" src=\"http:\/\/franciscanos.org.br\/wp-content\/uploads\/2013\/04\/meio2.jpg\" alt=\"\" width=\"400\" height=\"600\" \/><\/a>Na mesma \u00e9poca, participava deste grupo vocacional, os irm\u00e3os Frei Adriano e Frei Alessandro Nascimento. &#8220;A\u00ed est\u00e3o os dois culpados disso, Adriano e Alessandro. Foram eles que colocaram no Rodrigo um apelido muito simp\u00e1tico, de &#8220;Querubim&#8221;. Porque, na verdade, ele era como um anjo que brilhava quando ajudava a Missa. Parecia que uma luz vinha de dentro dele e irradiava no seu rosto. Ent\u00e3o, n\u00e3o sei se ele \u00e9 assim ainda, mas no nosso tempo, aqui em S\u00e3o Louren\u00e7o, era realmente uma figura resplendorosa e brilhava porque ele participava do mist\u00e9rio&#8221;, recordou.<\/p>\n<p>Refor\u00e7ando o testemunho de Frei Evaristo de que o ordenando \u00e9 um homem de ora\u00e7\u00e3o, o bispo disse que sem essa intimidade com Deus, sem essa comunh\u00e3o com Deus, na leitura Orante da Palavra, n\u00f3s n\u00e3o podemos ser muita coisa, n\u00e3o! &#8220;Por isso, \u00e9 bom ouvir esses testemunhos que o Frei Rodrigo prima tamb\u00e9m por essa dimens\u00e3o da intimidade com Deus, na ora\u00e7\u00e3o, na leitura orante da Palavra, na participa\u00e7\u00e3o dos sacramentos. E todos n\u00f3s, nesse Ano da F\u00e9, somos convidados, sobretudo, a n\u00e3o apenas dizer que &#8216;eu acredito&#8217;, &#8216;eu tenho muita f\u00e9&#8217; &#8211; at\u00e9\u00a0 os dem\u00f4nios t\u00eam tamb\u00e9m e tremem, diz o Ap\u00f3stolo -, mas a f\u00e9 deve ser cultivada qual plantinha que merece todos os cuidados. E a f\u00e9, precisamente, \u00e9 alimentada pela ora\u00e7\u00e3o, \u00e9 aprofundada pela Palavra e \u00e9 nutrida e celebrada nos Sacramentos, para depois ser testemunhada no dia a dia da nossa vida, pelas nossas atitudes, pelas boas a\u00e7\u00f5es, pelo nosso empenho em sermos realmente ajudantes do Cristo na transforma\u00e7\u00e3o do mundo, para que seja sinal de presen\u00e7a do reino que Ele veio implantar&#8221;.<\/p>\n<p>&#8220;E nem sempre \u00e9 f\u00e1cil a gente fazer cr\u00edvel a Cristo Jesus. Pela Palavra, a gente pode at\u00e9 comover, diz um poeta, mas s\u00f3 convencemos pelo testemunho, pelo exemplo, pela vida, e \u00e9 por isso que o Papa Paulo VI dizia na Enc\u00edclica <em>Evangelii Nuntiandi<\/em> que o mundo precisa de profetas, de mestres, precisa de algu\u00e9m que ensine, de algu\u00e9m que propague os prod\u00edgios de Deus, como cant\u00e1vamos no salmo responsorial&#8221;, acrescentou o bispo.<\/p>\n<p>Segundo Dom Diamantino, o mundo tamb\u00e9m precisa de testemunhas que mostrem pela sua simplicidade, pela sua humildade, pela sua convic\u00e7\u00e3o profunda de que realmente a raz\u00e3o de ser da nossa vida n\u00e3o \u00e9 outra sen\u00e3o Jesus Cristo, o Crucificado, como Paulo diz na Carta aos Cor\u00edntios e como S\u00e3o Francisco gostava de repetir: \u201cLonge de mim gloriar-me, sen\u00e3o na cruz de nosso Senhor Jesus Cristo&#8221;!<\/p>\n<p>&#8220;Meu querido Frei Rodrigo! \u00c9 verdade que n\u00f3s te cham\u00e1vamos de \u2018Querubim\u2019 &#8211; quem sabe voc\u00ea j\u00e1 perdeu as asas ao longo do tempo -, mas n\u00e3o faz mal, o importante \u00e9 a leveza do cora\u00e7\u00e3o que levou voc\u00ea a chegar at\u00e9 aqui. O importante \u00e9 essa convic\u00e7\u00e3o profunda de que Deus o chamou para a consagra\u00e7\u00e3o religiosa na Ordem Franciscana, mas tamb\u00e9m escolheu voc\u00ea para ser presb\u00edtero na sua Igreja e, como di\u00e1cono, voc\u00ea j\u00e1 est\u00e1 orientando outros no seguimento de Francisco, no seguimento de Jesus Pobre e crucificado&#8221;, disse o bispo.<\/p>\n<p><a href=\"http:\/\/franciscanos.org.br\/wp-content\/uploads\/2013\/04\/meio3.jpg\"><img loading=\"lazy\" class=\"alignright size-full wp-image-36275\" title=\"Fotos Moacir Beggo\" src=\"http:\/\/franciscanos.org.br\/wp-content\/uploads\/2013\/04\/meio3.jpg\" alt=\"\" width=\"400\" height=\"271\" \/><\/a>E completou: &#8220;Que voc\u00ea possa continuar, enquanto tiver for\u00e7as, a irradiar essa luz do Senhor, mesmo que tenha perdido as asas. N\u00e3o importa! As asas s\u00e3o apenas s\u00edmbolo da nossa agilidade de ir ao encontro do Senhor. E as asas s\u00e3o tamb\u00e9m s\u00edmbolo de irmos correndo ao encontro dos irm\u00e3os, para anunciar a Boa Not\u00edcia que o Senhor est\u00e1 a\u00ed e ama voc\u00ea, quer bem a voc\u00ea. No fundo, o essencial de nossa f\u00e9 \u00e9 assumirmos que Deus realmente \u00e9 bom para conosco, para com todos. \u00c9 assumirmos, de verdade, que Deus sempre \u00e9 Pai de ternura, de miseric\u00f3rdia, de imenso amor. E o nosso testemunho \u00e9 que vivamos esse amor na fraternidade e para al\u00e9m da fraternidade, na comunidade onde vivemos, nessa sociedade por vezes t\u00e3o questionadora e interpelativa, mas por vezes tamb\u00e9m vazia de conte\u00fado, pobre de f\u00e9, mas desejosa de esperan\u00e7a nesse Deus que a todos quer bem. Que voc\u00ea possa testemunhar no dia a dia do seu minist\u00e9rio, n\u00e3o apenas presidindo celebra\u00e7\u00f5es, aqui e acol\u00e1, mas sobretudo l\u00e1 com seus meninos (seminaristas) e ser realmente esse &#8216;Querubim&#8217; que irradia o amor do nosso Deus&#8221;.<\/p>\n<p>Nesse momento, o rito continuou com o prop\u00f3sito do eleito. Em seguida, foi cantada a Ladainha de todos os Santos, quando o eleito prostrou-se, como sinal de sua total entrega a Deus. Veio, ent\u00e3o, o momento central da ordena\u00e7\u00e3o com a imposi\u00e7\u00e3o das m\u00e3os e a Prece de Ordena\u00e7\u00e3o. Na sequ\u00eancia, a \u00faltima parte do rito: un\u00e7\u00e3o das m\u00e3os, \u00a0vesti\u00e7\u00e3o do eleito com a casula e a estola e a entrega do p\u00e3o na patena e o vinho e a \u00e1gua no c\u00e1lice para dar sequ\u00eancia \u00e0 celebra\u00e7\u00e3o eucar\u00edstica.<\/p>\n<p><strong>Agradecimentos<\/strong><\/p>\n<p>O Definidor Frei Evaristo Spengler falou em nome da Prov\u00edncia Franciscana da Imaculada Concei\u00e7\u00e3o do Brasil e agradeceu carinhosamente a Dom Diamantino, aos pais de Frei Rodrigo, ao Padre Afonso Henrique Alves da Silva, pelo apoio da Par\u00f3quia na prepara\u00e7\u00e3o e na celebra\u00e7\u00e3o, \u00e0 OFS, \u00e0 Prov\u00edncia, aos formadores, ao povo da cidade e ao povo que se deslocou de v\u00e1rios cantos do pa\u00eds para participar deste momento. &#8220;Hoje queremos elevar uma grande prece de louvor e de gratid\u00e3o ao Bom Deus pela entrega generosa de Frei Rodrigo \u00e0 Ordem Franciscana e \u00e0 toda Igreja como presb\u00edtero&#8221;, disse.<\/p>\n<p>Frei Rodrigo, que esteve muito tranquilo durante toda a celebra\u00e7\u00e3o, n\u00e3o conseguiu conter a emo\u00e7\u00e3o e teve de interromper por tr\u00eas vezes as suas palavras de agradecimentos, especialmente quando falou de sua fam\u00edlia. &#8220;Agrade\u00e7o a meus pais porque no nosso lar pude entender que os la\u00e7os fortes que nos unem vem do amor que nos ofereceram. Agrade\u00e7o a Deus por ter dado for\u00e7a e sabedoria aos meus pais para que nos ensinassem os valores familiares, os quais eu e os meus irm\u00e3os trazemos at\u00e9 os dias de hoje&#8221;, confessou.<\/p>\n<p>Frei Rodrigo agradeceu \u00e0 Prov\u00edncia, seu amigo e confrade Dom Diamantino, os formadores, o Pe. Afonso, a OFS, e n\u00e3o poupou elogios ao povo da cidade, &#8220;de religiosidade e devo\u00e7\u00e3o marcantes&#8221;, acrescentou. Agradeceu a todos que o acompanharam durante os dez anos de forma\u00e7\u00e3o e ao povo onde esteve em pastoral. &#8220;Muito me ensinaram e como foi bom caminhar com voc\u00eas!&#8221;. E, no final, prometeu: &#8220;Aqui estou para servir. E, sem voc\u00eas, esse minist\u00e9rio assumido n\u00e3o tem sentido!&#8221;<\/p>\n<p>A Ministra Aparecida Maria Bruno da Silva falou em nome dos paroquianos e dos irm\u00e3os e irm\u00e3s da Fraternidade da OFS.<\/p>\n<div><\/div>\n","protected":false},"excerpt":{"rendered":"<p>Ordena\u00e7\u00e3o presbiteral<\/p>\n","protected":false},"author":1,"featured_media":204310,"comment_status":"closed","ping_status":"open","sticky":false,"template":"","format":"standard","meta":[],"categories":[1],"tags":[369,157],"acf":[],"yoast_head":"<!-- This site is optimized with the Yoast SEO plugin v19.2 - https:\/\/yoast.com\/wordpress\/plugins\/seo\/ -->\n<title>Frei Rodrigo: &quot;Sem voc\u00eas, esse minist\u00e9rio assumido n\u00e3o tem sentido&quot; - Not\u00edcias - Franciscanos<\/title>\n<meta name=\"robots\" content=\"index, follow, max-snippet:-1, max-image-preview:large, max-video-preview:-1\" \/>\n<link rel=\"canonical\" href=\"https:\/\/franciscanos.org.br\/noticias\/frei-rodrigo-aqui-estou-para-servir-sem-voces-esse-ministerio-assumido-nao-tem-sentido.html\" \/>\n<meta property=\"og:locale\" content=\"pt_BR\" \/>\n<meta property=\"og:type\" content=\"article\" \/>\n<meta property=\"og:title\" content=\"Frei Rodrigo: &quot;Sem voc\u00eas, esse minist\u00e9rio assumido n\u00e3o tem sentido&quot; - Not\u00edcias - Franciscanos\" \/>\n<meta property=\"og:description\" content=\"Ordena\u00e7\u00e3o presbiteral\" \/>\n<meta property=\"og:url\" content=\"https:\/\/franciscanos.org.br\/noticias\/frei-rodrigo-aqui-estou-para-servir-sem-voces-esse-ministerio-assumido-nao-tem-sentido.html\" \/>\n<meta property=\"og:site_name\" content=\"Not\u00edcias - Franciscanos\" \/>\n<meta property=\"article:published_time\" content=\"2013-04-20T22:44:17+00:00\" \/>\n<meta property=\"article:modified_time\" content=\"2023-01-09T13:56:33+00:00\" \/>\n<meta property=\"og:image\" content=\"https:\/\/franciscanos.org.br\/noticias\/wp-content\/uploads\/2013\/04\/rodrigo_alto-1.jpg\" \/>\n\t<meta property=\"og:image:width\" content=\"273\" \/>\n\t<meta property=\"og:image:height\" content=\"181\" \/>\n\t<meta property=\"og:image:type\" content=\"image\/jpeg\" \/>\n<meta name=\"author\" content=\"admin\" \/>\n<meta name=\"twitter:card\" content=\"summary_large_image\" \/>\n<meta name=\"twitter:label1\" content=\"Escrito por\" \/>\n\t<meta name=\"twitter:data1\" content=\"admin\" \/>\n\t<meta name=\"twitter:label2\" content=\"Est. tempo de leitura\" \/>\n\t<meta name=\"twitter:data2\" content=\"9 minutos\" \/>\n<script type=\"application\/ld+json\" class=\"yoast-schema-graph\">{\"@context\":\"https:\/\/schema.org\",\"@graph\":[{\"@type\":\"WebSite\",\"@id\":\"https:\/\/franciscanos.org.br\/noticias\/#website\",\"url\":\"https:\/\/franciscanos.org.br\/noticias\/\",\"name\":\"Not\u00edcias - Franciscanos\",\"description\":\"Prov\u00edncia Franciscana da Imaculada Concei\u00e7\u00e3o do Brasil - Ordem dos Frades Menores - OFM\",\"potentialAction\":[{\"@type\":\"SearchAction\",\"target\":{\"@type\":\"EntryPoint\",\"urlTemplate\":\"https:\/\/franciscanos.org.br\/noticias\/?s={search_term_string}\"},\"query-input\":\"required name=search_term_string\"}],\"inLanguage\":\"pt-BR\"},{\"@type\":\"ImageObject\",\"inLanguage\":\"pt-BR\",\"@id\":\"https:\/\/franciscanos.org.br\/noticias\/frei-rodrigo-aqui-estou-para-servir-sem-voces-esse-ministerio-assumido-nao-tem-sentido.html#primaryimage\",\"url\":\"https:\/\/franciscanos.org.br\/noticias\/wp-content\/uploads\/2013\/04\/rodrigo_alto-1.jpg\",\"contentUrl\":\"https:\/\/franciscanos.org.br\/noticias\/wp-content\/uploads\/2013\/04\/rodrigo_alto-1.jpg\",\"width\":273,\"height\":181},{\"@type\":\"WebPage\",\"@id\":\"https:\/\/franciscanos.org.br\/noticias\/frei-rodrigo-aqui-estou-para-servir-sem-voces-esse-ministerio-assumido-nao-tem-sentido.html#webpage\",\"url\":\"https:\/\/franciscanos.org.br\/noticias\/frei-rodrigo-aqui-estou-para-servir-sem-voces-esse-ministerio-assumido-nao-tem-sentido.html\",\"name\":\"Frei Rodrigo: \\\"Sem voc\u00eas, esse minist\u00e9rio assumido n\u00e3o tem sentido\\\" - Not\u00edcias - Franciscanos\",\"isPartOf\":{\"@id\":\"https:\/\/franciscanos.org.br\/noticias\/#website\"},\"primaryImageOfPage\":{\"@id\":\"https:\/\/franciscanos.org.br\/noticias\/frei-rodrigo-aqui-estou-para-servir-sem-voces-esse-ministerio-assumido-nao-tem-sentido.html#primaryimage\"},\"datePublished\":\"2013-04-20T22:44:17+00:00\",\"dateModified\":\"2023-01-09T13:56:33+00:00\",\"author\":{\"@id\":\"https:\/\/franciscanos.org.br\/noticias\/#\/schema\/person\/b38fbf43118f02820bd932f2e4b14ad3\"},\"breadcrumb\":{\"@id\":\"https:\/\/franciscanos.org.br\/noticias\/frei-rodrigo-aqui-estou-para-servir-sem-voces-esse-ministerio-assumido-nao-tem-sentido.html#breadcrumb\"},\"inLanguage\":\"pt-BR\",\"potentialAction\":[{\"@type\":\"ReadAction\",\"target\":[\"https:\/\/franciscanos.org.br\/noticias\/frei-rodrigo-aqui-estou-para-servir-sem-voces-esse-ministerio-assumido-nao-tem-sentido.html\"]}]},{\"@type\":\"BreadcrumbList\",\"@id\":\"https:\/\/franciscanos.org.br\/noticias\/frei-rodrigo-aqui-estou-para-servir-sem-voces-esse-ministerio-assumido-nao-tem-sentido.html#breadcrumb\",\"itemListElement\":[{\"@type\":\"ListItem\",\"position\":1,\"name\":\"Home\",\"item\":\"https:\/\/franciscanos.org.br\/noticias\"},{\"@type\":\"ListItem\",\"position\":2,\"name\":\"Frei Rodrigo: &#8220;Sem voc\u00eas, esse minist\u00e9rio assumido n\u00e3o tem sentido&#8221;\"}]},{\"@type\":\"Person\",\"@id\":\"https:\/\/franciscanos.org.br\/noticias\/#\/schema\/person\/b38fbf43118f02820bd932f2e4b14ad3\",\"name\":\"admin\",\"image\":{\"@type\":\"ImageObject\",\"inLanguage\":\"pt-BR\",\"@id\":\"https:\/\/franciscanos.org.br\/noticias\/#\/schema\/person\/image\/\",\"url\":\"https:\/\/secure.gravatar.com\/avatar\/e8495742d34d0ba6448ea1c628263b3e?s=96&d=mm&r=g\",\"contentUrl\":\"https:\/\/secure.gravatar.com\/avatar\/e8495742d34d0ba6448ea1c628263b3e?s=96&d=mm&r=g\",\"caption\":\"admin\"},\"url\":\"https:\/\/franciscanos.org.br\/noticias\/author\/admin\"}]}<\/script>\n<!-- \/ Yoast SEO plugin. -->","yoast_head_json":{"title":"Frei Rodrigo: \"Sem voc\u00eas, esse minist\u00e9rio assumido n\u00e3o tem sentido\" - Not\u00edcias - Franciscanos","robots":{"index":"index","follow":"follow","max-snippet":"max-snippet:-1","max-image-preview":"max-image-preview:large","max-video-preview":"max-video-preview:-1"},"canonical":"https:\/\/franciscanos.org.br\/noticias\/frei-rodrigo-aqui-estou-para-servir-sem-voces-esse-ministerio-assumido-nao-tem-sentido.html","og_locale":"pt_BR","og_type":"article","og_title":"Frei Rodrigo: \"Sem voc\u00eas, esse minist\u00e9rio assumido n\u00e3o tem sentido\" - Not\u00edcias - Franciscanos","og_description":"Ordena\u00e7\u00e3o presbiteral","og_url":"https:\/\/franciscanos.org.br\/noticias\/frei-rodrigo-aqui-estou-para-servir-sem-voces-esse-ministerio-assumido-nao-tem-sentido.html","og_site_name":"Not\u00edcias - Franciscanos","article_published_time":"2013-04-20T22:44:17+00:00","article_modified_time":"2023-01-09T13:56:33+00:00","og_image":[{"width":273,"height":181,"url":"https:\/\/franciscanos.org.br\/noticias\/wp-content\/uploads\/2013\/04\/rodrigo_alto-1.jpg","type":"image\/jpeg"}],"author":"admin","twitter_card":"summary_large_image","twitter_misc":{"Escrito por":"admin","Est. tempo de leitura":"9 minutos"},"schema":{"@context":"https:\/\/schema.org","@graph":[{"@type":"WebSite","@id":"https:\/\/franciscanos.org.br\/noticias\/#website","url":"https:\/\/franciscanos.org.br\/noticias\/","name":"Not\u00edcias - Franciscanos","description":"Prov\u00edncia Franciscana da Imaculada Concei\u00e7\u00e3o do Brasil - Ordem dos Frades Menores - OFM","potentialAction":[{"@type":"SearchAction","target":{"@type":"EntryPoint","urlTemplate":"https:\/\/franciscanos.org.br\/noticias\/?s={search_term_string}"},"query-input":"required name=search_term_string"}],"inLanguage":"pt-BR"},{"@type":"ImageObject","inLanguage":"pt-BR","@id":"https:\/\/franciscanos.org.br\/noticias\/frei-rodrigo-aqui-estou-para-servir-sem-voces-esse-ministerio-assumido-nao-tem-sentido.html#primaryimage","url":"https:\/\/franciscanos.org.br\/noticias\/wp-content\/uploads\/2013\/04\/rodrigo_alto-1.jpg","contentUrl":"https:\/\/franciscanos.org.br\/noticias\/wp-content\/uploads\/2013\/04\/rodrigo_alto-1.jpg","width":273,"height":181},{"@type":"WebPage","@id":"https:\/\/franciscanos.org.br\/noticias\/frei-rodrigo-aqui-estou-para-servir-sem-voces-esse-ministerio-assumido-nao-tem-sentido.html#webpage","url":"https:\/\/franciscanos.org.br\/noticias\/frei-rodrigo-aqui-estou-para-servir-sem-voces-esse-ministerio-assumido-nao-tem-sentido.html","name":"Frei Rodrigo: \"Sem voc\u00eas, esse minist\u00e9rio assumido n\u00e3o tem sentido\" - Not\u00edcias - Franciscanos","isPartOf":{"@id":"https:\/\/franciscanos.org.br\/noticias\/#website"},"primaryImageOfPage":{"@id":"https:\/\/franciscanos.org.br\/noticias\/frei-rodrigo-aqui-estou-para-servir-sem-voces-esse-ministerio-assumido-nao-tem-sentido.html#primaryimage"},"datePublished":"2013-04-20T22:44:17+00:00","dateModified":"2023-01-09T13:56:33+00:00","author":{"@id":"https:\/\/franciscanos.org.br\/noticias\/#\/schema\/person\/b38fbf43118f02820bd932f2e4b14ad3"},"breadcrumb":{"@id":"https:\/\/franciscanos.org.br\/noticias\/frei-rodrigo-aqui-estou-para-servir-sem-voces-esse-ministerio-assumido-nao-tem-sentido.html#breadcrumb"},"inLanguage":"pt-BR","potentialAction":[{"@type":"ReadAction","target":["https:\/\/franciscanos.org.br\/noticias\/frei-rodrigo-aqui-estou-para-servir-sem-voces-esse-ministerio-assumido-nao-tem-sentido.html"]}]},{"@type":"BreadcrumbList","@id":"https:\/\/franciscanos.org.br\/noticias\/frei-rodrigo-aqui-estou-para-servir-sem-voces-esse-ministerio-assumido-nao-tem-sentido.html#breadcrumb","itemListElement":[{"@type":"ListItem","position":1,"name":"Home","item":"https:\/\/franciscanos.org.br\/noticias"},{"@type":"ListItem","position":2,"name":"Frei Rodrigo: &#8220;Sem voc\u00eas, esse minist\u00e9rio assumido n\u00e3o tem sentido&#8221;"}]},{"@type":"Person","@id":"https:\/\/franciscanos.org.br\/noticias\/#\/schema\/person\/b38fbf43118f02820bd932f2e4b14ad3","name":"admin","image":{"@type":"ImageObject","inLanguage":"pt-BR","@id":"https:\/\/franciscanos.org.br\/noticias\/#\/schema\/person\/image\/","url":"https:\/\/secure.gravatar.com\/avatar\/e8495742d34d0ba6448ea1c628263b3e?s=96&d=mm&r=g","contentUrl":"https:\/\/secure.gravatar.com\/avatar\/e8495742d34d0ba6448ea1c628263b3e?s=96&d=mm&r=g","caption":"admin"},"url":"https:\/\/franciscanos.org.br\/noticias\/author\/admin"}]}},"_links":{"self":[{"href":"https:\/\/franciscanos.org.br\/noticias\/wp-json\/wp\/v2\/posts\/36263"}],"collection":[{"href":"https:\/\/franciscanos.org.br\/noticias\/wp-json\/wp\/v2\/posts"}],"about":[{"href":"https:\/\/franciscanos.org.br\/noticias\/wp-json\/wp\/v2\/types\/post"}],"author":[{"embeddable":true,"href":"https:\/\/franciscanos.org.br\/noticias\/wp-json\/wp\/v2\/users\/1"}],"replies":[{"embeddable":true,"href":"https:\/\/franciscanos.org.br\/noticias\/wp-json\/wp\/v2\/comments?post=36263"}],"version-history":[{"count":1,"href":"https:\/\/franciscanos.org.br\/noticias\/wp-json\/wp\/v2\/posts\/36263\/revisions"}],"predecessor-version":[{"id":241599,"href":"https:\/\/franciscanos.org.br\/noticias\/wp-json\/wp\/v2\/posts\/36263\/revisions\/241599"}],"wp:featuredmedia":[{"embeddable":true,"href":"https:\/\/franciscanos.org.br\/noticias\/wp-json\/wp\/v2\/media\/204310"}],"wp:attachment":[{"href":"https:\/\/franciscanos.org.br\/noticias\/wp-json\/wp\/v2\/media?parent=36263"}],"wp:term":[{"taxonomy":"category","embeddable":true,"href":"https:\/\/franciscanos.org.br\/noticias\/wp-json\/wp\/v2\/categories?post=36263"},{"taxonomy":"post_tag","embeddable":true,"href":"https:\/\/franciscanos.org.br\/noticias\/wp-json\/wp\/v2\/tags?post=36263"}],"curies":[{"name":"wp","href":"https:\/\/api.w.org\/{rel}","templated":true}]}}