{"id":36245,"date":"2013-04-19T07:54:22","date_gmt":"2013-04-19T10:54:22","guid":{"rendered":"http:\/\/new.franciscanos.org.br\/?p=36245"},"modified":"2020-01-28T10:58:05","modified_gmt":"2020-01-28T13:58:05","slug":"a-vocacao-religiosa-e-tema-no-2o-dia-do-triduo-preparatorio","status":"publish","type":"post","link":"https:\/\/franciscanos.org.br\/noticias\/a-vocacao-religiosa-e-tema-no-2o-dia-do-triduo-preparatorio.html","title":{"rendered":"A voca\u00e7\u00e3o religiosa \u00e9 tema no 2\u00ba dia do Tr\u00edduo preparat\u00f3rio"},"content":{"rendered":"<p><img loading=\"lazy\" class=\"alignleft size-full wp-image-216659\" src=\"https:\/\/franciscanos.org.br\/noticias\/wp-content\/uploads\/2013\/04\/alto-1.jpg\" alt=\"\" width=\"273\" height=\"181\" srcset=\"https:\/\/franciscanos.org.br\/noticias\/wp-content\/uploads\/2013\/04\/alto-1.jpg 273w, https:\/\/franciscanos.org.br\/noticias\/wp-content\/uploads\/2013\/04\/alto-1-150x99.jpg 150w\" sizes=\"(max-width: 273px) 100vw, 273px\" \/><\/p>\n<p><strong>Por Juliano Fernandes de Castro, especial para este<\/strong><\/p>\n<p><strong>S\u00e3o Louren\u00e7o (MG) &#8211;<\/strong> No segundo dia do Tr\u00edduo (18\/04)\u00a0em prepara\u00e7\u00e3o para a ordena\u00e7\u00e3o de Frei Rodrigo da Silva Santos, al\u00e9m da continua\u00e7\u00e3o das visitas \u00e0s escolas e enfermos, os frades tiveram a oportunidade de levar\u00a0 palavras de paz e esperan\u00e7a aos reeducandos do sistema prisional da cidade.\u00a0Esse foi um encontro de destaque nesse dia, pois \u00e9 preciso ouvir a voz dos mais necessitados.<\/p>\n<p>\u00c0 noite, no Tr\u00edduo, a prociss\u00e3o de entrada foi marcada pelos frades, a Ordem Franciscana Secular e pelas Irm\u00e3s Franciscanas do Imaculado Cora\u00e7\u00e3o de Maria. Era clara a presen\u00e7a de grande n\u00famero de fi\u00e9is, entre eles os ex-seminaristas Paulo S\u00e9rgio Florentino, Mois\u00e9s Moreira e Juliano Fernandes de Castro, que deram, atrav\u00e9s da presen\u00e7a, testemunho de amizade e unidade aos frades.<\/p>\n<p>O presidente da celebra\u00e7\u00e3o, Frei Paulo C\u00e9sar Ferreira, abordando o tema sobre a voca\u00e7\u00e3o religiosa, disse que\u00a0aquele\u00a0que ouve o Pai torna-se disc\u00edpulo d&#8217;Ele. Sendo assim, a vida religiosa \u00e9 a maneira de resposta ao batismo e \u00e0 Palavra do Senhor. Ela acontece atrav\u00e9s da doa\u00e7\u00e3o\u00a0 total ao absoluto de Deus. Somos tirados do meio do povo\u00a0para servir como francisco de Assis.<\/p>\n<p>Foi dito a Frei Rodrigo para que anuncie o Evangelho em fraternidade e que essa o receba como irm\u00e3o. Jesus e servo e devemos fazer o mesmo: servir ao pr\u00f3ximo. Que n\u00e3o se esquecesse do significado dos votos. Ser religioso \u00e9 motivo para ser feliz!<\/p>\n<p>Ap\u00f3s o testemunho de sua voca\u00e7\u00e3o religiosa, passando pelo Semin\u00e1rio Diocesano e, depois, pelo franciscano, Frei Paulo encerrou dizendo que o povo quer\u00a0v\u00ea-los como homens de Deus e, sendo assim, agradeceu Frei Rodrigo ao seu chamado para a vida religiosa, o qual, em seguida, fez a declara\u00e7\u00e3o da viv\u00eancia dos seus votos, j\u00e1 abra\u00e7ados na sua profiss\u00e3o religiosa.<\/p>\n","protected":false},"excerpt":{"rendered":"<p>Ordena\u00e7\u00e3o presbiteral<\/p>\n","protected":false},"author":1,"featured_media":216659,"comment_status":"closed","ping_status":"open","sticky":false,"template":"","format":"standard","meta":[],"categories":[1],"tags":[157],"acf":[],"yoast_head":"<!-- This site is optimized with the Yoast SEO plugin v19.2 - https:\/\/yoast.com\/wordpress\/plugins\/seo\/ -->\n<title>A voca\u00e7\u00e3o religiosa \u00e9 tema no 2\u00ba dia do Tr\u00edduo preparat\u00f3rio - Not\u00edcias - Franciscanos<\/title>\n<meta name=\"robots\" content=\"index, follow, max-snippet:-1, max-image-preview:large, max-video-preview:-1\" \/>\n<link rel=\"canonical\" href=\"https:\/\/franciscanos.org.br\/noticias\/a-vocacao-religiosa-e-tema-no-2o-dia-do-triduo-preparatorio.html\" \/>\n<meta property=\"og:locale\" content=\"pt_BR\" \/>\n<meta property=\"og:type\" content=\"article\" \/>\n<meta property=\"og:title\" content=\"A voca\u00e7\u00e3o religiosa \u00e9 tema no 2\u00ba dia do Tr\u00edduo preparat\u00f3rio - Not\u00edcias - Franciscanos\" \/>\n<meta property=\"og:description\" content=\"Ordena\u00e7\u00e3o presbiteral\" \/>\n<meta property=\"og:url\" content=\"https:\/\/franciscanos.org.br\/noticias\/a-vocacao-religiosa-e-tema-no-2o-dia-do-triduo-preparatorio.html\" \/>\n<meta property=\"og:site_name\" content=\"Not\u00edcias - Franciscanos\" \/>\n<meta property=\"article:published_time\" content=\"2013-04-19T10:54:22+00:00\" \/>\n<meta property=\"article:modified_time\" content=\"2020-01-28T13:58:05+00:00\" \/>\n<meta property=\"og:image\" content=\"https:\/\/franciscanos.org.br\/noticias\/wp-content\/uploads\/2013\/04\/alto-1.jpg\" \/>\n\t<meta property=\"og:image:width\" content=\"273\" \/>\n\t<meta property=\"og:image:height\" content=\"181\" \/>\n\t<meta property=\"og:image:type\" content=\"image\/jpeg\" \/>\n<meta name=\"author\" content=\"admin\" \/>\n<meta name=\"twitter:card\" content=\"summary_large_image\" \/>\n<meta name=\"twitter:label1\" content=\"Escrito por\" \/>\n\t<meta name=\"twitter:data1\" content=\"admin\" \/>\n\t<meta name=\"twitter:label2\" content=\"Est. tempo de leitura\" \/>\n\t<meta name=\"twitter:data2\" content=\"2 minutos\" \/>\n<script type=\"application\/ld+json\" class=\"yoast-schema-graph\">{\"@context\":\"https:\/\/schema.org\",\"@graph\":[{\"@type\":\"WebSite\",\"@id\":\"https:\/\/franciscanos.org.br\/noticias\/#website\",\"url\":\"https:\/\/franciscanos.org.br\/noticias\/\",\"name\":\"Not\u00edcias - Franciscanos\",\"description\":\"Prov\u00edncia Franciscana da Imaculada Concei\u00e7\u00e3o do Brasil - Ordem dos Frades Menores - OFM\",\"potentialAction\":[{\"@type\":\"SearchAction\",\"target\":{\"@type\":\"EntryPoint\",\"urlTemplate\":\"https:\/\/franciscanos.org.br\/noticias\/?s={search_term_string}\"},\"query-input\":\"required name=search_term_string\"}],\"inLanguage\":\"pt-BR\"},{\"@type\":\"ImageObject\",\"inLanguage\":\"pt-BR\",\"@id\":\"https:\/\/franciscanos.org.br\/noticias\/a-vocacao-religiosa-e-tema-no-2o-dia-do-triduo-preparatorio.html#primaryimage\",\"url\":\"https:\/\/franciscanos.org.br\/noticias\/wp-content\/uploads\/2013\/04\/alto-1.jpg\",\"contentUrl\":\"https:\/\/franciscanos.org.br\/noticias\/wp-content\/uploads\/2013\/04\/alto-1.jpg\",\"width\":273,\"height\":181},{\"@type\":\"WebPage\",\"@id\":\"https:\/\/franciscanos.org.br\/noticias\/a-vocacao-religiosa-e-tema-no-2o-dia-do-triduo-preparatorio.html#webpage\",\"url\":\"https:\/\/franciscanos.org.br\/noticias\/a-vocacao-religiosa-e-tema-no-2o-dia-do-triduo-preparatorio.html\",\"name\":\"A voca\u00e7\u00e3o religiosa \u00e9 tema no 2\u00ba dia do Tr\u00edduo preparat\u00f3rio - Not\u00edcias - Franciscanos\",\"isPartOf\":{\"@id\":\"https:\/\/franciscanos.org.br\/noticias\/#website\"},\"primaryImageOfPage\":{\"@id\":\"https:\/\/franciscanos.org.br\/noticias\/a-vocacao-religiosa-e-tema-no-2o-dia-do-triduo-preparatorio.html#primaryimage\"},\"datePublished\":\"2013-04-19T10:54:22+00:00\",\"dateModified\":\"2020-01-28T13:58:05+00:00\",\"author\":{\"@id\":\"https:\/\/franciscanos.org.br\/noticias\/#\/schema\/person\/b38fbf43118f02820bd932f2e4b14ad3\"},\"breadcrumb\":{\"@id\":\"https:\/\/franciscanos.org.br\/noticias\/a-vocacao-religiosa-e-tema-no-2o-dia-do-triduo-preparatorio.html#breadcrumb\"},\"inLanguage\":\"pt-BR\",\"potentialAction\":[{\"@type\":\"ReadAction\",\"target\":[\"https:\/\/franciscanos.org.br\/noticias\/a-vocacao-religiosa-e-tema-no-2o-dia-do-triduo-preparatorio.html\"]}]},{\"@type\":\"BreadcrumbList\",\"@id\":\"https:\/\/franciscanos.org.br\/noticias\/a-vocacao-religiosa-e-tema-no-2o-dia-do-triduo-preparatorio.html#breadcrumb\",\"itemListElement\":[{\"@type\":\"ListItem\",\"position\":1,\"name\":\"Home\",\"item\":\"https:\/\/franciscanos.org.br\/noticias\"},{\"@type\":\"ListItem\",\"position\":2,\"name\":\"A voca\u00e7\u00e3o religiosa \u00e9 tema no 2\u00ba dia do Tr\u00edduo preparat\u00f3rio\"}]},{\"@type\":\"Person\",\"@id\":\"https:\/\/franciscanos.org.br\/noticias\/#\/schema\/person\/b38fbf43118f02820bd932f2e4b14ad3\",\"name\":\"admin\",\"image\":{\"@type\":\"ImageObject\",\"inLanguage\":\"pt-BR\",\"@id\":\"https:\/\/franciscanos.org.br\/noticias\/#\/schema\/person\/image\/\",\"url\":\"https:\/\/secure.gravatar.com\/avatar\/e8495742d34d0ba6448ea1c628263b3e?s=96&d=mm&r=g\",\"contentUrl\":\"https:\/\/secure.gravatar.com\/avatar\/e8495742d34d0ba6448ea1c628263b3e?s=96&d=mm&r=g\",\"caption\":\"admin\"},\"url\":\"https:\/\/franciscanos.org.br\/noticias\/author\/admin\"}]}<\/script>\n<!-- \/ Yoast SEO plugin. -->","yoast_head_json":{"title":"A voca\u00e7\u00e3o religiosa \u00e9 tema no 2\u00ba dia do Tr\u00edduo preparat\u00f3rio - Not\u00edcias - Franciscanos","robots":{"index":"index","follow":"follow","max-snippet":"max-snippet:-1","max-image-preview":"max-image-preview:large","max-video-preview":"max-video-preview:-1"},"canonical":"https:\/\/franciscanos.org.br\/noticias\/a-vocacao-religiosa-e-tema-no-2o-dia-do-triduo-preparatorio.html","og_locale":"pt_BR","og_type":"article","og_title":"A voca\u00e7\u00e3o religiosa \u00e9 tema no 2\u00ba dia do Tr\u00edduo preparat\u00f3rio - Not\u00edcias - Franciscanos","og_description":"Ordena\u00e7\u00e3o presbiteral","og_url":"https:\/\/franciscanos.org.br\/noticias\/a-vocacao-religiosa-e-tema-no-2o-dia-do-triduo-preparatorio.html","og_site_name":"Not\u00edcias - Franciscanos","article_published_time":"2013-04-19T10:54:22+00:00","article_modified_time":"2020-01-28T13:58:05+00:00","og_image":[{"width":273,"height":181,"url":"https:\/\/franciscanos.org.br\/noticias\/wp-content\/uploads\/2013\/04\/alto-1.jpg","type":"image\/jpeg"}],"author":"admin","twitter_card":"summary_large_image","twitter_misc":{"Escrito por":"admin","Est. tempo de leitura":"2 minutos"},"schema":{"@context":"https:\/\/schema.org","@graph":[{"@type":"WebSite","@id":"https:\/\/franciscanos.org.br\/noticias\/#website","url":"https:\/\/franciscanos.org.br\/noticias\/","name":"Not\u00edcias - Franciscanos","description":"Prov\u00edncia Franciscana da Imaculada Concei\u00e7\u00e3o do Brasil - Ordem dos Frades Menores - OFM","potentialAction":[{"@type":"SearchAction","target":{"@type":"EntryPoint","urlTemplate":"https:\/\/franciscanos.org.br\/noticias\/?s={search_term_string}"},"query-input":"required name=search_term_string"}],"inLanguage":"pt-BR"},{"@type":"ImageObject","inLanguage":"pt-BR","@id":"https:\/\/franciscanos.org.br\/noticias\/a-vocacao-religiosa-e-tema-no-2o-dia-do-triduo-preparatorio.html#primaryimage","url":"https:\/\/franciscanos.org.br\/noticias\/wp-content\/uploads\/2013\/04\/alto-1.jpg","contentUrl":"https:\/\/franciscanos.org.br\/noticias\/wp-content\/uploads\/2013\/04\/alto-1.jpg","width":273,"height":181},{"@type":"WebPage","@id":"https:\/\/franciscanos.org.br\/noticias\/a-vocacao-religiosa-e-tema-no-2o-dia-do-triduo-preparatorio.html#webpage","url":"https:\/\/franciscanos.org.br\/noticias\/a-vocacao-religiosa-e-tema-no-2o-dia-do-triduo-preparatorio.html","name":"A voca\u00e7\u00e3o religiosa \u00e9 tema no 2\u00ba dia do Tr\u00edduo preparat\u00f3rio - Not\u00edcias - Franciscanos","isPartOf":{"@id":"https:\/\/franciscanos.org.br\/noticias\/#website"},"primaryImageOfPage":{"@id":"https:\/\/franciscanos.org.br\/noticias\/a-vocacao-religiosa-e-tema-no-2o-dia-do-triduo-preparatorio.html#primaryimage"},"datePublished":"2013-04-19T10:54:22+00:00","dateModified":"2020-01-28T13:58:05+00:00","author":{"@id":"https:\/\/franciscanos.org.br\/noticias\/#\/schema\/person\/b38fbf43118f02820bd932f2e4b14ad3"},"breadcrumb":{"@id":"https:\/\/franciscanos.org.br\/noticias\/a-vocacao-religiosa-e-tema-no-2o-dia-do-triduo-preparatorio.html#breadcrumb"},"inLanguage":"pt-BR","potentialAction":[{"@type":"ReadAction","target":["https:\/\/franciscanos.org.br\/noticias\/a-vocacao-religiosa-e-tema-no-2o-dia-do-triduo-preparatorio.html"]}]},{"@type":"BreadcrumbList","@id":"https:\/\/franciscanos.org.br\/noticias\/a-vocacao-religiosa-e-tema-no-2o-dia-do-triduo-preparatorio.html#breadcrumb","itemListElement":[{"@type":"ListItem","position":1,"name":"Home","item":"https:\/\/franciscanos.org.br\/noticias"},{"@type":"ListItem","position":2,"name":"A voca\u00e7\u00e3o religiosa \u00e9 tema no 2\u00ba dia do Tr\u00edduo preparat\u00f3rio"}]},{"@type":"Person","@id":"https:\/\/franciscanos.org.br\/noticias\/#\/schema\/person\/b38fbf43118f02820bd932f2e4b14ad3","name":"admin","image":{"@type":"ImageObject","inLanguage":"pt-BR","@id":"https:\/\/franciscanos.org.br\/noticias\/#\/schema\/person\/image\/","url":"https:\/\/secure.gravatar.com\/avatar\/e8495742d34d0ba6448ea1c628263b3e?s=96&d=mm&r=g","contentUrl":"https:\/\/secure.gravatar.com\/avatar\/e8495742d34d0ba6448ea1c628263b3e?s=96&d=mm&r=g","caption":"admin"},"url":"https:\/\/franciscanos.org.br\/noticias\/author\/admin"}]}},"_links":{"self":[{"href":"https:\/\/franciscanos.org.br\/noticias\/wp-json\/wp\/v2\/posts\/36245"}],"collection":[{"href":"https:\/\/franciscanos.org.br\/noticias\/wp-json\/wp\/v2\/posts"}],"about":[{"href":"https:\/\/franciscanos.org.br\/noticias\/wp-json\/wp\/v2\/types\/post"}],"author":[{"embeddable":true,"href":"https:\/\/franciscanos.org.br\/noticias\/wp-json\/wp\/v2\/users\/1"}],"replies":[{"embeddable":true,"href":"https:\/\/franciscanos.org.br\/noticias\/wp-json\/wp\/v2\/comments?post=36245"}],"version-history":[{"count":0,"href":"https:\/\/franciscanos.org.br\/noticias\/wp-json\/wp\/v2\/posts\/36245\/revisions"}],"wp:featuredmedia":[{"embeddable":true,"href":"https:\/\/franciscanos.org.br\/noticias\/wp-json\/wp\/v2\/media\/216659"}],"wp:attachment":[{"href":"https:\/\/franciscanos.org.br\/noticias\/wp-json\/wp\/v2\/media?parent=36245"}],"wp:term":[{"taxonomy":"category","embeddable":true,"href":"https:\/\/franciscanos.org.br\/noticias\/wp-json\/wp\/v2\/categories?post=36245"},{"taxonomy":"post_tag","embeddable":true,"href":"https:\/\/franciscanos.org.br\/noticias\/wp-json\/wp\/v2\/tags?post=36245"}],"curies":[{"name":"wp","href":"https:\/\/api.w.org\/{rel}","templated":true}]}}