{"id":36176,"date":"2013-04-18T07:36:20","date_gmt":"2013-04-18T10:36:20","guid":{"rendered":"http:\/\/new.franciscanos.org.br\/?p=36176"},"modified":"2020-06-11T17:11:16","modified_gmt":"2020-06-11T20:11:16","slug":"um-mes-com-o-papa-francisco","status":"publish","type":"post","link":"https:\/\/franciscanos.org.br\/noticias\/um-mes-com-o-papa-francisco.html","title":{"rendered":"Um m\u00eas com o Papa Francisco"},"content":{"rendered":"<p><img loading=\"lazy\" title=\"Papa Francisco\" src=\"http:\/\/franciscanos.org.br\/wp-content\/uploads\/2013\/04\/pope_francis.jpg\" alt=\"\" width=\"830\" height=\"439\" \/><br \/>\nPassou um m\u00eas desde a elei\u00e7\u00e3o para a C\u00e1tedra de Pedro do Cardeal Jorge M\u00e1rio Bergoglio. Desde os primeiros momentos do seu pontificado, o Papa Francisco conquistou fi\u00e9is e n\u00e3o-fi\u00e9is com a sua simplicidade, a sua ternura, a sua espontaneidade. Algumas das suas palavras, bem como alguns dos seus gestos, j\u00e1 fazem parte da mem\u00f3ria coletiva.<\/p>\n<p>Abaixo, a cr\u00f4nica Alessandro Gisotti (intitulada \u201cA for\u00e7a da ternura\u201d), publicada no site R\u00e1dio Vaticano.<\/p>\n<p><em>Um m\u00eas apenas com o Papa Francisco e, no entanto, parece que esteve sempre conosco. Aquele &#8220;boa noite&#8221; dirigido aos fi\u00e9is poucos minutos depois da elei\u00e7\u00e3o e que tanto tinha espantado pela sua surpreendente simplicidade tem agora o sabor da familiaridade para todos, e n\u00e3o apenas para os fi\u00e9is de Buenos Aires, que ao longo dos anos aprenderam a conhecer e a amar o estilo simples, humilde &#8211; numa palavra, evang\u00e9lico &#8211; do seu pastor. Bispo e povo, precisamente. Um bin\u00f4mio que Francisco quis imediatamente sublinhar ao aparecer na Varanda central da Bas\u00edlica do Vaticano, na noite de 13 de Mar\u00e7o. Povo ao qual o novo bispo de Roma, de forma in\u00e9dita, pediu para rezar, inclinando-se para receber tamb\u00e9m ele, antes de mais, a b\u00ean\u00e7\u00e3o de Deus invocada pelos fi\u00e9is.<\/em><\/p>\n<p><em> &#8220;E agora, gostaria de dar a b\u00ean\u00e7\u00e3o, mas antes\u2026 antes pe\u00e7o-vos um favor: antes de o bispo aben\u00e7oar o povo, pe\u00e7o-vos que rezeis ao Senhor para que Ele me aben\u00e7oe: a ora\u00e7\u00e3o do povo que pede a b\u00ean\u00e7\u00e3o para o seu bispo. Fa\u00e7amos em sil\u00eancio esta ora\u00e7\u00e3o de v\u00f3s sobre mim&#8221;. (13 de Mar\u00e7o 2013)<\/em><\/p>\n<p><em> No dia ap\u00f3s a elei\u00e7\u00e3o, como tinha anunciado aos fi\u00e9is, o Papa Francisco foi logo de manh\u00e3 \u00e0 Bas\u00edlica de Santa Maria Maior, para prestar homenagem \u00e0 Virgem. O novo Bispo de Roma levou flores \u00e0 Virgem Maria. Um gesto que evoca firmemente a dimens\u00e3o mariana de Jorge M\u00e1rio Bergoglio. Nesse mesmo dia, de tarde, a primeira missa celebrada como Papa, na Capela Sistina, juntamente com aqueles que ele chama &#8220;irm\u00e3os cardeais&#8221;. Papa Francisco centra a homilia sobre tr\u00eas palavras, tr\u00eas verbos: caminhar, edificar, confessar. No centro destas a\u00e7\u00f5es que caracterizam a vida de disc\u00edpulos de Cristo, \u00e9 a sua advert\u00eancia, h\u00e1 de estar sempre a Cruz:<\/em><\/p>\n<p><em> &#8220;Quando caminhamos sem a Cruz, quando edificamos sem a Cruz e quando confessamos um Cristo sem Cruz, n\u00e3o somos disc\u00edpulos do Senhor: somos mundanos, somos bispos, padres, cardeais, papas, mas n\u00e3o disc\u00edpulos do Senhor&#8221;. (Missa Pro Ecclesia, 14 de Mar\u00e7o)<\/em><\/p>\n<p><em> De novo, aos cardeais, recebidos em audi\u00eancia no dia seguinte, 15 de Mar\u00e7o, o Papa exorta com for\u00e7a a n\u00e3o ceder &#8220;ao pessimismo&#8221;, \u00e0 amargura que o &#8220;diabo nos oferece todos os dias&#8221;. N\u00e3o devemos ceder ao pessimismo, observa ele, porque &#8220;o Esp\u00edrito Santo d\u00e1 \u00e0 Igreja, com o seu sopro poderoso, a coragem de perseverar e de procurar tamb\u00e9m novos m\u00e9todos de evangeliza\u00e7\u00e3o&#8221;. Nos pr\u00f3ximos dias de pontificado, parece a todos natural pensar que o nome escolhido pelo Papa est\u00e1 ligado a S\u00e3o Francisco de Assis. Um pensamento que ele mesmo confirma no encontro com os jornalistas de todo o mundo na Sala Paulo VI. O Santo Padre confia algumas emo\u00e7\u00f5es vividas no Conclave e em particular recorda o convite do Cardeal brasileiro Cardeal Hummes a n\u00e3o esquecer os pobres: \u201cN\u00e3o te esque\u00e7as dos pobres!&#8217;. E aquela palavra entrou aqui: os pobres, os pobres. Depois, imediatamente em rela\u00e7\u00e3o aos pobres, pensei em Francisco de Assis.. E\u2019 o homem que nos d\u00e1 este esp\u00edrito de paz, o homem pobre &#8230; Ah, como gostaria de uma Igreja pobre e para os pobres&#8221;. (Audi\u00eancia aos Jornalistas, 16 de Mar\u00e7o)<\/em><\/p>\n<p><em> O primeiro domingo como Papa \u00e9 vivido por Francisco como um &#8220;dia normal&#8221;. E\u2019 um sacerdote, um bispo e, portanto, celebra Missa na par\u00f3quia de Sant\u2019Ana, no Vaticano. \u00c0 sa\u00edda, entre alegria e espanto, sa\u00fada um a um os participantes da assembleia e mesmo os muitos fi\u00e9is concentrados fora da porta. \u00c9 o primeiro banho de multid\u00e3o para o papa Francisco, um pastor que n\u00e3o quer subtrair-se ao abra\u00e7o dos seus fi\u00e9is. E que entra na l\u00f3gica da Miseric\u00f3rdia, no DNA de Jorge M\u00e1rio Bergoglio, como se pode perceber tamb\u00e9m pelo seu lema episcopal, Miserando atque elegendo.. N\u00e3o \u00e9 de estranhar, portanto, que no primeiro Angelus perante uma Pra\u00e7a de S\u00e3o Pedro superlotada, ele fale exatamente do amor de Deus que nunca se cansa de perdoar: &#8220;Ele, nunca se cansa de perdoar, mas n\u00f3s, por vezes, cansamo-nos de pedir perd\u00e3o. Nunca nos cansemos, nunca nos cansemos! Ele \u00e9 o Pai amoroso que perdoa sempre, que tem um cora\u00e7\u00e3o de miseric\u00f3rdia para todos n\u00f3s. E tamb\u00e9m n\u00f3s aprendamos a ser misericordiosos para com todos&#8221;. (Angelus, 17 de mar\u00e7o)<\/em><\/p>\n<p><em> Passam dois dias e a Pra\u00e7a de S\u00e3o Pedro enche-se novamente, desta vez, n\u00e3o apenas de simples fi\u00e9is mas tamb\u00e9m de chefes de Estado e l\u00edderes religiosos, entre os quais o Patriarca Ecum\u00eanico Bartolomeu I. \u00c9 19 de mar\u00e7o, festa de S\u00e3o Jos\u00e9, Padroeiro da Igreja universal, e o Papa Francisco celebra missa para o in\u00edcio do seu minist\u00e9rio petrino. O Papa percorre v\u00e1rias vezes a Pra\u00e7a a bordo de um jeep descoberto, parando aqui e al\u00e9m para saudar os fi\u00e9is, para beijar as crian\u00e7as. Vai ao encontro dos doentes, dos que sofrem, das pessoas com defici\u00eancia: aben\u00e7oa, abra\u00e7a. O abra\u00e7o amoroso de um pai aos filhos que mais necessitam. A escutar o 266\u00b0 (ducent\u00e9simo sexag\u00e9simo sexto) Pont\u00edfice est\u00e3o, portanto, os poderosos da Terra, mas Francisco quis perto de si tamb\u00e9m os \u00faltimos, como um representante dos \u201ccartoneros\u201d de Buenos Aires. Da homilia, centrada no tema do &#8220;guardar&#8221;, o pr\u00f3ximo e a cria\u00e7\u00e3o, permanecer\u00e1 na mem\u00f3ria a passagem do poder como servi\u00e7o: &#8220;Nunca nos esque\u00e7amos que o verdadeiro poder \u00e9 o servi\u00e7o e que tamb\u00e9m o Papa para exercer o poder deve entrar cada vez mais naquele servi\u00e7o que tem seu v\u00e9rtice luminoso na Cruz&#8221;. (Missa para o In\u00edcio do pontificado, 19 de Mar\u00e7o)<\/em><\/p>\n<p><em> E um dos servi\u00e7os que o Papa pode fazer \u00e0 humanidade \u00e9 ser construtor de pontes, pont\u00edfice precisamente, e promotor da paz. S\u00e3o Francisco \u00e9 o homem do di\u00e1logo e o Papa que foi o primeiro a adotar este nome, quer situar-se na esteira do Pobrezinho de Assis, como dir\u00e1 aos embaixadores de todo o mundo, na audi\u00eancia ao Corpo diplom\u00e1tico acreditado junto da Santa S\u00e9 : &#8220;Desejo mesmo que o di\u00e1logo entre n\u00f3s ajude a construir pontes entre todos os homens, para que cada um possa encontrar no outro n\u00e3o um inimigo, n\u00e3o um concorrente, mas um irm\u00e3o a acolher e a abra\u00e7ar&#8221;. (Audi\u00eancia ao Corpo Diplom\u00e1tico, 22 de Mar\u00e7o)<\/em><\/p>\n<p><em> No dia seguinte, um evento que entra nos livros de hist\u00f3ria: Francisco desloca-se a Castelgandolfo para se encontrar com Bento XVI. Pela primeira vez um Papa abra\u00e7a um Papa em\u00e9rito. E\u2019 o abra\u00e7o entre dois &#8220;irm\u00e3os&#8221;, como Francisco sublinha num momento de grande emo\u00e7\u00e3o. Significativamente, este evento \u00fanico ocorre na v\u00e9spera da primeira Semana Santa celebrada pelo novo bispo de Roma. No dia 24 de Mar\u00e7o, Domingo de Ramos, um sol t\u00e9pido ilumina os mais de 200 mil fi\u00e9is reunidos na Pra\u00e7a de S\u00e3o Pedro para a Missa. Muit\u00edssimos os jovens presentes. Tamb\u00e9m a eles, o Santo Padre dirige palavras de encorajamento: &#8220;E por favor, n\u00e3o deixeis que vos roubem a esperan\u00e7a! N\u00e3o deixeis que roubem a esperan\u00e7a! Aquela que nos d\u00e1 Jesus&#8221;. (Domingo de Ramos, 24 de Mar\u00e7o)<\/em><\/p>\n<p><em> Na Quinta-feira Santa o Papa reitere pessoalmente esta exorta\u00e7\u00e3o aos jovens internados da pris\u00e3o romana de Casal del Marmo. O Papa Francisco lava os p\u00e9s a 12 deles, incluindo duas jovens. A estes jovens, leva &#8220;a car\u00edcia de Jesus,&#8221; a miseric\u00f3rdia de Deus que nunca se cansa de perdoar. Antes desta Missa in Coena Domini, celebrada na Pris\u00e3o de Menores, de manh\u00e3 o bispo de Roma tinha celebrado a Missa Crismal com os sacerdotes da sua diocese. Na homilia, o convite aos sacerdotes (romanos, e n\u00e3o s\u00f3), para sa\u00edrem de si pr\u00f3prios e irem para as periferias, f\u00edsicas e existenciais, onde o povo mais sofre. Um pastor, adverte, n\u00e3o pode n\u00e3o conhecer as suas ovelhas: &#8220;Isto eu vos pe\u00e7o: sede pastores com o odor das ovelhas, pastores no meio do pr\u00f3prio rebanho, e pescadores de homens&#8221;. (Missa Crismal, 28 de Mar\u00e7o)<\/em><\/p>\n<p><em> E um pastor, na verdade qualquer crist\u00e3o \u2013 recorda o Papa na sua primeira Via Sacra no Coliseu &#8211; deve saber que a &#8220;Cruz de Jesus \u00e9 a Palavra com a qual Deus respondeu ao mal do mundo&#8221;. Eis donde nasce a esperan\u00e7a do crist\u00e3o, proclama com for\u00e7a no Domingo de P\u00e1scoa: do amor de Jesus que venceu a morte. Passaram menos de tr\u00eas semanas depois da elei\u00e7\u00e3o e o Papa Francisco volta a aparecer na Varanda central da Bas\u00edlica Vaticana. &#8220;Cristo ressuscitou&#8221;, anuncia com face cheia de alegria. E na mensagem pascal, incentiva a todos, \u201cem Roma e no mundo&#8221;, a deixarem-se transformar por Jesus: \u201cDeixemo-nos renovar pela miseric\u00f3rdia de Deus, deixemo-nos amar por Jesus, deixemos que o poder do seu amor transforme tamb\u00e9m a nossa vida; e tornemo-nos instrumentos desta miseric\u00f3rdia, canais atrav\u00e9s dos quais Deus pode irrigar a terra, guardar a cria\u00e7\u00e3o e fazer florescer a justi\u00e7a e a paz&#8221;. (B\u00ean\u00e7\u00e3o Urbi et orbi, 31 de mar\u00e7o)<\/em><br \/>\n<em> Antes da B\u00ean\u00e7\u00e3o Urbi et Orbi, o Papa Francisco tinha dado diversas voltas \u00e0 Pra\u00e7a de S\u00e3o Pedro a bordo do jeep para saudar a maior n\u00famero poss\u00edvel de fi\u00e9is. Muitas as crian\u00e7as que o Santo Padre beija e aben\u00e7oa, como vai acontecer em cada uma das audi\u00eancias gerais. Comovente o abra\u00e7o prolongado que reserva a um jovem deficiente. Imagem que \u00e9 j\u00e1 um s\u00edmbolo do pontificado.\u00a0<\/em><\/p>\n<p><em> Entre os gestos que chocam, nestas primeiras semanas, est\u00e1 tamb\u00e9m a decis\u00e3o do Papa de ficar a residir na Casa Santa Marta. Todas as manh\u00e3s, o Santo Padre celebra Missa na Capela. As homilias s\u00e3o sintetizadas pela nossa emissora, e assim os fi\u00e9is de todo o mundo podem ter o coment\u00e1rio do Papa ao Evangelho do dia. Ecumenismo, empenho pelos pobres, impulso para a nova evangeliza\u00e7\u00e3o: est\u00e3o entre os temas que o novo Papa coloca no centro do seu minist\u00e9rio, j\u00e1 no primeiro m\u00eas. Entre estes, destaca-se tamb\u00e9m a import\u00e2ncia que o Papa atribui aos leigos e em particular \u00e0s mulheres. Na audi\u00eancia geral de 3 de Abril, entre os aplausos da Pra\u00e7a, o Papa Francisco elogia o g\u00eanio feminino ao servi\u00e7o do Evangelho: \u201cE isto \u00e9 belo, e isto \u00e9 um pouco a miss\u00e3o das mulheres, das m\u00e3es, das av\u00f3s. Dar testemunho aos filhos, aos netos, que Jesus est\u00e1 vivo, \u00e9 o Vivente, ressuscitou. M\u00e3es e mulheres, para frente com o testemunho!&#8221; (Audi\u00eancia Geral, 3 de Abril)<\/em><\/p>\n<p><em> &#8220;Para frente com este testemunho&#8221;. Uma exorta\u00e7\u00e3o que, com palavras diferentes mas com o mesmo esp\u00edrito, o Papa Francisco repete no Domingo dia 7 de Abril, quando no Regina Caeli na Pra\u00e7a de S\u00e3o Pedro, recorda o Beato Wojtyla na exorta\u00e7\u00e3o aos fi\u00e9is a n\u00e3o terem medo de proclamar Jesus e lev\u00e1-lo at\u00e9 mesmo \u00e0s pra\u00e7as entre as pessoas. E uma Pra\u00e7a o espera ansiosa logo nesse dia \u00e0 tarde. E\u2019 a Pra\u00e7a S\u00e3o Jo\u00e3o de Latr\u00e3o, repleta de fi\u00e9is para a tomada de posse da Bas\u00edlica de Latr\u00e3o, C\u00e1tedra de Bispo de Roma. Bispo e povo: o bin\u00f4mio com o qual se se tinha apresentado ao mundo na noite de 13 de mar\u00e7o, soa novamente com grande for\u00e7a na sauda\u00e7\u00e3o que Papa Francisco dirige aos romanos: &#8220;E vamos para a frente todos juntos, o povo e o bispo, todos juntos, sempre para frente com a alegria da Ressurrei\u00e7\u00e3o de Jesus: Ele est\u00e1 sempre ao nosso lado&#8221;. (Missa em S\u00e3o Jo\u00e3o de Latr\u00e3o, domingo 7 de Abril).<\/em><\/p>\n<hr \/>\n<p><em>Fonte: R\u00e1dio Vaticano<\/em><\/p>\n","protected":false},"excerpt":{"rendered":"<p>Pontificado do Papa Francisco<\/p>\n","protected":false},"author":1,"featured_media":0,"comment_status":"closed","ping_status":"open","sticky":false,"template":"","format":"standard","meta":[],"categories":[1428],"tags":[55],"acf":[],"yoast_head":"<!-- This site is optimized with the Yoast SEO plugin v19.2 - https:\/\/yoast.com\/wordpress\/plugins\/seo\/ -->\n<title>Um m\u00eas com o Papa Francisco - Not\u00edcias - Franciscanos<\/title>\n<meta name=\"robots\" content=\"index, follow, max-snippet:-1, max-image-preview:large, max-video-preview:-1\" \/>\n<link rel=\"canonical\" href=\"https:\/\/franciscanos.org.br\/noticias\/um-mes-com-o-papa-francisco.html\" \/>\n<meta property=\"og:locale\" content=\"pt_BR\" \/>\n<meta property=\"og:type\" content=\"article\" \/>\n<meta property=\"og:title\" content=\"Um m\u00eas com o Papa Francisco - Not\u00edcias - Franciscanos\" \/>\n<meta property=\"og:description\" content=\"Pontificado do Papa Francisco\" \/>\n<meta property=\"og:url\" content=\"https:\/\/franciscanos.org.br\/noticias\/um-mes-com-o-papa-francisco.html\" \/>\n<meta property=\"og:site_name\" content=\"Not\u00edcias - Franciscanos\" \/>\n<meta property=\"article:published_time\" content=\"2013-04-18T10:36:20+00:00\" \/>\n<meta property=\"article:modified_time\" content=\"2020-06-11T20:11:16+00:00\" \/>\n<meta property=\"og:image\" content=\"http:\/\/franciscanos.org.br\/wp-content\/uploads\/2013\/04\/pope_francis.jpg\" \/>\n<meta name=\"author\" content=\"admin\" \/>\n<meta name=\"twitter:card\" content=\"summary_large_image\" \/>\n<meta name=\"twitter:label1\" content=\"Escrito por\" \/>\n\t<meta name=\"twitter:data1\" content=\"admin\" \/>\n\t<meta name=\"twitter:label2\" content=\"Est. tempo de leitura\" \/>\n\t<meta name=\"twitter:data2\" content=\"11 minutos\" \/>\n<script type=\"application\/ld+json\" class=\"yoast-schema-graph\">{\"@context\":\"https:\/\/schema.org\",\"@graph\":[{\"@type\":\"WebSite\",\"@id\":\"https:\/\/franciscanos.org.br\/noticias\/#website\",\"url\":\"https:\/\/franciscanos.org.br\/noticias\/\",\"name\":\"Not\u00edcias - Franciscanos\",\"description\":\"Prov\u00edncia Franciscana da Imaculada Concei\u00e7\u00e3o do Brasil - Ordem dos Frades Menores - OFM\",\"potentialAction\":[{\"@type\":\"SearchAction\",\"target\":{\"@type\":\"EntryPoint\",\"urlTemplate\":\"https:\/\/franciscanos.org.br\/noticias\/?s={search_term_string}\"},\"query-input\":\"required name=search_term_string\"}],\"inLanguage\":\"pt-BR\"},{\"@type\":\"ImageObject\",\"inLanguage\":\"pt-BR\",\"@id\":\"https:\/\/franciscanos.org.br\/noticias\/um-mes-com-o-papa-francisco.html#primaryimage\",\"url\":\"http:\/\/franciscanos.org.br\/wp-content\/uploads\/2013\/04\/pope_francis.jpg\",\"contentUrl\":\"http:\/\/franciscanos.org.br\/wp-content\/uploads\/2013\/04\/pope_francis.jpg\"},{\"@type\":\"WebPage\",\"@id\":\"https:\/\/franciscanos.org.br\/noticias\/um-mes-com-o-papa-francisco.html#webpage\",\"url\":\"https:\/\/franciscanos.org.br\/noticias\/um-mes-com-o-papa-francisco.html\",\"name\":\"Um m\u00eas com o Papa Francisco - Not\u00edcias - Franciscanos\",\"isPartOf\":{\"@id\":\"https:\/\/franciscanos.org.br\/noticias\/#website\"},\"primaryImageOfPage\":{\"@id\":\"https:\/\/franciscanos.org.br\/noticias\/um-mes-com-o-papa-francisco.html#primaryimage\"},\"datePublished\":\"2013-04-18T10:36:20+00:00\",\"dateModified\":\"2020-06-11T20:11:16+00:00\",\"author\":{\"@id\":\"https:\/\/franciscanos.org.br\/noticias\/#\/schema\/person\/b38fbf43118f02820bd932f2e4b14ad3\"},\"breadcrumb\":{\"@id\":\"https:\/\/franciscanos.org.br\/noticias\/um-mes-com-o-papa-francisco.html#breadcrumb\"},\"inLanguage\":\"pt-BR\",\"potentialAction\":[{\"@type\":\"ReadAction\",\"target\":[\"https:\/\/franciscanos.org.br\/noticias\/um-mes-com-o-papa-francisco.html\"]}]},{\"@type\":\"BreadcrumbList\",\"@id\":\"https:\/\/franciscanos.org.br\/noticias\/um-mes-com-o-papa-francisco.html#breadcrumb\",\"itemListElement\":[{\"@type\":\"ListItem\",\"position\":1,\"name\":\"Home\",\"item\":\"https:\/\/franciscanos.org.br\/noticias\"},{\"@type\":\"ListItem\",\"position\":2,\"name\":\"Um m\u00eas com o Papa Francisco\"}]},{\"@type\":\"Person\",\"@id\":\"https:\/\/franciscanos.org.br\/noticias\/#\/schema\/person\/b38fbf43118f02820bd932f2e4b14ad3\",\"name\":\"admin\",\"image\":{\"@type\":\"ImageObject\",\"inLanguage\":\"pt-BR\",\"@id\":\"https:\/\/franciscanos.org.br\/noticias\/#\/schema\/person\/image\/\",\"url\":\"https:\/\/secure.gravatar.com\/avatar\/e8495742d34d0ba6448ea1c628263b3e?s=96&d=mm&r=g\",\"contentUrl\":\"https:\/\/secure.gravatar.com\/avatar\/e8495742d34d0ba6448ea1c628263b3e?s=96&d=mm&r=g\",\"caption\":\"admin\"},\"url\":\"https:\/\/franciscanos.org.br\/noticias\/author\/admin\"}]}<\/script>\n<!-- \/ Yoast SEO plugin. -->","yoast_head_json":{"title":"Um m\u00eas com o Papa Francisco - Not\u00edcias - Franciscanos","robots":{"index":"index","follow":"follow","max-snippet":"max-snippet:-1","max-image-preview":"max-image-preview:large","max-video-preview":"max-video-preview:-1"},"canonical":"https:\/\/franciscanos.org.br\/noticias\/um-mes-com-o-papa-francisco.html","og_locale":"pt_BR","og_type":"article","og_title":"Um m\u00eas com o Papa Francisco - Not\u00edcias - Franciscanos","og_description":"Pontificado do Papa Francisco","og_url":"https:\/\/franciscanos.org.br\/noticias\/um-mes-com-o-papa-francisco.html","og_site_name":"Not\u00edcias - Franciscanos","article_published_time":"2013-04-18T10:36:20+00:00","article_modified_time":"2020-06-11T20:11:16+00:00","og_image":[{"url":"http:\/\/franciscanos.org.br\/wp-content\/uploads\/2013\/04\/pope_francis.jpg"}],"author":"admin","twitter_card":"summary_large_image","twitter_misc":{"Escrito por":"admin","Est. tempo de leitura":"11 minutos"},"schema":{"@context":"https:\/\/schema.org","@graph":[{"@type":"WebSite","@id":"https:\/\/franciscanos.org.br\/noticias\/#website","url":"https:\/\/franciscanos.org.br\/noticias\/","name":"Not\u00edcias - Franciscanos","description":"Prov\u00edncia Franciscana da Imaculada Concei\u00e7\u00e3o do Brasil - Ordem dos Frades Menores - OFM","potentialAction":[{"@type":"SearchAction","target":{"@type":"EntryPoint","urlTemplate":"https:\/\/franciscanos.org.br\/noticias\/?s={search_term_string}"},"query-input":"required name=search_term_string"}],"inLanguage":"pt-BR"},{"@type":"ImageObject","inLanguage":"pt-BR","@id":"https:\/\/franciscanos.org.br\/noticias\/um-mes-com-o-papa-francisco.html#primaryimage","url":"http:\/\/franciscanos.org.br\/wp-content\/uploads\/2013\/04\/pope_francis.jpg","contentUrl":"http:\/\/franciscanos.org.br\/wp-content\/uploads\/2013\/04\/pope_francis.jpg"},{"@type":"WebPage","@id":"https:\/\/franciscanos.org.br\/noticias\/um-mes-com-o-papa-francisco.html#webpage","url":"https:\/\/franciscanos.org.br\/noticias\/um-mes-com-o-papa-francisco.html","name":"Um m\u00eas com o Papa Francisco - Not\u00edcias - Franciscanos","isPartOf":{"@id":"https:\/\/franciscanos.org.br\/noticias\/#website"},"primaryImageOfPage":{"@id":"https:\/\/franciscanos.org.br\/noticias\/um-mes-com-o-papa-francisco.html#primaryimage"},"datePublished":"2013-04-18T10:36:20+00:00","dateModified":"2020-06-11T20:11:16+00:00","author":{"@id":"https:\/\/franciscanos.org.br\/noticias\/#\/schema\/person\/b38fbf43118f02820bd932f2e4b14ad3"},"breadcrumb":{"@id":"https:\/\/franciscanos.org.br\/noticias\/um-mes-com-o-papa-francisco.html#breadcrumb"},"inLanguage":"pt-BR","potentialAction":[{"@type":"ReadAction","target":["https:\/\/franciscanos.org.br\/noticias\/um-mes-com-o-papa-francisco.html"]}]},{"@type":"BreadcrumbList","@id":"https:\/\/franciscanos.org.br\/noticias\/um-mes-com-o-papa-francisco.html#breadcrumb","itemListElement":[{"@type":"ListItem","position":1,"name":"Home","item":"https:\/\/franciscanos.org.br\/noticias"},{"@type":"ListItem","position":2,"name":"Um m\u00eas com o Papa Francisco"}]},{"@type":"Person","@id":"https:\/\/franciscanos.org.br\/noticias\/#\/schema\/person\/b38fbf43118f02820bd932f2e4b14ad3","name":"admin","image":{"@type":"ImageObject","inLanguage":"pt-BR","@id":"https:\/\/franciscanos.org.br\/noticias\/#\/schema\/person\/image\/","url":"https:\/\/secure.gravatar.com\/avatar\/e8495742d34d0ba6448ea1c628263b3e?s=96&d=mm&r=g","contentUrl":"https:\/\/secure.gravatar.com\/avatar\/e8495742d34d0ba6448ea1c628263b3e?s=96&d=mm&r=g","caption":"admin"},"url":"https:\/\/franciscanos.org.br\/noticias\/author\/admin"}]}},"_links":{"self":[{"href":"https:\/\/franciscanos.org.br\/noticias\/wp-json\/wp\/v2\/posts\/36176"}],"collection":[{"href":"https:\/\/franciscanos.org.br\/noticias\/wp-json\/wp\/v2\/posts"}],"about":[{"href":"https:\/\/franciscanos.org.br\/noticias\/wp-json\/wp\/v2\/types\/post"}],"author":[{"embeddable":true,"href":"https:\/\/franciscanos.org.br\/noticias\/wp-json\/wp\/v2\/users\/1"}],"replies":[{"embeddable":true,"href":"https:\/\/franciscanos.org.br\/noticias\/wp-json\/wp\/v2\/comments?post=36176"}],"version-history":[{"count":1,"href":"https:\/\/franciscanos.org.br\/noticias\/wp-json\/wp\/v2\/posts\/36176\/revisions"}],"predecessor-version":[{"id":226377,"href":"https:\/\/franciscanos.org.br\/noticias\/wp-json\/wp\/v2\/posts\/36176\/revisions\/226377"}],"wp:attachment":[{"href":"https:\/\/franciscanos.org.br\/noticias\/wp-json\/wp\/v2\/media?parent=36176"}],"wp:term":[{"taxonomy":"category","embeddable":true,"href":"https:\/\/franciscanos.org.br\/noticias\/wp-json\/wp\/v2\/categories?post=36176"},{"taxonomy":"post_tag","embeddable":true,"href":"https:\/\/franciscanos.org.br\/noticias\/wp-json\/wp\/v2\/tags?post=36176"}],"curies":[{"name":"wp","href":"https:\/\/api.w.org\/{rel}","templated":true}]}}