{"id":36142,"date":"2013-04-16T08:16:33","date_gmt":"2013-04-16T11:16:33","guid":{"rendered":"http:\/\/new.franciscanos.org.br\/?p=36142"},"modified":"2019-01-29T15:41:36","modified_gmt":"2019-01-29T17:41:36","slug":"francisco-o-novo-joao-xxii-lancamento","status":"publish","type":"post","link":"https:\/\/franciscanos.org.br\/noticias\/francisco-o-novo-joao-xxii-lancamento.html","title":{"rendered":"&#8220;Francisco, o novo Jo\u00e3o XXIII&#8221;, lan\u00e7amento."},"content":{"rendered":"<p><img loading=\"lazy\" class=\"alignleft wp-image-36144 \" title=\"vozes\" src=\"http:\/\/franciscanos.org.br\/wp-content\/uploads\/2013\/04\/vozes.jpg\" alt=\"\" width=\"234\" height=\"382\" \/><\/p>\n<p>A Editora Vozes, com sede em Petr\u00f3polis, sai na frente e lan\u00e7a um livro que os jornalistas Jos\u00e9 Manuel Vidal e Jes\u00fas Bastante apresentam detalhes do conclave que elegeu Francisco e os desafios de seu pontificado.<\/p>\n<p>Os autores assistiram pessoalmente a ren\u00fancia de Bento XVI e a elei\u00e7\u00e3o de Jorge Mario Bergoglio. Este \u00e9 um livro imprescind\u00edvel para entender o novo papa e seu pontificado, o processo que o elegeu no conclave mais aberto dos \u00faltimos s\u00e9culos, as chaves da ren\u00fancia de Bento XVI e os desafios presentes e futuros da Igreja no s\u00e9culo XXI.<\/p>\n<p>Esta \u00e9 a cr\u00f4nica de uns dias que marcar\u00e3o um antes e um depois na hist\u00f3ria da Igreja. A elei\u00e7\u00e3o de Jorge Mario Bergoglio, o primeiro papa americano, o primeiro papa jesu\u00edta, em quinta vota\u00e7\u00e3o, sup\u00f5e um desafio de primeira ordem para uma institui\u00e7\u00e3o, o papado, acossada pelos esc\u00e2ndalos, pelas lutas internas e pela hist\u00f3rica ren\u00fancia de Bento XVI. O &#8220;pastor cercado de lobos&#8221; conviver\u00e1 com Francisco no Vaticano numa situa\u00e7\u00e3o in\u00e9dita em vinte s\u00e9culos de cristandade.<\/p>\n<p>Nestas p\u00e1ginas oferecemos a voc\u00eas, a partir de Roma, o relato de como Bergoglio foi eleito, a emo\u00e7\u00e3o dos fi\u00e9is, as primeiras surpresas, quais s\u00e3o suas causas, seus desafios e as esperan\u00e7as da Igreja do s\u00e9culo XXI. Analisamos as raz\u00f5es de Francisco, sua aposta por uma Igreja mais pobre e mais limpa, as dificuldades com que ir\u00e1 se defrontar. Investigamos seu passado e analisamos o futuro mais imediato, seu programa de governo e as aspira\u00e7\u00f5es do povo de Deus.<\/p>\n<p>Cinquenta anos depois do conc\u00edlio, que trouxe uma primavera para a Igreja, muitos esperam &#8211; esperamos &#8211; um novo Jo\u00e3o XXIII.<\/p>\n<h4><strong>VEJA OUTROS LAN\u00c7AMENTOS<\/strong><\/h4>\n<h4><strong>Pequeno Manual do Coroinha<\/strong><\/h4>\n<p><strong>ISBN:<\/strong> 9788532614209<br \/>\n72 p\u00e1ginas<br \/>\n<strong>Autor:<\/strong> Jair Gomes de Toledo<br \/>\n<strong>Peso:<\/strong> 98 gramas<br \/>\n14\u00aa edi\u00e7\u00e3o<br \/>\n<strong>Assunto:<\/strong> Pastoral<\/p>\n<p><em>Este Pequeno Manual do Coroinha \u00e9 um trabalho desenvolvido a partir da necessidade de preparar os nossos Coroinhas &#8211; meninos e meninas, adolescentes, jovens ou adultos, dada a grande import\u00e2ncia das suas fun\u00e7\u00f5es na comunidade. No contexto tem\u00e1tico da obra s\u00e3o abordados assuntos relevantes para o exerc\u00edcio dessas fun\u00e7\u00f5es, o que a torna uma importante fonte de conhecimento para qualquer outra pessoa interessada nestas quest\u00f5es.<\/em><\/p>\n<h4><strong>Conceito de Ironia (O) &#8211; Ed. Bolso &#8211; Constantemente referido a S\u00f3crates<\/strong><\/h4>\n<p><strong>ISBN<\/strong>: 9788532645098<br \/>\n384 p\u00e1ginas<br \/>\n<strong>Autor<\/strong>: S\u00f6ren A. Kierkegaard<br \/>\n<strong>Peso<\/strong>: 286 gramas<br \/>\n1\u00aa edi\u00e7\u00e3o<br \/>\n<strong>Assunto<\/strong>: Filosofia<br \/>\n<strong>Cole\u00e7\u00e3o<\/strong>: Vozes de Bolso<\/p>\n<p><em>Admira-se, nesta disserta\u00e7\u00e3o, a grande abertura da obra de Kierkegaard, inaugurada com um mergulho em Plat\u00e3o e em Hegel, resumindo dez anos de investiga\u00e7\u00e3o sobre Kant, Fichte, Solger e Hegel. O conceito de ironia cont\u00e9m a verdadeira plataforma, o programa em seus aspectos tem\u00e1ticos e metodol\u00f3gicos que se desenvolver\u00e3o ao longo da produ\u00e7\u00e3o kierkegaardiana.<\/em><\/p>\n<h4><strong>Ente e a ess\u00eancia (O) &#8211; Ed. Bolso<\/strong><\/h4>\n<p><strong>ISBN<\/strong>: 9788532645111<br \/>\n56 p\u00e1ginas<br \/>\n<strong>Autor<\/strong>: Santo Tom\u00e1s de Aquino<br \/>\n<strong>Peso<\/strong>: 52 gramas<br \/>\n1\u00aa edi\u00e7\u00e3o<br \/>\n<strong>Assunto<\/strong>: Filosofia<br \/>\n<strong>Cole\u00e7\u00e3o<\/strong>: Vozes de Bolso<\/p>\n<p><em>Marco entre as v\u00e1rias obras do autor, o livro adota posi\u00e7\u00f5es que decidem, em grande parte, o destino do pensamento ao qual d\u00e1 forma: o ente, o ser, a subst\u00e2ncia em suas divis\u00f5es e em sua individua\u00e7\u00e3o, o acidente e as rela\u00e7\u00f5es de tudo isto com as inten\u00e7\u00f5es l\u00f3gicas. Uma obra de juventude, decisiva na medida em que torna transparente as diretrizes gerais da metaf\u00edsica.<\/em><\/p>\n<h4><strong>Sobre a potencialidade da alma &#8211; Ed. Bolso<\/strong><\/h4>\n<p><strong>ISBN<\/strong>: 9788532645104<br \/>\n192 p\u00e1ginas<br \/>\n<strong>Autor<\/strong>: Santo Agostinho<br \/>\n<strong>Peso<\/strong>: 150 gramas<br \/>\n1\u00aa edi\u00e7\u00e3o<br \/>\n<strong>Assunto<\/strong>: Filosofia<br \/>\n<strong>Cole\u00e7\u00e3o<\/strong>: Vozes de Bolso<\/p>\n<p><em>Tratado sistem\u00e1tico sobre a alma humana, de cunho filos\u00f3fico e teol\u00f3gico. Santo Agostinho comp\u00f5e o tratado em forma de di\u00e1logo com o interlocutor Ev\u00f3dio e procura responder a cinco perguntas deste: origem da alma; natureza da alma; como ela \u00e9; como se une ao corpo; como procede quando unida ao corpo ou separada dele.<\/em><\/p>\n<h4><strong>Tratado sobre a clem\u00eancia &#8211; Ed. Bolso<\/strong><\/h4>\n<p><strong>ISBN<\/strong>: 9788532645128<br \/>\n96 p\u00e1ginas<br \/>\n<strong>Autor<\/strong>: S\u00eaneca<br \/>\n<strong>Peso<\/strong>: 80 gramas<br \/>\n1\u00aa edi\u00e7\u00e3o<br \/>\n<strong>Assunto<\/strong>: Filosofia<br \/>\n<strong>Cole\u00e7\u00e3o<\/strong>: Vozes de Bolso<\/p>\n<p><em>Tendo escrito v\u00e1rias obras em prosa, consola\u00e7\u00f5es, tratados filos\u00f3ficos, uma s\u00e1tira, trag\u00e9dias em versos, ep\u00edstolas morais, coube a S\u00eaneca tentar uma \u00fanica incurs\u00e3o na pol\u00edtica em Da clem\u00eancia. Neste tratado S\u00eaneca apresenta a cristaliza\u00e7\u00e3o de suas id\u00e9ias pol\u00edticas e uma resposta ao diagn\u00f3stico das car\u00eancias que encontrou em seu momento hist\u00f3rico-pol\u00edtico.<\/em><\/p>\n<h4><strong>Verduras e legumes que curam<\/strong><\/h4>\n<p><strong>ISBN<\/strong>: 9788532644855<br \/>\n208 p\u00e1ginas<br \/>\n<strong>Autor<\/strong>: Carlos Alves Soares<br \/>\n<strong>Peso<\/strong>: 498 gramas<br \/>\n1\u00aa edi\u00e7\u00e3o<br \/>\n<strong>Assunto<\/strong>: Sa\u00fade<\/p>\n<p><em>Verduras e Legumes que curam apresenta as hortali\u00e7as, n\u00e3o s\u00f3 como alimento, mas d\u00e1 tamb\u00e9m destaque \u00e0s suas propriedades terap\u00eauticas, ou seja, mostra como elas podem prevenir e tratar os mais diversos tipos de doen\u00e7as, visto que muitos dos problemas de sa\u00fade podem ser solucionados com a inclus\u00e3o das hortali\u00e7as em nossa alimenta\u00e7\u00e3o, por serem, elas, ricas em fibras, vitaminas e sais minerais. A publica\u00e7\u00e3o deste livro vem contribuir com mais informa\u00e7\u00f5es sobre as hortali\u00e7as e coincide com um momento de mudan\u00e7a na dieta alimentar do consumidor brasileiro.<\/em><\/p>\n","protected":false},"excerpt":{"rendered":"<p>Editora Vozes<\/p>\n","protected":false},"author":1,"featured_media":194592,"comment_status":"closed","ping_status":"open","sticky":false,"template":"","format":"standard","meta":[],"categories":[1],"tags":[238],"acf":[],"yoast_head":"<!-- This site is optimized with the Yoast SEO plugin v19.2 - https:\/\/yoast.com\/wordpress\/plugins\/seo\/ -->\n<title>&quot;Francisco, o novo Jo\u00e3o XXIII&quot;, lan\u00e7amento. - Not\u00edcias - Franciscanos<\/title>\n<meta name=\"robots\" content=\"index, follow, max-snippet:-1, max-image-preview:large, max-video-preview:-1\" \/>\n<link rel=\"canonical\" href=\"https:\/\/franciscanos.org.br\/noticias\/francisco-o-novo-joao-xxii-lancamento.html\" \/>\n<meta property=\"og:locale\" content=\"pt_BR\" \/>\n<meta property=\"og:type\" content=\"article\" \/>\n<meta property=\"og:title\" content=\"&quot;Francisco, o novo Jo\u00e3o XXIII&quot;, lan\u00e7amento. - Not\u00edcias - Franciscanos\" \/>\n<meta property=\"og:description\" content=\"Editora Vozes\" \/>\n<meta property=\"og:url\" content=\"https:\/\/franciscanos.org.br\/noticias\/francisco-o-novo-joao-xxii-lancamento.html\" \/>\n<meta property=\"og:site_name\" content=\"Not\u00edcias - Franciscanos\" \/>\n<meta property=\"article:published_time\" content=\"2013-04-16T11:16:33+00:00\" \/>\n<meta property=\"article:modified_time\" content=\"2019-01-29T17:41:36+00:00\" \/>\n<meta property=\"og:image\" content=\"https:\/\/franciscanos.org.br\/noticias\/wp-content\/uploads\/2017\/11\/vozes.png\" \/>\n\t<meta property=\"og:image:width\" content=\"273\" \/>\n\t<meta property=\"og:image:height\" content=\"181\" \/>\n\t<meta property=\"og:image:type\" content=\"image\/png\" \/>\n<meta name=\"author\" content=\"admin\" \/>\n<meta name=\"twitter:card\" content=\"summary_large_image\" \/>\n<meta name=\"twitter:label1\" content=\"Escrito por\" \/>\n\t<meta name=\"twitter:data1\" content=\"admin\" \/>\n\t<meta name=\"twitter:label2\" content=\"Est. tempo de leitura\" \/>\n\t<meta name=\"twitter:data2\" content=\"4 minutos\" \/>\n<script type=\"application\/ld+json\" class=\"yoast-schema-graph\">{\"@context\":\"https:\/\/schema.org\",\"@graph\":[{\"@type\":\"WebSite\",\"@id\":\"https:\/\/franciscanos.org.br\/noticias\/#website\",\"url\":\"https:\/\/franciscanos.org.br\/noticias\/\",\"name\":\"Not\u00edcias - Franciscanos\",\"description\":\"Prov\u00edncia Franciscana da Imaculada Concei\u00e7\u00e3o do Brasil - Ordem dos Frades Menores - OFM\",\"potentialAction\":[{\"@type\":\"SearchAction\",\"target\":{\"@type\":\"EntryPoint\",\"urlTemplate\":\"https:\/\/franciscanos.org.br\/noticias\/?s={search_term_string}\"},\"query-input\":\"required name=search_term_string\"}],\"inLanguage\":\"pt-BR\"},{\"@type\":\"ImageObject\",\"inLanguage\":\"pt-BR\",\"@id\":\"https:\/\/franciscanos.org.br\/noticias\/francisco-o-novo-joao-xxii-lancamento.html#primaryimage\",\"url\":\"https:\/\/franciscanos.org.br\/noticias\/wp-content\/uploads\/2017\/11\/vozes.png\",\"contentUrl\":\"https:\/\/franciscanos.org.br\/noticias\/wp-content\/uploads\/2017\/11\/vozes.png\",\"width\":273,\"height\":181},{\"@type\":\"WebPage\",\"@id\":\"https:\/\/franciscanos.org.br\/noticias\/francisco-o-novo-joao-xxii-lancamento.html#webpage\",\"url\":\"https:\/\/franciscanos.org.br\/noticias\/francisco-o-novo-joao-xxii-lancamento.html\",\"name\":\"\\\"Francisco, o novo Jo\u00e3o XXIII\\\", lan\u00e7amento. - Not\u00edcias - Franciscanos\",\"isPartOf\":{\"@id\":\"https:\/\/franciscanos.org.br\/noticias\/#website\"},\"primaryImageOfPage\":{\"@id\":\"https:\/\/franciscanos.org.br\/noticias\/francisco-o-novo-joao-xxii-lancamento.html#primaryimage\"},\"datePublished\":\"2013-04-16T11:16:33+00:00\",\"dateModified\":\"2019-01-29T17:41:36+00:00\",\"author\":{\"@id\":\"https:\/\/franciscanos.org.br\/noticias\/#\/schema\/person\/b38fbf43118f02820bd932f2e4b14ad3\"},\"breadcrumb\":{\"@id\":\"https:\/\/franciscanos.org.br\/noticias\/francisco-o-novo-joao-xxii-lancamento.html#breadcrumb\"},\"inLanguage\":\"pt-BR\",\"potentialAction\":[{\"@type\":\"ReadAction\",\"target\":[\"https:\/\/franciscanos.org.br\/noticias\/francisco-o-novo-joao-xxii-lancamento.html\"]}]},{\"@type\":\"BreadcrumbList\",\"@id\":\"https:\/\/franciscanos.org.br\/noticias\/francisco-o-novo-joao-xxii-lancamento.html#breadcrumb\",\"itemListElement\":[{\"@type\":\"ListItem\",\"position\":1,\"name\":\"Home\",\"item\":\"https:\/\/franciscanos.org.br\/noticias\"},{\"@type\":\"ListItem\",\"position\":2,\"name\":\"&#8220;Francisco, o novo Jo\u00e3o XXIII&#8221;, lan\u00e7amento.\"}]},{\"@type\":\"Person\",\"@id\":\"https:\/\/franciscanos.org.br\/noticias\/#\/schema\/person\/b38fbf43118f02820bd932f2e4b14ad3\",\"name\":\"admin\",\"image\":{\"@type\":\"ImageObject\",\"inLanguage\":\"pt-BR\",\"@id\":\"https:\/\/franciscanos.org.br\/noticias\/#\/schema\/person\/image\/\",\"url\":\"https:\/\/secure.gravatar.com\/avatar\/e8495742d34d0ba6448ea1c628263b3e?s=96&d=mm&r=g\",\"contentUrl\":\"https:\/\/secure.gravatar.com\/avatar\/e8495742d34d0ba6448ea1c628263b3e?s=96&d=mm&r=g\",\"caption\":\"admin\"},\"url\":\"https:\/\/franciscanos.org.br\/noticias\/author\/admin\"}]}<\/script>\n<!-- \/ Yoast SEO plugin. -->","yoast_head_json":{"title":"\"Francisco, o novo Jo\u00e3o XXIII\", lan\u00e7amento. - Not\u00edcias - Franciscanos","robots":{"index":"index","follow":"follow","max-snippet":"max-snippet:-1","max-image-preview":"max-image-preview:large","max-video-preview":"max-video-preview:-1"},"canonical":"https:\/\/franciscanos.org.br\/noticias\/francisco-o-novo-joao-xxii-lancamento.html","og_locale":"pt_BR","og_type":"article","og_title":"\"Francisco, o novo Jo\u00e3o XXIII\", lan\u00e7amento. - Not\u00edcias - Franciscanos","og_description":"Editora Vozes","og_url":"https:\/\/franciscanos.org.br\/noticias\/francisco-o-novo-joao-xxii-lancamento.html","og_site_name":"Not\u00edcias - Franciscanos","article_published_time":"2013-04-16T11:16:33+00:00","article_modified_time":"2019-01-29T17:41:36+00:00","og_image":[{"width":273,"height":181,"url":"https:\/\/franciscanos.org.br\/noticias\/wp-content\/uploads\/2017\/11\/vozes.png","type":"image\/png"}],"author":"admin","twitter_card":"summary_large_image","twitter_misc":{"Escrito por":"admin","Est. tempo de leitura":"4 minutos"},"schema":{"@context":"https:\/\/schema.org","@graph":[{"@type":"WebSite","@id":"https:\/\/franciscanos.org.br\/noticias\/#website","url":"https:\/\/franciscanos.org.br\/noticias\/","name":"Not\u00edcias - Franciscanos","description":"Prov\u00edncia Franciscana da Imaculada Concei\u00e7\u00e3o do Brasil - Ordem dos Frades Menores - OFM","potentialAction":[{"@type":"SearchAction","target":{"@type":"EntryPoint","urlTemplate":"https:\/\/franciscanos.org.br\/noticias\/?s={search_term_string}"},"query-input":"required name=search_term_string"}],"inLanguage":"pt-BR"},{"@type":"ImageObject","inLanguage":"pt-BR","@id":"https:\/\/franciscanos.org.br\/noticias\/francisco-o-novo-joao-xxii-lancamento.html#primaryimage","url":"https:\/\/franciscanos.org.br\/noticias\/wp-content\/uploads\/2017\/11\/vozes.png","contentUrl":"https:\/\/franciscanos.org.br\/noticias\/wp-content\/uploads\/2017\/11\/vozes.png","width":273,"height":181},{"@type":"WebPage","@id":"https:\/\/franciscanos.org.br\/noticias\/francisco-o-novo-joao-xxii-lancamento.html#webpage","url":"https:\/\/franciscanos.org.br\/noticias\/francisco-o-novo-joao-xxii-lancamento.html","name":"\"Francisco, o novo Jo\u00e3o XXIII\", lan\u00e7amento. - Not\u00edcias - Franciscanos","isPartOf":{"@id":"https:\/\/franciscanos.org.br\/noticias\/#website"},"primaryImageOfPage":{"@id":"https:\/\/franciscanos.org.br\/noticias\/francisco-o-novo-joao-xxii-lancamento.html#primaryimage"},"datePublished":"2013-04-16T11:16:33+00:00","dateModified":"2019-01-29T17:41:36+00:00","author":{"@id":"https:\/\/franciscanos.org.br\/noticias\/#\/schema\/person\/b38fbf43118f02820bd932f2e4b14ad3"},"breadcrumb":{"@id":"https:\/\/franciscanos.org.br\/noticias\/francisco-o-novo-joao-xxii-lancamento.html#breadcrumb"},"inLanguage":"pt-BR","potentialAction":[{"@type":"ReadAction","target":["https:\/\/franciscanos.org.br\/noticias\/francisco-o-novo-joao-xxii-lancamento.html"]}]},{"@type":"BreadcrumbList","@id":"https:\/\/franciscanos.org.br\/noticias\/francisco-o-novo-joao-xxii-lancamento.html#breadcrumb","itemListElement":[{"@type":"ListItem","position":1,"name":"Home","item":"https:\/\/franciscanos.org.br\/noticias"},{"@type":"ListItem","position":2,"name":"&#8220;Francisco, o novo Jo\u00e3o XXIII&#8221;, lan\u00e7amento."}]},{"@type":"Person","@id":"https:\/\/franciscanos.org.br\/noticias\/#\/schema\/person\/b38fbf43118f02820bd932f2e4b14ad3","name":"admin","image":{"@type":"ImageObject","inLanguage":"pt-BR","@id":"https:\/\/franciscanos.org.br\/noticias\/#\/schema\/person\/image\/","url":"https:\/\/secure.gravatar.com\/avatar\/e8495742d34d0ba6448ea1c628263b3e?s=96&d=mm&r=g","contentUrl":"https:\/\/secure.gravatar.com\/avatar\/e8495742d34d0ba6448ea1c628263b3e?s=96&d=mm&r=g","caption":"admin"},"url":"https:\/\/franciscanos.org.br\/noticias\/author\/admin"}]}},"_links":{"self":[{"href":"https:\/\/franciscanos.org.br\/noticias\/wp-json\/wp\/v2\/posts\/36142"}],"collection":[{"href":"https:\/\/franciscanos.org.br\/noticias\/wp-json\/wp\/v2\/posts"}],"about":[{"href":"https:\/\/franciscanos.org.br\/noticias\/wp-json\/wp\/v2\/types\/post"}],"author":[{"embeddable":true,"href":"https:\/\/franciscanos.org.br\/noticias\/wp-json\/wp\/v2\/users\/1"}],"replies":[{"embeddable":true,"href":"https:\/\/franciscanos.org.br\/noticias\/wp-json\/wp\/v2\/comments?post=36142"}],"version-history":[{"count":0,"href":"https:\/\/franciscanos.org.br\/noticias\/wp-json\/wp\/v2\/posts\/36142\/revisions"}],"wp:featuredmedia":[{"embeddable":true,"href":"https:\/\/franciscanos.org.br\/noticias\/wp-json\/wp\/v2\/media\/194592"}],"wp:attachment":[{"href":"https:\/\/franciscanos.org.br\/noticias\/wp-json\/wp\/v2\/media?parent=36142"}],"wp:term":[{"taxonomy":"category","embeddable":true,"href":"https:\/\/franciscanos.org.br\/noticias\/wp-json\/wp\/v2\/categories?post=36142"},{"taxonomy":"post_tag","embeddable":true,"href":"https:\/\/franciscanos.org.br\/noticias\/wp-json\/wp\/v2\/tags?post=36142"}],"curies":[{"name":"wp","href":"https:\/\/api.w.org\/{rel}","templated":true}]}}