{"id":36073,"date":"2013-04-15T07:25:57","date_gmt":"2013-04-15T10:25:57","guid":{"rendered":"http:\/\/new.franciscanos.org.br\/?p=36073"},"modified":"2020-06-11T17:11:49","modified_gmt":"2020-06-11T20:11:49","slug":"papa-cria-grupo-de-cardeais-para-reformar-a-curia","status":"publish","type":"post","link":"https:\/\/franciscanos.org.br\/noticias\/papa-cria-grupo-de-cardeais-para-reformar-a-curia.html","title":{"rendered":"Papa cria grupo de cardeais para reformar a C\u00faria"},"content":{"rendered":"<p><a href=\"http:\/\/franciscanos.org.br\/wp-content\/uploads\/2013\/04\/papa_francisco.jpg\"><img loading=\"lazy\" class=\"alignright size-full wp-image-36074\" title=\"Papa Francisco \" src=\"http:\/\/franciscanos.org.br\/wp-content\/uploads\/2013\/04\/papa_francisco.jpg\" alt=\"\" width=\"400\" height=\"600\" \/><\/a>No \u00faltimo s\u00e1bado, 13 de abril, quando completou um m\u00eas de seu Pontificado, o Papa Francisco, retomando uma sugest\u00e3o surgida durante as Congrega\u00e7\u00f5es gerais que precederam o conclave, constituiu um grupo de cardeais para o aconselhar no governo da Igreja universal e para o estudo de um projeto de revis\u00e3o da <em>Constitui\u00e7\u00e3o Apost\u00f3lica Pastor B\u00f3nus<\/em> relativa \u00e0 estrutura e funcionamento da C\u00faria romana.<\/p>\n<p>Num comunicado difundido pela Secretaria de Estado do Vaticano, indica-se que o grupo \u00e9 formado por sete cardeais dos v\u00e1rios continentes e um do Estado do Cidade do Vaticano, mas n\u00e3o da C\u00faria romana. O coordenador do grupo \u00e9 o cardeal Oscar Andr\u00e9s Maradiaga Rodr\u00edguez Arcebispo de Tegucigalpa (Honduras); enquanto que o secret\u00e1rio \u00e9 o bispo de Albano, perto de Roma, Dom Semeraro.<\/p>\n<p>O grupo ter\u00e1 a sua primeira reuni\u00e3o de 1 a 3 de outubro, mas o Santo Padre est\u00e1 desde j\u00e1 em contato com eles \u2013 l\u00ea-se no comunicado.<br \/>\nEm confer\u00eancia de imprensa, o porta-voz da Santa S\u00e9 disse que esta decis\u00e3o do Papa \u00e9 sinal de que o Papa quer ter em conta as sugest\u00f5es e observa\u00e7\u00f5es dos membros do Col\u00e9gio cardinal\u00edcio no decurso das Congrega\u00e7\u00f5es antes do Conclave. Em rela\u00e7\u00e3o ao fato de a primeira reuni\u00e3o do grupo ser s\u00f3 em outubro, Pe. Lombardi disse que se trata de um tempo adequado a fim de que o pr\u00f3prio Papa possa conhecer bem a realidade do Vaticano, os seus problemas, como ali\u00e1s est\u00e1 fazendo atrav\u00e9s de audi\u00eancias aos respons\u00e1veis dos diversos Dicast\u00e9rios.<\/p>\n<p>Os membros do grupo s\u00e3o:<\/p>\n<p>&#8211; Cardeal Giuseppe Bertello, Presidente do Governatorato do Estado da Cidade do Vaticano<br \/>\n&#8211; Cardeal Francisco Javier Errazuriz Ossa, arcebispo em\u00e9rito de Santiago do Chile<br \/>\n&#8211; Cardeal Oswald Gracias, arcebispo de Bombay, na \u00cdndia<br \/>\n&#8211; Cardeal Reinhard Marx, arcebispo de Munchen und Frising (Alemanha)<br \/>\n&#8211; Cardeal Laurent Monsengwo Pasinya, arcebispo de Kinshasa, Rep\u00fablica Democr\u00e1tica do Congo<br \/>\n&#8211; Cardeal Sean Patrick O&#8217;Malley, O.F.M, cap., arcebispo de Boston (Estados Unidos)<br \/>\n&#8211; Cardeal Georg Pell, arcebispo de Sidney (Austr\u00e1lia)<br \/>\n&#8211; Cardeal Oscar Andr\u00e9s Rodrigues Maradiaga, S.D.B., arcebispo de Tegucicalpa (Honduras)<\/p>\n","protected":false},"excerpt":{"rendered":"<p>Vaticano<\/p>\n","protected":false},"author":1,"featured_media":198273,"comment_status":"closed","ping_status":"closed","sticky":false,"template":"","format":"standard","meta":[],"categories":[1428],"tags":[55,265],"acf":[],"yoast_head":"<!-- This site is optimized with the Yoast SEO plugin v19.2 - https:\/\/yoast.com\/wordpress\/plugins\/seo\/ -->\n<title>Papa cria grupo de cardeais para reformar a C\u00faria - Not\u00edcias - Franciscanos<\/title>\n<meta name=\"robots\" content=\"index, follow, max-snippet:-1, max-image-preview:large, max-video-preview:-1\" \/>\n<link rel=\"canonical\" href=\"https:\/\/franciscanos.org.br\/noticias\/papa-cria-grupo-de-cardeais-para-reformar-a-curia.html\" \/>\n<meta property=\"og:locale\" content=\"pt_BR\" \/>\n<meta property=\"og:type\" content=\"article\" \/>\n<meta property=\"og:title\" content=\"Papa cria grupo de cardeais para reformar a C\u00faria - Not\u00edcias - Franciscanos\" \/>\n<meta property=\"og:description\" content=\"Vaticano\" \/>\n<meta property=\"og:url\" content=\"https:\/\/franciscanos.org.br\/noticias\/papa-cria-grupo-de-cardeais-para-reformar-a-curia.html\" \/>\n<meta property=\"og:site_name\" content=\"Not\u00edcias - Franciscanos\" \/>\n<meta property=\"article:published_time\" content=\"2013-04-15T10:25:57+00:00\" \/>\n<meta property=\"article:modified_time\" content=\"2020-06-11T20:11:49+00:00\" \/>\n<meta property=\"og:image\" content=\"https:\/\/franciscanos.org.br\/noticias\/wp-content\/uploads\/2013\/04\/papa_francisco.jpg\" \/>\n\t<meta property=\"og:image:width\" content=\"273\" \/>\n\t<meta property=\"og:image:height\" content=\"180\" \/>\n\t<meta property=\"og:image:type\" content=\"image\/jpeg\" \/>\n<meta name=\"author\" content=\"admin\" \/>\n<meta name=\"twitter:card\" content=\"summary_large_image\" \/>\n<meta name=\"twitter:label1\" content=\"Escrito por\" \/>\n\t<meta name=\"twitter:data1\" content=\"admin\" \/>\n\t<meta name=\"twitter:label2\" content=\"Est. tempo de leitura\" \/>\n\t<meta name=\"twitter:data2\" content=\"2 minutos\" \/>\n<script type=\"application\/ld+json\" class=\"yoast-schema-graph\">{\"@context\":\"https:\/\/schema.org\",\"@graph\":[{\"@type\":\"WebSite\",\"@id\":\"https:\/\/franciscanos.org.br\/noticias\/#website\",\"url\":\"https:\/\/franciscanos.org.br\/noticias\/\",\"name\":\"Not\u00edcias - Franciscanos\",\"description\":\"Prov\u00edncia Franciscana da Imaculada Concei\u00e7\u00e3o do Brasil - Ordem dos Frades Menores - OFM\",\"potentialAction\":[{\"@type\":\"SearchAction\",\"target\":{\"@type\":\"EntryPoint\",\"urlTemplate\":\"https:\/\/franciscanos.org.br\/noticias\/?s={search_term_string}\"},\"query-input\":\"required name=search_term_string\"}],\"inLanguage\":\"pt-BR\"},{\"@type\":\"ImageObject\",\"inLanguage\":\"pt-BR\",\"@id\":\"https:\/\/franciscanos.org.br\/noticias\/papa-cria-grupo-de-cardeais-para-reformar-a-curia.html#primaryimage\",\"url\":\"https:\/\/franciscanos.org.br\/noticias\/wp-content\/uploads\/2013\/04\/papa_francisco.jpg\",\"contentUrl\":\"https:\/\/franciscanos.org.br\/noticias\/wp-content\/uploads\/2013\/04\/papa_francisco.jpg\",\"width\":273,\"height\":180},{\"@type\":\"WebPage\",\"@id\":\"https:\/\/franciscanos.org.br\/noticias\/papa-cria-grupo-de-cardeais-para-reformar-a-curia.html#webpage\",\"url\":\"https:\/\/franciscanos.org.br\/noticias\/papa-cria-grupo-de-cardeais-para-reformar-a-curia.html\",\"name\":\"Papa cria grupo de cardeais para reformar a C\u00faria - Not\u00edcias - Franciscanos\",\"isPartOf\":{\"@id\":\"https:\/\/franciscanos.org.br\/noticias\/#website\"},\"primaryImageOfPage\":{\"@id\":\"https:\/\/franciscanos.org.br\/noticias\/papa-cria-grupo-de-cardeais-para-reformar-a-curia.html#primaryimage\"},\"datePublished\":\"2013-04-15T10:25:57+00:00\",\"dateModified\":\"2020-06-11T20:11:49+00:00\",\"author\":{\"@id\":\"https:\/\/franciscanos.org.br\/noticias\/#\/schema\/person\/b38fbf43118f02820bd932f2e4b14ad3\"},\"breadcrumb\":{\"@id\":\"https:\/\/franciscanos.org.br\/noticias\/papa-cria-grupo-de-cardeais-para-reformar-a-curia.html#breadcrumb\"},\"inLanguage\":\"pt-BR\",\"potentialAction\":[{\"@type\":\"ReadAction\",\"target\":[\"https:\/\/franciscanos.org.br\/noticias\/papa-cria-grupo-de-cardeais-para-reformar-a-curia.html\"]}]},{\"@type\":\"BreadcrumbList\",\"@id\":\"https:\/\/franciscanos.org.br\/noticias\/papa-cria-grupo-de-cardeais-para-reformar-a-curia.html#breadcrumb\",\"itemListElement\":[{\"@type\":\"ListItem\",\"position\":1,\"name\":\"Home\",\"item\":\"https:\/\/franciscanos.org.br\/noticias\"},{\"@type\":\"ListItem\",\"position\":2,\"name\":\"Papa cria grupo de cardeais para reformar a C\u00faria\"}]},{\"@type\":\"Person\",\"@id\":\"https:\/\/franciscanos.org.br\/noticias\/#\/schema\/person\/b38fbf43118f02820bd932f2e4b14ad3\",\"name\":\"admin\",\"image\":{\"@type\":\"ImageObject\",\"inLanguage\":\"pt-BR\",\"@id\":\"https:\/\/franciscanos.org.br\/noticias\/#\/schema\/person\/image\/\",\"url\":\"https:\/\/secure.gravatar.com\/avatar\/e8495742d34d0ba6448ea1c628263b3e?s=96&d=mm&r=g\",\"contentUrl\":\"https:\/\/secure.gravatar.com\/avatar\/e8495742d34d0ba6448ea1c628263b3e?s=96&d=mm&r=g\",\"caption\":\"admin\"},\"url\":\"https:\/\/franciscanos.org.br\/noticias\/author\/admin\"}]}<\/script>\n<!-- \/ Yoast SEO plugin. -->","yoast_head_json":{"title":"Papa cria grupo de cardeais para reformar a C\u00faria - Not\u00edcias - Franciscanos","robots":{"index":"index","follow":"follow","max-snippet":"max-snippet:-1","max-image-preview":"max-image-preview:large","max-video-preview":"max-video-preview:-1"},"canonical":"https:\/\/franciscanos.org.br\/noticias\/papa-cria-grupo-de-cardeais-para-reformar-a-curia.html","og_locale":"pt_BR","og_type":"article","og_title":"Papa cria grupo de cardeais para reformar a C\u00faria - Not\u00edcias - Franciscanos","og_description":"Vaticano","og_url":"https:\/\/franciscanos.org.br\/noticias\/papa-cria-grupo-de-cardeais-para-reformar-a-curia.html","og_site_name":"Not\u00edcias - Franciscanos","article_published_time":"2013-04-15T10:25:57+00:00","article_modified_time":"2020-06-11T20:11:49+00:00","og_image":[{"width":273,"height":180,"url":"https:\/\/franciscanos.org.br\/noticias\/wp-content\/uploads\/2013\/04\/papa_francisco.jpg","type":"image\/jpeg"}],"author":"admin","twitter_card":"summary_large_image","twitter_misc":{"Escrito por":"admin","Est. tempo de leitura":"2 minutos"},"schema":{"@context":"https:\/\/schema.org","@graph":[{"@type":"WebSite","@id":"https:\/\/franciscanos.org.br\/noticias\/#website","url":"https:\/\/franciscanos.org.br\/noticias\/","name":"Not\u00edcias - Franciscanos","description":"Prov\u00edncia Franciscana da Imaculada Concei\u00e7\u00e3o do Brasil - Ordem dos Frades Menores - OFM","potentialAction":[{"@type":"SearchAction","target":{"@type":"EntryPoint","urlTemplate":"https:\/\/franciscanos.org.br\/noticias\/?s={search_term_string}"},"query-input":"required name=search_term_string"}],"inLanguage":"pt-BR"},{"@type":"ImageObject","inLanguage":"pt-BR","@id":"https:\/\/franciscanos.org.br\/noticias\/papa-cria-grupo-de-cardeais-para-reformar-a-curia.html#primaryimage","url":"https:\/\/franciscanos.org.br\/noticias\/wp-content\/uploads\/2013\/04\/papa_francisco.jpg","contentUrl":"https:\/\/franciscanos.org.br\/noticias\/wp-content\/uploads\/2013\/04\/papa_francisco.jpg","width":273,"height":180},{"@type":"WebPage","@id":"https:\/\/franciscanos.org.br\/noticias\/papa-cria-grupo-de-cardeais-para-reformar-a-curia.html#webpage","url":"https:\/\/franciscanos.org.br\/noticias\/papa-cria-grupo-de-cardeais-para-reformar-a-curia.html","name":"Papa cria grupo de cardeais para reformar a C\u00faria - Not\u00edcias - Franciscanos","isPartOf":{"@id":"https:\/\/franciscanos.org.br\/noticias\/#website"},"primaryImageOfPage":{"@id":"https:\/\/franciscanos.org.br\/noticias\/papa-cria-grupo-de-cardeais-para-reformar-a-curia.html#primaryimage"},"datePublished":"2013-04-15T10:25:57+00:00","dateModified":"2020-06-11T20:11:49+00:00","author":{"@id":"https:\/\/franciscanos.org.br\/noticias\/#\/schema\/person\/b38fbf43118f02820bd932f2e4b14ad3"},"breadcrumb":{"@id":"https:\/\/franciscanos.org.br\/noticias\/papa-cria-grupo-de-cardeais-para-reformar-a-curia.html#breadcrumb"},"inLanguage":"pt-BR","potentialAction":[{"@type":"ReadAction","target":["https:\/\/franciscanos.org.br\/noticias\/papa-cria-grupo-de-cardeais-para-reformar-a-curia.html"]}]},{"@type":"BreadcrumbList","@id":"https:\/\/franciscanos.org.br\/noticias\/papa-cria-grupo-de-cardeais-para-reformar-a-curia.html#breadcrumb","itemListElement":[{"@type":"ListItem","position":1,"name":"Home","item":"https:\/\/franciscanos.org.br\/noticias"},{"@type":"ListItem","position":2,"name":"Papa cria grupo de cardeais para reformar a C\u00faria"}]},{"@type":"Person","@id":"https:\/\/franciscanos.org.br\/noticias\/#\/schema\/person\/b38fbf43118f02820bd932f2e4b14ad3","name":"admin","image":{"@type":"ImageObject","inLanguage":"pt-BR","@id":"https:\/\/franciscanos.org.br\/noticias\/#\/schema\/person\/image\/","url":"https:\/\/secure.gravatar.com\/avatar\/e8495742d34d0ba6448ea1c628263b3e?s=96&d=mm&r=g","contentUrl":"https:\/\/secure.gravatar.com\/avatar\/e8495742d34d0ba6448ea1c628263b3e?s=96&d=mm&r=g","caption":"admin"},"url":"https:\/\/franciscanos.org.br\/noticias\/author\/admin"}]}},"_links":{"self":[{"href":"https:\/\/franciscanos.org.br\/noticias\/wp-json\/wp\/v2\/posts\/36073"}],"collection":[{"href":"https:\/\/franciscanos.org.br\/noticias\/wp-json\/wp\/v2\/posts"}],"about":[{"href":"https:\/\/franciscanos.org.br\/noticias\/wp-json\/wp\/v2\/types\/post"}],"author":[{"embeddable":true,"href":"https:\/\/franciscanos.org.br\/noticias\/wp-json\/wp\/v2\/users\/1"}],"replies":[{"embeddable":true,"href":"https:\/\/franciscanos.org.br\/noticias\/wp-json\/wp\/v2\/comments?post=36073"}],"version-history":[{"count":1,"href":"https:\/\/franciscanos.org.br\/noticias\/wp-json\/wp\/v2\/posts\/36073\/revisions"}],"predecessor-version":[{"id":226378,"href":"https:\/\/franciscanos.org.br\/noticias\/wp-json\/wp\/v2\/posts\/36073\/revisions\/226378"}],"wp:featuredmedia":[{"embeddable":true,"href":"https:\/\/franciscanos.org.br\/noticias\/wp-json\/wp\/v2\/media\/198273"}],"wp:attachment":[{"href":"https:\/\/franciscanos.org.br\/noticias\/wp-json\/wp\/v2\/media?parent=36073"}],"wp:term":[{"taxonomy":"category","embeddable":true,"href":"https:\/\/franciscanos.org.br\/noticias\/wp-json\/wp\/v2\/categories?post=36073"},{"taxonomy":"post_tag","embeddable":true,"href":"https:\/\/franciscanos.org.br\/noticias\/wp-json\/wp\/v2\/tags?post=36073"}],"curies":[{"name":"wp","href":"https:\/\/api.w.org\/{rel}","templated":true}]}}