{"id":36036,"date":"2013-04-11T14:20:43","date_gmt":"2013-04-11T17:20:43","guid":{"rendered":"http:\/\/new.franciscanos.org.br\/?p=36036"},"modified":"2019-04-29T11:06:43","modified_gmt":"2019-04-29T14:06:43","slug":"escolhida-a-data-para-o-1o-encontro-provincial","status":"publish","type":"post","link":"https:\/\/franciscanos.org.br\/noticias\/escolhida-a-data-para-o-1o-encontro-provincial.html","title":{"rendered":"Escolhida a data para o 1\u00ba Encontro Provincial"},"content":{"rendered":"<p><img loading=\"lazy\" class=\"alignright size-full wp-image-36040\" title=\"Frei Fid\u00eancio Vanboemmel. Foto: Moacir Beggo\" src=\"http:\/\/franciscanos.org.br\/wp-content\/uploads\/2013\/04\/fidencio2.jpg\" alt=\"\" width=\"450\" height=\"442\" \/>Na segunda reuni\u00e3o da Frente de Evangeliza\u00e7\u00e3o na Comunica\u00e7\u00e3o, realizada nesta quinta-feira (11\/4), em S\u00e3o Paulo (SP), ficou definido que o primeiro Encontro Provincial, envolvendo os diferentes servi\u00e7os realizados pela Prov\u00edncia da Imaculada Concei\u00e7\u00e3o no campo da comunica\u00e7\u00e3o, acontecer\u00e1 de 16 a 18 de setembro deste ano, com o local a ser definido ainda.<\/p>\n<p>Logo no in\u00edcio da reuni\u00e3o, Frei Gustavo Medella, coordenador desta Frente de Evangeliza\u00e7\u00e3o da Comunica\u00e7\u00e3o criada no \u00faltimo Cap\u00edtulo Provincial, deu as boas vindas aos participantes e Frei Anacleto Gaspski presidiu a ora\u00e7\u00e3o inicial. O Ministro Provincial Frei Fid\u00eancio Vanboemmel participou pela primeira vez deste encontro.<\/p>\n<p>Ao comentar o texto da mensagem &#8220;Redes sociais, portais de verdade e de f\u00e9; novos espa\u00e7os de evangeliza\u00e7\u00e3o&#8221;, do Papa Bento XVI para Dia Mundial das Comunica\u00e7\u00f5es, Frei Fid\u00eancio lembrou que o ambiente digital \u00e9 um espa\u00e7o morto se n\u00e3o for alimentado com Palavra de Deus, que \u00e9 viva, e desejou que esta frente de evangeliza\u00e7\u00e3o seja um canal de partilha do Evangelho.<\/p>\n<p>Al\u00e9m de Frei Fid\u00eancio, Frei Gustavo e Frei Anacleto, participaram da reuni\u00e3o o reitor, Professor Hector Escobar, e a Coordenadora de Marketing da Universidade S\u00e3o Francisco; os jornalistas Fabiano Viana e Gilmar Santos, do Servi\u00e7o Franciscano de Solidariedade; o jornalista Moacir Beggo e a designer Cynthia Albano; e Frei Alvaci Mendes da Luz e Andr\u00e9 Ricardo de S\u00e1, pelo Pr\u00f3-voca\u00e7\u00f5es e Miss\u00f5es Franciscanas.<\/p>\n<p>Frei Gustavo Medella trouxe para reflex\u00e3o e estudo o texto &#8220;Jesus &#8216;marqueteiro'&#8221;, do pastor batista Ren\u00e9 Kivitz. &#8220;Jesus foi, sim, um extraordin\u00e1rio homem de marketing. Mas n\u00e3o o fez seguindo teorias potencializadoras de resultados. Jesus foi apenas ele mesmo. Suas palavras eram perfeitamente coerentes com seu car\u00e1ter. Sua mensagem era apenas e t\u00e3o somente manifesta\u00e7\u00e3o de seu cora\u00e7\u00e3o&#8221;, indicou o autor.<\/p>\n<p>Na segunda parte da reuni\u00e3o, Frei Gustavo elencou pontos e exemplos pr\u00e1ticos de maior interajuda entre os diversos setores e propos a elabora\u00e7\u00e3o de um calend\u00e1rio comum, onde constem datas centrais e importantes, &#8220;nas quais podemos somar for\u00e7as e nos ajudar&#8221;. Entre essas datas est\u00e3o, Jornada Mundial da Juventude, Dia de Santa Clara, Dia de S\u00e3o Francisco de Assis, Semana da Paz, Semana do Meio Ambiente, Semana dos Direitos Humanos. Na pr\u00f3xima reuni\u00e3o, marcada para o dia 16 de maio, as propostas dever\u00e3o estar definidas.<\/p>\n","protected":false},"excerpt":{"rendered":"<p>Frente da Comunica\u00e7\u00e3o<\/p>\n","protected":false},"author":1,"featured_media":204034,"comment_status":"closed","ping_status":"closed","sticky":false,"template":"","format":"standard","meta":[],"categories":[1],"tags":[550],"acf":[],"yoast_head":"<!-- This site is optimized with the Yoast SEO plugin v19.2 - https:\/\/yoast.com\/wordpress\/plugins\/seo\/ -->\n<title>Escolhida a data para o 1\u00ba Encontro Provincial - Not\u00edcias - Franciscanos<\/title>\n<meta name=\"robots\" content=\"index, follow, max-snippet:-1, max-image-preview:large, max-video-preview:-1\" \/>\n<link rel=\"canonical\" href=\"https:\/\/franciscanos.org.br\/noticias\/escolhida-a-data-para-o-1o-encontro-provincial.html\" \/>\n<meta property=\"og:locale\" content=\"pt_BR\" \/>\n<meta property=\"og:type\" content=\"article\" \/>\n<meta property=\"og:title\" content=\"Escolhida a data para o 1\u00ba Encontro Provincial - Not\u00edcias - Franciscanos\" \/>\n<meta property=\"og:description\" content=\"Frente da Comunica\u00e7\u00e3o\" \/>\n<meta property=\"og:url\" content=\"https:\/\/franciscanos.org.br\/noticias\/escolhida-a-data-para-o-1o-encontro-provincial.html\" \/>\n<meta property=\"og:site_name\" content=\"Not\u00edcias - Franciscanos\" \/>\n<meta property=\"article:published_time\" content=\"2013-04-11T17:20:43+00:00\" \/>\n<meta property=\"article:modified_time\" content=\"2019-04-29T14:06:43+00:00\" \/>\n<meta property=\"og:image\" content=\"https:\/\/franciscanos.org.br\/noticias\/wp-content\/uploads\/2013\/04\/fidencio2.jpg\" \/>\n\t<meta property=\"og:image:width\" content=\"273\" \/>\n\t<meta property=\"og:image:height\" content=\"181\" \/>\n\t<meta property=\"og:image:type\" content=\"image\/jpeg\" \/>\n<meta name=\"author\" content=\"admin\" \/>\n<meta name=\"twitter:card\" content=\"summary_large_image\" \/>\n<meta name=\"twitter:label1\" content=\"Escrito por\" \/>\n\t<meta name=\"twitter:data1\" content=\"admin\" \/>\n\t<meta name=\"twitter:label2\" content=\"Est. tempo de leitura\" \/>\n\t<meta name=\"twitter:data2\" content=\"2 minutos\" \/>\n<script type=\"application\/ld+json\" class=\"yoast-schema-graph\">{\"@context\":\"https:\/\/schema.org\",\"@graph\":[{\"@type\":\"WebSite\",\"@id\":\"https:\/\/franciscanos.org.br\/noticias\/#website\",\"url\":\"https:\/\/franciscanos.org.br\/noticias\/\",\"name\":\"Not\u00edcias - Franciscanos\",\"description\":\"Prov\u00edncia Franciscana da Imaculada Concei\u00e7\u00e3o do Brasil - Ordem dos Frades Menores - OFM\",\"potentialAction\":[{\"@type\":\"SearchAction\",\"target\":{\"@type\":\"EntryPoint\",\"urlTemplate\":\"https:\/\/franciscanos.org.br\/noticias\/?s={search_term_string}\"},\"query-input\":\"required name=search_term_string\"}],\"inLanguage\":\"pt-BR\"},{\"@type\":\"ImageObject\",\"inLanguage\":\"pt-BR\",\"@id\":\"https:\/\/franciscanos.org.br\/noticias\/escolhida-a-data-para-o-1o-encontro-provincial.html#primaryimage\",\"url\":\"https:\/\/franciscanos.org.br\/noticias\/wp-content\/uploads\/2013\/04\/fidencio2.jpg\",\"contentUrl\":\"https:\/\/franciscanos.org.br\/noticias\/wp-content\/uploads\/2013\/04\/fidencio2.jpg\",\"width\":273,\"height\":181},{\"@type\":\"WebPage\",\"@id\":\"https:\/\/franciscanos.org.br\/noticias\/escolhida-a-data-para-o-1o-encontro-provincial.html#webpage\",\"url\":\"https:\/\/franciscanos.org.br\/noticias\/escolhida-a-data-para-o-1o-encontro-provincial.html\",\"name\":\"Escolhida a data para o 1\u00ba Encontro Provincial - Not\u00edcias - Franciscanos\",\"isPartOf\":{\"@id\":\"https:\/\/franciscanos.org.br\/noticias\/#website\"},\"primaryImageOfPage\":{\"@id\":\"https:\/\/franciscanos.org.br\/noticias\/escolhida-a-data-para-o-1o-encontro-provincial.html#primaryimage\"},\"datePublished\":\"2013-04-11T17:20:43+00:00\",\"dateModified\":\"2019-04-29T14:06:43+00:00\",\"author\":{\"@id\":\"https:\/\/franciscanos.org.br\/noticias\/#\/schema\/person\/b38fbf43118f02820bd932f2e4b14ad3\"},\"breadcrumb\":{\"@id\":\"https:\/\/franciscanos.org.br\/noticias\/escolhida-a-data-para-o-1o-encontro-provincial.html#breadcrumb\"},\"inLanguage\":\"pt-BR\",\"potentialAction\":[{\"@type\":\"ReadAction\",\"target\":[\"https:\/\/franciscanos.org.br\/noticias\/escolhida-a-data-para-o-1o-encontro-provincial.html\"]}]},{\"@type\":\"BreadcrumbList\",\"@id\":\"https:\/\/franciscanos.org.br\/noticias\/escolhida-a-data-para-o-1o-encontro-provincial.html#breadcrumb\",\"itemListElement\":[{\"@type\":\"ListItem\",\"position\":1,\"name\":\"Home\",\"item\":\"https:\/\/franciscanos.org.br\/noticias\"},{\"@type\":\"ListItem\",\"position\":2,\"name\":\"Escolhida a data para o 1\u00ba Encontro Provincial\"}]},{\"@type\":\"Person\",\"@id\":\"https:\/\/franciscanos.org.br\/noticias\/#\/schema\/person\/b38fbf43118f02820bd932f2e4b14ad3\",\"name\":\"admin\",\"image\":{\"@type\":\"ImageObject\",\"inLanguage\":\"pt-BR\",\"@id\":\"https:\/\/franciscanos.org.br\/noticias\/#\/schema\/person\/image\/\",\"url\":\"https:\/\/secure.gravatar.com\/avatar\/e8495742d34d0ba6448ea1c628263b3e?s=96&d=mm&r=g\",\"contentUrl\":\"https:\/\/secure.gravatar.com\/avatar\/e8495742d34d0ba6448ea1c628263b3e?s=96&d=mm&r=g\",\"caption\":\"admin\"},\"url\":\"https:\/\/franciscanos.org.br\/noticias\/author\/admin\"}]}<\/script>\n<!-- \/ Yoast SEO plugin. -->","yoast_head_json":{"title":"Escolhida a data para o 1\u00ba Encontro Provincial - Not\u00edcias - Franciscanos","robots":{"index":"index","follow":"follow","max-snippet":"max-snippet:-1","max-image-preview":"max-image-preview:large","max-video-preview":"max-video-preview:-1"},"canonical":"https:\/\/franciscanos.org.br\/noticias\/escolhida-a-data-para-o-1o-encontro-provincial.html","og_locale":"pt_BR","og_type":"article","og_title":"Escolhida a data para o 1\u00ba Encontro Provincial - Not\u00edcias - Franciscanos","og_description":"Frente da Comunica\u00e7\u00e3o","og_url":"https:\/\/franciscanos.org.br\/noticias\/escolhida-a-data-para-o-1o-encontro-provincial.html","og_site_name":"Not\u00edcias - Franciscanos","article_published_time":"2013-04-11T17:20:43+00:00","article_modified_time":"2019-04-29T14:06:43+00:00","og_image":[{"width":273,"height":181,"url":"https:\/\/franciscanos.org.br\/noticias\/wp-content\/uploads\/2013\/04\/fidencio2.jpg","type":"image\/jpeg"}],"author":"admin","twitter_card":"summary_large_image","twitter_misc":{"Escrito por":"admin","Est. tempo de leitura":"2 minutos"},"schema":{"@context":"https:\/\/schema.org","@graph":[{"@type":"WebSite","@id":"https:\/\/franciscanos.org.br\/noticias\/#website","url":"https:\/\/franciscanos.org.br\/noticias\/","name":"Not\u00edcias - Franciscanos","description":"Prov\u00edncia Franciscana da Imaculada Concei\u00e7\u00e3o do Brasil - Ordem dos Frades Menores - OFM","potentialAction":[{"@type":"SearchAction","target":{"@type":"EntryPoint","urlTemplate":"https:\/\/franciscanos.org.br\/noticias\/?s={search_term_string}"},"query-input":"required name=search_term_string"}],"inLanguage":"pt-BR"},{"@type":"ImageObject","inLanguage":"pt-BR","@id":"https:\/\/franciscanos.org.br\/noticias\/escolhida-a-data-para-o-1o-encontro-provincial.html#primaryimage","url":"https:\/\/franciscanos.org.br\/noticias\/wp-content\/uploads\/2013\/04\/fidencio2.jpg","contentUrl":"https:\/\/franciscanos.org.br\/noticias\/wp-content\/uploads\/2013\/04\/fidencio2.jpg","width":273,"height":181},{"@type":"WebPage","@id":"https:\/\/franciscanos.org.br\/noticias\/escolhida-a-data-para-o-1o-encontro-provincial.html#webpage","url":"https:\/\/franciscanos.org.br\/noticias\/escolhida-a-data-para-o-1o-encontro-provincial.html","name":"Escolhida a data para o 1\u00ba Encontro Provincial - Not\u00edcias - Franciscanos","isPartOf":{"@id":"https:\/\/franciscanos.org.br\/noticias\/#website"},"primaryImageOfPage":{"@id":"https:\/\/franciscanos.org.br\/noticias\/escolhida-a-data-para-o-1o-encontro-provincial.html#primaryimage"},"datePublished":"2013-04-11T17:20:43+00:00","dateModified":"2019-04-29T14:06:43+00:00","author":{"@id":"https:\/\/franciscanos.org.br\/noticias\/#\/schema\/person\/b38fbf43118f02820bd932f2e4b14ad3"},"breadcrumb":{"@id":"https:\/\/franciscanos.org.br\/noticias\/escolhida-a-data-para-o-1o-encontro-provincial.html#breadcrumb"},"inLanguage":"pt-BR","potentialAction":[{"@type":"ReadAction","target":["https:\/\/franciscanos.org.br\/noticias\/escolhida-a-data-para-o-1o-encontro-provincial.html"]}]},{"@type":"BreadcrumbList","@id":"https:\/\/franciscanos.org.br\/noticias\/escolhida-a-data-para-o-1o-encontro-provincial.html#breadcrumb","itemListElement":[{"@type":"ListItem","position":1,"name":"Home","item":"https:\/\/franciscanos.org.br\/noticias"},{"@type":"ListItem","position":2,"name":"Escolhida a data para o 1\u00ba Encontro Provincial"}]},{"@type":"Person","@id":"https:\/\/franciscanos.org.br\/noticias\/#\/schema\/person\/b38fbf43118f02820bd932f2e4b14ad3","name":"admin","image":{"@type":"ImageObject","inLanguage":"pt-BR","@id":"https:\/\/franciscanos.org.br\/noticias\/#\/schema\/person\/image\/","url":"https:\/\/secure.gravatar.com\/avatar\/e8495742d34d0ba6448ea1c628263b3e?s=96&d=mm&r=g","contentUrl":"https:\/\/secure.gravatar.com\/avatar\/e8495742d34d0ba6448ea1c628263b3e?s=96&d=mm&r=g","caption":"admin"},"url":"https:\/\/franciscanos.org.br\/noticias\/author\/admin"}]}},"_links":{"self":[{"href":"https:\/\/franciscanos.org.br\/noticias\/wp-json\/wp\/v2\/posts\/36036"}],"collection":[{"href":"https:\/\/franciscanos.org.br\/noticias\/wp-json\/wp\/v2\/posts"}],"about":[{"href":"https:\/\/franciscanos.org.br\/noticias\/wp-json\/wp\/v2\/types\/post"}],"author":[{"embeddable":true,"href":"https:\/\/franciscanos.org.br\/noticias\/wp-json\/wp\/v2\/users\/1"}],"replies":[{"embeddable":true,"href":"https:\/\/franciscanos.org.br\/noticias\/wp-json\/wp\/v2\/comments?post=36036"}],"version-history":[{"count":0,"href":"https:\/\/franciscanos.org.br\/noticias\/wp-json\/wp\/v2\/posts\/36036\/revisions"}],"wp:featuredmedia":[{"embeddable":true,"href":"https:\/\/franciscanos.org.br\/noticias\/wp-json\/wp\/v2\/media\/204034"}],"wp:attachment":[{"href":"https:\/\/franciscanos.org.br\/noticias\/wp-json\/wp\/v2\/media?parent=36036"}],"wp:term":[{"taxonomy":"category","embeddable":true,"href":"https:\/\/franciscanos.org.br\/noticias\/wp-json\/wp\/v2\/categories?post=36036"},{"taxonomy":"post_tag","embeddable":true,"href":"https:\/\/franciscanos.org.br\/noticias\/wp-json\/wp\/v2\/tags?post=36036"}],"curies":[{"name":"wp","href":"https:\/\/api.w.org\/{rel}","templated":true}]}}