{"id":36009,"date":"2013-04-11T07:14:59","date_gmt":"2013-04-11T10:14:59","guid":{"rendered":"http:\/\/new.franciscanos.org.br\/?p=36009"},"modified":"2020-06-11T17:12:56","modified_gmt":"2020-06-11T20:12:56","slug":"ser-cristao-nao-e-cumprir-mandamentos","status":"publish","type":"post","link":"https:\/\/franciscanos.org.br\/noticias\/ser-cristao-nao-e-cumprir-mandamentos.html","title":{"rendered":"&#8220;Ser crist\u00e3o n\u00e3o \u00e9 s\u00f3 cumprir mandamentos&#8221;"},"content":{"rendered":"<p><a href=\"http:\/\/franciscanos.org.br\/wp-content\/uploads\/2013\/04\/papa-francisco.jpg\"><img loading=\"lazy\" title=\"Papa Francisco\" src=\"http:\/\/franciscanos.org.br\/wp-content\/uploads\/2013\/04\/papa-francisco.jpg\" alt=\"\" width=\"830\" height=\"468\" \/><\/a><\/p>\n<p><strong>Cidade do Vaticano<\/strong> \u2013 Na sua segunda Audi\u00eancia geral, com uma Pra\u00e7a de S\u00e3o Pedro cheia de fi\u00e9is, o Santo Padre Francisco retomou as catequeses do Ano da F\u00e9, come\u00e7adas pelo seu predecessor Bento XVI. A ocasi\u00e3o foi prop\u00edcia para explicar a for\u00e7a da mensagem que cont\u00e9m o artigo de f\u00e9 sobre a ressurrei\u00e7\u00e3o de Cristo.<\/p>\n<p>\u201cEste \u00e9 o maior dom que recebemos do Mist\u00e9rio pascal de Jesus\u201d, explicou. A ressurrei\u00e7\u00e3o de Jesus \u00e9 t\u00e3o importante, que, \u00abse Cristo n\u00e3o ressuscitou \u2013 escreve S\u00e3o Paulo \u2013, \u00e9 v\u00e3 a nossa f\u00e9\u00bb. Na verdade, a nossa f\u00e9 apoia-se sobre a morte e ressurrei\u00e7\u00e3o de Cristo como uma casa est\u00e1 apoiada sobre os alicerces: se estes cedem, a casa cai. Na cruz, Jesus ofereceu-Se a Si mesmo, tomando sobre Si os nossos pecados.<\/p>\n<p>Com a Ressurrei\u00e7\u00e3o, algo de absolutamente novo acontece: somos libertados da escravid\u00e3o do pecado e nos tornamos filhos de Deus. Ou seja, somos gerados a uma vida nova no Batismo. E a nossa vida ser\u00e1 nova se nos comportarmos como verdadeiros filhos, deixando que Cristo tome posse da nossa vida e a transforme.<\/p>\n<p>\u201cDeus nos trata como filhos, nos compreende, nos perdoa, nos abra\u00e7a, nos ama mesmo quando erramos. Jamais devemos nos esquecer que Deus \u00e9 fiel, sempre! Ser crist\u00e3os n\u00e3o se reduz a seguir mandamentos, mas quer dizer estar em Cristo, pensar como Ele, agir como Ele, amar como Ele. Cristo ressuscitado \u00e9 a nossa esperan\u00e7a. Deus \u00e9 a nossa for\u00e7a.\u201d<\/p>\n<p>Todavia, adverte o Pont\u00edfice, a tenta\u00e7\u00e3o de deixar Deus de lado para colocar n\u00f3s mesmos no centro est\u00e1 sempre \u00e0 espreita. A experi\u00eancia do pecado fere a nossa vida crist\u00e3, o nosso ser filhos de Deus. Por isso, devemos ter a coragem da f\u00e9, n\u00e3o nos deixando levar pela mentalidade que afirma: \u00abDeus n\u00e3o \u00e9 solu\u00e7\u00e3o, n\u00e3o tem nada de importante para n\u00f3s\u00bb.<\/p>\n<p>\u201cA verdade \u00e9 precisamente o contr\u00e1rio! Somente nos comportando como filhos de Deus, sem nos desencorajar pelas nossas ca\u00eddas, sentindo-se amados por Ele, a nossa vida ser\u00e1 nova, animada pela serenidade e pela alegria.\u201d<\/p>\n<p><strong>Confira na \u00edntegra a catequese do Papa Francisco:<\/strong><\/p>\n<p>Queridos irm\u00e3os e irm\u00e3s,<\/p>\n<p>Bom dia,<\/p>\n<p>hoje voltamos \u00e0s catequeses sobre o Ano da f\u00e9. No Credo repetimos esta express\u00e3o: \u201cressuscitou no terceiro dia segundo as Escrituras\u201d. E \u00e9 este o evento que estamos celebrando: a Ressurrei\u00e7\u00e3o de Jesus, centro da mensagem crist\u00e3, ecoado desde o princ\u00edpio e transmitido para que chegasse at\u00e9 n\u00f3s. S\u00e3o Paulo escreve aos crist\u00e3os de Corinto: \u201cTransmiti-vos, em primeiro lugar, aquilo que eu mesmo recebi; Cristo morreu por nossos pecados, segundo as Escrituras. Foi sepultado, ressuscitou ao terceiro dia, segundo as Escrituras. Apareceu a Cefas e depois aos Doze\u201d (1 Cor 15, 3-5). Esta breve confiss\u00e3o de f\u00e9 anuncia justamente o Mist\u00e9rio Pascal, com as primeiras apari\u00e7\u00f5es do Ressuscitado a Pedro e aos Doze: a Morte e a Ressurrei\u00e7\u00e3o de Jesus s\u00e3o o cora\u00e7\u00e3o da nossa esperan\u00e7a. Sem esta f\u00e9 na morte e na ressurrei\u00e7\u00e3o de Jesus a nossa esperan\u00e7a ser\u00e1 fraca, mas n\u00e3o ser\u00e1 nem sequer esperan\u00e7a, e o cora\u00e7\u00e3o da nossa esperan\u00e7a \u00e9 a morte e a ressurrei\u00e7\u00e3o de Jesus. O Ap\u00f3stolo afirma: \u201cSe Cristo n\u00e3o ressuscitou, v\u00e3 \u00e9 vossa f\u00e9; ainda estais nos vossos pecados\u201d (v. 17). Infelizmente, muitas vezes procurou-se obscurecer a f\u00e9 na Ressurrei\u00e7\u00e3o de Jesus, e tamb\u00e9m entre os mesmos crentes insinuaram-se d\u00favidas. Um pouco aquela f\u00e9 \u201c\u00e1gua com a\u00e7ucar\u201d, como dizemos; n\u00e3o \u00e9 a f\u00e9 forte. E isso por superficialidade, \u00e0s vezes por indiferen\u00e7a, ocupados por v\u00e1rias coisas que s\u00e3o consideradas mais importantes do que a f\u00e9, ou tamb\u00e9m por uma vis\u00e3o s\u00f3 horizontal da vida. Mas, \u00e9 justamente a Ressurrei\u00e7\u00e3o que nos abre \u00e0 esperan\u00e7a maior, porque abre a nossa vida e a vida do mundo ao futuro eterno de Deus, \u00e0 felicidade plena, \u00e0 certeza de que o mal, o pecado, a morte podem ser vencidos. E isto leva a viver com mais confian\u00e7a as realidades cotidianas, enfrent\u00e1-las com coragem e com compromisso. A Ressurrei\u00e7\u00e3o de Cristo ilumina com uma nova luz estas realidades cotidianas. A Ressurrei\u00e7\u00e3o de Cristo \u00e9 a nossa for\u00e7a!<\/p>\n<p>Mas como \u00e9 que nos foi transmitida a verdade de f\u00e9 da Ressurrei\u00e7\u00e3o de Cristo? H\u00e1 dois tipos de testemunhos no Novo Testamento: alguns est\u00e3o na forma de profiss\u00e3o de f\u00e9, ou seja, de f\u00f3rmulas sint\u00e9ticas que mostram o n\u00facleo da f\u00e9; outros, pelo contr\u00e1rio, est\u00e3o na forma de narra\u00e7\u00e3o do evento da Ressurrei\u00e7\u00e3o e dos fatos ligados a ela. A primeira: a forma da profiss\u00e3o de f\u00e9, por exemplo, \u00e9 aquela que acabamos de escutar, como tamb\u00e9m aquela da Carta aos Romanos na qual S\u00e3o Paulo escreve: \u201cPorque, se confessares com tua boca que Jesus \u00e9 Senhor e creres em teu cora\u00e7\u00e3o que Deus o ressuscitou dentre os mortos, ser\u00e1s salvo\u201d (10, 9). Desde os primeiros passos da Igreja \u00e9 bem s\u00f3lida e clara a f\u00e9 no Mist\u00e9rio da Morte e Ressurrei\u00e7\u00e3o de Jesus. Hoje, por\u00e9m, gostaria de deter-me na segunda, nos testemunhos como forma de narra\u00e7\u00e3o, que encontramos nos Evangelhos. Em primeiro lugar notemos que as primeiros testemunhas deste evento foram as mulheres. Na aurora, elas v\u00e3o at\u00e9 o sepulcro para ungir o corpo de Jesus, e encontram o primeiro sinal: o t\u00famulo vazio (Mc 16,1). Depois continua o encontro com um Mensageiro de Deus que anuncia: Jesus de Nazar\u00e9, o Crucificado, n\u00e3o est\u00e1 aqui, ressuscitou (cf. vv 5-6.). As mulheres s\u00e3o movidas pelo amor e sabem acolher este an\u00fancio com f\u00e9: cr\u00eaem, e rapidamente o transmitem, n\u00e3o o guardam para si, transmitem-no. A alegria de saber que Jesus est\u00e1 vivo, a esperan\u00e7a que enche o cora\u00e7\u00e3o, n\u00e3o pode ser contida. Isto tamb\u00e9m deveria acontecer na nossa vida. Sentimos a alegria de ser crist\u00e3os! N\u00f3s cremos num Ressuscitado que venceu o mal e a morte! Temos a coragem de \u201csair\u201d para levar essa alegria e essa luz a todos os lugares da nossa vida\u201d. A Ressurrei\u00e7\u00e3o de Cristo \u00e9 a nossa maior certeza; \u00e9 o tesouro mais precioso! Como n\u00e3o compartilhar com os outros esse tesouro, essa certeza? N\u00e3o \u00e9 s\u00f3 para n\u00f3s, \u00e9 para transmit\u00ed-la, para dar aos outros, compartilhar com os outros. \u00c9 \u00e9 o nosso testemunho.<\/p>\n<p>Um outro elemento. Nas profiss\u00f5es de f\u00e9 do Novo Testamento, como testemunhas da Ressurrei\u00e7\u00e3o s\u00e3o lembrados somente homens, os Ap\u00f3stolos, mas n\u00e3o as mulheres. Isto porque, de acordo com a lei judaica da \u00e9poca, as mulheres e as crian\u00e7as n\u00e3o podiam dar um testemunho confi\u00e1vel, cred\u00edvel. Nos Evangelhos, no entanto, as mulheres t\u00eam um papel primordial, fundamental. Aqui podemos captar um elemento a favor da historicidade da Ressurrei\u00e7\u00e3o: se fosse um fato inventado, no contexto daquela \u00e9poca n\u00e3o teria sido ligado ao testemunho das mulheres. Os evangelistas pelo contr\u00e1rio narram simplesmente o que aconteceu: as mulheres s\u00e3o as primeiras testemunhas. Isso diz que Deus n\u00e3o escolhe de acordo com os crit\u00e9rio humanos: as primeiras testemunhas do nascimento de Jesus s\u00e3o os pastores, gente simples e humilde; as primeiras testemunhas da Ressurrei\u00e7\u00e3o s\u00e3o as mulheres. E isso \u00e9 bonito. E essa \u00e9 um pouco a miss\u00e3o das mulheres: das m\u00e3es, das mulheres! Dar testemunho aos filhos, aos netos, que Jesus est\u00e1 vivo, \u00e9 o vivente, ressuscitou.<\/p>\n<p>M\u00e3es e mulheres, adiante com este testemunho! Para Deus o que conta \u00e9 o cora\u00e7\u00e3o, o quanto estamos abertos \u00e0 Ele, se somos como as crian\u00e7as que confiam. Mas isso nos faz refletir tamb\u00e9m sobre como as mulheres, na Igreja e no caminho de f\u00e9, tenham tido e tamb\u00e9m hoje o tenham, um papel especial no abrir as portas para o Senhor, no segu\u00ed-lo e no comunicar o seu Rosto, porque o olhar de f\u00e9 tem sempre necessidade do olhar simples e profundo do amor. Os Ap\u00f3stolos e os disc\u00edpulos t\u00eam mais dificuldades para crer. As mulheres n\u00e3o. Pedro corre ao sepulcuro, mas fica parado diante do t\u00famulo vazio; Tom\u00e9 tem que tocar com as suas m\u00e3os as feridas do corpo de Jesus. Tamb\u00e9m no nosso caminho de f\u00e9 \u00e9 importante saber e sentir que Deus nos ama, n\u00e3o ter medo de am\u00e1-lo: a f\u00e9 se professa com a boca e com o cora\u00e7\u00e3o, com a palavra e com o amor.<\/p>\n<p>Depois das apari\u00e7\u00f5es \u00e0s mulheres, acontecem outras: Jesus se faz presente de um modo novo: \u00e9 o Crucificado, mas o seu corpo \u00e9 glorioso; n\u00e3o voltou \u00e0 vida terrena, mas numa nova condi\u00e7\u00e3o. No come\u00e7o n\u00e3o o reconhecem, e somente por meio das suas palavras e dos seus gestos que os olhos se abrem: o encontro com o Ressuscitado transforma, d\u00e1 uma nova for\u00e7a \u00e0 f\u00e9, um fundamento inabal\u00e1vel. Tamb\u00e9m para n\u00f3s h\u00e1 tantos sinais em que o Ressuscitado se deixa reconhecer: a Sagrada Escritura, a Eucaristia, os outros sacramentos, a caridade, aqueles gestos de amor que trazem um raio do Ressuscitado. Deixemo-nos iluminar pela Ressurrei\u00e7\u00e3o de Cristo, deixemo-nos transformar pela sua for\u00e7a, para que tamb\u00e9m atrav\u00e9s de n\u00f3s os sinais de morte no mundo cedam o lugar aos sinais de vida. Vi que a pra\u00e7a est\u00e1 cheia de jovens. Eis a\u00ed! Digo a voc\u00eas: Levem adiante esta certeza: o Senhor est\u00e1 vivo e caminha ao nosso lado na vida. Esta \u00e9 a miss\u00e3o de voc\u00eas! Levar adiante esta esperan\u00e7a. Estejam ancorados nessa esperan\u00e7a: esta \u00e2ncora que est\u00e1 no c\u00e9u; segurem forte a corda, estejam ancorados e levem adiante a esperan\u00e7a. Voc\u00eas, testemunhas de Jesus, levem adiante o testemunho de que Jesus est\u00e1 vivo e isto lhes dar\u00e1 esperan\u00e7a, dar\u00e1 esperan\u00e7a a este mundo um pouco envelhecido pelas guerras, pelo mal, pelo pecado. Avante jovens!<\/p>\n<p>&nbsp;<\/p>\n<hr \/>\n<p><em>Fonte: R\u00e1dio Vaticano<\/em><\/p>\n","protected":false},"excerpt":{"rendered":"<p>Audi\u00eancia Geral<\/p>\n","protected":false},"author":1,"featured_media":216613,"comment_status":"closed","ping_status":"closed","sticky":false,"template":"","format":"standard","meta":[],"categories":[1428],"tags":[487],"acf":[],"yoast_head":"<!-- This site is optimized with the Yoast SEO plugin v19.2 - https:\/\/yoast.com\/wordpress\/plugins\/seo\/ -->\n<title>&quot;Ser crist\u00e3o n\u00e3o \u00e9 s\u00f3 cumprir mandamentos&quot; - Not\u00edcias - Franciscanos<\/title>\n<meta name=\"robots\" content=\"index, follow, max-snippet:-1, max-image-preview:large, max-video-preview:-1\" \/>\n<link rel=\"canonical\" href=\"https:\/\/franciscanos.org.br\/noticias\/ser-cristao-nao-e-cumprir-mandamentos.html\" \/>\n<meta property=\"og:locale\" content=\"pt_BR\" \/>\n<meta property=\"og:type\" content=\"article\" \/>\n<meta property=\"og:title\" content=\"&quot;Ser crist\u00e3o n\u00e3o \u00e9 s\u00f3 cumprir mandamentos&quot; - Not\u00edcias - Franciscanos\" \/>\n<meta property=\"og:description\" content=\"Audi\u00eancia Geral\" \/>\n<meta property=\"og:url\" content=\"https:\/\/franciscanos.org.br\/noticias\/ser-cristao-nao-e-cumprir-mandamentos.html\" \/>\n<meta property=\"og:site_name\" content=\"Not\u00edcias - Franciscanos\" \/>\n<meta property=\"article:published_time\" content=\"2013-04-11T10:14:59+00:00\" \/>\n<meta property=\"article:modified_time\" content=\"2020-06-11T20:12:56+00:00\" \/>\n<meta property=\"og:image\" content=\"https:\/\/franciscanos.org.br\/noticias\/wp-content\/uploads\/2013\/07\/papa_francisco1.jpg\" \/>\n\t<meta property=\"og:image:width\" content=\"273\" \/>\n\t<meta property=\"og:image:height\" content=\"181\" \/>\n\t<meta property=\"og:image:type\" content=\"image\/jpeg\" \/>\n<meta name=\"author\" content=\"admin\" \/>\n<meta name=\"twitter:card\" content=\"summary_large_image\" \/>\n<meta name=\"twitter:label1\" content=\"Escrito por\" \/>\n\t<meta name=\"twitter:data1\" content=\"admin\" \/>\n\t<meta name=\"twitter:label2\" content=\"Est. tempo de leitura\" \/>\n\t<meta name=\"twitter:data2\" content=\"8 minutos\" \/>\n<script type=\"application\/ld+json\" class=\"yoast-schema-graph\">{\"@context\":\"https:\/\/schema.org\",\"@graph\":[{\"@type\":\"WebSite\",\"@id\":\"https:\/\/franciscanos.org.br\/noticias\/#website\",\"url\":\"https:\/\/franciscanos.org.br\/noticias\/\",\"name\":\"Not\u00edcias - Franciscanos\",\"description\":\"Prov\u00edncia Franciscana da Imaculada Concei\u00e7\u00e3o do Brasil - Ordem dos Frades Menores - OFM\",\"potentialAction\":[{\"@type\":\"SearchAction\",\"target\":{\"@type\":\"EntryPoint\",\"urlTemplate\":\"https:\/\/franciscanos.org.br\/noticias\/?s={search_term_string}\"},\"query-input\":\"required name=search_term_string\"}],\"inLanguage\":\"pt-BR\"},{\"@type\":\"ImageObject\",\"inLanguage\":\"pt-BR\",\"@id\":\"https:\/\/franciscanos.org.br\/noticias\/ser-cristao-nao-e-cumprir-mandamentos.html#primaryimage\",\"url\":\"https:\/\/franciscanos.org.br\/noticias\/wp-content\/uploads\/2013\/07\/papa_francisco1.jpg\",\"contentUrl\":\"https:\/\/franciscanos.org.br\/noticias\/wp-content\/uploads\/2013\/07\/papa_francisco1.jpg\",\"width\":273,\"height\":181},{\"@type\":\"WebPage\",\"@id\":\"https:\/\/franciscanos.org.br\/noticias\/ser-cristao-nao-e-cumprir-mandamentos.html#webpage\",\"url\":\"https:\/\/franciscanos.org.br\/noticias\/ser-cristao-nao-e-cumprir-mandamentos.html\",\"name\":\"\\\"Ser crist\u00e3o n\u00e3o \u00e9 s\u00f3 cumprir mandamentos\\\" - Not\u00edcias - Franciscanos\",\"isPartOf\":{\"@id\":\"https:\/\/franciscanos.org.br\/noticias\/#website\"},\"primaryImageOfPage\":{\"@id\":\"https:\/\/franciscanos.org.br\/noticias\/ser-cristao-nao-e-cumprir-mandamentos.html#primaryimage\"},\"datePublished\":\"2013-04-11T10:14:59+00:00\",\"dateModified\":\"2020-06-11T20:12:56+00:00\",\"author\":{\"@id\":\"https:\/\/franciscanos.org.br\/noticias\/#\/schema\/person\/b38fbf43118f02820bd932f2e4b14ad3\"},\"breadcrumb\":{\"@id\":\"https:\/\/franciscanos.org.br\/noticias\/ser-cristao-nao-e-cumprir-mandamentos.html#breadcrumb\"},\"inLanguage\":\"pt-BR\",\"potentialAction\":[{\"@type\":\"ReadAction\",\"target\":[\"https:\/\/franciscanos.org.br\/noticias\/ser-cristao-nao-e-cumprir-mandamentos.html\"]}]},{\"@type\":\"BreadcrumbList\",\"@id\":\"https:\/\/franciscanos.org.br\/noticias\/ser-cristao-nao-e-cumprir-mandamentos.html#breadcrumb\",\"itemListElement\":[{\"@type\":\"ListItem\",\"position\":1,\"name\":\"Home\",\"item\":\"https:\/\/franciscanos.org.br\/noticias\"},{\"@type\":\"ListItem\",\"position\":2,\"name\":\"&#8220;Ser crist\u00e3o n\u00e3o \u00e9 s\u00f3 cumprir mandamentos&#8221;\"}]},{\"@type\":\"Person\",\"@id\":\"https:\/\/franciscanos.org.br\/noticias\/#\/schema\/person\/b38fbf43118f02820bd932f2e4b14ad3\",\"name\":\"admin\",\"image\":{\"@type\":\"ImageObject\",\"inLanguage\":\"pt-BR\",\"@id\":\"https:\/\/franciscanos.org.br\/noticias\/#\/schema\/person\/image\/\",\"url\":\"https:\/\/secure.gravatar.com\/avatar\/e8495742d34d0ba6448ea1c628263b3e?s=96&d=mm&r=g\",\"contentUrl\":\"https:\/\/secure.gravatar.com\/avatar\/e8495742d34d0ba6448ea1c628263b3e?s=96&d=mm&r=g\",\"caption\":\"admin\"},\"url\":\"https:\/\/franciscanos.org.br\/noticias\/author\/admin\"}]}<\/script>\n<!-- \/ Yoast SEO plugin. -->","yoast_head_json":{"title":"\"Ser crist\u00e3o n\u00e3o \u00e9 s\u00f3 cumprir mandamentos\" - Not\u00edcias - Franciscanos","robots":{"index":"index","follow":"follow","max-snippet":"max-snippet:-1","max-image-preview":"max-image-preview:large","max-video-preview":"max-video-preview:-1"},"canonical":"https:\/\/franciscanos.org.br\/noticias\/ser-cristao-nao-e-cumprir-mandamentos.html","og_locale":"pt_BR","og_type":"article","og_title":"\"Ser crist\u00e3o n\u00e3o \u00e9 s\u00f3 cumprir mandamentos\" - Not\u00edcias - Franciscanos","og_description":"Audi\u00eancia Geral","og_url":"https:\/\/franciscanos.org.br\/noticias\/ser-cristao-nao-e-cumprir-mandamentos.html","og_site_name":"Not\u00edcias - Franciscanos","article_published_time":"2013-04-11T10:14:59+00:00","article_modified_time":"2020-06-11T20:12:56+00:00","og_image":[{"width":273,"height":181,"url":"https:\/\/franciscanos.org.br\/noticias\/wp-content\/uploads\/2013\/07\/papa_francisco1.jpg","type":"image\/jpeg"}],"author":"admin","twitter_card":"summary_large_image","twitter_misc":{"Escrito por":"admin","Est. tempo de leitura":"8 minutos"},"schema":{"@context":"https:\/\/schema.org","@graph":[{"@type":"WebSite","@id":"https:\/\/franciscanos.org.br\/noticias\/#website","url":"https:\/\/franciscanos.org.br\/noticias\/","name":"Not\u00edcias - Franciscanos","description":"Prov\u00edncia Franciscana da Imaculada Concei\u00e7\u00e3o do Brasil - Ordem dos Frades Menores - OFM","potentialAction":[{"@type":"SearchAction","target":{"@type":"EntryPoint","urlTemplate":"https:\/\/franciscanos.org.br\/noticias\/?s={search_term_string}"},"query-input":"required name=search_term_string"}],"inLanguage":"pt-BR"},{"@type":"ImageObject","inLanguage":"pt-BR","@id":"https:\/\/franciscanos.org.br\/noticias\/ser-cristao-nao-e-cumprir-mandamentos.html#primaryimage","url":"https:\/\/franciscanos.org.br\/noticias\/wp-content\/uploads\/2013\/07\/papa_francisco1.jpg","contentUrl":"https:\/\/franciscanos.org.br\/noticias\/wp-content\/uploads\/2013\/07\/papa_francisco1.jpg","width":273,"height":181},{"@type":"WebPage","@id":"https:\/\/franciscanos.org.br\/noticias\/ser-cristao-nao-e-cumprir-mandamentos.html#webpage","url":"https:\/\/franciscanos.org.br\/noticias\/ser-cristao-nao-e-cumprir-mandamentos.html","name":"\"Ser crist\u00e3o n\u00e3o \u00e9 s\u00f3 cumprir mandamentos\" - Not\u00edcias - Franciscanos","isPartOf":{"@id":"https:\/\/franciscanos.org.br\/noticias\/#website"},"primaryImageOfPage":{"@id":"https:\/\/franciscanos.org.br\/noticias\/ser-cristao-nao-e-cumprir-mandamentos.html#primaryimage"},"datePublished":"2013-04-11T10:14:59+00:00","dateModified":"2020-06-11T20:12:56+00:00","author":{"@id":"https:\/\/franciscanos.org.br\/noticias\/#\/schema\/person\/b38fbf43118f02820bd932f2e4b14ad3"},"breadcrumb":{"@id":"https:\/\/franciscanos.org.br\/noticias\/ser-cristao-nao-e-cumprir-mandamentos.html#breadcrumb"},"inLanguage":"pt-BR","potentialAction":[{"@type":"ReadAction","target":["https:\/\/franciscanos.org.br\/noticias\/ser-cristao-nao-e-cumprir-mandamentos.html"]}]},{"@type":"BreadcrumbList","@id":"https:\/\/franciscanos.org.br\/noticias\/ser-cristao-nao-e-cumprir-mandamentos.html#breadcrumb","itemListElement":[{"@type":"ListItem","position":1,"name":"Home","item":"https:\/\/franciscanos.org.br\/noticias"},{"@type":"ListItem","position":2,"name":"&#8220;Ser crist\u00e3o n\u00e3o \u00e9 s\u00f3 cumprir mandamentos&#8221;"}]},{"@type":"Person","@id":"https:\/\/franciscanos.org.br\/noticias\/#\/schema\/person\/b38fbf43118f02820bd932f2e4b14ad3","name":"admin","image":{"@type":"ImageObject","inLanguage":"pt-BR","@id":"https:\/\/franciscanos.org.br\/noticias\/#\/schema\/person\/image\/","url":"https:\/\/secure.gravatar.com\/avatar\/e8495742d34d0ba6448ea1c628263b3e?s=96&d=mm&r=g","contentUrl":"https:\/\/secure.gravatar.com\/avatar\/e8495742d34d0ba6448ea1c628263b3e?s=96&d=mm&r=g","caption":"admin"},"url":"https:\/\/franciscanos.org.br\/noticias\/author\/admin"}]}},"_links":{"self":[{"href":"https:\/\/franciscanos.org.br\/noticias\/wp-json\/wp\/v2\/posts\/36009"}],"collection":[{"href":"https:\/\/franciscanos.org.br\/noticias\/wp-json\/wp\/v2\/posts"}],"about":[{"href":"https:\/\/franciscanos.org.br\/noticias\/wp-json\/wp\/v2\/types\/post"}],"author":[{"embeddable":true,"href":"https:\/\/franciscanos.org.br\/noticias\/wp-json\/wp\/v2\/users\/1"}],"replies":[{"embeddable":true,"href":"https:\/\/franciscanos.org.br\/noticias\/wp-json\/wp\/v2\/comments?post=36009"}],"version-history":[{"count":1,"href":"https:\/\/franciscanos.org.br\/noticias\/wp-json\/wp\/v2\/posts\/36009\/revisions"}],"predecessor-version":[{"id":226379,"href":"https:\/\/franciscanos.org.br\/noticias\/wp-json\/wp\/v2\/posts\/36009\/revisions\/226379"}],"wp:featuredmedia":[{"embeddable":true,"href":"https:\/\/franciscanos.org.br\/noticias\/wp-json\/wp\/v2\/media\/216613"}],"wp:attachment":[{"href":"https:\/\/franciscanos.org.br\/noticias\/wp-json\/wp\/v2\/media?parent=36009"}],"wp:term":[{"taxonomy":"category","embeddable":true,"href":"https:\/\/franciscanos.org.br\/noticias\/wp-json\/wp\/v2\/categories?post=36009"},{"taxonomy":"post_tag","embeddable":true,"href":"https:\/\/franciscanos.org.br\/noticias\/wp-json\/wp\/v2\/tags?post=36009"}],"curies":[{"name":"wp","href":"https:\/\/api.w.org\/{rel}","templated":true}]}}