{"id":35965,"date":"2013-04-10T07:37:33","date_gmt":"2013-04-10T10:37:33","guid":{"rendered":"http:\/\/new.franciscanos.org.br\/?p=35965"},"modified":"2020-01-28T10:53:00","modified_gmt":"2020-01-28T13:53:00","slug":"realizada-primeira-assembleia-do-trienio-em-rondinha","status":"publish","type":"post","link":"https:\/\/franciscanos.org.br\/noticias\/realizada-primeira-assembleia-do-trienio-em-rondinha.html","title":{"rendered":"Realizada primeira Assembleia do tri\u00eanio em Rondinha"},"content":{"rendered":"<p><img loading=\"lazy\" title=\"rondinha_m\" src=\"http:\/\/franciscanos.org.br\/wp-content\/uploads\/2013\/04\/rondinha_m.jpg\" alt=\"\" width=\"830\" height=\"467\" \/><\/p>\n<p><strong>Por Frei Diego Atalino de Melo<\/strong><\/p>\n<p>O Servi\u00e7o de Anima\u00e7\u00e3o Vocacional (SAV) realizou a sua primeira assembleia do tri\u00eanio, durante os dias 8 e 9 de abril, no Convento S\u00e3o Boaventura, em Campo Largo \u2013 PR.<\/p>\n<p>Ao todo estavam presentes 36 frades provindos dos diferentes regionais e fraternidades da Prov\u00edncia que se reuniram para repensar e planejar as atividades do SAV dentro da perspectiva do redimensionamento proposto pelo \u00faltimo Cap\u00edtulo Provincial.<\/p>\n<p>O encontro iniciou com a reflex\u00e3o e o aprofundamento da tem\u00e1tica juvenil e vocacional a partir de um texto do Irm\u00e3o Marista James Pinheiro dos Santos, cujo t\u00edtulo \u00e9 \u201cJuventude e Voca\u00e7\u00e3o: realidades juvenis no contexto vocacional\u201d.<\/p>\n<p>Al\u00e9m desse aspecto formativo, os animadores vocacionais puderam refletir, partilhar e redimensionar as atividades do SAV, procurando dar maior prioridade para o trabalho com as juventudes, bem como incentivar as iniciativas que t\u00eam sido eficazes e frutuosas.<\/p>\n<p>Assim, agradecemos \u00e0 Fraternidade S\u00e3o Boaventura que t\u00e3o fraternamente nos acolheu para esse encontro Provincial, fazendo votos de que possamos continuar apostando nesse trabalho vocacional como uma das prioridades de nossa vida.<\/p>\n","protected":false},"excerpt":{"rendered":"<p>SAV<\/p>\n","protected":false},"author":1,"featured_media":216646,"comment_status":"closed","ping_status":"open","sticky":false,"template":"","format":"standard","meta":[],"categories":[1],"tags":[591],"acf":[],"yoast_head":"<!-- This site is optimized with the Yoast SEO plugin v19.2 - https:\/\/yoast.com\/wordpress\/plugins\/seo\/ -->\n<title>Realizada primeira Assembleia do tri\u00eanio em Rondinha - Not\u00edcias - Franciscanos<\/title>\n<meta name=\"robots\" content=\"index, follow, max-snippet:-1, max-image-preview:large, max-video-preview:-1\" \/>\n<link rel=\"canonical\" href=\"https:\/\/franciscanos.org.br\/noticias\/realizada-primeira-assembleia-do-trienio-em-rondinha.html\" \/>\n<meta property=\"og:locale\" content=\"pt_BR\" \/>\n<meta property=\"og:type\" content=\"article\" \/>\n<meta property=\"og:title\" content=\"Realizada primeira Assembleia do tri\u00eanio em Rondinha - Not\u00edcias - Franciscanos\" \/>\n<meta property=\"og:description\" content=\"SAV\" \/>\n<meta property=\"og:url\" content=\"https:\/\/franciscanos.org.br\/noticias\/realizada-primeira-assembleia-do-trienio-em-rondinha.html\" \/>\n<meta property=\"og:site_name\" content=\"Not\u00edcias - Franciscanos\" \/>\n<meta property=\"article:published_time\" content=\"2013-04-10T10:37:33+00:00\" \/>\n<meta property=\"article:modified_time\" content=\"2020-01-28T13:53:00+00:00\" \/>\n<meta property=\"og:image\" content=\"https:\/\/franciscanos.org.br\/noticias\/wp-content\/uploads\/2013\/04\/rondinha_m.jpg\" \/>\n\t<meta property=\"og:image:width\" content=\"273\" \/>\n\t<meta property=\"og:image:height\" content=\"181\" \/>\n\t<meta property=\"og:image:type\" content=\"image\/jpeg\" \/>\n<meta name=\"author\" content=\"admin\" \/>\n<meta name=\"twitter:card\" content=\"summary_large_image\" \/>\n<meta name=\"twitter:label1\" content=\"Escrito por\" \/>\n\t<meta name=\"twitter:data1\" content=\"admin\" \/>\n\t<meta name=\"twitter:label2\" content=\"Est. tempo de leitura\" \/>\n\t<meta name=\"twitter:data2\" content=\"1 minuto\" \/>\n<script type=\"application\/ld+json\" class=\"yoast-schema-graph\">{\"@context\":\"https:\/\/schema.org\",\"@graph\":[{\"@type\":\"WebSite\",\"@id\":\"https:\/\/franciscanos.org.br\/noticias\/#website\",\"url\":\"https:\/\/franciscanos.org.br\/noticias\/\",\"name\":\"Not\u00edcias - Franciscanos\",\"description\":\"Prov\u00edncia Franciscana da Imaculada Concei\u00e7\u00e3o do Brasil - Ordem dos Frades Menores - OFM\",\"potentialAction\":[{\"@type\":\"SearchAction\",\"target\":{\"@type\":\"EntryPoint\",\"urlTemplate\":\"https:\/\/franciscanos.org.br\/noticias\/?s={search_term_string}\"},\"query-input\":\"required name=search_term_string\"}],\"inLanguage\":\"pt-BR\"},{\"@type\":\"ImageObject\",\"inLanguage\":\"pt-BR\",\"@id\":\"https:\/\/franciscanos.org.br\/noticias\/realizada-primeira-assembleia-do-trienio-em-rondinha.html#primaryimage\",\"url\":\"https:\/\/franciscanos.org.br\/noticias\/wp-content\/uploads\/2013\/04\/rondinha_m.jpg\",\"contentUrl\":\"https:\/\/franciscanos.org.br\/noticias\/wp-content\/uploads\/2013\/04\/rondinha_m.jpg\",\"width\":273,\"height\":181},{\"@type\":\"WebPage\",\"@id\":\"https:\/\/franciscanos.org.br\/noticias\/realizada-primeira-assembleia-do-trienio-em-rondinha.html#webpage\",\"url\":\"https:\/\/franciscanos.org.br\/noticias\/realizada-primeira-assembleia-do-trienio-em-rondinha.html\",\"name\":\"Realizada primeira Assembleia do tri\u00eanio em Rondinha - Not\u00edcias - Franciscanos\",\"isPartOf\":{\"@id\":\"https:\/\/franciscanos.org.br\/noticias\/#website\"},\"primaryImageOfPage\":{\"@id\":\"https:\/\/franciscanos.org.br\/noticias\/realizada-primeira-assembleia-do-trienio-em-rondinha.html#primaryimage\"},\"datePublished\":\"2013-04-10T10:37:33+00:00\",\"dateModified\":\"2020-01-28T13:53:00+00:00\",\"author\":{\"@id\":\"https:\/\/franciscanos.org.br\/noticias\/#\/schema\/person\/b38fbf43118f02820bd932f2e4b14ad3\"},\"breadcrumb\":{\"@id\":\"https:\/\/franciscanos.org.br\/noticias\/realizada-primeira-assembleia-do-trienio-em-rondinha.html#breadcrumb\"},\"inLanguage\":\"pt-BR\",\"potentialAction\":[{\"@type\":\"ReadAction\",\"target\":[\"https:\/\/franciscanos.org.br\/noticias\/realizada-primeira-assembleia-do-trienio-em-rondinha.html\"]}]},{\"@type\":\"BreadcrumbList\",\"@id\":\"https:\/\/franciscanos.org.br\/noticias\/realizada-primeira-assembleia-do-trienio-em-rondinha.html#breadcrumb\",\"itemListElement\":[{\"@type\":\"ListItem\",\"position\":1,\"name\":\"Home\",\"item\":\"https:\/\/franciscanos.org.br\/noticias\"},{\"@type\":\"ListItem\",\"position\":2,\"name\":\"Realizada primeira Assembleia do tri\u00eanio em Rondinha\"}]},{\"@type\":\"Person\",\"@id\":\"https:\/\/franciscanos.org.br\/noticias\/#\/schema\/person\/b38fbf43118f02820bd932f2e4b14ad3\",\"name\":\"admin\",\"image\":{\"@type\":\"ImageObject\",\"inLanguage\":\"pt-BR\",\"@id\":\"https:\/\/franciscanos.org.br\/noticias\/#\/schema\/person\/image\/\",\"url\":\"https:\/\/secure.gravatar.com\/avatar\/e8495742d34d0ba6448ea1c628263b3e?s=96&d=mm&r=g\",\"contentUrl\":\"https:\/\/secure.gravatar.com\/avatar\/e8495742d34d0ba6448ea1c628263b3e?s=96&d=mm&r=g\",\"caption\":\"admin\"},\"url\":\"https:\/\/franciscanos.org.br\/noticias\/author\/admin\"}]}<\/script>\n<!-- \/ Yoast SEO plugin. -->","yoast_head_json":{"title":"Realizada primeira Assembleia do tri\u00eanio em Rondinha - Not\u00edcias - Franciscanos","robots":{"index":"index","follow":"follow","max-snippet":"max-snippet:-1","max-image-preview":"max-image-preview:large","max-video-preview":"max-video-preview:-1"},"canonical":"https:\/\/franciscanos.org.br\/noticias\/realizada-primeira-assembleia-do-trienio-em-rondinha.html","og_locale":"pt_BR","og_type":"article","og_title":"Realizada primeira Assembleia do tri\u00eanio em Rondinha - Not\u00edcias - Franciscanos","og_description":"SAV","og_url":"https:\/\/franciscanos.org.br\/noticias\/realizada-primeira-assembleia-do-trienio-em-rondinha.html","og_site_name":"Not\u00edcias - Franciscanos","article_published_time":"2013-04-10T10:37:33+00:00","article_modified_time":"2020-01-28T13:53:00+00:00","og_image":[{"width":273,"height":181,"url":"https:\/\/franciscanos.org.br\/noticias\/wp-content\/uploads\/2013\/04\/rondinha_m.jpg","type":"image\/jpeg"}],"author":"admin","twitter_card":"summary_large_image","twitter_misc":{"Escrito por":"admin","Est. tempo de leitura":"1 minuto"},"schema":{"@context":"https:\/\/schema.org","@graph":[{"@type":"WebSite","@id":"https:\/\/franciscanos.org.br\/noticias\/#website","url":"https:\/\/franciscanos.org.br\/noticias\/","name":"Not\u00edcias - Franciscanos","description":"Prov\u00edncia Franciscana da Imaculada Concei\u00e7\u00e3o do Brasil - Ordem dos Frades Menores - OFM","potentialAction":[{"@type":"SearchAction","target":{"@type":"EntryPoint","urlTemplate":"https:\/\/franciscanos.org.br\/noticias\/?s={search_term_string}"},"query-input":"required name=search_term_string"}],"inLanguage":"pt-BR"},{"@type":"ImageObject","inLanguage":"pt-BR","@id":"https:\/\/franciscanos.org.br\/noticias\/realizada-primeira-assembleia-do-trienio-em-rondinha.html#primaryimage","url":"https:\/\/franciscanos.org.br\/noticias\/wp-content\/uploads\/2013\/04\/rondinha_m.jpg","contentUrl":"https:\/\/franciscanos.org.br\/noticias\/wp-content\/uploads\/2013\/04\/rondinha_m.jpg","width":273,"height":181},{"@type":"WebPage","@id":"https:\/\/franciscanos.org.br\/noticias\/realizada-primeira-assembleia-do-trienio-em-rondinha.html#webpage","url":"https:\/\/franciscanos.org.br\/noticias\/realizada-primeira-assembleia-do-trienio-em-rondinha.html","name":"Realizada primeira Assembleia do tri\u00eanio em Rondinha - Not\u00edcias - Franciscanos","isPartOf":{"@id":"https:\/\/franciscanos.org.br\/noticias\/#website"},"primaryImageOfPage":{"@id":"https:\/\/franciscanos.org.br\/noticias\/realizada-primeira-assembleia-do-trienio-em-rondinha.html#primaryimage"},"datePublished":"2013-04-10T10:37:33+00:00","dateModified":"2020-01-28T13:53:00+00:00","author":{"@id":"https:\/\/franciscanos.org.br\/noticias\/#\/schema\/person\/b38fbf43118f02820bd932f2e4b14ad3"},"breadcrumb":{"@id":"https:\/\/franciscanos.org.br\/noticias\/realizada-primeira-assembleia-do-trienio-em-rondinha.html#breadcrumb"},"inLanguage":"pt-BR","potentialAction":[{"@type":"ReadAction","target":["https:\/\/franciscanos.org.br\/noticias\/realizada-primeira-assembleia-do-trienio-em-rondinha.html"]}]},{"@type":"BreadcrumbList","@id":"https:\/\/franciscanos.org.br\/noticias\/realizada-primeira-assembleia-do-trienio-em-rondinha.html#breadcrumb","itemListElement":[{"@type":"ListItem","position":1,"name":"Home","item":"https:\/\/franciscanos.org.br\/noticias"},{"@type":"ListItem","position":2,"name":"Realizada primeira Assembleia do tri\u00eanio em Rondinha"}]},{"@type":"Person","@id":"https:\/\/franciscanos.org.br\/noticias\/#\/schema\/person\/b38fbf43118f02820bd932f2e4b14ad3","name":"admin","image":{"@type":"ImageObject","inLanguage":"pt-BR","@id":"https:\/\/franciscanos.org.br\/noticias\/#\/schema\/person\/image\/","url":"https:\/\/secure.gravatar.com\/avatar\/e8495742d34d0ba6448ea1c628263b3e?s=96&d=mm&r=g","contentUrl":"https:\/\/secure.gravatar.com\/avatar\/e8495742d34d0ba6448ea1c628263b3e?s=96&d=mm&r=g","caption":"admin"},"url":"https:\/\/franciscanos.org.br\/noticias\/author\/admin"}]}},"_links":{"self":[{"href":"https:\/\/franciscanos.org.br\/noticias\/wp-json\/wp\/v2\/posts\/35965"}],"collection":[{"href":"https:\/\/franciscanos.org.br\/noticias\/wp-json\/wp\/v2\/posts"}],"about":[{"href":"https:\/\/franciscanos.org.br\/noticias\/wp-json\/wp\/v2\/types\/post"}],"author":[{"embeddable":true,"href":"https:\/\/franciscanos.org.br\/noticias\/wp-json\/wp\/v2\/users\/1"}],"replies":[{"embeddable":true,"href":"https:\/\/franciscanos.org.br\/noticias\/wp-json\/wp\/v2\/comments?post=35965"}],"version-history":[{"count":0,"href":"https:\/\/franciscanos.org.br\/noticias\/wp-json\/wp\/v2\/posts\/35965\/revisions"}],"wp:featuredmedia":[{"embeddable":true,"href":"https:\/\/franciscanos.org.br\/noticias\/wp-json\/wp\/v2\/media\/216646"}],"wp:attachment":[{"href":"https:\/\/franciscanos.org.br\/noticias\/wp-json\/wp\/v2\/media?parent=35965"}],"wp:term":[{"taxonomy":"category","embeddable":true,"href":"https:\/\/franciscanos.org.br\/noticias\/wp-json\/wp\/v2\/categories?post=35965"},{"taxonomy":"post_tag","embeddable":true,"href":"https:\/\/franciscanos.org.br\/noticias\/wp-json\/wp\/v2\/tags?post=35965"}],"curies":[{"name":"wp","href":"https:\/\/api.w.org\/{rel}","templated":true}]}}