{"id":35613,"date":"2013-04-15T01:35:57","date_gmt":"2013-04-15T04:35:57","guid":{"rendered":"http:\/\/new.franciscanos.org.br\/?p=35613"},"modified":"2020-06-22T17:00:15","modified_gmt":"2020-06-22T20:00:15","slug":"35613","status":"publish","type":"post","link":"https:\/\/franciscanos.org.br\/noticias\/35613.html","title":{"rendered":"Frei Rodrigo ser\u00e1 ordenado presb\u00edtero no dia 20"},"content":{"rendered":"<p align=\"center\"><img loading=\"lazy\" src=\"https:\/\/franciscanos.org.br\/noticias\/wp-content\/uploads\/2013\/04\/rodrigo_0307.jpg\" alt=\"\" width=\"890\" height=\"593\" \/><\/p>\n<p style=\"text-align: left;\" align=\"center\"><strong>Por Moacir Beggo<\/strong><\/p>\n<p><em>Mineiro de S\u00e3o Louren\u00e7o, regi\u00e3o Sul do Estado, Frei Rodrigo da Silva Santos ser\u00e1 ordenado presb\u00edtero no dia 20 de abril, \u00e0s 10 horas, na Par\u00f3quia S\u00e3o Louren\u00e7o M\u00e1rtir, em S\u00e3o Louren\u00e7o (MG), pelo bispo Dom Diamantino Prata de Carvalho, OFM, bispo da Diocese de Campanha. Desde pequeno, como coroinha na Matriz de S\u00e3o Louren\u00e7o, o garoto Rodrigo j\u00e1 havia manifestado sua voca\u00e7\u00e3o. Desde que tomou a decis\u00e3o de ingressar no Semin\u00e1rio, o garoto Rodrigo sempre contou com o apoio dos\u00a0 pais, Adilson e Regina, e dos irm\u00e3os Marcelo e Felipe (ele \u00e9 o do meio).\u00a0 \u201cPelo meu contato com os frades e participa\u00e7\u00e3o na Igreja, eles j\u00e1 desconfiavam que esta seria minha op\u00e7\u00e3o de vida, antes mesmo de contar para eles\u201d, recorda. Mas segundo o frade,\u00a0 \u201co ser religioso franciscano\u201d \u00e9 uma novidade na fam\u00edlia. \u201cE muitas coisas\u00a0 tenho que explicar para que eles compreendam nosso estilo de vida. Mas acredito que\u00a0 estejam felizes percebendo o qu\u00e3o realizado e feliz eu me mostro pela caminhada que fiz e estou fazendo. A alegria dos pais \u00e9 ver a alegria dos filhos, onde quer que eles estejam\u201d, acredita Frei Rodrigo. Frei Rodrigo nasceu no dia 30 de abril de 1984 e ingressou na Ordem Franciscana no dia 8 de janeiro de 2005. Sua Primeira Missa ser\u00e1 celebrada no dia 21 de abril, \u00e0s 8 horas, tendo como pregador Frei Adriano Dias do Nascimento. Frei Rodrigo escolheu como lema \u201cA obra de Deus \u00e9 esta: crer naquele que Ele enviou\u201d (Jo 6,29).<\/em><\/p>\n<p><strong>Site Franciscanos \u2013 Como voc\u00ea sentiu o chamado \u00e0 vida religiosa?<\/strong><\/p>\n<p><strong>Frei Rodrigo &#8211;<\/strong>\u00a0Durante anos frequentava a igreja Matriz de minha cidade e ajudava como coroinha nas missas, primeiro pertencendo ao grupo dos mais pequenos, conduzido pelo Frei Aymor\u00e9, e, depois de algum tempo e \u00e0 convite de Frei Adriano Dias do Nascimento, no grupo dos coroinhas mais velhos. Nesta \u00e9poca, Frei Perceval (Canuto Carvalho) era o animador vocacional da cidade e, numa ideia de mestre, decidiu reunir o grupo dos coroinhas com o grupo vocacional. Desta conviv\u00eancia com os frades, na vida celebrativa de minha comunidade e ouvindo falar de S\u00e3o Francisco de Assis, falei aos meus pais que gostaria de ser religioso franciscano. Se, num primeiro momento isso n\u00e3o passava, para mim, de um padre com h\u00e1bito, fui descobrindo e me apaixonando por esta vida de doa\u00e7\u00e3o, servi\u00e7o e viv\u00eancia do Evangelho. Hoje, n\u00e3o me vejo vivendo de outra forma, feliz pelos frades estarem em minha cidade evangelizando e acolhendo aqueles que inspiravam \u00e0 mesma forma de vida.<\/p>\n<p><strong>Site Franciscanos &#8211;\u00a0O que significa para voc\u00ea ser presb\u00edtero?<\/strong><\/p>\n<p><strong>Frei Rodrigo &#8211;<\/strong>\u00a0Como frades franciscanos, nossa primeira voca\u00e7\u00e3o \u00e9 a de sermos religiosos na Igreja. De sermos sinais vivos de que a vida evang\u00e9lica \u00e9 poss\u00edvel de ser vivida e, al\u00e9m disso, em comunidade, como irm\u00e3os. Nossa entrega de vida \u00e9 feita a partir do Noviciado e, de uma forma solene e perp\u00e9tua, ap\u00f3s alguns anos de confronto com esta forma de vida, n\u00e3o requerendo mais ser reafirmada perante a Igreja. Este \u00e9 o momento decisivo e marcante da vida do religioso franciscano. Entretanto, alguns de n\u00f3s acabam sendo chamados ao minist\u00e9rio ordenado. Para mim, como o pr\u00f3prio termo define, considero o ser presb\u00edtero como minist\u00e9rio ao qual a Igreja me confia para que o coloque a servi\u00e7o da pr\u00f3pria Igreja. Ser presb\u00edtero, assim, \u00e9 assumir esta miss\u00e3o, junto ao Povo de Deus, sendo membro do Povo de Deus, de an\u00fancio do Evangelho, testemunho de vida crist\u00e3 e discernimento de nossa f\u00e9.<\/p>\n<p><strong>Site Franciscanos &#8211;\u00a0\u00a0Quais os desafios de um jovem futuro presb\u00edtero neste mundo globalizado?<\/strong><\/p>\n<p><strong>Frei Rodrigo &#8211;<\/strong>\u00a0Vivemos, hoje, num mundo de constantes mudan\u00e7as e que nos imp\u00f5e desafios para os quais a Igreja luta por encontrar uma resposta que atenda aos anseios da humanidade. Ser presb\u00edtero no mundo atual \u00e9 empenhar-se no di\u00e1logo com os diversos grupos da sociedade, buscando entender como o Evangelho lan\u00e7a luz sobre as maiores crises e dificuldades enfrentadas pelo homem moderno. Entretanto, o mundo tamb\u00e9m espera de n\u00f3s clareza e discernimento sobre aquilo que somos e o que propomos, para n\u00e3o perder a identidade crist\u00e3. Ser presb\u00edtero, portanto, neste contexto \u00e9 enfrentar com boa vontade os desafios que o mundo nos imp\u00f5e, n\u00e3o lutar por uma Igreja certa de suas verdades, apegada ao seu status quo, mas certo de seu valor e import\u00e2ncia para a sociedade.<\/p>\n<p><strong>Site Franciscanos &#8211;\u00a0O que voc\u00ea diria para um jovem que quer ser sacerdote segundo o carisma franciscano?<\/strong><\/p>\n<p><strong>Frei Rodrigo &#8211;<\/strong>\u00a0Meu irm\u00e3o, a Igreja precisa de jovens dispostos a evangelizar, capazes de compreender seus anseios e falar-lhes sobre o Evangelho. Precisa de jovens alegres e felizes por trabalhar em prol do Reino de Deus, desejosos de estar junto aos exclu\u00eddos e empobrecidos, de levar-lhes a Boa Nova do Deus de miseric\u00f3rdia e perd\u00e3o, que ama a todos sem distin\u00e7\u00e3o. A Igreja precisa de voc\u00ea, se voc\u00ea quiser colocar-se a servi\u00e7o do pr\u00f3ximo,\u00a0 ser solid\u00e1rio com suas necessidades, gui\u00e1-lo pela verdade do Evangelho, se estiver dispon\u00edvel, estamos de bra\u00e7os abertos para acolh\u00ea-lo e mostrar-lhe a melhor forma de seguir sua voca\u00e7\u00e3o a partir do carisma do Santo de Assis.<\/p>\n<p><strong>Site Franciscanos &#8211;\u00a0Sua primeira transfer\u00eancia, ap\u00f3s o tempo da Forma\u00e7\u00e3o Inicial, foi para o Semin\u00e1rio S\u00e3o Francisco de Assis, local do in\u00edcio de sua caminhada formativa. Como tem sido esta nova experi\u00eancia?<\/strong><\/p>\n<p><strong>Frei Rodrigo &#8211;<\/strong>\u00a0Morar no Semin\u00e1rio S\u00e3o Francisco de Assis tem sido uma experi\u00eancia enriquecedora. Nestes primeiros meses de conv\u00edvio com a nova fraternidade constitu\u00edda, bem como com os 24 seminaristas deste ano, fui me familiarizando com este novo trabalho e fun\u00e7\u00f5es atribu\u00eddas pela Prov\u00edncia, como professor e vice-orientador. Esta etapa inicial da forma\u00e7\u00e3o requer muita aten\u00e7\u00e3o e cuidado por parte de n\u00f3s, bem como discernimento sobre como fazer a proposta de nossa vida franciscana a jovens entre 14 e 22 anos, que v\u00eam de culturas bastante diversas. De fato, mais que palavras e serm\u00f5es que possamos dar, talvez o mais formativo seja o bom testemunho que devemos buscar dar a todo instante.<\/p>\n<h4><strong>Veja o convite<\/strong><\/h4>\n<div><strong><br \/>\n<\/strong><a href=\"http:\/\/franciscanos.org.br\/wp-content\/uploads\/2013\/04\/05_convite_R.jpg\"><img loading=\"lazy\" title=\"05_convite_R\" src=\"http:\/\/franciscanos.org.br\/wp-content\/uploads\/2013\/04\/05_convite_R.jpg\" alt=\"\" width=\"830\" height=\"476\" \/><\/a><\/div>\n","protected":false},"excerpt":{"rendered":"<p>Forma\u00e7\u00e3o e Estudos<\/p>\n","protected":false},"author":1,"featured_media":207237,"comment_status":"closed","ping_status":"open","sticky":false,"template":"","format":"standard","meta":[],"categories":[758],"tags":[369,157],"acf":[],"yoast_head":"<!-- This site is optimized with the Yoast SEO plugin v19.2 - https:\/\/yoast.com\/wordpress\/plugins\/seo\/ -->\n<title>Frei Rodrigo ser\u00e1 ordenado presb\u00edtero no dia 20 - Not\u00edcias - Franciscanos<\/title>\n<meta name=\"robots\" content=\"index, follow, max-snippet:-1, max-image-preview:large, max-video-preview:-1\" \/>\n<link rel=\"canonical\" href=\"https:\/\/franciscanos.org.br\/noticias\/35613.html\" \/>\n<meta property=\"og:locale\" content=\"pt_BR\" \/>\n<meta property=\"og:type\" content=\"article\" \/>\n<meta property=\"og:title\" content=\"Frei Rodrigo ser\u00e1 ordenado presb\u00edtero no dia 20 - Not\u00edcias - Franciscanos\" \/>\n<meta property=\"og:description\" content=\"Forma\u00e7\u00e3o e Estudos\" \/>\n<meta property=\"og:url\" content=\"https:\/\/franciscanos.org.br\/noticias\/35613.html\" \/>\n<meta property=\"og:site_name\" content=\"Not\u00edcias - Franciscanos\" \/>\n<meta property=\"article:published_time\" content=\"2013-04-15T04:35:57+00:00\" \/>\n<meta property=\"article:modified_time\" content=\"2020-06-22T20:00:15+00:00\" \/>\n<meta property=\"og:image\" content=\"https:\/\/franciscanos.org.br\/noticias\/wp-content\/uploads\/2013\/04\/rodrigo_0307d.jpg\" \/>\n\t<meta property=\"og:image:width\" content=\"273\" \/>\n\t<meta property=\"og:image:height\" content=\"181\" \/>\n\t<meta property=\"og:image:type\" content=\"image\/jpeg\" \/>\n<meta name=\"author\" content=\"admin\" \/>\n<meta name=\"twitter:card\" content=\"summary_large_image\" \/>\n<meta name=\"twitter:label1\" content=\"Escrito por\" \/>\n\t<meta name=\"twitter:data1\" content=\"admin\" \/>\n\t<meta name=\"twitter:label2\" content=\"Est. tempo de leitura\" \/>\n\t<meta name=\"twitter:data2\" content=\"5 minutos\" \/>\n<script type=\"application\/ld+json\" class=\"yoast-schema-graph\">{\"@context\":\"https:\/\/schema.org\",\"@graph\":[{\"@type\":\"WebSite\",\"@id\":\"https:\/\/franciscanos.org.br\/noticias\/#website\",\"url\":\"https:\/\/franciscanos.org.br\/noticias\/\",\"name\":\"Not\u00edcias - Franciscanos\",\"description\":\"Prov\u00edncia Franciscana da Imaculada Concei\u00e7\u00e3o do Brasil - Ordem dos Frades Menores - OFM\",\"potentialAction\":[{\"@type\":\"SearchAction\",\"target\":{\"@type\":\"EntryPoint\",\"urlTemplate\":\"https:\/\/franciscanos.org.br\/noticias\/?s={search_term_string}\"},\"query-input\":\"required name=search_term_string\"}],\"inLanguage\":\"pt-BR\"},{\"@type\":\"ImageObject\",\"inLanguage\":\"pt-BR\",\"@id\":\"https:\/\/franciscanos.org.br\/noticias\/35613.html#primaryimage\",\"url\":\"https:\/\/franciscanos.org.br\/noticias\/wp-content\/uploads\/2013\/04\/rodrigo_0307d.jpg\",\"contentUrl\":\"https:\/\/franciscanos.org.br\/noticias\/wp-content\/uploads\/2013\/04\/rodrigo_0307d.jpg\",\"width\":273,\"height\":181},{\"@type\":\"WebPage\",\"@id\":\"https:\/\/franciscanos.org.br\/noticias\/35613.html#webpage\",\"url\":\"https:\/\/franciscanos.org.br\/noticias\/35613.html\",\"name\":\"Frei Rodrigo ser\u00e1 ordenado presb\u00edtero no dia 20 - Not\u00edcias - Franciscanos\",\"isPartOf\":{\"@id\":\"https:\/\/franciscanos.org.br\/noticias\/#website\"},\"primaryImageOfPage\":{\"@id\":\"https:\/\/franciscanos.org.br\/noticias\/35613.html#primaryimage\"},\"datePublished\":\"2013-04-15T04:35:57+00:00\",\"dateModified\":\"2020-06-22T20:00:15+00:00\",\"author\":{\"@id\":\"https:\/\/franciscanos.org.br\/noticias\/#\/schema\/person\/b38fbf43118f02820bd932f2e4b14ad3\"},\"breadcrumb\":{\"@id\":\"https:\/\/franciscanos.org.br\/noticias\/35613.html#breadcrumb\"},\"inLanguage\":\"pt-BR\",\"potentialAction\":[{\"@type\":\"ReadAction\",\"target\":[\"https:\/\/franciscanos.org.br\/noticias\/35613.html\"]}]},{\"@type\":\"BreadcrumbList\",\"@id\":\"https:\/\/franciscanos.org.br\/noticias\/35613.html#breadcrumb\",\"itemListElement\":[{\"@type\":\"ListItem\",\"position\":1,\"name\":\"Home\",\"item\":\"https:\/\/franciscanos.org.br\/noticias\"},{\"@type\":\"ListItem\",\"position\":2,\"name\":\"Frei Rodrigo ser\u00e1 ordenado presb\u00edtero no dia 20\"}]},{\"@type\":\"Person\",\"@id\":\"https:\/\/franciscanos.org.br\/noticias\/#\/schema\/person\/b38fbf43118f02820bd932f2e4b14ad3\",\"name\":\"admin\",\"image\":{\"@type\":\"ImageObject\",\"inLanguage\":\"pt-BR\",\"@id\":\"https:\/\/franciscanos.org.br\/noticias\/#\/schema\/person\/image\/\",\"url\":\"https:\/\/secure.gravatar.com\/avatar\/e8495742d34d0ba6448ea1c628263b3e?s=96&d=mm&r=g\",\"contentUrl\":\"https:\/\/secure.gravatar.com\/avatar\/e8495742d34d0ba6448ea1c628263b3e?s=96&d=mm&r=g\",\"caption\":\"admin\"},\"url\":\"https:\/\/franciscanos.org.br\/noticias\/author\/admin\"}]}<\/script>\n<!-- \/ Yoast SEO plugin. -->","yoast_head_json":{"title":"Frei Rodrigo ser\u00e1 ordenado presb\u00edtero no dia 20 - Not\u00edcias - Franciscanos","robots":{"index":"index","follow":"follow","max-snippet":"max-snippet:-1","max-image-preview":"max-image-preview:large","max-video-preview":"max-video-preview:-1"},"canonical":"https:\/\/franciscanos.org.br\/noticias\/35613.html","og_locale":"pt_BR","og_type":"article","og_title":"Frei Rodrigo ser\u00e1 ordenado presb\u00edtero no dia 20 - Not\u00edcias - Franciscanos","og_description":"Forma\u00e7\u00e3o e Estudos","og_url":"https:\/\/franciscanos.org.br\/noticias\/35613.html","og_site_name":"Not\u00edcias - Franciscanos","article_published_time":"2013-04-15T04:35:57+00:00","article_modified_time":"2020-06-22T20:00:15+00:00","og_image":[{"width":273,"height":181,"url":"https:\/\/franciscanos.org.br\/noticias\/wp-content\/uploads\/2013\/04\/rodrigo_0307d.jpg","type":"image\/jpeg"}],"author":"admin","twitter_card":"summary_large_image","twitter_misc":{"Escrito por":"admin","Est. tempo de leitura":"5 minutos"},"schema":{"@context":"https:\/\/schema.org","@graph":[{"@type":"WebSite","@id":"https:\/\/franciscanos.org.br\/noticias\/#website","url":"https:\/\/franciscanos.org.br\/noticias\/","name":"Not\u00edcias - Franciscanos","description":"Prov\u00edncia Franciscana da Imaculada Concei\u00e7\u00e3o do Brasil - Ordem dos Frades Menores - OFM","potentialAction":[{"@type":"SearchAction","target":{"@type":"EntryPoint","urlTemplate":"https:\/\/franciscanos.org.br\/noticias\/?s={search_term_string}"},"query-input":"required name=search_term_string"}],"inLanguage":"pt-BR"},{"@type":"ImageObject","inLanguage":"pt-BR","@id":"https:\/\/franciscanos.org.br\/noticias\/35613.html#primaryimage","url":"https:\/\/franciscanos.org.br\/noticias\/wp-content\/uploads\/2013\/04\/rodrigo_0307d.jpg","contentUrl":"https:\/\/franciscanos.org.br\/noticias\/wp-content\/uploads\/2013\/04\/rodrigo_0307d.jpg","width":273,"height":181},{"@type":"WebPage","@id":"https:\/\/franciscanos.org.br\/noticias\/35613.html#webpage","url":"https:\/\/franciscanos.org.br\/noticias\/35613.html","name":"Frei Rodrigo ser\u00e1 ordenado presb\u00edtero no dia 20 - Not\u00edcias - Franciscanos","isPartOf":{"@id":"https:\/\/franciscanos.org.br\/noticias\/#website"},"primaryImageOfPage":{"@id":"https:\/\/franciscanos.org.br\/noticias\/35613.html#primaryimage"},"datePublished":"2013-04-15T04:35:57+00:00","dateModified":"2020-06-22T20:00:15+00:00","author":{"@id":"https:\/\/franciscanos.org.br\/noticias\/#\/schema\/person\/b38fbf43118f02820bd932f2e4b14ad3"},"breadcrumb":{"@id":"https:\/\/franciscanos.org.br\/noticias\/35613.html#breadcrumb"},"inLanguage":"pt-BR","potentialAction":[{"@type":"ReadAction","target":["https:\/\/franciscanos.org.br\/noticias\/35613.html"]}]},{"@type":"BreadcrumbList","@id":"https:\/\/franciscanos.org.br\/noticias\/35613.html#breadcrumb","itemListElement":[{"@type":"ListItem","position":1,"name":"Home","item":"https:\/\/franciscanos.org.br\/noticias"},{"@type":"ListItem","position":2,"name":"Frei Rodrigo ser\u00e1 ordenado presb\u00edtero no dia 20"}]},{"@type":"Person","@id":"https:\/\/franciscanos.org.br\/noticias\/#\/schema\/person\/b38fbf43118f02820bd932f2e4b14ad3","name":"admin","image":{"@type":"ImageObject","inLanguage":"pt-BR","@id":"https:\/\/franciscanos.org.br\/noticias\/#\/schema\/person\/image\/","url":"https:\/\/secure.gravatar.com\/avatar\/e8495742d34d0ba6448ea1c628263b3e?s=96&d=mm&r=g","contentUrl":"https:\/\/secure.gravatar.com\/avatar\/e8495742d34d0ba6448ea1c628263b3e?s=96&d=mm&r=g","caption":"admin"},"url":"https:\/\/franciscanos.org.br\/noticias\/author\/admin"}]}},"_links":{"self":[{"href":"https:\/\/franciscanos.org.br\/noticias\/wp-json\/wp\/v2\/posts\/35613"}],"collection":[{"href":"https:\/\/franciscanos.org.br\/noticias\/wp-json\/wp\/v2\/posts"}],"about":[{"href":"https:\/\/franciscanos.org.br\/noticias\/wp-json\/wp\/v2\/types\/post"}],"author":[{"embeddable":true,"href":"https:\/\/franciscanos.org.br\/noticias\/wp-json\/wp\/v2\/users\/1"}],"replies":[{"embeddable":true,"href":"https:\/\/franciscanos.org.br\/noticias\/wp-json\/wp\/v2\/comments?post=35613"}],"version-history":[{"count":2,"href":"https:\/\/franciscanos.org.br\/noticias\/wp-json\/wp\/v2\/posts\/35613\/revisions"}],"predecessor-version":[{"id":223816,"href":"https:\/\/franciscanos.org.br\/noticias\/wp-json\/wp\/v2\/posts\/35613\/revisions\/223816"}],"wp:featuredmedia":[{"embeddable":true,"href":"https:\/\/franciscanos.org.br\/noticias\/wp-json\/wp\/v2\/media\/207237"}],"wp:attachment":[{"href":"https:\/\/franciscanos.org.br\/noticias\/wp-json\/wp\/v2\/media?parent=35613"}],"wp:term":[{"taxonomy":"category","embeddable":true,"href":"https:\/\/franciscanos.org.br\/noticias\/wp-json\/wp\/v2\/categories?post=35613"},{"taxonomy":"post_tag","embeddable":true,"href":"https:\/\/franciscanos.org.br\/noticias\/wp-json\/wp\/v2\/tags?post=35613"}],"curies":[{"name":"wp","href":"https:\/\/api.w.org\/{rel}","templated":true}]}}