{"id":35459,"date":"2013-04-22T10:57:52","date_gmt":"2013-04-22T13:57:52","guid":{"rendered":"http:\/\/new.franciscanos.org.br\/?p=35459"},"modified":"2020-06-22T16:59:53","modified_gmt":"2020-06-22T19:59:53","slug":"entrevista-com-andre-luiz-da-rocha-henriques","status":"publish","type":"post","link":"https:\/\/franciscanos.org.br\/noticias\/entrevista-com-andre-luiz-da-rocha-henriques.html","title":{"rendered":"Entrevista com Andr\u00e9 Luiz da Rocha Henriques"},"content":{"rendered":"<p align=\"center\"><img loading=\"lazy\" class=\"alignnone wp-image-192205 size-full\" src=\"https:\/\/franciscanos.org.br\/noticias\/wp-content\/uploads\/2013\/04\/freiandre_2.jpg\" alt=\"\" width=\"890\" height=\"500\" srcset=\"https:\/\/franciscanos.org.br\/noticias\/wp-content\/uploads\/2013\/04\/freiandre_2.jpg 890w, https:\/\/franciscanos.org.br\/noticias\/wp-content\/uploads\/2013\/04\/freiandre_2-450x253.jpg 450w, https:\/\/franciscanos.org.br\/noticias\/wp-content\/uploads\/2013\/04\/freiandre_2-768x431.jpg 768w, https:\/\/franciscanos.org.br\/noticias\/wp-content\/uploads\/2013\/04\/freiandre_2-150x84.jpg 150w\" sizes=\"(max-width: 890px) 100vw, 890px\" \/><\/p>\n<p style=\"text-align: left;\" align=\"center\"><em style=\"font-size: 13px; line-height: 19px;\"><strong>Por Moacir Beggo<\/strong><\/em><\/p>\n<p style=\"text-align: left;\"><em>\u00a0Paulista de Ilha Solteira (SP), Frei Andr\u00e9 Luiz da Rocha Henriques ser\u00e1 ordenado presb\u00edtero no dia 27 de abril, \u00e0s 17 horas, na Igreja Nossa Senhora Aparecida, em Nil\u00f3polis (RJ), pelo bispo Dom Luciano Bergamin, CRL, bispo de Nova Igua\u00e7u (RJ).<\/em><\/p>\n<p><em>Filho de Luiz Firmino e Concei\u00e7\u00e3o Aparecida da Rocha Henriques, Frei Andr\u00e9 tem como irm\u00e3os Fl\u00e1via Marcela da Rocha e Cl\u00f3vis Assis da Rocha e uma tia materna, Luiza Aparecida, que \u00e9 deficiente mental\u00a0 e tem sua m\u00e3e como tutora.\u00a0 <\/em><\/p>\n<p><em>Frei Andr\u00e9 nasceu no dia 5 de mar\u00e7o de 1984 e ingressou na Ordem Franciscana no dia 8 de janeiro de 2005. Sua Primeira Missa ser\u00e1 celebrada no dia 28 de abril, \u00e0s 8h30, tamb\u00e9m na Igreja de Nossa Senhora Aparecida. Frei Andr\u00e9 escolheu como lema: \u201c\u00c9 necess\u00e1rio que Ele cres\u00e7a e eu diminua\u201d (Jo 3,30).<\/em><\/p>\n<p><strong>Site Franciscanos\u00a0&#8211; Como se deu seu discernimento vocacional para a vida religiosa? Fale um pouco de sua voca\u00e7\u00e3o e de sua fam\u00edlia.<\/strong><\/p>\n<p><strong>Frei Andr\u00e9 &#8211;<\/strong> Meus pais e av\u00f3s s\u00e3o do interior de Minas Gerais. Em vista de um crescimento profissional, meu pai foi trabalhar em uma barragem hidrel\u00e9trica em Ilha Solteira (SP), onde nascemos meus irm\u00e3os e eu. O nome da barragem acabou sendo bem significativo, pois somos de fato \u201cTr\u00eas Irm\u00e3os\u201d, sendo eu o do meio. Devido ao trabalho do meu pai, mudamos de cidade constantemente, permanecendo em algumas cinco anos; em outras, um ano e meio; e at\u00e9 mesmo um \u00fanico semestre em Assis (SP). No entanto, minha hist\u00f3ria vocacional se desenrola quase exclusivamente em C\u00e2ndido Mota (SP), cidade vizinha de Assis, \u00faltima cidade onde morei com os meus familiares e onde eles resolveram fixar resid\u00eancia. Minha par\u00f3quia de origem \u00e9 capuchinha, assim como o era tamb\u00e9m na minha cidade natal. Meus irm\u00e3os foram batizados por um frade capuchinho, enquanto eu fui batizado em Minas Gerais por um padre diocesano. Foi justamente esta conviv\u00eancia pr\u00f3xima com os frades capuchinhos a minha primeira experi\u00eancia relacionada \u00e0 vida religiosa. Quando eu tinha por volta dos meus quinze anos, comecei a frequentar com maior assiduidade as missas semanais e outros encontros de ora\u00e7\u00e3o e pastoral. Falando sobre voca\u00e7\u00e3o com um frade capuchinho, ele me aconselhou a terminar os estudos na casa dos meus pais. Passado este tempo de amadurecimento, junto com alguns amigos, comecei a frequentar os encontros vocacionais na diocese e a visitar algumas congrega\u00e7\u00f5es e ordens religiosas. Por indica\u00e7\u00e3o de um aspirante capuchinho, acabamos conhecendo a Ordem dos Frades Menores e a Prov\u00edncia da Imaculada. Meus amigos e eu fizemos o acompanhamento vocacional no Semin\u00e1rio de Agudos e, em 2003, entrei para o Aspirantado, em Ituporanga (SC).<\/p>\n<p><strong>Site Franciscanos\u00a0&#8211;\u00a0 Por que escolheu ser franciscano?<\/strong><\/p>\n<p><strong>Frei Andr\u00e9 &#8211;<\/strong> Mesmo sem conhec\u00ea-lo, S\u00e3o Francisco sempre esteve muito pr\u00f3ximo de mim. Lembro que no meu quarto sempre esteve um quadro da Terra Santa, onde figurava S\u00e3o Francisco, com o h\u00e1bito da Ordem dos Frades Menores. Al\u00e9m disso, seja na minha cidade natal, seja em C\u00e2ndido Mota, minha fam\u00edlia sempre teve certa proximidade com os frades capuchinhos. Inclusive, meu irm\u00e3o recebeu o mesmo nome de um frade, Frei Cl\u00f3vis. Contudo, foi a leitura das Fontes Franciscanas na internet que me moveram definitivamente a buscar este carisma.<\/p>\n<p><strong>Site Franciscanos\u00a0&#8211; Quais as suas expectativas e desafios como presb\u00edtero neste mundo globalizado? Neste ano da JMJ, como falar de Deus para o jovem?<\/strong><\/p>\n<p><strong>Frei Andr\u00e9 &#8211;<\/strong> Ser presb\u00edtero me d\u00e1 um pouco de medo. Realmente, s\u00e3o in\u00fameros os desafios que cercam a vida do presb\u00edtero hoje. No entanto, mais do que expectativas, tenho f\u00e9 de que o Senhor que me chamou a este minist\u00e9rio estar\u00e1 sempre comigo para me socorrer com a sua gra\u00e7a, pois sem ela nada posso. Como diz o lema da minha ordena\u00e7\u00e3o, \u201c\u00e9 necess\u00e1rio que Ele cres\u00e7a e eu diminua\u201d. Sei que s\u00f3 serei um bom presb\u00edtero se Cristo for tudo em mim. Acredito que o \u00fanico modo de se chegar ao cora\u00e7\u00e3o do jovem de hoje \u00e9 o da autenticidade de vida. As novas tecnologias, os novos are\u00f3pagos, os novos m\u00e9todos de evangeliza\u00e7\u00e3o, s\u00e3o todos eles muito importantes, mas perderiam toda a sua efic\u00e1cia se n\u00e3o comunicassem um cora\u00e7\u00e3o inflamado pelo amor de Deus. Se se deseja alcan\u00e7ar o cora\u00e7\u00e3o dos jovens, \u00e9 preciso primeiro falar ao cora\u00e7\u00e3o de Deus e deix\u00e1-lo falar ao pr\u00f3prio cora\u00e7\u00e3o.<\/p>\n<p><strong>Site Franciscanos\u00a0&#8211;\u00a0 Como \u00e9 o religioso Frei Andr\u00e9?<\/strong><\/p>\n<p><strong>Frei Andr\u00e9 &#8211;<\/strong> \u00c9 dif\u00edcil descrever com retid\u00e3o a si mesmo, mas imagino que eu seja um frade t\u00edmido, um tanto indeciso, e paradoxalmente muito teimoso. Frei Andr\u00e9 \u00e9 um religioso inquieto, com grande desejo de consagrar-se inteiramente \u00e0 vontade de Deus, mas que facilmente dorme na ora\u00e7\u00e3o; um tanto dedicado \u00e0 leitura e aos estudos, sem, contudo, poder ser considerado um intelectual; esfor\u00e7ado nos trabalhos pastorais e fraternos, ainda que nem sempre consiga dar conta do recado. Sou um religioso em forma\u00e7\u00e3o&#8230; Queira Deus que eu chegue l\u00e1 um dia!<\/p>\n<p><strong>Site Franciscanos\u00a0&#8211; Que mensagem daria a um jovem que pensa em seguir os passos de S\u00e3o Francisco?\u00a0<\/strong><\/p>\n<p><strong>Frei Andr\u00e9 &#8211;<\/strong> Jovem, se o Esp\u00edrito Santo te inspira a seguir os passos de S\u00e3o Francisco, n\u00e3o permitas que nada venha a \u201cesfriar\u201d este teu desejo. Que os obst\u00e1culos aumentem em ti o ardor da busca e que os desafios enfrentados fa\u00e7am crescer a esperan\u00e7a em Cristo. Francisco foi um jovem ambicioso e sua ambi\u00e7\u00e3o tornou-se for\u00e7a propulsora em sua caminhada espiritual ap\u00f3s a sua convers\u00e3o: tudo que fazia por amor a Deus ainda era pouco, desejava sempre de novo recome\u00e7ar, ir al\u00e9m. \u201cRecomecemos, irm\u00e3os, porque pouco ou nada fizemos!\u201d Se Arist\u00f3teles estava certo ao descrever a virtude como meio termo entre dois extremos, com S\u00e3o Francisco devemos confessar que o verdadeiro apaixonado n\u00e3o v\u00ea limites e s\u00f3 o amor \u00e9 infinito. Deus, que te inspirou t\u00e3o grande prop\u00f3sito, infunda em teu cora\u00e7\u00e3o este mesmo amor.<\/p>\n<h4><strong>Veja o convite<\/strong><\/h4>\n<p><img loading=\"lazy\" title=\"Convite Frei Andr\u00e9\" src=\"http:\/\/franciscanos.org.br\/wp-content\/uploads\/2013\/03\/convite_freiandre.jpg\" alt=\"\" width=\"830\" height=\"472\" \/><\/p>\n","protected":false},"excerpt":{"rendered":"<p>Ordena\u00e7\u00e3o Presbiteral<\/p>\n","protected":false},"author":1,"featured_media":223819,"comment_status":"closed","ping_status":"open","sticky":false,"template":"","format":"standard","meta":[],"categories":[758],"tags":[157],"acf":[],"yoast_head":"<!-- This site is optimized with the Yoast SEO plugin v19.2 - https:\/\/yoast.com\/wordpress\/plugins\/seo\/ -->\n<title>Entrevista com Andr\u00e9 Luiz da Rocha Henriques - Not\u00edcias - Franciscanos<\/title>\n<meta name=\"robots\" content=\"index, follow, max-snippet:-1, max-image-preview:large, max-video-preview:-1\" \/>\n<link rel=\"canonical\" href=\"https:\/\/franciscanos.org.br\/noticias\/entrevista-com-andre-luiz-da-rocha-henriques.html\" \/>\n<meta property=\"og:locale\" content=\"pt_BR\" \/>\n<meta property=\"og:type\" content=\"article\" \/>\n<meta property=\"og:title\" content=\"Entrevista com Andr\u00e9 Luiz da Rocha Henriques - Not\u00edcias - Franciscanos\" \/>\n<meta property=\"og:description\" content=\"Ordena\u00e7\u00e3o Presbiteral\" \/>\n<meta property=\"og:url\" content=\"https:\/\/franciscanos.org.br\/noticias\/entrevista-com-andre-luiz-da-rocha-henriques.html\" \/>\n<meta property=\"og:site_name\" content=\"Not\u00edcias - Franciscanos\" \/>\n<meta property=\"article:published_time\" content=\"2013-04-22T13:57:52+00:00\" \/>\n<meta property=\"article:modified_time\" content=\"2020-06-22T19:59:53+00:00\" \/>\n<meta property=\"og:image\" content=\"https:\/\/franciscanos.org.br\/noticias\/wp-content\/uploads\/2013\/04\/freiandre_2-2.jpg\" \/>\n\t<meta property=\"og:image:width\" content=\"800\" \/>\n\t<meta property=\"og:image:height\" content=\"601\" \/>\n\t<meta property=\"og:image:type\" content=\"image\/jpeg\" \/>\n<meta name=\"author\" content=\"admin\" \/>\n<meta name=\"twitter:card\" content=\"summary_large_image\" \/>\n<meta name=\"twitter:label1\" content=\"Escrito por\" \/>\n\t<meta name=\"twitter:data1\" content=\"admin\" \/>\n\t<meta name=\"twitter:label2\" content=\"Est. tempo de leitura\" \/>\n\t<meta name=\"twitter:data2\" content=\"5 minutos\" \/>\n<script type=\"application\/ld+json\" class=\"yoast-schema-graph\">{\"@context\":\"https:\/\/schema.org\",\"@graph\":[{\"@type\":\"WebSite\",\"@id\":\"https:\/\/franciscanos.org.br\/noticias\/#website\",\"url\":\"https:\/\/franciscanos.org.br\/noticias\/\",\"name\":\"Not\u00edcias - Franciscanos\",\"description\":\"Prov\u00edncia Franciscana da Imaculada Concei\u00e7\u00e3o do Brasil - Ordem dos Frades Menores - OFM\",\"potentialAction\":[{\"@type\":\"SearchAction\",\"target\":{\"@type\":\"EntryPoint\",\"urlTemplate\":\"https:\/\/franciscanos.org.br\/noticias\/?s={search_term_string}\"},\"query-input\":\"required name=search_term_string\"}],\"inLanguage\":\"pt-BR\"},{\"@type\":\"ImageObject\",\"inLanguage\":\"pt-BR\",\"@id\":\"https:\/\/franciscanos.org.br\/noticias\/entrevista-com-andre-luiz-da-rocha-henriques.html#primaryimage\",\"url\":\"https:\/\/franciscanos.org.br\/noticias\/wp-content\/uploads\/2013\/04\/freiandre_2-2.jpg\",\"contentUrl\":\"https:\/\/franciscanos.org.br\/noticias\/wp-content\/uploads\/2013\/04\/freiandre_2-2.jpg\",\"width\":800,\"height\":601},{\"@type\":\"WebPage\",\"@id\":\"https:\/\/franciscanos.org.br\/noticias\/entrevista-com-andre-luiz-da-rocha-henriques.html#webpage\",\"url\":\"https:\/\/franciscanos.org.br\/noticias\/entrevista-com-andre-luiz-da-rocha-henriques.html\",\"name\":\"Entrevista com Andr\u00e9 Luiz da Rocha Henriques - Not\u00edcias - Franciscanos\",\"isPartOf\":{\"@id\":\"https:\/\/franciscanos.org.br\/noticias\/#website\"},\"primaryImageOfPage\":{\"@id\":\"https:\/\/franciscanos.org.br\/noticias\/entrevista-com-andre-luiz-da-rocha-henriques.html#primaryimage\"},\"datePublished\":\"2013-04-22T13:57:52+00:00\",\"dateModified\":\"2020-06-22T19:59:53+00:00\",\"author\":{\"@id\":\"https:\/\/franciscanos.org.br\/noticias\/#\/schema\/person\/b38fbf43118f02820bd932f2e4b14ad3\"},\"breadcrumb\":{\"@id\":\"https:\/\/franciscanos.org.br\/noticias\/entrevista-com-andre-luiz-da-rocha-henriques.html#breadcrumb\"},\"inLanguage\":\"pt-BR\",\"potentialAction\":[{\"@type\":\"ReadAction\",\"target\":[\"https:\/\/franciscanos.org.br\/noticias\/entrevista-com-andre-luiz-da-rocha-henriques.html\"]}]},{\"@type\":\"BreadcrumbList\",\"@id\":\"https:\/\/franciscanos.org.br\/noticias\/entrevista-com-andre-luiz-da-rocha-henriques.html#breadcrumb\",\"itemListElement\":[{\"@type\":\"ListItem\",\"position\":1,\"name\":\"Home\",\"item\":\"https:\/\/franciscanos.org.br\/noticias\"},{\"@type\":\"ListItem\",\"position\":2,\"name\":\"Entrevista com Andr\u00e9 Luiz da Rocha Henriques\"}]},{\"@type\":\"Person\",\"@id\":\"https:\/\/franciscanos.org.br\/noticias\/#\/schema\/person\/b38fbf43118f02820bd932f2e4b14ad3\",\"name\":\"admin\",\"image\":{\"@type\":\"ImageObject\",\"inLanguage\":\"pt-BR\",\"@id\":\"https:\/\/franciscanos.org.br\/noticias\/#\/schema\/person\/image\/\",\"url\":\"https:\/\/secure.gravatar.com\/avatar\/e8495742d34d0ba6448ea1c628263b3e?s=96&d=mm&r=g\",\"contentUrl\":\"https:\/\/secure.gravatar.com\/avatar\/e8495742d34d0ba6448ea1c628263b3e?s=96&d=mm&r=g\",\"caption\":\"admin\"},\"url\":\"https:\/\/franciscanos.org.br\/noticias\/author\/admin\"}]}<\/script>\n<!-- \/ Yoast SEO plugin. -->","yoast_head_json":{"title":"Entrevista com Andr\u00e9 Luiz da Rocha Henriques - Not\u00edcias - Franciscanos","robots":{"index":"index","follow":"follow","max-snippet":"max-snippet:-1","max-image-preview":"max-image-preview:large","max-video-preview":"max-video-preview:-1"},"canonical":"https:\/\/franciscanos.org.br\/noticias\/entrevista-com-andre-luiz-da-rocha-henriques.html","og_locale":"pt_BR","og_type":"article","og_title":"Entrevista com Andr\u00e9 Luiz da Rocha Henriques - Not\u00edcias - Franciscanos","og_description":"Ordena\u00e7\u00e3o Presbiteral","og_url":"https:\/\/franciscanos.org.br\/noticias\/entrevista-com-andre-luiz-da-rocha-henriques.html","og_site_name":"Not\u00edcias - Franciscanos","article_published_time":"2013-04-22T13:57:52+00:00","article_modified_time":"2020-06-22T19:59:53+00:00","og_image":[{"width":800,"height":601,"url":"https:\/\/franciscanos.org.br\/noticias\/wp-content\/uploads\/2013\/04\/freiandre_2-2.jpg","type":"image\/jpeg"}],"author":"admin","twitter_card":"summary_large_image","twitter_misc":{"Escrito por":"admin","Est. tempo de leitura":"5 minutos"},"schema":{"@context":"https:\/\/schema.org","@graph":[{"@type":"WebSite","@id":"https:\/\/franciscanos.org.br\/noticias\/#website","url":"https:\/\/franciscanos.org.br\/noticias\/","name":"Not\u00edcias - Franciscanos","description":"Prov\u00edncia Franciscana da Imaculada Concei\u00e7\u00e3o do Brasil - Ordem dos Frades Menores - OFM","potentialAction":[{"@type":"SearchAction","target":{"@type":"EntryPoint","urlTemplate":"https:\/\/franciscanos.org.br\/noticias\/?s={search_term_string}"},"query-input":"required name=search_term_string"}],"inLanguage":"pt-BR"},{"@type":"ImageObject","inLanguage":"pt-BR","@id":"https:\/\/franciscanos.org.br\/noticias\/entrevista-com-andre-luiz-da-rocha-henriques.html#primaryimage","url":"https:\/\/franciscanos.org.br\/noticias\/wp-content\/uploads\/2013\/04\/freiandre_2-2.jpg","contentUrl":"https:\/\/franciscanos.org.br\/noticias\/wp-content\/uploads\/2013\/04\/freiandre_2-2.jpg","width":800,"height":601},{"@type":"WebPage","@id":"https:\/\/franciscanos.org.br\/noticias\/entrevista-com-andre-luiz-da-rocha-henriques.html#webpage","url":"https:\/\/franciscanos.org.br\/noticias\/entrevista-com-andre-luiz-da-rocha-henriques.html","name":"Entrevista com Andr\u00e9 Luiz da Rocha Henriques - Not\u00edcias - Franciscanos","isPartOf":{"@id":"https:\/\/franciscanos.org.br\/noticias\/#website"},"primaryImageOfPage":{"@id":"https:\/\/franciscanos.org.br\/noticias\/entrevista-com-andre-luiz-da-rocha-henriques.html#primaryimage"},"datePublished":"2013-04-22T13:57:52+00:00","dateModified":"2020-06-22T19:59:53+00:00","author":{"@id":"https:\/\/franciscanos.org.br\/noticias\/#\/schema\/person\/b38fbf43118f02820bd932f2e4b14ad3"},"breadcrumb":{"@id":"https:\/\/franciscanos.org.br\/noticias\/entrevista-com-andre-luiz-da-rocha-henriques.html#breadcrumb"},"inLanguage":"pt-BR","potentialAction":[{"@type":"ReadAction","target":["https:\/\/franciscanos.org.br\/noticias\/entrevista-com-andre-luiz-da-rocha-henriques.html"]}]},{"@type":"BreadcrumbList","@id":"https:\/\/franciscanos.org.br\/noticias\/entrevista-com-andre-luiz-da-rocha-henriques.html#breadcrumb","itemListElement":[{"@type":"ListItem","position":1,"name":"Home","item":"https:\/\/franciscanos.org.br\/noticias"},{"@type":"ListItem","position":2,"name":"Entrevista com Andr\u00e9 Luiz da Rocha Henriques"}]},{"@type":"Person","@id":"https:\/\/franciscanos.org.br\/noticias\/#\/schema\/person\/b38fbf43118f02820bd932f2e4b14ad3","name":"admin","image":{"@type":"ImageObject","inLanguage":"pt-BR","@id":"https:\/\/franciscanos.org.br\/noticias\/#\/schema\/person\/image\/","url":"https:\/\/secure.gravatar.com\/avatar\/e8495742d34d0ba6448ea1c628263b3e?s=96&d=mm&r=g","contentUrl":"https:\/\/secure.gravatar.com\/avatar\/e8495742d34d0ba6448ea1c628263b3e?s=96&d=mm&r=g","caption":"admin"},"url":"https:\/\/franciscanos.org.br\/noticias\/author\/admin"}]}},"_links":{"self":[{"href":"https:\/\/franciscanos.org.br\/noticias\/wp-json\/wp\/v2\/posts\/35459"}],"collection":[{"href":"https:\/\/franciscanos.org.br\/noticias\/wp-json\/wp\/v2\/posts"}],"about":[{"href":"https:\/\/franciscanos.org.br\/noticias\/wp-json\/wp\/v2\/types\/post"}],"author":[{"embeddable":true,"href":"https:\/\/franciscanos.org.br\/noticias\/wp-json\/wp\/v2\/users\/1"}],"replies":[{"embeddable":true,"href":"https:\/\/franciscanos.org.br\/noticias\/wp-json\/wp\/v2\/comments?post=35459"}],"version-history":[{"count":1,"href":"https:\/\/franciscanos.org.br\/noticias\/wp-json\/wp\/v2\/posts\/35459\/revisions"}],"predecessor-version":[{"id":223820,"href":"https:\/\/franciscanos.org.br\/noticias\/wp-json\/wp\/v2\/posts\/35459\/revisions\/223820"}],"wp:featuredmedia":[{"embeddable":true,"href":"https:\/\/franciscanos.org.br\/noticias\/wp-json\/wp\/v2\/media\/223819"}],"wp:attachment":[{"href":"https:\/\/franciscanos.org.br\/noticias\/wp-json\/wp\/v2\/media?parent=35459"}],"wp:term":[{"taxonomy":"category","embeddable":true,"href":"https:\/\/franciscanos.org.br\/noticias\/wp-json\/wp\/v2\/categories?post=35459"},{"taxonomy":"post_tag","embeddable":true,"href":"https:\/\/franciscanos.org.br\/noticias\/wp-json\/wp\/v2\/tags?post=35459"}],"curies":[{"name":"wp","href":"https:\/\/api.w.org\/{rel}","templated":true}]}}