{"id":34522,"date":"2013-03-20T08:33:07","date_gmt":"2013-03-20T11:33:07","guid":{"rendered":"http:\/\/new.franciscanos.org.br\/?p=34522"},"modified":"2021-07-05T20:05:34","modified_gmt":"2021-07-05T23:05:34","slug":"instituto-dos-meninos-cantores-de-petropolis-recebe-coral-portugues","status":"publish","type":"post","link":"https:\/\/franciscanos.org.br\/noticias\/instituto-dos-meninos-cantores-de-petropolis-recebe-coral-portugues.html","title":{"rendered":"Instituto dos Meninos Cantores de Petr\u00f3polis recebe coral portugu\u00eas"},"content":{"rendered":"<p><strong><img loading=\"lazy\" class=\"alignright size-full wp-image-34523\" title=\"museu\" src=\"http:\/\/franciscanos.org.br\/wp-content\/uploads\/2013\/03\/museu.jpg\" alt=\"\" width=\"450\" height=\"288\" \/><\/strong>Em comemora\u00e7\u00e3o ao Ano de Portugal no Brasil, celebrado este ano, o Instituto dos Meninos Cantores de Petr\u00f3polis (IMCP) ir\u00e1 recepcionar os Meninos Cantores do Munic\u00edpio de Trofa (Portugal). A visita ser\u00e1 marcada por uma apresenta\u00e7\u00e3o do coro portugu\u00eas no Museu Imperial no pr\u00f3ximo dia 23 de mar\u00e7o, \u00e0s 19 horas, com entrada gratuita. No interc\u00e2mbio cultural entre os dois coros, os 23 meninos que integram o grupo portugu\u00eas ir\u00e3o conhecer a din\u00e2mica e o trabalho do IMCP.<\/p>\n<p>De acordo com o maestro Marco Aur\u00e9lio Lischt, os integrantes dos corais ter\u00e3o a oportunidade de trocar experi\u00eancias: \u201cTemos uma rela\u00e7\u00e3o que existe h\u00e1 mais de 15 anos. J\u00e1 visitamos Trofa, da mesma forma que eles j\u00e1 estiveram aqui. Neste ano, eles far\u00e3o algumas apresenta\u00e7\u00f5es no Rio e encerram em Petr\u00f3polis, comemorando o Ano de Portugal no\u00a0Brasil\u201d, afirmou.<\/p>\n<p><strong>Interc\u00e2mbio \u00e9 tradicional nos Canarinhos<\/strong><\/p>\n<p>O interc\u00e2mbio cultural j\u00e1 \u00e9 uma refer\u00eancia no Coral dos Canarinhos. Conhecido fora do Brasil pelas suas apresenta\u00e7\u00f5es ao longo dos 70 anos, o coro atrai a aten\u00e7\u00e3o de diversos grupos musicais da Europa que, todos os anos, visitam Petr\u00f3polis para conhecer o trabalho do grupo. Em m\u00e9dia, por ano, tr\u00eas corais v\u00eam para trocar experi\u00eancias.<\/p>\n<p>Lischt afirma que as visitas proporcionam maior interesse do p\u00fablico por manifesta\u00e7\u00f5es art\u00edsticas. \u201c\u00c9 sempre bom poder receber coros internacionais em Petr\u00f3polis. Al\u00e9m da troca de experi\u00eancias que cada coro proporciona, tanto de um quanto de outro lado, em eventos dessa magnitude, a forma\u00e7\u00e3o de plateias e a dissemina\u00e7\u00e3o da cultura musical internacional, entre os coralistas e o p\u00fablico petropolitano, se tornam um m\u00e9rito para todos\u201d, explica o maestro.<\/p>\n","protected":false},"excerpt":{"rendered":"<p>Canarinhos<\/p>\n","protected":false},"author":1,"featured_media":216607,"comment_status":"closed","ping_status":"open","sticky":false,"template":"","format":"standard","meta":[],"categories":[1],"tags":[1378],"acf":[],"yoast_head":"<!-- This site is optimized with the Yoast SEO plugin v19.2 - https:\/\/yoast.com\/wordpress\/plugins\/seo\/ -->\n<title>Instituto dos Meninos Cantores de Petr\u00f3polis recebe coral portugu\u00eas - Not\u00edcias - Franciscanos<\/title>\n<meta name=\"robots\" content=\"index, follow, max-snippet:-1, max-image-preview:large, max-video-preview:-1\" \/>\n<link rel=\"canonical\" href=\"https:\/\/franciscanos.org.br\/noticias\/instituto-dos-meninos-cantores-de-petropolis-recebe-coral-portugues.html\" \/>\n<meta property=\"og:locale\" content=\"pt_BR\" \/>\n<meta property=\"og:type\" content=\"article\" \/>\n<meta property=\"og:title\" content=\"Instituto dos Meninos Cantores de Petr\u00f3polis recebe coral portugu\u00eas - Not\u00edcias - Franciscanos\" \/>\n<meta property=\"og:description\" content=\"Canarinhos\" \/>\n<meta property=\"og:url\" content=\"https:\/\/franciscanos.org.br\/noticias\/instituto-dos-meninos-cantores-de-petropolis-recebe-coral-portugues.html\" \/>\n<meta property=\"og:site_name\" content=\"Not\u00edcias - Franciscanos\" \/>\n<meta property=\"article:published_time\" content=\"2013-03-20T11:33:07+00:00\" \/>\n<meta property=\"article:modified_time\" content=\"2021-07-05T23:05:34+00:00\" \/>\n<meta property=\"og:image\" content=\"https:\/\/franciscanos.org.br\/noticias\/wp-content\/uploads\/2013\/03\/museu.jpg\" \/>\n\t<meta property=\"og:image:width\" content=\"273\" \/>\n\t<meta property=\"og:image:height\" content=\"181\" \/>\n\t<meta property=\"og:image:type\" content=\"image\/jpeg\" \/>\n<meta name=\"author\" content=\"admin\" \/>\n<meta name=\"twitter:card\" content=\"summary_large_image\" \/>\n<meta name=\"twitter:label1\" content=\"Escrito por\" \/>\n\t<meta name=\"twitter:data1\" content=\"admin\" \/>\n\t<meta name=\"twitter:label2\" content=\"Est. tempo de leitura\" \/>\n\t<meta name=\"twitter:data2\" content=\"1 minuto\" \/>\n<script type=\"application\/ld+json\" class=\"yoast-schema-graph\">{\"@context\":\"https:\/\/schema.org\",\"@graph\":[{\"@type\":\"WebSite\",\"@id\":\"https:\/\/franciscanos.org.br\/noticias\/#website\",\"url\":\"https:\/\/franciscanos.org.br\/noticias\/\",\"name\":\"Not\u00edcias - Franciscanos\",\"description\":\"Prov\u00edncia Franciscana da Imaculada Concei\u00e7\u00e3o do Brasil - Ordem dos Frades Menores - OFM\",\"potentialAction\":[{\"@type\":\"SearchAction\",\"target\":{\"@type\":\"EntryPoint\",\"urlTemplate\":\"https:\/\/franciscanos.org.br\/noticias\/?s={search_term_string}\"},\"query-input\":\"required name=search_term_string\"}],\"inLanguage\":\"pt-BR\"},{\"@type\":\"ImageObject\",\"inLanguage\":\"pt-BR\",\"@id\":\"https:\/\/franciscanos.org.br\/noticias\/instituto-dos-meninos-cantores-de-petropolis-recebe-coral-portugues.html#primaryimage\",\"url\":\"https:\/\/franciscanos.org.br\/noticias\/wp-content\/uploads\/2013\/03\/museu.jpg\",\"contentUrl\":\"https:\/\/franciscanos.org.br\/noticias\/wp-content\/uploads\/2013\/03\/museu.jpg\",\"width\":273,\"height\":181},{\"@type\":\"WebPage\",\"@id\":\"https:\/\/franciscanos.org.br\/noticias\/instituto-dos-meninos-cantores-de-petropolis-recebe-coral-portugues.html#webpage\",\"url\":\"https:\/\/franciscanos.org.br\/noticias\/instituto-dos-meninos-cantores-de-petropolis-recebe-coral-portugues.html\",\"name\":\"Instituto dos Meninos Cantores de Petr\u00f3polis recebe coral portugu\u00eas - Not\u00edcias - Franciscanos\",\"isPartOf\":{\"@id\":\"https:\/\/franciscanos.org.br\/noticias\/#website\"},\"primaryImageOfPage\":{\"@id\":\"https:\/\/franciscanos.org.br\/noticias\/instituto-dos-meninos-cantores-de-petropolis-recebe-coral-portugues.html#primaryimage\"},\"datePublished\":\"2013-03-20T11:33:07+00:00\",\"dateModified\":\"2021-07-05T23:05:34+00:00\",\"author\":{\"@id\":\"https:\/\/franciscanos.org.br\/noticias\/#\/schema\/person\/b38fbf43118f02820bd932f2e4b14ad3\"},\"breadcrumb\":{\"@id\":\"https:\/\/franciscanos.org.br\/noticias\/instituto-dos-meninos-cantores-de-petropolis-recebe-coral-portugues.html#breadcrumb\"},\"inLanguage\":\"pt-BR\",\"potentialAction\":[{\"@type\":\"ReadAction\",\"target\":[\"https:\/\/franciscanos.org.br\/noticias\/instituto-dos-meninos-cantores-de-petropolis-recebe-coral-portugues.html\"]}]},{\"@type\":\"BreadcrumbList\",\"@id\":\"https:\/\/franciscanos.org.br\/noticias\/instituto-dos-meninos-cantores-de-petropolis-recebe-coral-portugues.html#breadcrumb\",\"itemListElement\":[{\"@type\":\"ListItem\",\"position\":1,\"name\":\"Home\",\"item\":\"https:\/\/franciscanos.org.br\/noticias\"},{\"@type\":\"ListItem\",\"position\":2,\"name\":\"Instituto dos Meninos Cantores de Petr\u00f3polis recebe coral portugu\u00eas\"}]},{\"@type\":\"Person\",\"@id\":\"https:\/\/franciscanos.org.br\/noticias\/#\/schema\/person\/b38fbf43118f02820bd932f2e4b14ad3\",\"name\":\"admin\",\"image\":{\"@type\":\"ImageObject\",\"inLanguage\":\"pt-BR\",\"@id\":\"https:\/\/franciscanos.org.br\/noticias\/#\/schema\/person\/image\/\",\"url\":\"https:\/\/secure.gravatar.com\/avatar\/e8495742d34d0ba6448ea1c628263b3e?s=96&d=mm&r=g\",\"contentUrl\":\"https:\/\/secure.gravatar.com\/avatar\/e8495742d34d0ba6448ea1c628263b3e?s=96&d=mm&r=g\",\"caption\":\"admin\"},\"url\":\"https:\/\/franciscanos.org.br\/noticias\/author\/admin\"}]}<\/script>\n<!-- \/ Yoast SEO plugin. -->","yoast_head_json":{"title":"Instituto dos Meninos Cantores de Petr\u00f3polis recebe coral portugu\u00eas - Not\u00edcias - Franciscanos","robots":{"index":"index","follow":"follow","max-snippet":"max-snippet:-1","max-image-preview":"max-image-preview:large","max-video-preview":"max-video-preview:-1"},"canonical":"https:\/\/franciscanos.org.br\/noticias\/instituto-dos-meninos-cantores-de-petropolis-recebe-coral-portugues.html","og_locale":"pt_BR","og_type":"article","og_title":"Instituto dos Meninos Cantores de Petr\u00f3polis recebe coral portugu\u00eas - Not\u00edcias - Franciscanos","og_description":"Canarinhos","og_url":"https:\/\/franciscanos.org.br\/noticias\/instituto-dos-meninos-cantores-de-petropolis-recebe-coral-portugues.html","og_site_name":"Not\u00edcias - Franciscanos","article_published_time":"2013-03-20T11:33:07+00:00","article_modified_time":"2021-07-05T23:05:34+00:00","og_image":[{"width":273,"height":181,"url":"https:\/\/franciscanos.org.br\/noticias\/wp-content\/uploads\/2013\/03\/museu.jpg","type":"image\/jpeg"}],"author":"admin","twitter_card":"summary_large_image","twitter_misc":{"Escrito por":"admin","Est. tempo de leitura":"1 minuto"},"schema":{"@context":"https:\/\/schema.org","@graph":[{"@type":"WebSite","@id":"https:\/\/franciscanos.org.br\/noticias\/#website","url":"https:\/\/franciscanos.org.br\/noticias\/","name":"Not\u00edcias - Franciscanos","description":"Prov\u00edncia Franciscana da Imaculada Concei\u00e7\u00e3o do Brasil - Ordem dos Frades Menores - OFM","potentialAction":[{"@type":"SearchAction","target":{"@type":"EntryPoint","urlTemplate":"https:\/\/franciscanos.org.br\/noticias\/?s={search_term_string}"},"query-input":"required name=search_term_string"}],"inLanguage":"pt-BR"},{"@type":"ImageObject","inLanguage":"pt-BR","@id":"https:\/\/franciscanos.org.br\/noticias\/instituto-dos-meninos-cantores-de-petropolis-recebe-coral-portugues.html#primaryimage","url":"https:\/\/franciscanos.org.br\/noticias\/wp-content\/uploads\/2013\/03\/museu.jpg","contentUrl":"https:\/\/franciscanos.org.br\/noticias\/wp-content\/uploads\/2013\/03\/museu.jpg","width":273,"height":181},{"@type":"WebPage","@id":"https:\/\/franciscanos.org.br\/noticias\/instituto-dos-meninos-cantores-de-petropolis-recebe-coral-portugues.html#webpage","url":"https:\/\/franciscanos.org.br\/noticias\/instituto-dos-meninos-cantores-de-petropolis-recebe-coral-portugues.html","name":"Instituto dos Meninos Cantores de Petr\u00f3polis recebe coral portugu\u00eas - Not\u00edcias - Franciscanos","isPartOf":{"@id":"https:\/\/franciscanos.org.br\/noticias\/#website"},"primaryImageOfPage":{"@id":"https:\/\/franciscanos.org.br\/noticias\/instituto-dos-meninos-cantores-de-petropolis-recebe-coral-portugues.html#primaryimage"},"datePublished":"2013-03-20T11:33:07+00:00","dateModified":"2021-07-05T23:05:34+00:00","author":{"@id":"https:\/\/franciscanos.org.br\/noticias\/#\/schema\/person\/b38fbf43118f02820bd932f2e4b14ad3"},"breadcrumb":{"@id":"https:\/\/franciscanos.org.br\/noticias\/instituto-dos-meninos-cantores-de-petropolis-recebe-coral-portugues.html#breadcrumb"},"inLanguage":"pt-BR","potentialAction":[{"@type":"ReadAction","target":["https:\/\/franciscanos.org.br\/noticias\/instituto-dos-meninos-cantores-de-petropolis-recebe-coral-portugues.html"]}]},{"@type":"BreadcrumbList","@id":"https:\/\/franciscanos.org.br\/noticias\/instituto-dos-meninos-cantores-de-petropolis-recebe-coral-portugues.html#breadcrumb","itemListElement":[{"@type":"ListItem","position":1,"name":"Home","item":"https:\/\/franciscanos.org.br\/noticias"},{"@type":"ListItem","position":2,"name":"Instituto dos Meninos Cantores de Petr\u00f3polis recebe coral portugu\u00eas"}]},{"@type":"Person","@id":"https:\/\/franciscanos.org.br\/noticias\/#\/schema\/person\/b38fbf43118f02820bd932f2e4b14ad3","name":"admin","image":{"@type":"ImageObject","inLanguage":"pt-BR","@id":"https:\/\/franciscanos.org.br\/noticias\/#\/schema\/person\/image\/","url":"https:\/\/secure.gravatar.com\/avatar\/e8495742d34d0ba6448ea1c628263b3e?s=96&d=mm&r=g","contentUrl":"https:\/\/secure.gravatar.com\/avatar\/e8495742d34d0ba6448ea1c628263b3e?s=96&d=mm&r=g","caption":"admin"},"url":"https:\/\/franciscanos.org.br\/noticias\/author\/admin"}]}},"_links":{"self":[{"href":"https:\/\/franciscanos.org.br\/noticias\/wp-json\/wp\/v2\/posts\/34522"}],"collection":[{"href":"https:\/\/franciscanos.org.br\/noticias\/wp-json\/wp\/v2\/posts"}],"about":[{"href":"https:\/\/franciscanos.org.br\/noticias\/wp-json\/wp\/v2\/types\/post"}],"author":[{"embeddable":true,"href":"https:\/\/franciscanos.org.br\/noticias\/wp-json\/wp\/v2\/users\/1"}],"replies":[{"embeddable":true,"href":"https:\/\/franciscanos.org.br\/noticias\/wp-json\/wp\/v2\/comments?post=34522"}],"version-history":[{"count":1,"href":"https:\/\/franciscanos.org.br\/noticias\/wp-json\/wp\/v2\/posts\/34522\/revisions"}],"predecessor-version":[{"id":229226,"href":"https:\/\/franciscanos.org.br\/noticias\/wp-json\/wp\/v2\/posts\/34522\/revisions\/229226"}],"wp:featuredmedia":[{"embeddable":true,"href":"https:\/\/franciscanos.org.br\/noticias\/wp-json\/wp\/v2\/media\/216607"}],"wp:attachment":[{"href":"https:\/\/franciscanos.org.br\/noticias\/wp-json\/wp\/v2\/media?parent=34522"}],"wp:term":[{"taxonomy":"category","embeddable":true,"href":"https:\/\/franciscanos.org.br\/noticias\/wp-json\/wp\/v2\/categories?post=34522"},{"taxonomy":"post_tag","embeddable":true,"href":"https:\/\/franciscanos.org.br\/noticias\/wp-json\/wp\/v2\/tags?post=34522"}],"curies":[{"name":"wp","href":"https:\/\/api.w.org\/{rel}","templated":true}]}}