{"id":34389,"date":"2013-03-19T08:56:08","date_gmt":"2013-03-19T11:56:08","guid":{"rendered":"http:\/\/new.franciscanos.org.br\/?p=34389"},"modified":"2020-06-11T17:16:29","modified_gmt":"2020-06-11T20:16:29","slug":"papa-francisco-inaugura-pontificado-e-reassume-compromisso-com-os-pobres","status":"publish","type":"post","link":"https:\/\/franciscanos.org.br\/noticias\/papa-francisco-inaugura-pontificado-e-reassume-compromisso-com-os-pobres.html","title":{"rendered":"Papa Francisco inaugura pontificado e reassume compromisso com os pobres"},"content":{"rendered":"<p><strong>Frei Gustavo Wayand Medella<\/strong><\/p>\n<p>Simplicidade, sobriedade, simpatia, solidariedade, servi\u00e7o, sabedoria&#8230; Todos estes substantivos perpassaram a celebra\u00e7\u00e3o da Missa inaugural do Pontificado do Papa Francisco. Antes de se dirigir \u00e0 sacristia para se paramentar, o Papa circulou em carro aberto pela Pra\u00e7a de S\u00e3o Pedro. Acenou, sorriu, beijou e abra\u00e7ou crian\u00e7as e outros fi\u00e9is, desceu do carro e foi ao encontro do povo. Em seguida, j\u00e1 paramentado, dirigiu-se ao t\u00famulo de S\u00e3o Pedro, em companhia dos patriarcas das Igrejas Orientais, para seu momento pessoal de prece diante da sepultura do primeiro Vig\u00e1rio de Cristo. No servi\u00e7o ao Papa Francisco, os freis franciscanos do Monte Alverne, com h\u00e1bitos e sand\u00e1lias, lembrando o despojamento e a simplicidade do <em>Poverello <\/em>de Assis.<\/p>\n<p>S\u00e3o Francisco tamb\u00e9m se fez presente na homilia do Santo Padre, ressaltado por seu amor e respeito \u00e0 cria\u00e7\u00e3o e, ao final, invocado junto a S\u00e3o Jos\u00e9, o Santo do Dia, a Virgem Maria e os Ap\u00f3stolos Pedro e Paulo, a quem o Papa pediu intercess\u00e3o junto a Deus. Ao refletir sobre a figura de S\u00e3o Jos\u00e9, o Pont\u00edfice recordou seu devotamento ao cuidar de Jesus e Maria, num cuidado que tamb\u00e9m depois se alarga \u00e0 Igreja.<\/p>\n<p><img loading=\"lazy\" class=\"alignleft size-full wp-image-34405\" title=\"01\" src=\"http:\/\/franciscanos.org.br\/wp-content\/uploads\/2013\/03\/011.jpg\" alt=\"\" width=\"400\" height=\"208\" \/>A voca\u00e7\u00e3o de guardar, de cuidar, segundo o Papa, \u00e9 um chamado que n\u00e3o se restringe aos crist\u00e3os, mas a todo ser humano. \u201cEntretanto, a voca\u00e7\u00e3o de guardi\u00e3o n\u00e3o diz respeito apenas a n\u00f3s, crist\u00e3os, mas tem uma dimens\u00e3o antecedente, que \u00e9 simplesmente humana e diz respeito a todos: \u00e9 a de guardar a cria\u00e7\u00e3o inteira, a beleza da cria\u00e7\u00e3o, como se diz no livro de G\u00e9nesis e nos mostrou S\u00e3o Francisco de Assis: \u00e9 ter respeito por toda a criatura de Deus e pelo ambiente onde vivemos\u201d, sublinhou o Papa Francisco.<\/p>\n<p>E este esp\u00edrito de cuidado, o Papa tamb\u00e9m recomendou a todos aos governantes e aos que exercem cargos de comando na sociedade: \u201cQueria pedir, por favor, a quantos ocupam cargos de responsabilidade em \u00e2mbito econ\u00f4mico, pol\u00edtico ou social, a todos os homens e mulheres de boa vontade: sejamos \u2018guardi\u00e3es\u2019 da cria\u00e7\u00e3o, do des\u00edgnio de Deus inscrito na natureza, guardi\u00e3es do outro, do ambiente; n\u00e3o deixemos que sinais de destrui\u00e7\u00e3o e morte acompanhem o caminho deste nosso mundo!\u201d<\/p>\n<p><img loading=\"lazy\" class=\"alignright size-full wp-image-34406\" title=\"02\" src=\"http:\/\/franciscanos.org.br\/wp-content\/uploads\/2013\/03\/02.jpg\" alt=\"\" width=\"400\" height=\"211\" \/>Al\u00e9m de exortar ao cuidado, o Papa tamb\u00e9m se comprometeu a cuidar da Igreja como um servidor: \u201cHoje, juntamente com a festa de S\u00e3o Jos\u00e9, celebramos o in\u00edcio do minist\u00e9rio do novo Bispo de Roma, Sucessor de Pedro, que inclui tamb\u00e9m um poder. \u00c9 certo que Jesus Cristo deu um poder a Pedro, mas de que poder se trata? (&#8230;) N\u00e3o esque\u00e7amos jamais que o verdadeiro poder \u00e9 o servi\u00e7o, e que o pr\u00f3prio Papa, para exercer o poder, deve entrar sempre mais naquele servi\u00e7o que tem o seu v\u00e9rtice luminoso na Cruz; deve olhar para o servi\u00e7o humilde, concreto, rico de f\u00e9, de S\u00e3o Jos\u00e9 e, como ele, abrir os bra\u00e7os para guardar todo o Povo de Deus e acolher, com afeto e ternura, a humanidade inteira, especialmente os mais pobres, os mais fracos, os mais pequeninos\u201d. Ao fim da reflex\u00e3o, como tem feito reiteradamente, o Sumo Pont\u00edfice se recomendou \u00e0 ora\u00e7\u00e3o do povo. Tamb\u00e9m, no in\u00edcio da homilia, pediu ora\u00e7\u00f5es e fez um agradecimento ao seu antecessor Bento XVI.<\/p>\n<p>A Pra\u00e7a de S\u00e3o Pedro estava repleta, com cerca de 200 mil pessoas. Muitos l\u00edderes religiosos de diversas tradi\u00e7\u00f5es e chefes de Estado se fizeram presentes, inclusive a Presidenta do Brasil, Dilma Roussef. Ao t\u00e9rmino da Missa, depois de cumprimentar os chefes de Estado, o Papa postou em seu twitter: \u201cGuardemos Cristo na nossa vida, cuidemos uns dos outros e guardemos a cria\u00e7\u00e3o com amor!\u201d Nesta ter\u00e7a-feira, o Papa Francisco tem uma agenda lotada, com muitos encontros previstos e uma s\u00e9rie de compromissos. No pr\u00f3ximo fim de semana, ele almo\u00e7a com o Papa Em\u00e9rito Bento XVI.<br \/>\n<strong><img loading=\"lazy\" class=\"alignleft size-full wp-image-34407\" title=\"03\" src=\"http:\/\/franciscanos.org.br\/wp-content\/uploads\/2013\/03\/03.jpg\" alt=\"\" width=\"400\" height=\"218\" \/><\/strong><\/p>\n<p><strong>E o Papa Francisco?<\/strong><br \/>\nE o Papa Francisco? Quanta esperan\u00e7a, quanta alegria, quanto entusiasmo j\u00e1 semeou no seio da Igreja nestes poucos dias de pontificado. Chegou mostrando a que veio, acolhendo os sinais da gra\u00e7a, reconhecendo na voz e no abra\u00e7o do franciscano Dom Claudio Hummes o sopro do Esp\u00edrito Santo que lhe dizia: \u201cN\u00e3o se esque\u00e7a dos pobres!\u201d Aquela recomenda\u00e7\u00e3o tomou a mente e o cora\u00e7\u00e3o do Cardeal argentino, que n\u00e3o pensou muito e logo se lembrou da un\u00e2nime figura de S\u00e3o Francisco de Assis.<\/p>\n<p>Na escolha do nome, a marca da simplicidade expressa em seguidas a\u00e7\u00f5es que manifestam claramente o prop\u00f3sito do novo Papa: ser servo, pastor, amigo e companheiro do povo. O papa do simples e do s\u00f3brio, de sa\u00edda, dispensou o manto, o brilho e a cruz dourada \u00e0 qual o Romano Pont\u00edfice at\u00e9 ent\u00e3o fazia jus. Preferiu permanecer com a veste branca, simples, sem muitos enfeites ou detalhes. N\u00e3o quis saber de carro oficial, de muita pompa.<\/p>\n<p>Tem sido simp\u00e1tico, acolhedor, paciente, atencioso com quem vem ao seu encontro, como foi com os fi\u00e9is que participaram da Missa de domingo, que ele celebrou numa par\u00f3quia que se localiza dentro do Vaticano. Cumprimentou a todos, brincou com as crian\u00e7as, pediu ora\u00e7\u00f5es, beijou e foi beijado no rosto, colocou-se como um irm\u00e3o. Da mesma forma ao chegar para Missa de inaugura\u00e7\u00e3o de seu pontificado, quando desceu do papam\u00f3vel e foi ao encontro do seu povo, com sorrisos, afagos, palavras simples e carinhosas. Quantos gestos importantes e belos do nosso querido Papa Francisco. Vamos rezar pelo nosso querido Pastor. Viva o Papa Francisco! Viva S\u00e3o Jos\u00e9! Viva Nosso Senhor Jesus Cristo!<\/p>\n<hr \/>\n<div id=\"linha_identificacao\">\n<h1 class=\"fontptserif font-700\">\u00cdntegra da homilia de Papa Francisco<\/h1>\n<\/div>\n<div class=\"sub_header tl-center\"><strong>Queridos irm\u00e3os e irm\u00e3s!<\/strong><\/div>\n<div class=\"conteudo\">\n<p>Agrade\u00e7o ao Senhor por poder celebrar esta Santa Missa de in\u00edcio do minist\u00e9rio petrino na solenidade de S\u00e3o Jos\u00e9, esposo da Virgem Maria e patrono da Igreja universal: \u00e9 uma coincid\u00eancia densa de significado e \u00e9 tamb\u00e9m o onom\u00e1stico do meu venerado Predecessor: acompanhamo-lo com a ora\u00e7\u00e3o, cheia de estima e gratid\u00e3o.<\/p>\n<p>Sa\u00fado, com afeto, os Irm\u00e3os Cardeais e Bispos, os sacerdotes, os di\u00e1conos, os religiosos e as religiosas e todos os fi\u00e9is leigos. Agrade\u00e7o, pela sua presen\u00e7a, aos representantes das outras Igrejas e comunidades eclesiais, bem como aos representantes da comunidade judaica e de outras comunidades religiosas. Dirijo a minha cordial sauda\u00e7\u00e3o aos chefes de Estado e de governo, \u00e0s delega\u00e7\u00f5es oficiais de tantos pa\u00edses do mundo e ao corpo diplom\u00e1tico.<\/p>\n<p>Ouvimos ler, no Evangelho, que \u00abJos\u00e9 fez como lhe ordenou o anjo do Senhor e recebeu sua esposa\u00bb (Mt 1, 24). Nestas palavras, encerra-se j\u00e1 a miss\u00e3o que Deus confia a Jos\u00e9: ser castos, guardi\u00e3o. Guardi\u00e3o de quem? De Maria e de Jesus, mas \u00e9 uma guarda que depois se alarga \u00e0 Igreja, como sublinhou o Beato Jo\u00e3o Paulo II: \u00abS\u00e3o Jos\u00e9, assim como cuidou com amor de Maria e se dedicou com empenho jubiloso \u00e0 educa\u00e7\u00e3o de Jesus Cristo, assim tamb\u00e9m guarda e protege o seu Corpo m\u00edstico, a Igreja, da qual a Virgem Sant\u00edssima \u00e9 figura e modelo\u00bb (Exort. ap. Redemptoris Custos, 1).<\/p>\n<p>Como realiza Jos\u00e9 esta guarda? Com discri\u00e7\u00e3o, com humildade, no sil\u00eancio, mas com uma presen\u00e7a constante e uma fidelidade total, mesmo quando n\u00e3o consegue entender. Desde o casamento com Maria at\u00e9 ao epis\u00f3dio de Jesus, aos doze anos, no templo de Jerusal\u00e9m, acompanha com solicitude e amor cada momento. Permanece ao lado de Maria, sua esposa, tanto nos momentos serenos como nos momentos dif\u00edceis da vida, na ida a Bel\u00e9m para o recenseamento e nas horas ansiosas e felizes do parto; no momento dram\u00e1tico da fuga para o Egito e na busca preocupada do filho no templo; e depois na vida quotidiana da casa de Nazar\u00e9, na carpintaria onde ensinou o of\u00edcio a Jesus.<\/p>\n<p>Como vive Jos\u00e9 a sua voca\u00e7\u00e3o de guardi\u00e3o de Maria, de Jesus, da Igreja? Numa constante aten\u00e7\u00e3o a Deus, aberto aos seus sinais, dispon\u00edvel mais ao projeto d\u2019Ele que ao seu. E isto mesmo \u00e9 o que Deus pede a David, como ouvimos na primeira Leitura: Deus n\u00e3o deseja uma casa constru\u00edda pelo homem, mas quer a fidelidade \u00e0 sua Palavra, ao seu des\u00edgnio; e \u00e9 o pr\u00f3prio Deus que constr\u00f3i a casa, mas de pedras vivas marcadas pelo seu Esp\u00edrito. E Jos\u00e9 \u00e9 \u00abguardi\u00e3o\u00bb, porque sabe ouvir a Deus, deixa-se guiar pela sua vontade e, por isso mesmo, se mostra ainda mais sens\u00edvel com as pessoas que lhe est\u00e3o confiadas, sabe ler com realismo os acontecimentos, est\u00e1 atento \u00e0quilo que o rodeia, e toma as decis\u00f5es mais sensatas. Nele, queridos amigos, vemos como se responde \u00e0 voca\u00e7\u00e3o de Deus: com disponibilidade e prontid\u00e3o; mas vemos tamb\u00e9m qual \u00e9 o centro da voca\u00e7\u00e3o crist\u00e3: Cristo. Guardemos Cristo na nossa vida, para guardar os outros, para guardar a cria\u00e7\u00e3o!<\/p>\n<p>Entretanto, a voca\u00e7\u00e3o de guardi\u00e3o n\u00e3o diz respeito apenas a n\u00f3s, crist\u00e3os, mas tem uma dimens\u00e3o antecedente, que \u00e9 simplesmente humana e diz respeito a todos: \u00e9 a de guardar a cria\u00e7\u00e3o inteira, a beleza da cria\u00e7\u00e3o, como se diz no livro de G\u00eanesis e nos mostrou S\u00e3o Francisco de Assis: \u00e9 ter respeito por toda a criatura de Deus e pelo ambiente onde vivemos. \u00c9 guardar as pessoas, cuidar carinhosamente de todas elas e cada uma, especialmente das crian\u00e7as, dos idosos, daqueles que s\u00e3o mais fr\u00e1geis e que muitas vezes est\u00e3o na periferia do nosso cora\u00e7\u00e3o. \u00c9 cuidar uns dos outros na fam\u00edlia: os esposos guardam-se reciprocamente, depois, como pais, cuidam dos filhos, e, com o passar do tempo, os pr\u00f3prios filhos tornam-se guardi\u00e3es dos pais. \u00c9 viver com sinceridade as amizades, que s\u00e3o um m\u00fatuo guardar-se na intimidade, no respeito e no bem. Fundamentalmente tudo est\u00e1 confiado \u00e0 guarda do homem, e \u00e9 uma responsabilidade que nos diz respeito a todos. Sede guardi\u00e3es dos dons de Deus!<\/p>\n<p>E quando o homem falha nesta responsabilidade, quando n\u00e3o cuidamos da cria\u00e7\u00e3o e dos irm\u00e3os, ent\u00e3o encontra lugar a destrui\u00e7\u00e3o e o cora\u00e7\u00e3o fica ressequido. Infelizmente, em cada \u00e9poca da hist\u00f3ria, existem \u00abHerodes\u00bb que tramam des\u00edgnios de morte, destroem e deturpam o rosto do homem e da mulher.<\/p>\n<p>Queria pedir, por favor, a todos que ocupam cargos de responsabilidade em \u00e2mbito econ\u00f4mico, pol\u00edtico ou social, a todos os homens e mulheres de boa vontade: sejamos \u00abguardi\u00e3es\u00bb da cria\u00e7\u00e3o, do des\u00edgnio de Deus inscrito na natureza, guardi\u00e3es do outro, do ambiente; n\u00e3o deixemos que sinais de destrui\u00e7\u00e3o e morte acompanhem o caminho deste nosso mundo! Mas, para \u00abguardar\u00bb, devemos tamb\u00e9m cuidar de n\u00f3s mesmos. Lembremo-nos de que o \u00f3dio, a inveja, o orgulho sujam a vida; ent\u00e3o guardar quer dizer vigiar sobre os nossos sentimentos, o nosso cora\u00e7\u00e3o, porque \u00e9 dele que saem as boas inten\u00e7\u00f5es e as m\u00e1s: aquelas que edificam e as que destroem. N\u00e3o devemos ter medo de bondade, ou mesmo de ternura.<\/p>\n<p>A prop\u00f3sito, deixai-me acrescentar mais uma observa\u00e7\u00e3o: cuidar, guardar requer bondade, requer ser praticado com ternura. Nos Evangelhos, S\u00e3o Jos\u00e9 aparece como um homem forte, corajoso, trabalhador, mas, no seu \u00edntimo, sobressai uma grande ternura, que n\u00e3o \u00e9 a virtude dos fracos, antes pelo contr\u00e1rio denota fortaleza de \u00e2nimo e capacidade de solicitude, de compaix\u00e3o, de verdadeira abertura ao outro, de amor. N\u00e3o devemos ter medo da bondade, da ternura!<\/p>\n<p>Hoje, juntamente com a festa de S\u00e3o Jos\u00e9, celebramos o in\u00edcio do minist\u00e9rio do novo Bispo de Roma, Sucessor de Pedro, que inclui tamb\u00e9m um poder. \u00c9 certo que Jesus Cristo deu um poder a Pedro, mas de que poder se trata? \u00c0 tr\u00edplice pergunta de Jesus a Pedro sobre o amor, segue-se o tr\u00edplice convite: apascenta os meus cordeiros, apascenta as minhas ovelhas. N\u00e3o esque\u00e7amos jamais que o verdadeiro poder \u00e9 o servi\u00e7o, e que o pr\u00f3prio Papa, para exercer o poder, deve entrar sempre mais naquele servi\u00e7o que tem o seu v\u00e9rtice luminoso na Cruz; deve olhar para o servi\u00e7o humilde, concreto, rico de f\u00e9, de S\u00e3o Jos\u00e9 e, como ele, abrir os bra\u00e7os para guardar todo o Povo de Deus e acolher, com afeto e ternura, a humanidade inteira, especialmente os mais pobres, os mais fracos, os mais pequeninos, aqueles que Mateus descreve no Ju\u00edzo final sobre a caridade: quem tem fome, sede, \u00e9 estrangeiro, est\u00e1 nu, doente, na pris\u00e3o (cf. Mt 25, 31-46). Apenas aqueles que servem com amor capaz de proteger.<\/p>\n<p>Na segunda Leitura, S\u00e3o Paulo fala de Abra\u00e3o, que acreditou \u00abcom uma esperan\u00e7a, para al\u00e9m do que se podia esperar\u00bb (Rm 4, 18). Com uma esperan\u00e7a, para al\u00e9m do que se podia esperar! Tamb\u00e9m hoje, perante tantos peda\u00e7os de c\u00e9u cinzento, h\u00e1 necessidade de ver a luz da esperan\u00e7a e de darmos, n\u00f3s mesmos, esperan\u00e7a. Guardar a cria\u00e7\u00e3o, cada homem e cada mulher, com um olhar de ternura e amor, \u00e9 abrir o horizonte da esperan\u00e7a, \u00e9 abrir um rasgo de luz no meio de tantas nuvens, \u00e9 levar o calor da esperan\u00e7a! E, para o crente, para n\u00f3s crist\u00e3os, como Abra\u00e3o, como S\u00e3o Jos\u00e9, a esperan\u00e7a que levamos tem o horizonte de Deus que nos foi aberto em Cristo, est\u00e1 fundada sobre a rocha que \u00e9 Deus.<\/p>\n<p>Guardar Jesus com Maria, guardar a cria\u00e7\u00e3o inteira, guardar toda a pessoa, especialmente a mais pobre, guardarmo-nos a n\u00f3s mesmos: eis um servi\u00e7o que o Bispo de Roma est\u00e1 chamado a cumprir, mas para o qual todos n\u00f3s estamos chamados, fazendo resplandecer a estrela da esperan\u00e7a: Guardemos com amor aquilo que Deus nos deu!<br \/>\nPe\u00e7o a intercess\u00e3o da Virgem Maria, de S\u00e3o Jos\u00e9, de S\u00e3o Pedro e S\u00e3o Paulo, de S\u00e3o Francisco, para que o Esp\u00edrito Santo acompanhe o meu minist\u00e9rio, e, a todos v\u00f3s, digo: rezai por mim! Am\u00e9m.<\/p>\n<\/div>\n","protected":false},"excerpt":{"rendered":"<p>In\u00edcio do Pontificado de Francisco<\/p>\n","protected":false},"author":1,"featured_media":207157,"comment_status":"closed","ping_status":"closed","sticky":false,"template":"","format":"standard","meta":[],"categories":[1428],"tags":[55,445],"acf":[],"yoast_head":"<!-- This site is optimized with the Yoast SEO plugin v19.2 - https:\/\/yoast.com\/wordpress\/plugins\/seo\/ -->\n<title>Papa Francisco inaugura pontificado e reassume compromisso com os pobres - Not\u00edcias - Franciscanos<\/title>\n<meta name=\"robots\" content=\"index, follow, max-snippet:-1, max-image-preview:large, max-video-preview:-1\" \/>\n<link rel=\"canonical\" href=\"https:\/\/franciscanos.org.br\/noticias\/papa-francisco-inaugura-pontificado-e-reassume-compromisso-com-os-pobres.html\" \/>\n<meta property=\"og:locale\" content=\"pt_BR\" \/>\n<meta property=\"og:type\" content=\"article\" \/>\n<meta property=\"og:title\" content=\"Papa Francisco inaugura pontificado e reassume compromisso com os pobres - Not\u00edcias - Franciscanos\" \/>\n<meta property=\"og:description\" content=\"In\u00edcio do Pontificado de Francisco\" \/>\n<meta property=\"og:url\" content=\"https:\/\/franciscanos.org.br\/noticias\/papa-francisco-inaugura-pontificado-e-reassume-compromisso-com-os-pobres.html\" \/>\n<meta property=\"og:site_name\" content=\"Not\u00edcias - Franciscanos\" \/>\n<meta property=\"article:published_time\" content=\"2013-03-19T11:56:08+00:00\" \/>\n<meta property=\"article:modified_time\" content=\"2020-06-11T20:16:29+00:00\" \/>\n<meta property=\"og:image\" content=\"https:\/\/franciscanos.org.br\/noticias\/wp-content\/uploads\/2013\/03\/02.jpg\" \/>\n\t<meta property=\"og:image:width\" content=\"273\" \/>\n\t<meta property=\"og:image:height\" content=\"181\" \/>\n\t<meta property=\"og:image:type\" content=\"image\/jpeg\" \/>\n<meta name=\"author\" content=\"admin\" \/>\n<meta name=\"twitter:card\" content=\"summary_large_image\" \/>\n<meta name=\"twitter:label1\" content=\"Escrito por\" \/>\n\t<meta name=\"twitter:data1\" content=\"admin\" \/>\n\t<meta name=\"twitter:label2\" content=\"Est. tempo de leitura\" \/>\n\t<meta name=\"twitter:data2\" content=\"12 minutos\" \/>\n<script type=\"application\/ld+json\" class=\"yoast-schema-graph\">{\"@context\":\"https:\/\/schema.org\",\"@graph\":[{\"@type\":\"WebSite\",\"@id\":\"https:\/\/franciscanos.org.br\/noticias\/#website\",\"url\":\"https:\/\/franciscanos.org.br\/noticias\/\",\"name\":\"Not\u00edcias - Franciscanos\",\"description\":\"Prov\u00edncia Franciscana da Imaculada Concei\u00e7\u00e3o do Brasil - Ordem dos Frades Menores - OFM\",\"potentialAction\":[{\"@type\":\"SearchAction\",\"target\":{\"@type\":\"EntryPoint\",\"urlTemplate\":\"https:\/\/franciscanos.org.br\/noticias\/?s={search_term_string}\"},\"query-input\":\"required name=search_term_string\"}],\"inLanguage\":\"pt-BR\"},{\"@type\":\"ImageObject\",\"inLanguage\":\"pt-BR\",\"@id\":\"https:\/\/franciscanos.org.br\/noticias\/papa-francisco-inaugura-pontificado-e-reassume-compromisso-com-os-pobres.html#primaryimage\",\"url\":\"https:\/\/franciscanos.org.br\/noticias\/wp-content\/uploads\/2013\/03\/02.jpg\",\"contentUrl\":\"https:\/\/franciscanos.org.br\/noticias\/wp-content\/uploads\/2013\/03\/02.jpg\",\"width\":273,\"height\":181},{\"@type\":\"WebPage\",\"@id\":\"https:\/\/franciscanos.org.br\/noticias\/papa-francisco-inaugura-pontificado-e-reassume-compromisso-com-os-pobres.html#webpage\",\"url\":\"https:\/\/franciscanos.org.br\/noticias\/papa-francisco-inaugura-pontificado-e-reassume-compromisso-com-os-pobres.html\",\"name\":\"Papa Francisco inaugura pontificado e reassume compromisso com os pobres - Not\u00edcias - Franciscanos\",\"isPartOf\":{\"@id\":\"https:\/\/franciscanos.org.br\/noticias\/#website\"},\"primaryImageOfPage\":{\"@id\":\"https:\/\/franciscanos.org.br\/noticias\/papa-francisco-inaugura-pontificado-e-reassume-compromisso-com-os-pobres.html#primaryimage\"},\"datePublished\":\"2013-03-19T11:56:08+00:00\",\"dateModified\":\"2020-06-11T20:16:29+00:00\",\"author\":{\"@id\":\"https:\/\/franciscanos.org.br\/noticias\/#\/schema\/person\/b38fbf43118f02820bd932f2e4b14ad3\"},\"breadcrumb\":{\"@id\":\"https:\/\/franciscanos.org.br\/noticias\/papa-francisco-inaugura-pontificado-e-reassume-compromisso-com-os-pobres.html#breadcrumb\"},\"inLanguage\":\"pt-BR\",\"potentialAction\":[{\"@type\":\"ReadAction\",\"target\":[\"https:\/\/franciscanos.org.br\/noticias\/papa-francisco-inaugura-pontificado-e-reassume-compromisso-com-os-pobres.html\"]}]},{\"@type\":\"BreadcrumbList\",\"@id\":\"https:\/\/franciscanos.org.br\/noticias\/papa-francisco-inaugura-pontificado-e-reassume-compromisso-com-os-pobres.html#breadcrumb\",\"itemListElement\":[{\"@type\":\"ListItem\",\"position\":1,\"name\":\"Home\",\"item\":\"https:\/\/franciscanos.org.br\/noticias\"},{\"@type\":\"ListItem\",\"position\":2,\"name\":\"Papa Francisco inaugura pontificado e reassume compromisso com os pobres\"}]},{\"@type\":\"Person\",\"@id\":\"https:\/\/franciscanos.org.br\/noticias\/#\/schema\/person\/b38fbf43118f02820bd932f2e4b14ad3\",\"name\":\"admin\",\"image\":{\"@type\":\"ImageObject\",\"inLanguage\":\"pt-BR\",\"@id\":\"https:\/\/franciscanos.org.br\/noticias\/#\/schema\/person\/image\/\",\"url\":\"https:\/\/secure.gravatar.com\/avatar\/e8495742d34d0ba6448ea1c628263b3e?s=96&d=mm&r=g\",\"contentUrl\":\"https:\/\/secure.gravatar.com\/avatar\/e8495742d34d0ba6448ea1c628263b3e?s=96&d=mm&r=g\",\"caption\":\"admin\"},\"url\":\"https:\/\/franciscanos.org.br\/noticias\/author\/admin\"}]}<\/script>\n<!-- \/ Yoast SEO plugin. -->","yoast_head_json":{"title":"Papa Francisco inaugura pontificado e reassume compromisso com os pobres - Not\u00edcias - Franciscanos","robots":{"index":"index","follow":"follow","max-snippet":"max-snippet:-1","max-image-preview":"max-image-preview:large","max-video-preview":"max-video-preview:-1"},"canonical":"https:\/\/franciscanos.org.br\/noticias\/papa-francisco-inaugura-pontificado-e-reassume-compromisso-com-os-pobres.html","og_locale":"pt_BR","og_type":"article","og_title":"Papa Francisco inaugura pontificado e reassume compromisso com os pobres - Not\u00edcias - Franciscanos","og_description":"In\u00edcio do Pontificado de Francisco","og_url":"https:\/\/franciscanos.org.br\/noticias\/papa-francisco-inaugura-pontificado-e-reassume-compromisso-com-os-pobres.html","og_site_name":"Not\u00edcias - Franciscanos","article_published_time":"2013-03-19T11:56:08+00:00","article_modified_time":"2020-06-11T20:16:29+00:00","og_image":[{"width":273,"height":181,"url":"https:\/\/franciscanos.org.br\/noticias\/wp-content\/uploads\/2013\/03\/02.jpg","type":"image\/jpeg"}],"author":"admin","twitter_card":"summary_large_image","twitter_misc":{"Escrito por":"admin","Est. tempo de leitura":"12 minutos"},"schema":{"@context":"https:\/\/schema.org","@graph":[{"@type":"WebSite","@id":"https:\/\/franciscanos.org.br\/noticias\/#website","url":"https:\/\/franciscanos.org.br\/noticias\/","name":"Not\u00edcias - Franciscanos","description":"Prov\u00edncia Franciscana da Imaculada Concei\u00e7\u00e3o do Brasil - Ordem dos Frades Menores - OFM","potentialAction":[{"@type":"SearchAction","target":{"@type":"EntryPoint","urlTemplate":"https:\/\/franciscanos.org.br\/noticias\/?s={search_term_string}"},"query-input":"required name=search_term_string"}],"inLanguage":"pt-BR"},{"@type":"ImageObject","inLanguage":"pt-BR","@id":"https:\/\/franciscanos.org.br\/noticias\/papa-francisco-inaugura-pontificado-e-reassume-compromisso-com-os-pobres.html#primaryimage","url":"https:\/\/franciscanos.org.br\/noticias\/wp-content\/uploads\/2013\/03\/02.jpg","contentUrl":"https:\/\/franciscanos.org.br\/noticias\/wp-content\/uploads\/2013\/03\/02.jpg","width":273,"height":181},{"@type":"WebPage","@id":"https:\/\/franciscanos.org.br\/noticias\/papa-francisco-inaugura-pontificado-e-reassume-compromisso-com-os-pobres.html#webpage","url":"https:\/\/franciscanos.org.br\/noticias\/papa-francisco-inaugura-pontificado-e-reassume-compromisso-com-os-pobres.html","name":"Papa Francisco inaugura pontificado e reassume compromisso com os pobres - Not\u00edcias - Franciscanos","isPartOf":{"@id":"https:\/\/franciscanos.org.br\/noticias\/#website"},"primaryImageOfPage":{"@id":"https:\/\/franciscanos.org.br\/noticias\/papa-francisco-inaugura-pontificado-e-reassume-compromisso-com-os-pobres.html#primaryimage"},"datePublished":"2013-03-19T11:56:08+00:00","dateModified":"2020-06-11T20:16:29+00:00","author":{"@id":"https:\/\/franciscanos.org.br\/noticias\/#\/schema\/person\/b38fbf43118f02820bd932f2e4b14ad3"},"breadcrumb":{"@id":"https:\/\/franciscanos.org.br\/noticias\/papa-francisco-inaugura-pontificado-e-reassume-compromisso-com-os-pobres.html#breadcrumb"},"inLanguage":"pt-BR","potentialAction":[{"@type":"ReadAction","target":["https:\/\/franciscanos.org.br\/noticias\/papa-francisco-inaugura-pontificado-e-reassume-compromisso-com-os-pobres.html"]}]},{"@type":"BreadcrumbList","@id":"https:\/\/franciscanos.org.br\/noticias\/papa-francisco-inaugura-pontificado-e-reassume-compromisso-com-os-pobres.html#breadcrumb","itemListElement":[{"@type":"ListItem","position":1,"name":"Home","item":"https:\/\/franciscanos.org.br\/noticias"},{"@type":"ListItem","position":2,"name":"Papa Francisco inaugura pontificado e reassume compromisso com os pobres"}]},{"@type":"Person","@id":"https:\/\/franciscanos.org.br\/noticias\/#\/schema\/person\/b38fbf43118f02820bd932f2e4b14ad3","name":"admin","image":{"@type":"ImageObject","inLanguage":"pt-BR","@id":"https:\/\/franciscanos.org.br\/noticias\/#\/schema\/person\/image\/","url":"https:\/\/secure.gravatar.com\/avatar\/e8495742d34d0ba6448ea1c628263b3e?s=96&d=mm&r=g","contentUrl":"https:\/\/secure.gravatar.com\/avatar\/e8495742d34d0ba6448ea1c628263b3e?s=96&d=mm&r=g","caption":"admin"},"url":"https:\/\/franciscanos.org.br\/noticias\/author\/admin"}]}},"_links":{"self":[{"href":"https:\/\/franciscanos.org.br\/noticias\/wp-json\/wp\/v2\/posts\/34389"}],"collection":[{"href":"https:\/\/franciscanos.org.br\/noticias\/wp-json\/wp\/v2\/posts"}],"about":[{"href":"https:\/\/franciscanos.org.br\/noticias\/wp-json\/wp\/v2\/types\/post"}],"author":[{"embeddable":true,"href":"https:\/\/franciscanos.org.br\/noticias\/wp-json\/wp\/v2\/users\/1"}],"replies":[{"embeddable":true,"href":"https:\/\/franciscanos.org.br\/noticias\/wp-json\/wp\/v2\/comments?post=34389"}],"version-history":[{"count":1,"href":"https:\/\/franciscanos.org.br\/noticias\/wp-json\/wp\/v2\/posts\/34389\/revisions"}],"predecessor-version":[{"id":226384,"href":"https:\/\/franciscanos.org.br\/noticias\/wp-json\/wp\/v2\/posts\/34389\/revisions\/226384"}],"wp:featuredmedia":[{"embeddable":true,"href":"https:\/\/franciscanos.org.br\/noticias\/wp-json\/wp\/v2\/media\/207157"}],"wp:attachment":[{"href":"https:\/\/franciscanos.org.br\/noticias\/wp-json\/wp\/v2\/media?parent=34389"}],"wp:term":[{"taxonomy":"category","embeddable":true,"href":"https:\/\/franciscanos.org.br\/noticias\/wp-json\/wp\/v2\/categories?post=34389"},{"taxonomy":"post_tag","embeddable":true,"href":"https:\/\/franciscanos.org.br\/noticias\/wp-json\/wp\/v2\/tags?post=34389"}],"curies":[{"name":"wp","href":"https:\/\/api.w.org\/{rel}","templated":true}]}}