{"id":34316,"date":"2013-03-18T15:41:10","date_gmt":"2013-03-18T18:41:10","guid":{"rendered":"http:\/\/new.franciscanos.org.br\/?p=34316"},"modified":"2020-11-11T09:35:52","modified_gmt":"2020-11-11T12:35:52","slug":"frades-monte-alverne-servem-na-missa-do-papa-francisco","status":"publish","type":"post","link":"https:\/\/franciscanos.org.br\/noticias\/frades-monte-alverne-servem-na-missa-do-papa-francisco.html","title":{"rendered":"Frades do Monte Alverne servem na Missa do Papa Francisco"},"content":{"rendered":"<p>Nesta ter\u00e7a-feira, \u00e0s 9h30 (hor\u00e1rio local) e 5h30 (hor\u00e1rio de Bras\u00edlia), o Papa Francisco inicia oficialmente o seu Pontificado durante celebra\u00e7\u00e3o eucar\u00edstica que vai reunir cerca de um milh\u00e3o de pessoas na pra\u00e7a S\u00e3o Pedro, como acreditam as autoridades romanas. Durante a celebra\u00e7\u00e3o, o povo poder\u00e1 ver 14 frades franciscanos servindo na Missa do seu Pontificado.<br \/>\nO convite partiu do pr\u00f3prio Papa, que ligou diretamente para os frades do Monte Alverne, onde S\u00e3o Francisco de Assis recebeu os estigmas: \u201cQuero que voc\u00eas sirvam na Missa de in\u00edcio do Pontificado\u201d, pediu.<\/p>\n<p>A not\u00edcia foi acolhida com entusiasmo e concentrou a aten\u00e7\u00e3o sobre os lugares santos franciscanos, Monte Alverne em destaque.<\/p>\n<p>Mas o convite vai muito al\u00e9m do nome escolhido por ele. O papa quer que sejam os frades do Monte Santo a estarem do seu lado no rito que abrira oficialmente o seu Pontificado. Um rito, recordamos, no qual j\u00e1 est\u00e3o confirmados 80 chefes de Estado.<\/p>\n<p>A liga\u00e7\u00e3o foi feita do Vaticano na quinta-feira pela manh\u00e3 e a aceita\u00e7\u00e3o do guardi\u00e3o local foi imediata. \u201cIremos em 14, aqui ficar\u00e3o apenas os mais idosos e aqueles que t\u00eam dificuldade de locomo\u00e7\u00e3o\u201d. No dia do anuncio da elei\u00e7\u00e3o do novo papa e da escolha do nome, o convento explodiu em alegria, diz o guardi\u00e3o. \u201cA fuma\u00e7a branca veio enquanto rez\u00e1vamos as V\u00e9speras; deixamos dois frades de prontid\u00e3o diante da TV e foram eles que tocaram os sinos.\u201d<\/p>\n<p><img loading=\"lazy\" class=\"alignleft size-full wp-image-34319\" title=\"frades\" src=\"http:\/\/franciscanos.org.br\/wp-content\/uploads\/2013\/03\/frades.jpg\" alt=\"\" width=\"450\" height=\"297\" \/>\u201cE agora o aguardaremos aqui no Santu\u00e1rio; esperamos h\u00e1 tempos por esta visita\u201d. O guardi\u00e3o do monte Alverne, Frei Massimo Grassi, expressa o grande sonho deste lugar santo, que agora se torna protagonista de um dos maiores eventos da igreja cat\u00f3lica. Naquele dia, o telefone tocou sem parar: jornais e TVs de todo o mundo queriam falar o superior e ouvir sua opini\u00e3o.<\/p>\n<p>\u201cEstamos muito felizes, este nome \u00e9 um programa, uma escolha de vida\u201d, responde. Antes de se colocar diante do \u00f3rg\u00e3o, para tocar a missa celebrada pelo Arcebispo de Arezzo, Ricardo Fontana, na capela dos Estigmas, Frei Massimo completa: \u201c\u00c9 a primeira Missa de agradecimento pelo novo Pont\u00edfice e n\u00e3o poderia ser melhor do que aqui\u201d, exclama: \u201cEste \u00e9 o lugar da m\u00e1xima alegria e da m\u00e1xima dor\u201d, conclui.<\/p>\n<h4><strong>TUDO PRONTO PARA A MISSA<\/strong><\/h4>\n<p>A organiza\u00e7\u00e3o da Prefeitura de Roma prev\u00ea mudan\u00e7as no transporte e na seguran\u00e7a. O metr\u00f4 ser\u00e1 gratuito das 5h30 \u00e0s 14h. V\u00e1rias linhas de \u00f4nibus tiveram seus trajetos modificados ou suspensos; haver\u00e1 transporte especial para chegar \u00e0 Pra\u00e7a S\u00e3o Pedro dos principais pontos da capital e as viagens de trens para Roma foram potencializadas.<\/p>\n<p>Um posto de sa\u00fade de emerg\u00eancia foi montado na entrada da Pra\u00e7a e ambul\u00e2ncias est\u00e3o estacionadas em pontos estrat\u00e9gicos. H\u00e1 a proibi\u00e7\u00e3o de estacionamento no per\u00edmetro que circunda o Vaticano. E a partir da meia-noite de ter\u00e7a-feira, toda a \u00e1rea estar\u00e1 fechada para a circula\u00e7\u00e3o de carros.<\/p>\n<p><img loading=\"lazy\" class=\"alignright size-full wp-image-34344\" title=\"monte_alverna\" src=\"http:\/\/franciscanos.org.br\/wp-content\/uploads\/2013\/03\/monte_alverna.jpg\" alt=\"\" width=\"450\" height=\"302\" \/>Tr\u00eas tel\u00f5es est\u00e3o sendo montados na \u201cvia da Conciliazione\u201d para os fi\u00e9is e turistas que n\u00e3o conseguirem lugar na Pra\u00e7a.<br \/>\nA seguran\u00e7a tamb\u00e9m foi refor\u00e7ada. J\u00e1 est\u00e3o em Roma os presidentes da Argentina, Cristina Kirchner (com quem o Papa Francisco se encontrou esta segunda), do Brasil, Dilma Rousseff, o vice-presidente dos Estados Unidos, Joe Biden; v\u00e1rios presidentes latino-americanos, como o de Honduras, Porfirio Lobo Sosa, e do Paraguai, Federico Franco.<\/p>\n<p>Da Europa, j\u00e1 confirmaram presen\u00e7a a chanceler alem\u00e3 Angela Merkel, o presidente da Comiss\u00e3o Europeia, Jos\u00e9 Manuel Barroso, o primeiro-ministro franc\u00eas,\u00a0 JeanMarc Ayrault, o premi\u00ea espanhol Mariano Rajoy, com os pr\u00edncipes Felipe e Let\u00edcia. Da \u00c1frica, vir\u00e3o o de Camar\u00f5es, Moises Hallesleve, do Zimb\u00e1bue, Robert Mugabe, entre outros. O total \u00e9 de mais de 80 l\u00edderes estrangeiros.<\/p>\n<p>Da Argentina, a busca de voos para Roma aumentou 67%, segundo uma ag\u00eancia de viagens.<\/p>\n","protected":false},"excerpt":{"rendered":"<p>In\u00edcio do Pontificado<\/p>\n","protected":false},"author":1,"featured_media":216603,"comment_status":"closed","ping_status":"open","sticky":false,"template":"","format":"standard","meta":[],"categories":[1],"tags":[],"acf":[],"yoast_head":"<!-- This site is optimized with the Yoast SEO plugin v19.2 - https:\/\/yoast.com\/wordpress\/plugins\/seo\/ -->\n<title>Frades do Monte Alverne servem na Missa do Papa Francisco - Not\u00edcias - Franciscanos<\/title>\n<meta name=\"robots\" content=\"index, follow, max-snippet:-1, max-image-preview:large, max-video-preview:-1\" \/>\n<link rel=\"canonical\" href=\"https:\/\/franciscanos.org.br\/noticias\/frades-monte-alverne-servem-na-missa-do-papa-francisco.html\" \/>\n<meta property=\"og:locale\" content=\"pt_BR\" \/>\n<meta property=\"og:type\" content=\"article\" \/>\n<meta property=\"og:title\" content=\"Frades do Monte Alverne servem na Missa do Papa Francisco - Not\u00edcias - Franciscanos\" \/>\n<meta property=\"og:description\" content=\"In\u00edcio do Pontificado\" \/>\n<meta property=\"og:url\" content=\"https:\/\/franciscanos.org.br\/noticias\/frades-monte-alverne-servem-na-missa-do-papa-francisco.html\" \/>\n<meta property=\"og:site_name\" content=\"Not\u00edcias - Franciscanos\" \/>\n<meta property=\"article:published_time\" content=\"2013-03-18T18:41:10+00:00\" \/>\n<meta property=\"article:modified_time\" content=\"2020-11-11T12:35:52+00:00\" \/>\n<meta property=\"og:image\" content=\"https:\/\/franciscanos.org.br\/noticias\/wp-content\/uploads\/2013\/03\/frades.jpg\" \/>\n\t<meta property=\"og:image:width\" content=\"273\" \/>\n\t<meta property=\"og:image:height\" content=\"181\" \/>\n\t<meta property=\"og:image:type\" content=\"image\/jpeg\" \/>\n<meta name=\"author\" content=\"admin\" \/>\n<meta name=\"twitter:card\" content=\"summary_large_image\" \/>\n<meta name=\"twitter:label1\" content=\"Escrito por\" \/>\n\t<meta name=\"twitter:data1\" content=\"admin\" \/>\n\t<meta name=\"twitter:label2\" content=\"Est. tempo de leitura\" \/>\n\t<meta name=\"twitter:data2\" content=\"3 minutos\" \/>\n<script type=\"application\/ld+json\" class=\"yoast-schema-graph\">{\"@context\":\"https:\/\/schema.org\",\"@graph\":[{\"@type\":\"WebSite\",\"@id\":\"https:\/\/franciscanos.org.br\/noticias\/#website\",\"url\":\"https:\/\/franciscanos.org.br\/noticias\/\",\"name\":\"Not\u00edcias - Franciscanos\",\"description\":\"Prov\u00edncia Franciscana da Imaculada Concei\u00e7\u00e3o do Brasil - Ordem dos Frades Menores - OFM\",\"potentialAction\":[{\"@type\":\"SearchAction\",\"target\":{\"@type\":\"EntryPoint\",\"urlTemplate\":\"https:\/\/franciscanos.org.br\/noticias\/?s={search_term_string}\"},\"query-input\":\"required name=search_term_string\"}],\"inLanguage\":\"pt-BR\"},{\"@type\":\"ImageObject\",\"inLanguage\":\"pt-BR\",\"@id\":\"https:\/\/franciscanos.org.br\/noticias\/frades-monte-alverne-servem-na-missa-do-papa-francisco.html#primaryimage\",\"url\":\"https:\/\/franciscanos.org.br\/noticias\/wp-content\/uploads\/2013\/03\/frades.jpg\",\"contentUrl\":\"https:\/\/franciscanos.org.br\/noticias\/wp-content\/uploads\/2013\/03\/frades.jpg\",\"width\":273,\"height\":181},{\"@type\":\"WebPage\",\"@id\":\"https:\/\/franciscanos.org.br\/noticias\/frades-monte-alverne-servem-na-missa-do-papa-francisco.html#webpage\",\"url\":\"https:\/\/franciscanos.org.br\/noticias\/frades-monte-alverne-servem-na-missa-do-papa-francisco.html\",\"name\":\"Frades do Monte Alverne servem na Missa do Papa Francisco - Not\u00edcias - Franciscanos\",\"isPartOf\":{\"@id\":\"https:\/\/franciscanos.org.br\/noticias\/#website\"},\"primaryImageOfPage\":{\"@id\":\"https:\/\/franciscanos.org.br\/noticias\/frades-monte-alverne-servem-na-missa-do-papa-francisco.html#primaryimage\"},\"datePublished\":\"2013-03-18T18:41:10+00:00\",\"dateModified\":\"2020-11-11T12:35:52+00:00\",\"author\":{\"@id\":\"https:\/\/franciscanos.org.br\/noticias\/#\/schema\/person\/b38fbf43118f02820bd932f2e4b14ad3\"},\"breadcrumb\":{\"@id\":\"https:\/\/franciscanos.org.br\/noticias\/frades-monte-alverne-servem-na-missa-do-papa-francisco.html#breadcrumb\"},\"inLanguage\":\"pt-BR\",\"potentialAction\":[{\"@type\":\"ReadAction\",\"target\":[\"https:\/\/franciscanos.org.br\/noticias\/frades-monte-alverne-servem-na-missa-do-papa-francisco.html\"]}]},{\"@type\":\"BreadcrumbList\",\"@id\":\"https:\/\/franciscanos.org.br\/noticias\/frades-monte-alverne-servem-na-missa-do-papa-francisco.html#breadcrumb\",\"itemListElement\":[{\"@type\":\"ListItem\",\"position\":1,\"name\":\"Home\",\"item\":\"https:\/\/franciscanos.org.br\/noticias\"},{\"@type\":\"ListItem\",\"position\":2,\"name\":\"Frades do Monte Alverne servem na Missa do Papa Francisco\"}]},{\"@type\":\"Person\",\"@id\":\"https:\/\/franciscanos.org.br\/noticias\/#\/schema\/person\/b38fbf43118f02820bd932f2e4b14ad3\",\"name\":\"admin\",\"image\":{\"@type\":\"ImageObject\",\"inLanguage\":\"pt-BR\",\"@id\":\"https:\/\/franciscanos.org.br\/noticias\/#\/schema\/person\/image\/\",\"url\":\"https:\/\/secure.gravatar.com\/avatar\/e8495742d34d0ba6448ea1c628263b3e?s=96&d=mm&r=g\",\"contentUrl\":\"https:\/\/secure.gravatar.com\/avatar\/e8495742d34d0ba6448ea1c628263b3e?s=96&d=mm&r=g\",\"caption\":\"admin\"},\"url\":\"https:\/\/franciscanos.org.br\/noticias\/author\/admin\"}]}<\/script>\n<!-- \/ Yoast SEO plugin. -->","yoast_head_json":{"title":"Frades do Monte Alverne servem na Missa do Papa Francisco - Not\u00edcias - Franciscanos","robots":{"index":"index","follow":"follow","max-snippet":"max-snippet:-1","max-image-preview":"max-image-preview:large","max-video-preview":"max-video-preview:-1"},"canonical":"https:\/\/franciscanos.org.br\/noticias\/frades-monte-alverne-servem-na-missa-do-papa-francisco.html","og_locale":"pt_BR","og_type":"article","og_title":"Frades do Monte Alverne servem na Missa do Papa Francisco - Not\u00edcias - Franciscanos","og_description":"In\u00edcio do Pontificado","og_url":"https:\/\/franciscanos.org.br\/noticias\/frades-monte-alverne-servem-na-missa-do-papa-francisco.html","og_site_name":"Not\u00edcias - Franciscanos","article_published_time":"2013-03-18T18:41:10+00:00","article_modified_time":"2020-11-11T12:35:52+00:00","og_image":[{"width":273,"height":181,"url":"https:\/\/franciscanos.org.br\/noticias\/wp-content\/uploads\/2013\/03\/frades.jpg","type":"image\/jpeg"}],"author":"admin","twitter_card":"summary_large_image","twitter_misc":{"Escrito por":"admin","Est. tempo de leitura":"3 minutos"},"schema":{"@context":"https:\/\/schema.org","@graph":[{"@type":"WebSite","@id":"https:\/\/franciscanos.org.br\/noticias\/#website","url":"https:\/\/franciscanos.org.br\/noticias\/","name":"Not\u00edcias - Franciscanos","description":"Prov\u00edncia Franciscana da Imaculada Concei\u00e7\u00e3o do Brasil - Ordem dos Frades Menores - OFM","potentialAction":[{"@type":"SearchAction","target":{"@type":"EntryPoint","urlTemplate":"https:\/\/franciscanos.org.br\/noticias\/?s={search_term_string}"},"query-input":"required name=search_term_string"}],"inLanguage":"pt-BR"},{"@type":"ImageObject","inLanguage":"pt-BR","@id":"https:\/\/franciscanos.org.br\/noticias\/frades-monte-alverne-servem-na-missa-do-papa-francisco.html#primaryimage","url":"https:\/\/franciscanos.org.br\/noticias\/wp-content\/uploads\/2013\/03\/frades.jpg","contentUrl":"https:\/\/franciscanos.org.br\/noticias\/wp-content\/uploads\/2013\/03\/frades.jpg","width":273,"height":181},{"@type":"WebPage","@id":"https:\/\/franciscanos.org.br\/noticias\/frades-monte-alverne-servem-na-missa-do-papa-francisco.html#webpage","url":"https:\/\/franciscanos.org.br\/noticias\/frades-monte-alverne-servem-na-missa-do-papa-francisco.html","name":"Frades do Monte Alverne servem na Missa do Papa Francisco - Not\u00edcias - Franciscanos","isPartOf":{"@id":"https:\/\/franciscanos.org.br\/noticias\/#website"},"primaryImageOfPage":{"@id":"https:\/\/franciscanos.org.br\/noticias\/frades-monte-alverne-servem-na-missa-do-papa-francisco.html#primaryimage"},"datePublished":"2013-03-18T18:41:10+00:00","dateModified":"2020-11-11T12:35:52+00:00","author":{"@id":"https:\/\/franciscanos.org.br\/noticias\/#\/schema\/person\/b38fbf43118f02820bd932f2e4b14ad3"},"breadcrumb":{"@id":"https:\/\/franciscanos.org.br\/noticias\/frades-monte-alverne-servem-na-missa-do-papa-francisco.html#breadcrumb"},"inLanguage":"pt-BR","potentialAction":[{"@type":"ReadAction","target":["https:\/\/franciscanos.org.br\/noticias\/frades-monte-alverne-servem-na-missa-do-papa-francisco.html"]}]},{"@type":"BreadcrumbList","@id":"https:\/\/franciscanos.org.br\/noticias\/frades-monte-alverne-servem-na-missa-do-papa-francisco.html#breadcrumb","itemListElement":[{"@type":"ListItem","position":1,"name":"Home","item":"https:\/\/franciscanos.org.br\/noticias"},{"@type":"ListItem","position":2,"name":"Frades do Monte Alverne servem na Missa do Papa Francisco"}]},{"@type":"Person","@id":"https:\/\/franciscanos.org.br\/noticias\/#\/schema\/person\/b38fbf43118f02820bd932f2e4b14ad3","name":"admin","image":{"@type":"ImageObject","inLanguage":"pt-BR","@id":"https:\/\/franciscanos.org.br\/noticias\/#\/schema\/person\/image\/","url":"https:\/\/secure.gravatar.com\/avatar\/e8495742d34d0ba6448ea1c628263b3e?s=96&d=mm&r=g","contentUrl":"https:\/\/secure.gravatar.com\/avatar\/e8495742d34d0ba6448ea1c628263b3e?s=96&d=mm&r=g","caption":"admin"},"url":"https:\/\/franciscanos.org.br\/noticias\/author\/admin"}]}},"_links":{"self":[{"href":"https:\/\/franciscanos.org.br\/noticias\/wp-json\/wp\/v2\/posts\/34316"}],"collection":[{"href":"https:\/\/franciscanos.org.br\/noticias\/wp-json\/wp\/v2\/posts"}],"about":[{"href":"https:\/\/franciscanos.org.br\/noticias\/wp-json\/wp\/v2\/types\/post"}],"author":[{"embeddable":true,"href":"https:\/\/franciscanos.org.br\/noticias\/wp-json\/wp\/v2\/users\/1"}],"replies":[{"embeddable":true,"href":"https:\/\/franciscanos.org.br\/noticias\/wp-json\/wp\/v2\/comments?post=34316"}],"version-history":[{"count":2,"href":"https:\/\/franciscanos.org.br\/noticias\/wp-json\/wp\/v2\/posts\/34316\/revisions"}],"predecessor-version":[{"id":229228,"href":"https:\/\/franciscanos.org.br\/noticias\/wp-json\/wp\/v2\/posts\/34316\/revisions\/229228"}],"wp:featuredmedia":[{"embeddable":true,"href":"https:\/\/franciscanos.org.br\/noticias\/wp-json\/wp\/v2\/media\/216603"}],"wp:attachment":[{"href":"https:\/\/franciscanos.org.br\/noticias\/wp-json\/wp\/v2\/media?parent=34316"}],"wp:term":[{"taxonomy":"category","embeddable":true,"href":"https:\/\/franciscanos.org.br\/noticias\/wp-json\/wp\/v2\/categories?post=34316"},{"taxonomy":"post_tag","embeddable":true,"href":"https:\/\/franciscanos.org.br\/noticias\/wp-json\/wp\/v2\/tags?post=34316"}],"curies":[{"name":"wp","href":"https:\/\/api.w.org\/{rel}","templated":true}]}}