{"id":34252,"date":"2013-03-18T13:25:31","date_gmt":"2013-03-18T16:25:31","guid":{"rendered":"http:\/\/new.franciscanos.org.br\/?p=34252"},"modified":"2020-11-11T09:36:52","modified_gmt":"2020-11-11T12:36:52","slug":"capitulo-termina-com-a-1a-profissao-dos-novicos","status":"publish","type":"post","link":"https:\/\/franciscanos.org.br\/noticias\/capitulo-termina-com-a-1a-profissao-dos-novicos.html","title":{"rendered":"Cap\u00edtulo termina com a Primeira Profiss\u00e3o dos novi\u00e7os"},"content":{"rendered":"<p><strong>Luanda (Angola) &#8211;<\/strong> No dia 16 de mar\u00e7o, \u00e0s 15 horas, no Mosteiro das Clarissas, no Bairro Palanca, em Luanda, cinco novi\u00e7os angolanos fizeram seus primeiros votos na Ordem Franciscana. Com a presen\u00e7a das comunidades, religios<a href=\"http:\/\/franciscanos.org.br\/wp-content\/uploads\/2013\/03\/angola_oficial.jpg\"><img loading=\"lazy\" class=\"alignleft\" title=\"angola_oficial\" src=\"http:\/\/franciscanos.org.br\/wp-content\/uploads\/2013\/03\/angola_oficial.jpg\" alt=\"\" width=\"830\" height=\"506\" \/><\/a>os e religiosas, de modo especial dos Frades Capuchinhos, a igreja ficou lotada de fi\u00e9is e de alegria.<\/p>\n<p>O Ministro Provincial, Frei Fid\u00eancio Vanboemmel, disse presidiu a celebra\u00e7\u00e3o e recebeu os votos dos neoprofessos. \u201cDeus escreve reto por linhas tortas\u201d, disse Frei Fid\u00eancio, referindo-se \u00e0s dificuldades que os novi\u00e7os tiveram para conseguirem o visto para fazer o noviciado no Brasil no ano passado. \u201cConseguiram com atraso e, com isso, conclu\u00edram o noviciado em Angola. N\u00e3o fosse isso n\u00f3s n\u00e3o ter\u00edamos esta bela celebra\u00e7\u00e3o no dia de hoje. Deus seja louvado pelas maravilhas que opera em nossas vidas\u201d, acrescentou.<\/p>\n<p>Frei Fid\u00eancio destacou ainda: \u201cO Cap\u00edtulo da Funda\u00e7\u00e3o Imaculada M\u00e3e de Deus n\u00e3o poderia terminar de maneira melhor do que esta: com a profiss\u00e3o dos novi\u00e7os\u201d, completou. Ap\u00f3s a Missa, todos participaram de uma singela confraterniza\u00e7\u00e3o.<\/p>\n<p>Parab\u00e9ns aos nossos confrades professos tempor\u00e1rios: Frei Alfredo Elapanga Prego, Frei Jo\u00e3o Alberto Bunga, Frei Quintino Viqui Samayenje, Santana Sebasti\u00e3o Kafunda e Tiago Manuel Quingando.<\/p>\n<p><strong><a href=\"http:\/\/franciscanos.org.br\/wp-content\/uploads\/2013\/03\/angola_interna.jpg\"><img loading=\"lazy\" class=\"alignright size-full wp-image-34253\" title=\"angola_interna\" src=\"http:\/\/franciscanos.org.br\/wp-content\/uploads\/2013\/03\/angola_interna.jpg\" alt=\"\" width=\"400\" height=\"313\" \/><\/a>NA V\u00c9SPERA DA PROFISS\u00c3O<\/strong><\/p>\n<p>O \u00faltimo dia do Cap\u00edtulo Eletivo da Funda\u00e7\u00e3o Imaculada M\u00e3e de Deus de Angola, na sexta-feira (15\/3), foi marcado por tr\u00eas grandes momentos: o primeiro foi a elei\u00e7\u00e3o do novo governo da Funda\u00e7\u00e3o; o segundo foi a avalia\u00e7\u00e3o final das propostas feitas pelos frades capitulares nos grupos de reflex\u00e3o, propostas que foram aprimoradas, esclarecidas e limadas para que o governo eleito possa ajudar na sua execu\u00e7\u00e3o; e o terceiro momento foi a acolhida durante a celebra\u00e7\u00e3o eucar\u00edstica dos cinco confrades novi\u00e7os em Missa presidida pelo rec\u00e9m-eleito presidente da FIMDA, Frei Jos\u00e9 Ant\u00f4nio dos Santos.<\/p>\n<p>O Cap\u00edtulo foi encerrado no s\u00e1bado \u00e0 noite com um jantar-recreio, proporcionado carinhosamente pelas funcion\u00e1rias da Fraternidade do Bairro Palanca. O Ministro Provincial agradeceu, em nome de todos, a disposi\u00e7\u00e3o dos irm\u00e3os da fraternidade que nos acolheram e nos ajudaram muito na quest\u00e3o aliment\u00edcia. No s\u00e1bado de manh\u00e3, antes da celebra\u00e7\u00e3o da Primeira Profiss\u00e3o, o novo governo eleito ainda reuniu-se para o Congresso Capitular, quando define as transfer\u00eancias dos confrades.<\/p>\n<p><em>Pela equipe: Freis Piaia, Tiago e Tchincocolo<\/em><\/p>\n<p>&nbsp;<\/p>\n","protected":false},"excerpt":{"rendered":"<p>Miss\u00e3o de Angola<\/p>\n","protected":false},"author":1,"featured_media":216571,"comment_status":"closed","ping_status":"open","sticky":false,"template":"","format":"standard","meta":[],"categories":[1],"tags":[360],"acf":[],"yoast_head":"<!-- This site is optimized with the Yoast SEO plugin v19.2 - https:\/\/yoast.com\/wordpress\/plugins\/seo\/ -->\n<title>Cap\u00edtulo termina com a Primeira Profiss\u00e3o dos novi\u00e7os - Not\u00edcias - Franciscanos<\/title>\n<meta name=\"robots\" content=\"index, follow, max-snippet:-1, max-image-preview:large, max-video-preview:-1\" \/>\n<link rel=\"canonical\" href=\"https:\/\/franciscanos.org.br\/noticias\/capitulo-termina-com-a-1a-profissao-dos-novicos.html\" \/>\n<meta property=\"og:locale\" content=\"pt_BR\" \/>\n<meta property=\"og:type\" content=\"article\" \/>\n<meta property=\"og:title\" content=\"Cap\u00edtulo termina com a Primeira Profiss\u00e3o dos novi\u00e7os - Not\u00edcias - Franciscanos\" \/>\n<meta property=\"og:description\" content=\"Miss\u00e3o de Angola\" \/>\n<meta property=\"og:url\" content=\"https:\/\/franciscanos.org.br\/noticias\/capitulo-termina-com-a-1a-profissao-dos-novicos.html\" \/>\n<meta property=\"og:site_name\" content=\"Not\u00edcias - Franciscanos\" \/>\n<meta property=\"article:published_time\" content=\"2013-03-18T16:25:31+00:00\" \/>\n<meta property=\"article:modified_time\" content=\"2020-11-11T12:36:52+00:00\" \/>\n<meta property=\"og:image\" content=\"https:\/\/franciscanos.org.br\/noticias\/wp-content\/uploads\/2013\/03\/angola_interna.jpg\" \/>\n\t<meta property=\"og:image:width\" content=\"273\" \/>\n\t<meta property=\"og:image:height\" content=\"181\" \/>\n\t<meta property=\"og:image:type\" content=\"image\/jpeg\" \/>\n<meta name=\"author\" content=\"admin\" \/>\n<meta name=\"twitter:card\" content=\"summary_large_image\" \/>\n<meta name=\"twitter:label1\" content=\"Escrito por\" \/>\n\t<meta name=\"twitter:data1\" content=\"admin\" \/>\n\t<meta name=\"twitter:label2\" content=\"Est. tempo de leitura\" \/>\n\t<meta name=\"twitter:data2\" content=\"2 minutos\" \/>\n<script type=\"application\/ld+json\" class=\"yoast-schema-graph\">{\"@context\":\"https:\/\/schema.org\",\"@graph\":[{\"@type\":\"WebSite\",\"@id\":\"https:\/\/franciscanos.org.br\/noticias\/#website\",\"url\":\"https:\/\/franciscanos.org.br\/noticias\/\",\"name\":\"Not\u00edcias - Franciscanos\",\"description\":\"Prov\u00edncia Franciscana da Imaculada Concei\u00e7\u00e3o do Brasil - Ordem dos Frades Menores - OFM\",\"potentialAction\":[{\"@type\":\"SearchAction\",\"target\":{\"@type\":\"EntryPoint\",\"urlTemplate\":\"https:\/\/franciscanos.org.br\/noticias\/?s={search_term_string}\"},\"query-input\":\"required name=search_term_string\"}],\"inLanguage\":\"pt-BR\"},{\"@type\":\"ImageObject\",\"inLanguage\":\"pt-BR\",\"@id\":\"https:\/\/franciscanos.org.br\/noticias\/capitulo-termina-com-a-1a-profissao-dos-novicos.html#primaryimage\",\"url\":\"https:\/\/franciscanos.org.br\/noticias\/wp-content\/uploads\/2013\/03\/angola_interna.jpg\",\"contentUrl\":\"https:\/\/franciscanos.org.br\/noticias\/wp-content\/uploads\/2013\/03\/angola_interna.jpg\",\"width\":273,\"height\":181},{\"@type\":\"WebPage\",\"@id\":\"https:\/\/franciscanos.org.br\/noticias\/capitulo-termina-com-a-1a-profissao-dos-novicos.html#webpage\",\"url\":\"https:\/\/franciscanos.org.br\/noticias\/capitulo-termina-com-a-1a-profissao-dos-novicos.html\",\"name\":\"Cap\u00edtulo termina com a Primeira Profiss\u00e3o dos novi\u00e7os - Not\u00edcias - Franciscanos\",\"isPartOf\":{\"@id\":\"https:\/\/franciscanos.org.br\/noticias\/#website\"},\"primaryImageOfPage\":{\"@id\":\"https:\/\/franciscanos.org.br\/noticias\/capitulo-termina-com-a-1a-profissao-dos-novicos.html#primaryimage\"},\"datePublished\":\"2013-03-18T16:25:31+00:00\",\"dateModified\":\"2020-11-11T12:36:52+00:00\",\"author\":{\"@id\":\"https:\/\/franciscanos.org.br\/noticias\/#\/schema\/person\/b38fbf43118f02820bd932f2e4b14ad3\"},\"breadcrumb\":{\"@id\":\"https:\/\/franciscanos.org.br\/noticias\/capitulo-termina-com-a-1a-profissao-dos-novicos.html#breadcrumb\"},\"inLanguage\":\"pt-BR\",\"potentialAction\":[{\"@type\":\"ReadAction\",\"target\":[\"https:\/\/franciscanos.org.br\/noticias\/capitulo-termina-com-a-1a-profissao-dos-novicos.html\"]}]},{\"@type\":\"BreadcrumbList\",\"@id\":\"https:\/\/franciscanos.org.br\/noticias\/capitulo-termina-com-a-1a-profissao-dos-novicos.html#breadcrumb\",\"itemListElement\":[{\"@type\":\"ListItem\",\"position\":1,\"name\":\"Home\",\"item\":\"https:\/\/franciscanos.org.br\/noticias\"},{\"@type\":\"ListItem\",\"position\":2,\"name\":\"Cap\u00edtulo termina com a Primeira Profiss\u00e3o dos novi\u00e7os\"}]},{\"@type\":\"Person\",\"@id\":\"https:\/\/franciscanos.org.br\/noticias\/#\/schema\/person\/b38fbf43118f02820bd932f2e4b14ad3\",\"name\":\"admin\",\"image\":{\"@type\":\"ImageObject\",\"inLanguage\":\"pt-BR\",\"@id\":\"https:\/\/franciscanos.org.br\/noticias\/#\/schema\/person\/image\/\",\"url\":\"https:\/\/secure.gravatar.com\/avatar\/e8495742d34d0ba6448ea1c628263b3e?s=96&d=mm&r=g\",\"contentUrl\":\"https:\/\/secure.gravatar.com\/avatar\/e8495742d34d0ba6448ea1c628263b3e?s=96&d=mm&r=g\",\"caption\":\"admin\"},\"url\":\"https:\/\/franciscanos.org.br\/noticias\/author\/admin\"}]}<\/script>\n<!-- \/ Yoast SEO plugin. -->","yoast_head_json":{"title":"Cap\u00edtulo termina com a Primeira Profiss\u00e3o dos novi\u00e7os - Not\u00edcias - Franciscanos","robots":{"index":"index","follow":"follow","max-snippet":"max-snippet:-1","max-image-preview":"max-image-preview:large","max-video-preview":"max-video-preview:-1"},"canonical":"https:\/\/franciscanos.org.br\/noticias\/capitulo-termina-com-a-1a-profissao-dos-novicos.html","og_locale":"pt_BR","og_type":"article","og_title":"Cap\u00edtulo termina com a Primeira Profiss\u00e3o dos novi\u00e7os - Not\u00edcias - Franciscanos","og_description":"Miss\u00e3o de Angola","og_url":"https:\/\/franciscanos.org.br\/noticias\/capitulo-termina-com-a-1a-profissao-dos-novicos.html","og_site_name":"Not\u00edcias - Franciscanos","article_published_time":"2013-03-18T16:25:31+00:00","article_modified_time":"2020-11-11T12:36:52+00:00","og_image":[{"width":273,"height":181,"url":"https:\/\/franciscanos.org.br\/noticias\/wp-content\/uploads\/2013\/03\/angola_interna.jpg","type":"image\/jpeg"}],"author":"admin","twitter_card":"summary_large_image","twitter_misc":{"Escrito por":"admin","Est. tempo de leitura":"2 minutos"},"schema":{"@context":"https:\/\/schema.org","@graph":[{"@type":"WebSite","@id":"https:\/\/franciscanos.org.br\/noticias\/#website","url":"https:\/\/franciscanos.org.br\/noticias\/","name":"Not\u00edcias - Franciscanos","description":"Prov\u00edncia Franciscana da Imaculada Concei\u00e7\u00e3o do Brasil - Ordem dos Frades Menores - OFM","potentialAction":[{"@type":"SearchAction","target":{"@type":"EntryPoint","urlTemplate":"https:\/\/franciscanos.org.br\/noticias\/?s={search_term_string}"},"query-input":"required name=search_term_string"}],"inLanguage":"pt-BR"},{"@type":"ImageObject","inLanguage":"pt-BR","@id":"https:\/\/franciscanos.org.br\/noticias\/capitulo-termina-com-a-1a-profissao-dos-novicos.html#primaryimage","url":"https:\/\/franciscanos.org.br\/noticias\/wp-content\/uploads\/2013\/03\/angola_interna.jpg","contentUrl":"https:\/\/franciscanos.org.br\/noticias\/wp-content\/uploads\/2013\/03\/angola_interna.jpg","width":273,"height":181},{"@type":"WebPage","@id":"https:\/\/franciscanos.org.br\/noticias\/capitulo-termina-com-a-1a-profissao-dos-novicos.html#webpage","url":"https:\/\/franciscanos.org.br\/noticias\/capitulo-termina-com-a-1a-profissao-dos-novicos.html","name":"Cap\u00edtulo termina com a Primeira Profiss\u00e3o dos novi\u00e7os - Not\u00edcias - Franciscanos","isPartOf":{"@id":"https:\/\/franciscanos.org.br\/noticias\/#website"},"primaryImageOfPage":{"@id":"https:\/\/franciscanos.org.br\/noticias\/capitulo-termina-com-a-1a-profissao-dos-novicos.html#primaryimage"},"datePublished":"2013-03-18T16:25:31+00:00","dateModified":"2020-11-11T12:36:52+00:00","author":{"@id":"https:\/\/franciscanos.org.br\/noticias\/#\/schema\/person\/b38fbf43118f02820bd932f2e4b14ad3"},"breadcrumb":{"@id":"https:\/\/franciscanos.org.br\/noticias\/capitulo-termina-com-a-1a-profissao-dos-novicos.html#breadcrumb"},"inLanguage":"pt-BR","potentialAction":[{"@type":"ReadAction","target":["https:\/\/franciscanos.org.br\/noticias\/capitulo-termina-com-a-1a-profissao-dos-novicos.html"]}]},{"@type":"BreadcrumbList","@id":"https:\/\/franciscanos.org.br\/noticias\/capitulo-termina-com-a-1a-profissao-dos-novicos.html#breadcrumb","itemListElement":[{"@type":"ListItem","position":1,"name":"Home","item":"https:\/\/franciscanos.org.br\/noticias"},{"@type":"ListItem","position":2,"name":"Cap\u00edtulo termina com a Primeira Profiss\u00e3o dos novi\u00e7os"}]},{"@type":"Person","@id":"https:\/\/franciscanos.org.br\/noticias\/#\/schema\/person\/b38fbf43118f02820bd932f2e4b14ad3","name":"admin","image":{"@type":"ImageObject","inLanguage":"pt-BR","@id":"https:\/\/franciscanos.org.br\/noticias\/#\/schema\/person\/image\/","url":"https:\/\/secure.gravatar.com\/avatar\/e8495742d34d0ba6448ea1c628263b3e?s=96&d=mm&r=g","contentUrl":"https:\/\/secure.gravatar.com\/avatar\/e8495742d34d0ba6448ea1c628263b3e?s=96&d=mm&r=g","caption":"admin"},"url":"https:\/\/franciscanos.org.br\/noticias\/author\/admin"}]}},"_links":{"self":[{"href":"https:\/\/franciscanos.org.br\/noticias\/wp-json\/wp\/v2\/posts\/34252"}],"collection":[{"href":"https:\/\/franciscanos.org.br\/noticias\/wp-json\/wp\/v2\/posts"}],"about":[{"href":"https:\/\/franciscanos.org.br\/noticias\/wp-json\/wp\/v2\/types\/post"}],"author":[{"embeddable":true,"href":"https:\/\/franciscanos.org.br\/noticias\/wp-json\/wp\/v2\/users\/1"}],"replies":[{"embeddable":true,"href":"https:\/\/franciscanos.org.br\/noticias\/wp-json\/wp\/v2\/comments?post=34252"}],"version-history":[{"count":1,"href":"https:\/\/franciscanos.org.br\/noticias\/wp-json\/wp\/v2\/posts\/34252\/revisions"}],"predecessor-version":[{"id":229229,"href":"https:\/\/franciscanos.org.br\/noticias\/wp-json\/wp\/v2\/posts\/34252\/revisions\/229229"}],"wp:featuredmedia":[{"embeddable":true,"href":"https:\/\/franciscanos.org.br\/noticias\/wp-json\/wp\/v2\/media\/216571"}],"wp:attachment":[{"href":"https:\/\/franciscanos.org.br\/noticias\/wp-json\/wp\/v2\/media?parent=34252"}],"wp:term":[{"taxonomy":"category","embeddable":true,"href":"https:\/\/franciscanos.org.br\/noticias\/wp-json\/wp\/v2\/categories?post=34252"},{"taxonomy":"post_tag","embeddable":true,"href":"https:\/\/franciscanos.org.br\/noticias\/wp-json\/wp\/v2\/tags?post=34252"}],"curies":[{"name":"wp","href":"https:\/\/api.w.org\/{rel}","templated":true}]}}