{"id":34088,"date":"2013-03-16T08:15:47","date_gmt":"2013-03-16T11:15:47","guid":{"rendered":"http:\/\/new.franciscanos.org.br\/?p=34088"},"modified":"2020-06-11T17:25:31","modified_gmt":"2020-06-11T20:25:31","slug":"d-claudio-hummes-inspirou-o-papa-a-usar-o-nome-francisco","status":"publish","type":"post","link":"https:\/\/franciscanos.org.br\/noticias\/d-claudio-hummes-inspirou-o-papa-a-usar-o-nome-francisco.html","title":{"rendered":"Frase de D. Cl\u00e1udio inspirou o Papa a usar o nome Francisco"},"content":{"rendered":"<p><img loading=\"lazy\" class=\"alignnone size-full wp-image-198314\" src=\"https:\/\/franciscanos.org.br\/noticias\/wp-content\/uploads\/2013\/03\/coletiva.jpg\" alt=\"\" width=\"830\" height=\"469\" srcset=\"https:\/\/franciscanos.org.br\/noticias\/wp-content\/uploads\/2013\/03\/coletiva.jpg 830w, https:\/\/franciscanos.org.br\/noticias\/wp-content\/uploads\/2013\/03\/coletiva-450x254.jpg 450w, https:\/\/franciscanos.org.br\/noticias\/wp-content\/uploads\/2013\/03\/coletiva-768x434.jpg 768w, https:\/\/franciscanos.org.br\/noticias\/wp-content\/uploads\/2013\/03\/coletiva-150x85.jpg 150w\" sizes=\"(max-width: 830px) 100vw, 830px\" \/><\/p>\n<p><strong>Vaticano<\/strong> &#8211; No esperado encontro com a imprensa internacional, que reuniu mais de 5.000 jornalistas na manh\u00e3 deste s\u00e1bado (16), na sala Paulo VI, no Vaticano, o Papa Francisco disse que escolheu seu nome ap\u00f3s falar com o cardeal brasileiro Dom Claudio Hummes &#8211; arcebispo em\u00e9rito de S\u00e3o Paulo -, que participou do conclave que o elegeu o novo Papa.<\/p>\n<p>O Papa Francisco foi ovacionado pelos jornalistas na sua chegada. Sentou-se em sua cadeira no centro do palco e ouviu a sauda\u00e7\u00e3o do presidente do Pontif\u00edcio Conselho das Comunica\u00e7\u00f5es Sociais, o Arcebispo Claudio Maria Celli.<\/p>\n<p>Em seguida, leu um breve discurso, agradecendo todos pelo precioso servi\u00e7o realizado nos dias passados, na cobertura do Conclave e em sua elei\u00e7\u00e3o. E explicou o porqu\u00ea da escolha do nome:<\/p>\n<p>&#8220;Na elei\u00e7\u00e3o, eu tinha ao meu lado o arcebispo em\u00e9rito de S\u00e3o Paulo, um grande amigo. Quando a coisa come\u00e7ou a ficar um pouco &#8216;perigosa&#8217;, ele come\u00e7ou a me tranquilizar. E quando os votos chegaram a 2\/3, aconteceu o aplauso esperado pois, afinal, havia sido eleito Papa. Ele me abra\u00e7ou, me beijou e disse: &#8216;n\u00e3o se esque\u00e7a dos pobres&#8217;. Aquilo entrou na minha cabe\u00e7a. Imediatamente me lembrei de S\u00e3o Francisco de Assis&#8221;, revelou o Papa.<\/p>\n<p>Segundo o novo Pont\u00edfice, seu desejo seria &#8220;uma igreja pobre, para os pobres&#8221;. &#8220;O nome apareceu no meu cora\u00e7\u00e3o. Para mim, o homem da pobreza, o homem da paz, o homem que ama e protege a criatura.&#8221;<\/p>\n<p>No encontro, ele ainda brincou com a escolha do novo nome, ao falar de &#8220;sugest\u00f5es&#8221; recebidas. &#8220;Algumas pessoas fizeram brincadeiras, falando que deveria ser Adriano porque Adriano VI foi um homem das reformas, ou Clemente, Clemente XV, para &#8216;se vingar&#8217; de Clemente XIV, que suprimiu a Companhia de Jesus. S\u00e3o brincadeiras, \u00e9 claro.&#8221;<\/p>\n<p>O novo Papa disse que a imprensa e a Igreja t\u00eam &#8220;pontos de proximidade por trabalharem com a comunica\u00e7\u00e3o&#8221; e que o &#8220;lugar da m\u00eddia cresceu muito, a ponto de se tornar indispens\u00e1vel para mostrar ao mundo os rumos da hist\u00f3ria&#8221;. Enquanto falava do trabalho dos jornalistas nos \u00faltimos dias, o Papa, com um sorriso no rosto, falou: \u201ce voc\u00eas trabalharam bastante, n\u00e3o?\u201d<\/p>\n<p>Francisco tamb\u00e9m disse que a Igreja &#8220;n\u00e3o tem caracter\u00edstica pol\u00edtica, mas essencialmente espiritual&#8221;, e que &#8220;Cristo est\u00e1 presente e dirige sua Igreja. Em tudo o que aconteceu, o protagonista \u00e9, em \u00faltima inst\u00e2ncia, o Esp\u00edrto Santo. Ele inspirou a decis\u00e3o de Bento XVI pelo bem da Igreja. Ele influenciou na decis\u00e3o dos cardeais.&#8221;<\/p>\n<p>Depois de saudar pessoalmente alguns jornalistas, o Papa Francisco concluiu, em espanhol: \u201cDisse que lhes daria a minha ben\u00e7\u00e3o de cora\u00e7\u00e3o. Muitos de voc\u00eas n\u00e3o pertencem \u00e0 Igreja Cat\u00f3lica, outros n\u00e3o cr\u00eaem. Concedo minha ben\u00e7\u00e3o, de cora\u00e7\u00e3o, no sil\u00eancio, a cada um de voc\u00eas, respeitando a consci\u00eancia de todos, mas sabendo que cada um de voc\u00eas \u00e9 filho de Deus. Que Deus os aben\u00e7oe\u201d.<\/p>\n<p>Ele recebeu os cumprimentos de sacerdotes, que entregaram lembran\u00e7as ao sumo pont\u00edfice, e de jornalistas. Um deles recebeu um carinho especial. Um deficiente visual foi aben\u00e7oado junto com seu c\u00e3o-guia na sala Paulo VI.<\/p>\n<p><strong>Encontro com Cristina<\/strong><\/p>\n<p>Segundo a ag\u00eancia de not\u00edcias EFE, Francisco receber\u00e1 na pr\u00f3xima segunda-feira, \u00e0s 12h50 (hor\u00e1rio local, 8h50 de Bras\u00edlia), a presidente da Argentina, Cristina Kirchner, informou a assessoria de imprensa do Vaticano. Essa ser\u00e1 a primeira audi\u00eancia de Francisco com um chefe de governo e acontecer\u00e1 na Casa de Santa Marta, onde o pont\u00edfice est\u00e1 hospedado enquanto n\u00e3o toma posse de seus quartos no Pal\u00e1cio Apost\u00f3lico.<br \/>\nA presidente argentina viajar\u00e1 para Roma para assistir \u00e0 missa inaugural do religioso, prevista para a pr\u00f3xima ter\u00e7a-feira, e na qual dever\u00e3o estar presentes cerca de 150 chefes de Estado e de governo.<\/p>\n<p>O papa tamb\u00e9m almo\u00e7ar\u00e1 no pr\u00f3ximo s\u00e1bado com o pont\u00edfice em\u00e9rito Bento XVI na resid\u00eancia apost\u00f3lica de Castel Gandolfo, ainda segundo a assessoria de imprensa do Vaticano.O porta-voz Federico Lombardi j\u00e1 antecipara a inten\u00e7\u00e3o do papa de visitar o seu antecessor, que ficar\u00e1 em Castel Gandolfo at\u00e9 o fim das obras de reestrutura\u00e7\u00e3o do mosteiro no interior dos muros do Vaticano onde viver\u00e1 ap\u00f3s sua ren\u00fancia.<\/p>\n<hr \/>\n<p><em>Fonte: R\u00e1dio Vaticano<\/em><\/p>\n","protected":false},"excerpt":{"rendered":"<p>In\u00edcio do Pontificado de Francisco<\/p>\n","protected":false},"author":1,"featured_media":211484,"comment_status":"closed","ping_status":"open","sticky":false,"template":"","format":"standard","meta":[],"categories":[1428],"tags":[55],"acf":[],"yoast_head":"<!-- This site is optimized with the Yoast SEO plugin v19.2 - https:\/\/yoast.com\/wordpress\/plugins\/seo\/ -->\n<title>Frase de D. Cl\u00e1udio inspirou o Papa a usar o nome Francisco - Not\u00edcias - Franciscanos<\/title>\n<meta name=\"robots\" content=\"index, follow, max-snippet:-1, max-image-preview:large, max-video-preview:-1\" \/>\n<link rel=\"canonical\" href=\"https:\/\/franciscanos.org.br\/noticias\/d-claudio-hummes-inspirou-o-papa-a-usar-o-nome-francisco.html\" \/>\n<meta property=\"og:locale\" content=\"pt_BR\" \/>\n<meta property=\"og:type\" content=\"article\" \/>\n<meta property=\"og:title\" content=\"Frase de D. Cl\u00e1udio inspirou o Papa a usar o nome Francisco - Not\u00edcias - Franciscanos\" \/>\n<meta property=\"og:description\" content=\"In\u00edcio do Pontificado de Francisco\" \/>\n<meta property=\"og:url\" content=\"https:\/\/franciscanos.org.br\/noticias\/d-claudio-hummes-inspirou-o-papa-a-usar-o-nome-francisco.html\" \/>\n<meta property=\"og:site_name\" content=\"Not\u00edcias - Franciscanos\" \/>\n<meta property=\"article:published_time\" content=\"2013-03-16T11:15:47+00:00\" \/>\n<meta property=\"article:modified_time\" content=\"2020-06-11T20:25:31+00:00\" \/>\n<meta property=\"og:image\" content=\"https:\/\/franciscanos.org.br\/noticias\/wp-content\/uploads\/2013\/03\/coletiva-1.jpg\" \/>\n\t<meta property=\"og:image:width\" content=\"273\" \/>\n\t<meta property=\"og:image:height\" content=\"181\" \/>\n\t<meta property=\"og:image:type\" content=\"image\/jpeg\" \/>\n<meta name=\"author\" content=\"admin\" \/>\n<meta name=\"twitter:card\" content=\"summary_large_image\" \/>\n<meta name=\"twitter:label1\" content=\"Escrito por\" \/>\n\t<meta name=\"twitter:data1\" content=\"admin\" \/>\n\t<meta name=\"twitter:label2\" content=\"Est. tempo de leitura\" \/>\n\t<meta name=\"twitter:data2\" content=\"4 minutos\" \/>\n<script type=\"application\/ld+json\" class=\"yoast-schema-graph\">{\"@context\":\"https:\/\/schema.org\",\"@graph\":[{\"@type\":\"WebSite\",\"@id\":\"https:\/\/franciscanos.org.br\/noticias\/#website\",\"url\":\"https:\/\/franciscanos.org.br\/noticias\/\",\"name\":\"Not\u00edcias - Franciscanos\",\"description\":\"Prov\u00edncia Franciscana da Imaculada Concei\u00e7\u00e3o do Brasil - Ordem dos Frades Menores - OFM\",\"potentialAction\":[{\"@type\":\"SearchAction\",\"target\":{\"@type\":\"EntryPoint\",\"urlTemplate\":\"https:\/\/franciscanos.org.br\/noticias\/?s={search_term_string}\"},\"query-input\":\"required name=search_term_string\"}],\"inLanguage\":\"pt-BR\"},{\"@type\":\"ImageObject\",\"inLanguage\":\"pt-BR\",\"@id\":\"https:\/\/franciscanos.org.br\/noticias\/d-claudio-hummes-inspirou-o-papa-a-usar-o-nome-francisco.html#primaryimage\",\"url\":\"https:\/\/franciscanos.org.br\/noticias\/wp-content\/uploads\/2013\/03\/coletiva-1.jpg\",\"contentUrl\":\"https:\/\/franciscanos.org.br\/noticias\/wp-content\/uploads\/2013\/03\/coletiva-1.jpg\",\"width\":273,\"height\":181},{\"@type\":\"WebPage\",\"@id\":\"https:\/\/franciscanos.org.br\/noticias\/d-claudio-hummes-inspirou-o-papa-a-usar-o-nome-francisco.html#webpage\",\"url\":\"https:\/\/franciscanos.org.br\/noticias\/d-claudio-hummes-inspirou-o-papa-a-usar-o-nome-francisco.html\",\"name\":\"Frase de D. Cl\u00e1udio inspirou o Papa a usar o nome Francisco - Not\u00edcias - Franciscanos\",\"isPartOf\":{\"@id\":\"https:\/\/franciscanos.org.br\/noticias\/#website\"},\"primaryImageOfPage\":{\"@id\":\"https:\/\/franciscanos.org.br\/noticias\/d-claudio-hummes-inspirou-o-papa-a-usar-o-nome-francisco.html#primaryimage\"},\"datePublished\":\"2013-03-16T11:15:47+00:00\",\"dateModified\":\"2020-06-11T20:25:31+00:00\",\"author\":{\"@id\":\"https:\/\/franciscanos.org.br\/noticias\/#\/schema\/person\/b38fbf43118f02820bd932f2e4b14ad3\"},\"breadcrumb\":{\"@id\":\"https:\/\/franciscanos.org.br\/noticias\/d-claudio-hummes-inspirou-o-papa-a-usar-o-nome-francisco.html#breadcrumb\"},\"inLanguage\":\"pt-BR\",\"potentialAction\":[{\"@type\":\"ReadAction\",\"target\":[\"https:\/\/franciscanos.org.br\/noticias\/d-claudio-hummes-inspirou-o-papa-a-usar-o-nome-francisco.html\"]}]},{\"@type\":\"BreadcrumbList\",\"@id\":\"https:\/\/franciscanos.org.br\/noticias\/d-claudio-hummes-inspirou-o-papa-a-usar-o-nome-francisco.html#breadcrumb\",\"itemListElement\":[{\"@type\":\"ListItem\",\"position\":1,\"name\":\"Home\",\"item\":\"https:\/\/franciscanos.org.br\/noticias\"},{\"@type\":\"ListItem\",\"position\":2,\"name\":\"Frase de D. Cl\u00e1udio inspirou o Papa a usar o nome Francisco\"}]},{\"@type\":\"Person\",\"@id\":\"https:\/\/franciscanos.org.br\/noticias\/#\/schema\/person\/b38fbf43118f02820bd932f2e4b14ad3\",\"name\":\"admin\",\"image\":{\"@type\":\"ImageObject\",\"inLanguage\":\"pt-BR\",\"@id\":\"https:\/\/franciscanos.org.br\/noticias\/#\/schema\/person\/image\/\",\"url\":\"https:\/\/secure.gravatar.com\/avatar\/e8495742d34d0ba6448ea1c628263b3e?s=96&d=mm&r=g\",\"contentUrl\":\"https:\/\/secure.gravatar.com\/avatar\/e8495742d34d0ba6448ea1c628263b3e?s=96&d=mm&r=g\",\"caption\":\"admin\"},\"url\":\"https:\/\/franciscanos.org.br\/noticias\/author\/admin\"}]}<\/script>\n<!-- \/ Yoast SEO plugin. -->","yoast_head_json":{"title":"Frase de D. Cl\u00e1udio inspirou o Papa a usar o nome Francisco - Not\u00edcias - Franciscanos","robots":{"index":"index","follow":"follow","max-snippet":"max-snippet:-1","max-image-preview":"max-image-preview:large","max-video-preview":"max-video-preview:-1"},"canonical":"https:\/\/franciscanos.org.br\/noticias\/d-claudio-hummes-inspirou-o-papa-a-usar-o-nome-francisco.html","og_locale":"pt_BR","og_type":"article","og_title":"Frase de D. Cl\u00e1udio inspirou o Papa a usar o nome Francisco - Not\u00edcias - Franciscanos","og_description":"In\u00edcio do Pontificado de Francisco","og_url":"https:\/\/franciscanos.org.br\/noticias\/d-claudio-hummes-inspirou-o-papa-a-usar-o-nome-francisco.html","og_site_name":"Not\u00edcias - Franciscanos","article_published_time":"2013-03-16T11:15:47+00:00","article_modified_time":"2020-06-11T20:25:31+00:00","og_image":[{"width":273,"height":181,"url":"https:\/\/franciscanos.org.br\/noticias\/wp-content\/uploads\/2013\/03\/coletiva-1.jpg","type":"image\/jpeg"}],"author":"admin","twitter_card":"summary_large_image","twitter_misc":{"Escrito por":"admin","Est. tempo de leitura":"4 minutos"},"schema":{"@context":"https:\/\/schema.org","@graph":[{"@type":"WebSite","@id":"https:\/\/franciscanos.org.br\/noticias\/#website","url":"https:\/\/franciscanos.org.br\/noticias\/","name":"Not\u00edcias - Franciscanos","description":"Prov\u00edncia Franciscana da Imaculada Concei\u00e7\u00e3o do Brasil - Ordem dos Frades Menores - OFM","potentialAction":[{"@type":"SearchAction","target":{"@type":"EntryPoint","urlTemplate":"https:\/\/franciscanos.org.br\/noticias\/?s={search_term_string}"},"query-input":"required name=search_term_string"}],"inLanguage":"pt-BR"},{"@type":"ImageObject","inLanguage":"pt-BR","@id":"https:\/\/franciscanos.org.br\/noticias\/d-claudio-hummes-inspirou-o-papa-a-usar-o-nome-francisco.html#primaryimage","url":"https:\/\/franciscanos.org.br\/noticias\/wp-content\/uploads\/2013\/03\/coletiva-1.jpg","contentUrl":"https:\/\/franciscanos.org.br\/noticias\/wp-content\/uploads\/2013\/03\/coletiva-1.jpg","width":273,"height":181},{"@type":"WebPage","@id":"https:\/\/franciscanos.org.br\/noticias\/d-claudio-hummes-inspirou-o-papa-a-usar-o-nome-francisco.html#webpage","url":"https:\/\/franciscanos.org.br\/noticias\/d-claudio-hummes-inspirou-o-papa-a-usar-o-nome-francisco.html","name":"Frase de D. Cl\u00e1udio inspirou o Papa a usar o nome Francisco - Not\u00edcias - Franciscanos","isPartOf":{"@id":"https:\/\/franciscanos.org.br\/noticias\/#website"},"primaryImageOfPage":{"@id":"https:\/\/franciscanos.org.br\/noticias\/d-claudio-hummes-inspirou-o-papa-a-usar-o-nome-francisco.html#primaryimage"},"datePublished":"2013-03-16T11:15:47+00:00","dateModified":"2020-06-11T20:25:31+00:00","author":{"@id":"https:\/\/franciscanos.org.br\/noticias\/#\/schema\/person\/b38fbf43118f02820bd932f2e4b14ad3"},"breadcrumb":{"@id":"https:\/\/franciscanos.org.br\/noticias\/d-claudio-hummes-inspirou-o-papa-a-usar-o-nome-francisco.html#breadcrumb"},"inLanguage":"pt-BR","potentialAction":[{"@type":"ReadAction","target":["https:\/\/franciscanos.org.br\/noticias\/d-claudio-hummes-inspirou-o-papa-a-usar-o-nome-francisco.html"]}]},{"@type":"BreadcrumbList","@id":"https:\/\/franciscanos.org.br\/noticias\/d-claudio-hummes-inspirou-o-papa-a-usar-o-nome-francisco.html#breadcrumb","itemListElement":[{"@type":"ListItem","position":1,"name":"Home","item":"https:\/\/franciscanos.org.br\/noticias"},{"@type":"ListItem","position":2,"name":"Frase de D. Cl\u00e1udio inspirou o Papa a usar o nome Francisco"}]},{"@type":"Person","@id":"https:\/\/franciscanos.org.br\/noticias\/#\/schema\/person\/b38fbf43118f02820bd932f2e4b14ad3","name":"admin","image":{"@type":"ImageObject","inLanguage":"pt-BR","@id":"https:\/\/franciscanos.org.br\/noticias\/#\/schema\/person\/image\/","url":"https:\/\/secure.gravatar.com\/avatar\/e8495742d34d0ba6448ea1c628263b3e?s=96&d=mm&r=g","contentUrl":"https:\/\/secure.gravatar.com\/avatar\/e8495742d34d0ba6448ea1c628263b3e?s=96&d=mm&r=g","caption":"admin"},"url":"https:\/\/franciscanos.org.br\/noticias\/author\/admin"}]}},"_links":{"self":[{"href":"https:\/\/franciscanos.org.br\/noticias\/wp-json\/wp\/v2\/posts\/34088"}],"collection":[{"href":"https:\/\/franciscanos.org.br\/noticias\/wp-json\/wp\/v2\/posts"}],"about":[{"href":"https:\/\/franciscanos.org.br\/noticias\/wp-json\/wp\/v2\/types\/post"}],"author":[{"embeddable":true,"href":"https:\/\/franciscanos.org.br\/noticias\/wp-json\/wp\/v2\/users\/1"}],"replies":[{"embeddable":true,"href":"https:\/\/franciscanos.org.br\/noticias\/wp-json\/wp\/v2\/comments?post=34088"}],"version-history":[{"count":1,"href":"https:\/\/franciscanos.org.br\/noticias\/wp-json\/wp\/v2\/posts\/34088\/revisions"}],"predecessor-version":[{"id":226393,"href":"https:\/\/franciscanos.org.br\/noticias\/wp-json\/wp\/v2\/posts\/34088\/revisions\/226393"}],"wp:featuredmedia":[{"embeddable":true,"href":"https:\/\/franciscanos.org.br\/noticias\/wp-json\/wp\/v2\/media\/211484"}],"wp:attachment":[{"href":"https:\/\/franciscanos.org.br\/noticias\/wp-json\/wp\/v2\/media?parent=34088"}],"wp:term":[{"taxonomy":"category","embeddable":true,"href":"https:\/\/franciscanos.org.br\/noticias\/wp-json\/wp\/v2\/categories?post=34088"},{"taxonomy":"post_tag","embeddable":true,"href":"https:\/\/franciscanos.org.br\/noticias\/wp-json\/wp\/v2\/tags?post=34088"}],"curies":[{"name":"wp","href":"https:\/\/api.w.org\/{rel}","templated":true}]}}