{"id":34050,"date":"2013-03-15T10:44:35","date_gmt":"2013-03-15T13:44:35","guid":{"rendered":"http:\/\/new.franciscanos.org.br\/?p=34050"},"modified":"2020-01-28T10:04:49","modified_gmt":"2020-01-28T13:04:49","slug":"eleito-o-novo-governo-da-fundacao-de-angola","status":"publish","type":"post","link":"https:\/\/franciscanos.org.br\/noticias\/eleito-o-novo-governo-da-fundacao-de-angola.html","title":{"rendered":"Eleito o novo governo da Funda\u00e7\u00e3o de Angola"},"content":{"rendered":"<p><strong>Luanda (Angola)<\/strong> &#8211; Os frades capitulares, reunidos em Assembleia no Convento das Clarissas de Luanda, em Angola, elegeram nesta sexta-feira (15\/3) o novo governo da Funda\u00e7\u00e3o Imaculada M\u00e3e de Deus para pr\u00f3ximo tri\u00eanio.<\/p>\n<p>A elei\u00e7\u00e3o aconteceu depois da ora\u00e7\u00e3o da manh\u00e3, quando tiveram in\u00edcio os trabalhos capitulares. O Ministro Provincial Frei Fid\u00eancio Vanboemmel deu as orienta\u00e7\u00f5es e conduziu o processo eletivo. Com novo Conselho eleito, o Provincial deu posse em seguida.<\/p>\n<p>O novo Conselho ficou assim constitu\u00eddo:<\/p>\n<p><strong>Presidente da Funda\u00e7\u00e3o<\/strong>: Frei Jos\u00e9 Ant\u00f4nio dos Santos<br \/>\n<strong>Primeiro conselheiro:<\/strong> Frei Alisson Lu\u00eds Zanetti<br \/>\n<strong>Segundo conselheiro<\/strong>: Frei Ant\u00f3nio Boaventura Zovo Baza<br \/>\n<strong>Terceiro conselheiro:<\/strong> Frei Andr\u00e9 Gurzinski<\/p>\n<div id=\"attachment_34065\" style=\"width: 410px\" class=\"wp-caption alignright\"><a href=\"http:\/\/franciscanos.org.br\/wp-content\/uploads\/2013\/03\/posse.jpg\"><img aria-describedby=\"caption-attachment-34065\" loading=\"lazy\" class=\"size-full wp-image-34065\" title=\"Angola\" src=\"http:\/\/franciscanos.org.br\/wp-content\/uploads\/2013\/03\/posse.jpg\" alt=\"\" width=\"400\" height=\"300\" \/><\/a><p id=\"caption-attachment-34065\" class=\"wp-caption-text\">Frei Fid\u00eancio d\u00e1 posse ao novo Conselho<\/p><\/div>\n<p>O decreto da cria\u00e7\u00e3o da Funda\u00e7\u00e3o foi comunicado pelo Ministro Geral da Ordem dos Frades Menores, Frei Jos\u00e9 Rodr\u00edguez Carballo, \u00e0 Prov\u00edncia da Imaculada em 2008. \u201cErijo a Funda\u00e7\u00e3o Imaculada M\u00e3e de Deus de Angola dependente da Prov\u00edncia Franciscana da Imaculada Concei\u00e7\u00e3o do Brasil e, \u00e0 norma do Art. 122 Par\u00e1grafo 1\u00ba dos Estatutos Gerais, aprovo os seus Estatutos pr\u00f3prios segundo o texto que se conserva no Arquivo da C\u00faria Geral, Prot 096964\/042-06. Sem que obste nada contra o disposto. Dado na C\u00faria Geral da Ordem dos Frades Menores, no dia 3 de julho de 2006, Festa de S\u00e3o Tom\u00e9 Ap\u00f3stolo\u201d.<\/p>\n<p>O trabalho mission\u00e1rio da Prov\u00edncia da Imaculada Concei\u00e7\u00e3o come\u00e7ou em Angola em 1990, quando enviou para Luanda os seus primeiros mission\u00e1rios. Hoje, a Miss\u00e3o Franciscana de Angola j\u00e1 um celeiro de voca\u00e7\u00f5es.<\/p>\n<p>O \u00faltimo conselho era composto pelo presidente Frei Angelo Jos\u00e9 Luiz; pelos conselheiros Frei Sebasti\u00e3o Kremer, Frei Valdir Nunes Ribeiro; e Frei Jos\u00e9 Ant\u00f3nio dos Santos. Frei Angelo agora volta ao Brasil, onde vai ser p\u00e1roco na Par\u00f3quia Sagrado Cora\u00e7\u00e3o de Jesus de Petr\u00f3polis (RJ).<\/p>\n<p><em><strong>Na foto acima, da esq. para dir.:<\/strong><\/em> Frei Fid\u00eancio, Frei Ant\u00f3nio, Frei Jos\u00e9 Ant\u00f4nio, Frei Alisson, Frei Andr\u00e9 e Frei Est\u00eav\u00e3o.<\/p>\n","protected":false},"excerpt":{"rendered":"<p>Miss\u00e3o de Angola<\/p>\n","protected":false},"author":1,"featured_media":216595,"comment_status":"closed","ping_status":"open","sticky":false,"template":"","format":"standard","meta":[],"categories":[1],"tags":[363],"acf":[],"yoast_head":"<!-- This site is optimized with the Yoast SEO plugin v19.2 - https:\/\/yoast.com\/wordpress\/plugins\/seo\/ -->\n<title>Eleito o novo governo da Funda\u00e7\u00e3o de Angola - Not\u00edcias - Franciscanos<\/title>\n<meta name=\"robots\" content=\"index, follow, max-snippet:-1, max-image-preview:large, max-video-preview:-1\" \/>\n<link rel=\"canonical\" href=\"https:\/\/franciscanos.org.br\/noticias\/eleito-o-novo-governo-da-fundacao-de-angola.html\" \/>\n<meta property=\"og:locale\" content=\"pt_BR\" \/>\n<meta property=\"og:type\" content=\"article\" \/>\n<meta property=\"og:title\" content=\"Eleito o novo governo da Funda\u00e7\u00e3o de Angola - Not\u00edcias - Franciscanos\" \/>\n<meta property=\"og:description\" content=\"Miss\u00e3o de Angola\" \/>\n<meta property=\"og:url\" content=\"https:\/\/franciscanos.org.br\/noticias\/eleito-o-novo-governo-da-fundacao-de-angola.html\" \/>\n<meta property=\"og:site_name\" content=\"Not\u00edcias - Franciscanos\" \/>\n<meta property=\"article:published_time\" content=\"2013-03-15T13:44:35+00:00\" \/>\n<meta property=\"article:modified_time\" content=\"2020-01-28T13:04:49+00:00\" \/>\n<meta property=\"og:image\" content=\"https:\/\/franciscanos.org.br\/noticias\/wp-content\/uploads\/2013\/03\/posse.jpg\" \/>\n\t<meta property=\"og:image:width\" content=\"273\" \/>\n\t<meta property=\"og:image:height\" content=\"180\" \/>\n\t<meta property=\"og:image:type\" content=\"image\/jpeg\" \/>\n<meta name=\"author\" content=\"admin\" \/>\n<meta name=\"twitter:card\" content=\"summary_large_image\" \/>\n<meta name=\"twitter:label1\" content=\"Escrito por\" \/>\n\t<meta name=\"twitter:data1\" content=\"admin\" \/>\n\t<meta name=\"twitter:label2\" content=\"Est. tempo de leitura\" \/>\n\t<meta name=\"twitter:data2\" content=\"2 minutos\" \/>\n<script type=\"application\/ld+json\" class=\"yoast-schema-graph\">{\"@context\":\"https:\/\/schema.org\",\"@graph\":[{\"@type\":\"WebSite\",\"@id\":\"https:\/\/franciscanos.org.br\/noticias\/#website\",\"url\":\"https:\/\/franciscanos.org.br\/noticias\/\",\"name\":\"Not\u00edcias - Franciscanos\",\"description\":\"Prov\u00edncia Franciscana da Imaculada Concei\u00e7\u00e3o do Brasil - Ordem dos Frades Menores - OFM\",\"potentialAction\":[{\"@type\":\"SearchAction\",\"target\":{\"@type\":\"EntryPoint\",\"urlTemplate\":\"https:\/\/franciscanos.org.br\/noticias\/?s={search_term_string}\"},\"query-input\":\"required name=search_term_string\"}],\"inLanguage\":\"pt-BR\"},{\"@type\":\"ImageObject\",\"inLanguage\":\"pt-BR\",\"@id\":\"https:\/\/franciscanos.org.br\/noticias\/eleito-o-novo-governo-da-fundacao-de-angola.html#primaryimage\",\"url\":\"https:\/\/franciscanos.org.br\/noticias\/wp-content\/uploads\/2013\/03\/posse.jpg\",\"contentUrl\":\"https:\/\/franciscanos.org.br\/noticias\/wp-content\/uploads\/2013\/03\/posse.jpg\",\"width\":273,\"height\":180},{\"@type\":\"WebPage\",\"@id\":\"https:\/\/franciscanos.org.br\/noticias\/eleito-o-novo-governo-da-fundacao-de-angola.html#webpage\",\"url\":\"https:\/\/franciscanos.org.br\/noticias\/eleito-o-novo-governo-da-fundacao-de-angola.html\",\"name\":\"Eleito o novo governo da Funda\u00e7\u00e3o de Angola - Not\u00edcias - Franciscanos\",\"isPartOf\":{\"@id\":\"https:\/\/franciscanos.org.br\/noticias\/#website\"},\"primaryImageOfPage\":{\"@id\":\"https:\/\/franciscanos.org.br\/noticias\/eleito-o-novo-governo-da-fundacao-de-angola.html#primaryimage\"},\"datePublished\":\"2013-03-15T13:44:35+00:00\",\"dateModified\":\"2020-01-28T13:04:49+00:00\",\"author\":{\"@id\":\"https:\/\/franciscanos.org.br\/noticias\/#\/schema\/person\/b38fbf43118f02820bd932f2e4b14ad3\"},\"breadcrumb\":{\"@id\":\"https:\/\/franciscanos.org.br\/noticias\/eleito-o-novo-governo-da-fundacao-de-angola.html#breadcrumb\"},\"inLanguage\":\"pt-BR\",\"potentialAction\":[{\"@type\":\"ReadAction\",\"target\":[\"https:\/\/franciscanos.org.br\/noticias\/eleito-o-novo-governo-da-fundacao-de-angola.html\"]}]},{\"@type\":\"BreadcrumbList\",\"@id\":\"https:\/\/franciscanos.org.br\/noticias\/eleito-o-novo-governo-da-fundacao-de-angola.html#breadcrumb\",\"itemListElement\":[{\"@type\":\"ListItem\",\"position\":1,\"name\":\"Home\",\"item\":\"https:\/\/franciscanos.org.br\/noticias\"},{\"@type\":\"ListItem\",\"position\":2,\"name\":\"Eleito o novo governo da Funda\u00e7\u00e3o de Angola\"}]},{\"@type\":\"Person\",\"@id\":\"https:\/\/franciscanos.org.br\/noticias\/#\/schema\/person\/b38fbf43118f02820bd932f2e4b14ad3\",\"name\":\"admin\",\"image\":{\"@type\":\"ImageObject\",\"inLanguage\":\"pt-BR\",\"@id\":\"https:\/\/franciscanos.org.br\/noticias\/#\/schema\/person\/image\/\",\"url\":\"https:\/\/secure.gravatar.com\/avatar\/e8495742d34d0ba6448ea1c628263b3e?s=96&d=mm&r=g\",\"contentUrl\":\"https:\/\/secure.gravatar.com\/avatar\/e8495742d34d0ba6448ea1c628263b3e?s=96&d=mm&r=g\",\"caption\":\"admin\"},\"url\":\"https:\/\/franciscanos.org.br\/noticias\/author\/admin\"}]}<\/script>\n<!-- \/ Yoast SEO plugin. -->","yoast_head_json":{"title":"Eleito o novo governo da Funda\u00e7\u00e3o de Angola - Not\u00edcias - Franciscanos","robots":{"index":"index","follow":"follow","max-snippet":"max-snippet:-1","max-image-preview":"max-image-preview:large","max-video-preview":"max-video-preview:-1"},"canonical":"https:\/\/franciscanos.org.br\/noticias\/eleito-o-novo-governo-da-fundacao-de-angola.html","og_locale":"pt_BR","og_type":"article","og_title":"Eleito o novo governo da Funda\u00e7\u00e3o de Angola - Not\u00edcias - Franciscanos","og_description":"Miss\u00e3o de Angola","og_url":"https:\/\/franciscanos.org.br\/noticias\/eleito-o-novo-governo-da-fundacao-de-angola.html","og_site_name":"Not\u00edcias - Franciscanos","article_published_time":"2013-03-15T13:44:35+00:00","article_modified_time":"2020-01-28T13:04:49+00:00","og_image":[{"width":273,"height":180,"url":"https:\/\/franciscanos.org.br\/noticias\/wp-content\/uploads\/2013\/03\/posse.jpg","type":"image\/jpeg"}],"author":"admin","twitter_card":"summary_large_image","twitter_misc":{"Escrito por":"admin","Est. tempo de leitura":"2 minutos"},"schema":{"@context":"https:\/\/schema.org","@graph":[{"@type":"WebSite","@id":"https:\/\/franciscanos.org.br\/noticias\/#website","url":"https:\/\/franciscanos.org.br\/noticias\/","name":"Not\u00edcias - Franciscanos","description":"Prov\u00edncia Franciscana da Imaculada Concei\u00e7\u00e3o do Brasil - Ordem dos Frades Menores - OFM","potentialAction":[{"@type":"SearchAction","target":{"@type":"EntryPoint","urlTemplate":"https:\/\/franciscanos.org.br\/noticias\/?s={search_term_string}"},"query-input":"required name=search_term_string"}],"inLanguage":"pt-BR"},{"@type":"ImageObject","inLanguage":"pt-BR","@id":"https:\/\/franciscanos.org.br\/noticias\/eleito-o-novo-governo-da-fundacao-de-angola.html#primaryimage","url":"https:\/\/franciscanos.org.br\/noticias\/wp-content\/uploads\/2013\/03\/posse.jpg","contentUrl":"https:\/\/franciscanos.org.br\/noticias\/wp-content\/uploads\/2013\/03\/posse.jpg","width":273,"height":180},{"@type":"WebPage","@id":"https:\/\/franciscanos.org.br\/noticias\/eleito-o-novo-governo-da-fundacao-de-angola.html#webpage","url":"https:\/\/franciscanos.org.br\/noticias\/eleito-o-novo-governo-da-fundacao-de-angola.html","name":"Eleito o novo governo da Funda\u00e7\u00e3o de Angola - Not\u00edcias - Franciscanos","isPartOf":{"@id":"https:\/\/franciscanos.org.br\/noticias\/#website"},"primaryImageOfPage":{"@id":"https:\/\/franciscanos.org.br\/noticias\/eleito-o-novo-governo-da-fundacao-de-angola.html#primaryimage"},"datePublished":"2013-03-15T13:44:35+00:00","dateModified":"2020-01-28T13:04:49+00:00","author":{"@id":"https:\/\/franciscanos.org.br\/noticias\/#\/schema\/person\/b38fbf43118f02820bd932f2e4b14ad3"},"breadcrumb":{"@id":"https:\/\/franciscanos.org.br\/noticias\/eleito-o-novo-governo-da-fundacao-de-angola.html#breadcrumb"},"inLanguage":"pt-BR","potentialAction":[{"@type":"ReadAction","target":["https:\/\/franciscanos.org.br\/noticias\/eleito-o-novo-governo-da-fundacao-de-angola.html"]}]},{"@type":"BreadcrumbList","@id":"https:\/\/franciscanos.org.br\/noticias\/eleito-o-novo-governo-da-fundacao-de-angola.html#breadcrumb","itemListElement":[{"@type":"ListItem","position":1,"name":"Home","item":"https:\/\/franciscanos.org.br\/noticias"},{"@type":"ListItem","position":2,"name":"Eleito o novo governo da Funda\u00e7\u00e3o de Angola"}]},{"@type":"Person","@id":"https:\/\/franciscanos.org.br\/noticias\/#\/schema\/person\/b38fbf43118f02820bd932f2e4b14ad3","name":"admin","image":{"@type":"ImageObject","inLanguage":"pt-BR","@id":"https:\/\/franciscanos.org.br\/noticias\/#\/schema\/person\/image\/","url":"https:\/\/secure.gravatar.com\/avatar\/e8495742d34d0ba6448ea1c628263b3e?s=96&d=mm&r=g","contentUrl":"https:\/\/secure.gravatar.com\/avatar\/e8495742d34d0ba6448ea1c628263b3e?s=96&d=mm&r=g","caption":"admin"},"url":"https:\/\/franciscanos.org.br\/noticias\/author\/admin"}]}},"_links":{"self":[{"href":"https:\/\/franciscanos.org.br\/noticias\/wp-json\/wp\/v2\/posts\/34050"}],"collection":[{"href":"https:\/\/franciscanos.org.br\/noticias\/wp-json\/wp\/v2\/posts"}],"about":[{"href":"https:\/\/franciscanos.org.br\/noticias\/wp-json\/wp\/v2\/types\/post"}],"author":[{"embeddable":true,"href":"https:\/\/franciscanos.org.br\/noticias\/wp-json\/wp\/v2\/users\/1"}],"replies":[{"embeddable":true,"href":"https:\/\/franciscanos.org.br\/noticias\/wp-json\/wp\/v2\/comments?post=34050"}],"version-history":[{"count":0,"href":"https:\/\/franciscanos.org.br\/noticias\/wp-json\/wp\/v2\/posts\/34050\/revisions"}],"wp:featuredmedia":[{"embeddable":true,"href":"https:\/\/franciscanos.org.br\/noticias\/wp-json\/wp\/v2\/media\/216595"}],"wp:attachment":[{"href":"https:\/\/franciscanos.org.br\/noticias\/wp-json\/wp\/v2\/media?parent=34050"}],"wp:term":[{"taxonomy":"category","embeddable":true,"href":"https:\/\/franciscanos.org.br\/noticias\/wp-json\/wp\/v2\/categories?post=34050"},{"taxonomy":"post_tag","embeddable":true,"href":"https:\/\/franciscanos.org.br\/noticias\/wp-json\/wp\/v2\/tags?post=34050"}],"curies":[{"name":"wp","href":"https:\/\/api.w.org\/{rel}","templated":true}]}}