{"id":34011,"date":"2013-03-15T01:16:12","date_gmt":"2013-03-15T04:16:12","guid":{"rendered":"http:\/\/new.franciscanos.org.br\/?p=34011"},"modified":"2022-12-31T12:44:40","modified_gmt":"2022-12-31T15:44:40","slug":"francisco-ganha-o-mundo","status":"publish","type":"post","link":"https:\/\/franciscanos.org.br\/noticias\/francisco-ganha-o-mundo.html","title":{"rendered":"Francisco ganha o mundo"},"content":{"rendered":"<div id=\"attachment_229216\" style=\"width: 900px\" class=\"wp-caption alignnone\"><img aria-describedby=\"caption-attachment-229216\" loading=\"lazy\" class=\"wp-image-229216 size-full\" src=\"https:\/\/franciscanos.org.br\/noticias\/wp-content\/uploads\/2013\/03\/papa_11.jpg\" alt=\"\" width=\"890\" height=\"593\" srcset=\"https:\/\/franciscanos.org.br\/noticias\/wp-content\/uploads\/2013\/03\/papa_11.jpg 890w, https:\/\/franciscanos.org.br\/noticias\/wp-content\/uploads\/2013\/03\/papa_11-450x300.jpg 450w, https:\/\/franciscanos.org.br\/noticias\/wp-content\/uploads\/2013\/03\/papa_11-768x512.jpg 768w, https:\/\/franciscanos.org.br\/noticias\/wp-content\/uploads\/2013\/03\/papa_11-150x100.jpg 150w\" sizes=\"(max-width: 890px) 100vw, 890px\" \/><p id=\"caption-attachment-229216\" class=\"wp-caption-text\"><em> \u00a0 \u00a0 \u00a0 \u00a0 \u00a0 \u00a0Imagem: Vatican Media<\/em><\/p><\/div>\n<p>A elei\u00e7\u00e3o do Cardeal argentino Jorge Mario Bergoglio e a escolha do nome Francisco colocou S\u00e3o Francisco de Assis na pauta do dia, na boca do povo.<\/p>\n<p>Na coletiva desta quinta-feira, tr\u00eas cardeais brasileiros falaram sobre a elei\u00e7\u00e3o do novo Papa e a escolha do nome. Dom Odilo Scherer, Cardeal Arcebispo de S\u00e3o Paulo, contou ainda que visitou o t\u00famulo de S\u00e3o Francisco de Assis, no domingo anterior ao conclave. Chegando l\u00e1, ele encontrou o cardeal arcebispo de Viena, Christoph Sch\u00f6nborn. &#8220;Mas um dominicano num lugar t\u00e3o franciscano!&#8221;, comentou o brasileiro na ocasi\u00e3o. O colega disse que seria bom que a Igreja tivesse um Papa com esp\u00edrito franciscano. &#8220;\u00c9 um sinal para o que a Igreja quer e precisa fazer&#8221;, afirmou Odilo na entrevista coletiva nesta quinta-feira. &#8220;N\u00e3o se fazem saltos mortais na Igreja, mas existe uma continuidade.&#8221;<\/p>\n<p><a href=\"http:\/\/franciscanos.org.br\/wp-content\/uploads\/2013\/03\/cardeais.jpg\"><img loading=\"lazy\" class=\"alignright size-full wp-image-34014\" title=\"cardeais\" src=\"http:\/\/franciscanos.org.br\/wp-content\/uploads\/2013\/03\/cardeais.jpg\" alt=\"\" width=\"400\" height=\"239\" \/><\/a>\u00a0Outro que tamb\u00e9m foi a Assis no per\u00edodo pr\u00e9-conclave foi Dom Geraldo Majella. &#8220;Rezei naquela hora para que o Papa pudesse realmente ser o que fizesse as vezes de S\u00e3o Francisco&#8221;, afirmou. &#8220;Ele [Bergoglio] foi chamado e n\u00e3o teve nenhuma dificuldade de ser aclamado. Ele tem 76 anos, mas pode em pouco tempo fazer muito. O testemunho dele vai ser muito importante para o mundo, vai chamar a aten\u00e7\u00e3o do mundo. Vamos rezar para que ele seja feliz e, sendo feliz, fa\u00e7a a Igreja feliz&#8221;, disse. Para Dom Geraldo, a escolha n\u00e3o foi surpreendente. &#8220;N\u00e3o foi uma grande surpresa no sentido de que ele n\u00e3o pudesse ser o poss\u00edvel candidato&#8221;, disse. &#8220;\u00c9 um grande dom de Deus para a Igreja, para o mundo, um homem que tem um testemunho de vida. Ele vive o nome Francisco, \u00e9 diferente dos outros&#8221;, afirmou.<\/p>\n<p>O presidente da CNBB, Dom Raymundo Damasceno, contou \u00e0\u00a0 Rede Cat\u00f3lica de R\u00e1dio que o papa Francisco j\u00e1 traz suas caracter\u00edsticas expressas no nome que ele escolheu, inspirado no santo de Assis. &#8220;S\u00e3o Francisco, como n\u00f3s sabemos, \u00e9 um santo da pobreza, da simplicidade, da comunh\u00e3o com todas as pessoas, e com a pr\u00f3pria natureza&#8230; Ali\u00e1s, \u00e9 o patrono da ecologia. As marcas deste novo papa: o primeiro latino americano, um argentino, o primeiro a adotar este nome \u201cFrancisco\u201d, o primeiro jesu\u00edta&#8230; Mas creio que vai marcar o seu pontificado pela caracter\u00edsticas de ser um verdadeiro pastor. Um pastor que ama o seu povo, que est\u00e1 inteiramente voltado para o cuidado do seu povo, mas ao mesmo tempo aberto ao mundo, a todos os demais povos, com os que pertencem a uma outra religi\u00e3o&#8230; Ele ter\u00e1 este cora\u00e7\u00e3o grande, aberto, \u00e0 exemplo de S\u00e3o Francisco de Assis. Creio que esta espiritualidade certamente inspirar\u00e1 o novo papa, pela simplicidade, pelo di\u00e1logo, que ser\u00e3o suas marcas, como foram quando ele foi arcebispo de Buenos Aires: um homem de grande simplicidade, de grande amor aos pobres&#8221;, disse.<\/p>\n<p>Na opini\u00e3o do padre Jos\u00e9 Oscar Beozzo, estudioso da hist\u00f3ria da Igreja Cat\u00f3lica na Am\u00e9rica Latina, a escolha do nome do novo Papa \u00e9 muito significativa: &#8220;Tivemos um jesu\u00edta que n\u00e3o escolheu o nome de In\u00e1cio, mas de Francisco. Acho que isso \u00e9 muito significativo porque S\u00e3o Francisco de Assis \u00e9 o santo mais querido dentro e fora da Igreja Cat\u00f3lica&#8221;.<\/p>\n<p>Beozzo acredita que a escolha tamb\u00e9m remete \u00e0 postura que o novo papa deve adotar com rela\u00e7\u00e3o aos mu\u00e7ulmanos. &#8220;Francisco esteve no cora\u00e7\u00e3o de um conflito que hoje se repete, que \u00e9 o conflito do que fazer frente ao Islamismo. Na \u00e9poca de Francisco, o Papa convocou a guerra contra o mundo isl\u00e2mico, e Francisco tomou um barco e foi ver o sult\u00e3o do Egito para falar de paz, de amizade. At\u00e9 hoje os mu\u00e7ulmanos respeitam Francisco e os franciscanos. Acho que nesse momento isso \u00e9 um recado muito importante&#8221;. S\u00e3o Francisco \u00e9 tamb\u00e9m conhecido por seu amor \u00e0 natureza, e Beozzo afirma que a escolha \u00e9 tamb\u00e9m um compromisso com a preserva\u00e7\u00e3o ambiental. O novo papa \u00e9 visto como um homem simples, que cozinha a pr\u00f3pria comida, anda de metr\u00f4 e \u00f4nibus em Buenos Aires. &#8220;\u00c9 uma pessoa que escolheu o nome de Francisco n\u00e3o por fantasia, mas acho que por uma op\u00e7\u00e3o de vida&#8221;. Para Beozzo, a escolha toca um tema fundamental na trajet\u00f3ria da igreja latino-americana, que \u00e9 a op\u00e7\u00e3o pelos pobres. &#8220;Ele \u00e9 visto como um irm\u00e3o universal, tamb\u00e9m irm\u00e3o dos pobres&#8221;.<\/p>\n<p><a href=\"http:\/\/franciscanos.org.br\/wp-content\/uploads\/2013\/03\/assis.jpg\"><img loading=\"lazy\" class=\"alignright size-full wp-image-34013\" title=\"assis\" src=\"http:\/\/franciscanos.org.br\/wp-content\/uploads\/2013\/03\/assis.jpg\" alt=\"\" width=\"400\" height=\"200\" \/><\/a><strong>Franciscanos convidam o Papa para visitar Assis<\/strong><\/p>\n<p>\u201cDe Assis um grande abra\u00e7o, afetuoso e filial, a voc\u00ea, Papa Francisco, novo Vig\u00e1rio de Cristo\u201d. \u00c9 o que desejam os frades franciscanos de Assis ao novo Pont\u00edfice.<\/p>\n<p>Numa nota, os franciscanos agradecem a Deus e se alegram pela elei\u00e7\u00e3o do Cardeal Jorge Bergoglio, manifestando \u201csentimentos de gratid\u00e3o, sincero afeto e profundo obs\u00e9quio, prometendo como Francisco obedi\u00eancia e rever\u00eancia ao senhor Papa\u201d.<\/p>\n<p>\u201cNeste ano da f\u00e9 \u2013 prossegue a nota \u2013 ao acompanhar o in\u00edcio do seu minist\u00e9rio com incessante ora\u00e7\u00e3o, esperam de acolher o Sumo Pont\u00edfice nos lugares sagrados \u00e0 mem\u00f3ria de S\u00e3o Francisco, estreitamente ligados a Sede Apost\u00f3lica com a Igreja que est\u00e1 em Assis guiada pelo seu Bispo Domenico Sorrentino\u201d.<\/p>\n<p>Os franciscanos, na carta enviada ao Papa Francisco, dizem saber \u2018que Jesus est\u00e1 no comando de sua Igreja\u2019 e assim querem seguir o novo Papa \u2018com afeto e obedi\u00eancia\u2019. Os frades tamb\u00e9m expressam \u201cconfian\u00e7a de que, assim como tantos dos seus predecessores at\u00e9 Bento XVI, tamb\u00e9m voc\u00ea venha logo a esta Cidade onde Francisco continua a anunciar com todo seu ser, \u00e0 Igreja e ao mundo, o Evangelho que salva\u201d.<\/p>\n","protected":false},"excerpt":{"rendered":"<p>Novo papa<\/p>\n","protected":false},"author":1,"featured_media":229216,"comment_status":"closed","ping_status":"open","sticky":false,"template":"","format":"standard","meta":[],"categories":[1428],"tags":[55],"acf":[],"yoast_head":"<!-- This site is optimized with the Yoast SEO plugin v19.2 - https:\/\/yoast.com\/wordpress\/plugins\/seo\/ -->\n<title>Francisco ganha o mundo - Not\u00edcias - Franciscanos<\/title>\n<meta name=\"robots\" content=\"index, follow, max-snippet:-1, max-image-preview:large, max-video-preview:-1\" \/>\n<link rel=\"canonical\" href=\"https:\/\/franciscanos.org.br\/noticias\/francisco-ganha-o-mundo.html\" \/>\n<meta property=\"og:locale\" content=\"pt_BR\" \/>\n<meta property=\"og:type\" content=\"article\" \/>\n<meta property=\"og:title\" content=\"Francisco ganha o mundo - Not\u00edcias - Franciscanos\" \/>\n<meta property=\"og:description\" content=\"Novo papa\" \/>\n<meta property=\"og:url\" content=\"https:\/\/franciscanos.org.br\/noticias\/francisco-ganha-o-mundo.html\" \/>\n<meta property=\"og:site_name\" content=\"Not\u00edcias - Franciscanos\" \/>\n<meta property=\"article:published_time\" content=\"2013-03-15T04:16:12+00:00\" \/>\n<meta property=\"article:modified_time\" content=\"2022-12-31T15:44:40+00:00\" \/>\n<meta property=\"og:image\" content=\"https:\/\/franciscanos.org.br\/noticias\/wp-content\/uploads\/2013\/03\/papa_11.jpg\" \/>\n\t<meta property=\"og:image:width\" content=\"890\" \/>\n\t<meta property=\"og:image:height\" content=\"593\" \/>\n\t<meta property=\"og:image:type\" content=\"image\/jpeg\" \/>\n<meta name=\"author\" content=\"admin\" \/>\n<meta name=\"twitter:card\" content=\"summary_large_image\" \/>\n<meta name=\"twitter:label1\" content=\"Escrito por\" \/>\n\t<meta name=\"twitter:data1\" content=\"admin\" \/>\n\t<meta name=\"twitter:label2\" content=\"Est. tempo de leitura\" \/>\n\t<meta name=\"twitter:data2\" content=\"5 minutos\" \/>\n<script type=\"application\/ld+json\" class=\"yoast-schema-graph\">{\"@context\":\"https:\/\/schema.org\",\"@graph\":[{\"@type\":\"WebSite\",\"@id\":\"https:\/\/franciscanos.org.br\/noticias\/#website\",\"url\":\"https:\/\/franciscanos.org.br\/noticias\/\",\"name\":\"Not\u00edcias - Franciscanos\",\"description\":\"Prov\u00edncia Franciscana da Imaculada Concei\u00e7\u00e3o do Brasil - Ordem dos Frades Menores - OFM\",\"potentialAction\":[{\"@type\":\"SearchAction\",\"target\":{\"@type\":\"EntryPoint\",\"urlTemplate\":\"https:\/\/franciscanos.org.br\/noticias\/?s={search_term_string}\"},\"query-input\":\"required name=search_term_string\"}],\"inLanguage\":\"pt-BR\"},{\"@type\":\"ImageObject\",\"inLanguage\":\"pt-BR\",\"@id\":\"https:\/\/franciscanos.org.br\/noticias\/francisco-ganha-o-mundo.html#primaryimage\",\"url\":\"https:\/\/franciscanos.org.br\/noticias\/wp-content\/uploads\/2013\/03\/papa_11.jpg\",\"contentUrl\":\"https:\/\/franciscanos.org.br\/noticias\/wp-content\/uploads\/2013\/03\/papa_11.jpg\",\"width\":890,\"height\":593},{\"@type\":\"WebPage\",\"@id\":\"https:\/\/franciscanos.org.br\/noticias\/francisco-ganha-o-mundo.html#webpage\",\"url\":\"https:\/\/franciscanos.org.br\/noticias\/francisco-ganha-o-mundo.html\",\"name\":\"Francisco ganha o mundo - Not\u00edcias - Franciscanos\",\"isPartOf\":{\"@id\":\"https:\/\/franciscanos.org.br\/noticias\/#website\"},\"primaryImageOfPage\":{\"@id\":\"https:\/\/franciscanos.org.br\/noticias\/francisco-ganha-o-mundo.html#primaryimage\"},\"datePublished\":\"2013-03-15T04:16:12+00:00\",\"dateModified\":\"2022-12-31T15:44:40+00:00\",\"author\":{\"@id\":\"https:\/\/franciscanos.org.br\/noticias\/#\/schema\/person\/b38fbf43118f02820bd932f2e4b14ad3\"},\"breadcrumb\":{\"@id\":\"https:\/\/franciscanos.org.br\/noticias\/francisco-ganha-o-mundo.html#breadcrumb\"},\"inLanguage\":\"pt-BR\",\"potentialAction\":[{\"@type\":\"ReadAction\",\"target\":[\"https:\/\/franciscanos.org.br\/noticias\/francisco-ganha-o-mundo.html\"]}]},{\"@type\":\"BreadcrumbList\",\"@id\":\"https:\/\/franciscanos.org.br\/noticias\/francisco-ganha-o-mundo.html#breadcrumb\",\"itemListElement\":[{\"@type\":\"ListItem\",\"position\":1,\"name\":\"Home\",\"item\":\"https:\/\/franciscanos.org.br\/noticias\"},{\"@type\":\"ListItem\",\"position\":2,\"name\":\"Francisco ganha o mundo\"}]},{\"@type\":\"Person\",\"@id\":\"https:\/\/franciscanos.org.br\/noticias\/#\/schema\/person\/b38fbf43118f02820bd932f2e4b14ad3\",\"name\":\"admin\",\"image\":{\"@type\":\"ImageObject\",\"inLanguage\":\"pt-BR\",\"@id\":\"https:\/\/franciscanos.org.br\/noticias\/#\/schema\/person\/image\/\",\"url\":\"https:\/\/secure.gravatar.com\/avatar\/e8495742d34d0ba6448ea1c628263b3e?s=96&d=mm&r=g\",\"contentUrl\":\"https:\/\/secure.gravatar.com\/avatar\/e8495742d34d0ba6448ea1c628263b3e?s=96&d=mm&r=g\",\"caption\":\"admin\"},\"url\":\"https:\/\/franciscanos.org.br\/noticias\/author\/admin\"}]}<\/script>\n<!-- \/ Yoast SEO plugin. -->","yoast_head_json":{"title":"Francisco ganha o mundo - Not\u00edcias - Franciscanos","robots":{"index":"index","follow":"follow","max-snippet":"max-snippet:-1","max-image-preview":"max-image-preview:large","max-video-preview":"max-video-preview:-1"},"canonical":"https:\/\/franciscanos.org.br\/noticias\/francisco-ganha-o-mundo.html","og_locale":"pt_BR","og_type":"article","og_title":"Francisco ganha o mundo - Not\u00edcias - Franciscanos","og_description":"Novo papa","og_url":"https:\/\/franciscanos.org.br\/noticias\/francisco-ganha-o-mundo.html","og_site_name":"Not\u00edcias - Franciscanos","article_published_time":"2013-03-15T04:16:12+00:00","article_modified_time":"2022-12-31T15:44:40+00:00","og_image":[{"width":890,"height":593,"url":"https:\/\/franciscanos.org.br\/noticias\/wp-content\/uploads\/2013\/03\/papa_11.jpg","type":"image\/jpeg"}],"author":"admin","twitter_card":"summary_large_image","twitter_misc":{"Escrito por":"admin","Est. tempo de leitura":"5 minutos"},"schema":{"@context":"https:\/\/schema.org","@graph":[{"@type":"WebSite","@id":"https:\/\/franciscanos.org.br\/noticias\/#website","url":"https:\/\/franciscanos.org.br\/noticias\/","name":"Not\u00edcias - Franciscanos","description":"Prov\u00edncia Franciscana da Imaculada Concei\u00e7\u00e3o do Brasil - Ordem dos Frades Menores - OFM","potentialAction":[{"@type":"SearchAction","target":{"@type":"EntryPoint","urlTemplate":"https:\/\/franciscanos.org.br\/noticias\/?s={search_term_string}"},"query-input":"required name=search_term_string"}],"inLanguage":"pt-BR"},{"@type":"ImageObject","inLanguage":"pt-BR","@id":"https:\/\/franciscanos.org.br\/noticias\/francisco-ganha-o-mundo.html#primaryimage","url":"https:\/\/franciscanos.org.br\/noticias\/wp-content\/uploads\/2013\/03\/papa_11.jpg","contentUrl":"https:\/\/franciscanos.org.br\/noticias\/wp-content\/uploads\/2013\/03\/papa_11.jpg","width":890,"height":593},{"@type":"WebPage","@id":"https:\/\/franciscanos.org.br\/noticias\/francisco-ganha-o-mundo.html#webpage","url":"https:\/\/franciscanos.org.br\/noticias\/francisco-ganha-o-mundo.html","name":"Francisco ganha o mundo - Not\u00edcias - Franciscanos","isPartOf":{"@id":"https:\/\/franciscanos.org.br\/noticias\/#website"},"primaryImageOfPage":{"@id":"https:\/\/franciscanos.org.br\/noticias\/francisco-ganha-o-mundo.html#primaryimage"},"datePublished":"2013-03-15T04:16:12+00:00","dateModified":"2022-12-31T15:44:40+00:00","author":{"@id":"https:\/\/franciscanos.org.br\/noticias\/#\/schema\/person\/b38fbf43118f02820bd932f2e4b14ad3"},"breadcrumb":{"@id":"https:\/\/franciscanos.org.br\/noticias\/francisco-ganha-o-mundo.html#breadcrumb"},"inLanguage":"pt-BR","potentialAction":[{"@type":"ReadAction","target":["https:\/\/franciscanos.org.br\/noticias\/francisco-ganha-o-mundo.html"]}]},{"@type":"BreadcrumbList","@id":"https:\/\/franciscanos.org.br\/noticias\/francisco-ganha-o-mundo.html#breadcrumb","itemListElement":[{"@type":"ListItem","position":1,"name":"Home","item":"https:\/\/franciscanos.org.br\/noticias"},{"@type":"ListItem","position":2,"name":"Francisco ganha o mundo"}]},{"@type":"Person","@id":"https:\/\/franciscanos.org.br\/noticias\/#\/schema\/person\/b38fbf43118f02820bd932f2e4b14ad3","name":"admin","image":{"@type":"ImageObject","inLanguage":"pt-BR","@id":"https:\/\/franciscanos.org.br\/noticias\/#\/schema\/person\/image\/","url":"https:\/\/secure.gravatar.com\/avatar\/e8495742d34d0ba6448ea1c628263b3e?s=96&d=mm&r=g","contentUrl":"https:\/\/secure.gravatar.com\/avatar\/e8495742d34d0ba6448ea1c628263b3e?s=96&d=mm&r=g","caption":"admin"},"url":"https:\/\/franciscanos.org.br\/noticias\/author\/admin"}]}},"_links":{"self":[{"href":"https:\/\/franciscanos.org.br\/noticias\/wp-json\/wp\/v2\/posts\/34011"}],"collection":[{"href":"https:\/\/franciscanos.org.br\/noticias\/wp-json\/wp\/v2\/posts"}],"about":[{"href":"https:\/\/franciscanos.org.br\/noticias\/wp-json\/wp\/v2\/types\/post"}],"author":[{"embeddable":true,"href":"https:\/\/franciscanos.org.br\/noticias\/wp-json\/wp\/v2\/users\/1"}],"replies":[{"embeddable":true,"href":"https:\/\/franciscanos.org.br\/noticias\/wp-json\/wp\/v2\/comments?post=34011"}],"version-history":[{"count":3,"href":"https:\/\/franciscanos.org.br\/noticias\/wp-json\/wp\/v2\/posts\/34011\/revisions"}],"predecessor-version":[{"id":229219,"href":"https:\/\/franciscanos.org.br\/noticias\/wp-json\/wp\/v2\/posts\/34011\/revisions\/229219"}],"wp:featuredmedia":[{"embeddable":true,"href":"https:\/\/franciscanos.org.br\/noticias\/wp-json\/wp\/v2\/media\/229216"}],"wp:attachment":[{"href":"https:\/\/franciscanos.org.br\/noticias\/wp-json\/wp\/v2\/media?parent=34011"}],"wp:term":[{"taxonomy":"category","embeddable":true,"href":"https:\/\/franciscanos.org.br\/noticias\/wp-json\/wp\/v2\/categories?post=34011"},{"taxonomy":"post_tag","embeddable":true,"href":"https:\/\/franciscanos.org.br\/noticias\/wp-json\/wp\/v2\/tags?post=34011"}],"curies":[{"name":"wp","href":"https:\/\/api.w.org\/{rel}","templated":true}]}}