{"id":34005,"date":"2013-03-14T10:13:27","date_gmt":"2013-03-14T13:13:27","guid":{"rendered":"http:\/\/new.franciscanos.org.br\/?p=34005"},"modified":"2020-06-11T17:26:27","modified_gmt":"2020-06-11T20:26:27","slug":"o-que-se-espera-de-um-papa-com-esse-nome","status":"publish","type":"post","link":"https:\/\/franciscanos.org.br\/noticias\/o-que-se-espera-de-um-papa-com-esse-nome.html","title":{"rendered":"O que se espera de um Papa com esse nome?"},"content":{"rendered":"<p><strong><a href=\"http:\/\/franciscanos.org.br\/wp-content\/uploads\/2013\/03\/papa.jpg\"><img loading=\"lazy\" class=\"alignright size-full wp-image-34006\" title=\"papa\" src=\"http:\/\/franciscanos.org.br\/wp-content\/uploads\/2013\/03\/papa.jpg\" alt=\"\" width=\"500\" height=\"313\" \/><\/a>Por Andr\u00e9 Trigueiro\u00a0<\/strong><\/p>\n<p>Ao homenagear Francisco de Assis na escolha do nome que o acompanhar\u00e1 ao longo do pontificado que se inicia, o cardeal argentino Jorge Mario Bergoglio, agora Papa Francisco, poderia se inspirar no Poverello de Assis para promover algumas inova\u00e7\u00f5es na forma como a Igreja administra seu patrim\u00f4nio e seu imenso rebanho. Respeitosamente, compartilharei aqui algumas sugest\u00f5es sem a pretens\u00e3o de que elas cheguem ao Vaticano \u2013 imerso em in\u00fameros problemas e desafios mais urgentes \u2013 mas a todos aqueles que compreendem a imensa responsabilidade que \u00e9 tornar-se o primeiro Papa da hist\u00f3ria a chamar-se Francisco.<\/p>\n<p><strong>1<\/strong> \u2013 Francisco de Assis veio ao mundo h\u00e1 oito s\u00e9culos para constranger a opul\u00eancia e poder pol\u00edtico de uma igreja que se afastara dos princ\u00edpios mais elementares do evangelho de Jesus. Como l\u00edder espiritual e chefe de estado, o Papa Francisco poderia dar o exemplo de austeridade sem precedentes na forma como a Igreja realiza suas compras, planeja suas obras f\u00edsicas, organiza eventos e cerim\u00f4nias, define log\u00edsticas de viagem e hospedagem, enfim, tudo o que represente consumo e posse de bens. Usar com parcim\u00f4nia e modera\u00e7\u00e3o. Combater excessos de toda ordem. Ser simples por convic\u00e7\u00e3o e princ\u00edpios \u00e9ticos.<\/p>\n<p><strong>2<\/strong> \u2013 Francisco de Assis \u00e9 conhecido como o protetor dos animais, a quem sempre consagrou respeito e venera\u00e7\u00e3o. No mundo moderno, animais das mais variadas esp\u00e9cies ainda sofrem toda sorte de viol\u00eancia. Alguns s\u00e3o supliciados por divers\u00e3o. Outros s\u00e3o alvos da crueldade obstinada de seus donos. As leis de prote\u00e7\u00e3o dos animais \u2013 presentes em v\u00e1rios pa\u00edses \u2013 n\u00e3o conseguem erradicar as muitas atrocidades cometidas contra os bichos. Os que s\u00e3o consumidos como alimentos foram reduzidos \u00e0 categoria de \u201cprote\u00edna animal\u201d, o que credenciaria seus propriet\u00e1rios a trat\u00e1-los como se n\u00e3o houvesse ali um ser senciente, capaz de sentir dor. Papa Francisco tem a preciosa chance de denunciar tudo isso e defender protocolos \u00e9ticos de cria\u00e7\u00e3o, transporte e abate de animais, bem como a prote\u00e7\u00e3o das esp\u00e9cies silvestres.<\/p>\n<p><strong>3<\/strong> \u2013 Francisco de Assis tamb\u00e9m \u00e9 conhecido como o padroeiro da ecologia. No \u201cc\u00e2ntico das criaturas\u201d, eternizou a sacraliza\u00e7\u00e3o da natureza em suas m\u00faltiplas formas e express\u00f5es. O Papa Francisco tem a chance de reeditar o \u201cc\u00e2ntico das criaturas\u201d \u2013 vers\u00e3o s\u00e9culo XXI \u2013 de forma ainda mais contundente em defesa da vida. Pode exercer sua enorme influ\u00eancia em favor dos recursos naturais n\u00e3o renov\u00e1veis e dos ecossistemas amea\u00e7ados de extin\u00e7\u00e3o. Sem meio ambiente sadio e protegido n\u00e3o h\u00e1 \u201cvida em abund\u00e2ncia\u201d, parafraseando o Cristo. Sem vida, a religi\u00e3o n\u00e3o faz o menor sentido.<\/p>\n<p><strong>4<\/strong> \u2013 A abnega\u00e7\u00e3o em favor dos pobres \u2013 que o levou inclusive a renunciar a todos os bens e viver como eles \u2013 fez de Francisco de Assis um leg\u00edtimo representante da caridade, do amor ao pr\u00f3ximo e da abnega\u00e7\u00e3o de si mesmo em favor dos valores espirituais. Hoje sabe-se que as principais v\u00edtimas das mudan\u00e7as clim\u00e1ticas, da escassez de \u00e1gua doce e limpa, da destrui\u00e7\u00e3o da biodiversidade e de todas as manifesta\u00e7\u00f5es de desequil\u00edbrio ecol\u00f3gico em diferentes pontos do planeta s\u00e3o justamente os mais pobres. O Papa Francisco tem, portanto, a oportunidade de conjugar em um mesmo movimento apost\u00f3lico as lutas em favor da inclus\u00e3o social e do meio ambiente. S\u00e3o a\u00e7\u00f5es que se complementam e se misturam. Uma mesma causa.<\/p>\n<p><strong>5<\/strong> \u2013 Que ningu\u00e9m se iluda com o fato de o Papa Francisco ser o chefe de estado de um pa\u00eds que ocupa uma \u00e1rea de apenas meio quil\u00f4metro quadrado com aproximadamente novecentos moradores. Ele \u00e9 o l\u00edder espiritual de 1,2 bilh\u00e3o de pessoas. O que disser, o que fizer, o que escrever, seus gestos, suas companhias, h\u00e1bitos e comportamentos, risos e reprova\u00e7\u00f5es ter\u00e3o repercuss\u00e3o imediata mundo afora. Usar isso em favor dos valores franciscanos \u2013 humildade, simplicidade, fraternidade, abnega\u00e7\u00e3o em favor dos pobres, etc \u2013 far\u00e1 toda a diferen\u00e7a.<\/p>\n<p><strong>6<\/strong> \u2013 O Papa Francisco ter\u00e1 vez, voz e voto nos encontros multilaterais da ONU que discutem os rumos do planeta. O novo Papa pode tornar o Vaticano ainda mais ativo e presente nesses debates, qualificando seus negociadores e mobilizando cat\u00f3licos do mundo inteiro a acompanhar os rumos desses acordos (sobre clima, biodiversidade, \u00e1gua, desertifica\u00e7\u00e3o,etc) e pressionarem pelo sucesso deles.<\/p>\n<p><strong>7<\/strong> \u2013 Mesmo nas miudezas do dia-a-dia em seu novo endere\u00e7o, o Papa Francisco poder\u00e1 promover ajustes em favor da ecoefici\u00eancia. Consumo inteligente de \u00e1gua e energia, segrega\u00e7\u00e3o de res\u00edduos, compras p\u00fablicas sustent\u00e1veis, frota de ve\u00edculos mais econ\u00f4mica (quem sabe uma vers\u00e3o el\u00e9trica do papam\u00f3vel?) s\u00e3o medidas que podem ser otimizadas no Vaticano e estimuladas pelas par\u00f3quias do mundo inteiro. Quem sabe o novo papa interfira desde j\u00e1 nos protocolos do pr\u00f3ximo conclave, e substitua por decreto o ritual de carboniza\u00e7\u00e3o das c\u00e9dulas (que sinaliza os rumos das vota\u00e7\u00f5es pela cor das fuma\u00e7as) por algum outro m\u00e9todo que n\u00e3o polua ainda mais os c\u00e9us de Roma?<\/p>\n<p>Seja qual for o rumo que o Papa Francisco decidir tomar, ter\u00e1 pela frente, pelo resto de seus dias (ou de seu pontificado, posto que h\u00e1 o precedente da ren\u00fancia) um nome forte, emblem\u00e1tico, pleno de significado que marcar\u00e1 seus passos como o sucessor de Pedro. A simplicidade como guia, a pobreza como refer\u00eancia, a natureza como objeto de venera\u00e7\u00e3o e respeito. Que o Papa seja sempre Francisco.<\/p>\n<p><em><strong>Texto de Andr\u00e9 Trigueiro, no seu blog &#8220;Mundo Sustent\u00e1vel&#8221; no G1.<\/strong><\/em><\/p>\n","protected":false},"excerpt":{"rendered":"<p>Artigo de Andr\u00e9 Trigueiro\u00a0<\/p>\n","protected":false},"author":1,"featured_media":216580,"comment_status":"closed","ping_status":"open","sticky":false,"template":"","format":"standard","meta":[],"categories":[1428],"tags":[1324,55],"acf":[],"yoast_head":"<!-- This site is optimized with the Yoast SEO plugin v19.2 - https:\/\/yoast.com\/wordpress\/plugins\/seo\/ -->\n<title>O que se espera de um Papa com esse nome? - Not\u00edcias - Franciscanos<\/title>\n<meta name=\"robots\" content=\"index, follow, max-snippet:-1, max-image-preview:large, max-video-preview:-1\" \/>\n<link rel=\"canonical\" href=\"https:\/\/franciscanos.org.br\/noticias\/o-que-se-espera-de-um-papa-com-esse-nome.html\" \/>\n<meta property=\"og:locale\" content=\"pt_BR\" \/>\n<meta property=\"og:type\" content=\"article\" \/>\n<meta property=\"og:title\" content=\"O que se espera de um Papa com esse nome? - Not\u00edcias - Franciscanos\" \/>\n<meta property=\"og:description\" content=\"Artigo de Andr\u00e9 Trigueiro\u00a0\" \/>\n<meta property=\"og:url\" content=\"https:\/\/franciscanos.org.br\/noticias\/o-que-se-espera-de-um-papa-com-esse-nome.html\" \/>\n<meta property=\"og:site_name\" content=\"Not\u00edcias - Franciscanos\" \/>\n<meta property=\"article:published_time\" content=\"2013-03-14T13:13:27+00:00\" \/>\n<meta property=\"article:modified_time\" content=\"2020-06-11T20:26:27+00:00\" \/>\n<meta property=\"og:image\" content=\"https:\/\/franciscanos.org.br\/noticias\/wp-content\/uploads\/2013\/03\/papa.jpg\" \/>\n\t<meta property=\"og:image:width\" content=\"273\" \/>\n\t<meta property=\"og:image:height\" content=\"181\" \/>\n\t<meta property=\"og:image:type\" content=\"image\/jpeg\" \/>\n<meta name=\"author\" content=\"admin\" \/>\n<meta name=\"twitter:card\" content=\"summary_large_image\" \/>\n<meta name=\"twitter:label1\" content=\"Escrito por\" \/>\n\t<meta name=\"twitter:data1\" content=\"admin\" \/>\n\t<meta name=\"twitter:label2\" content=\"Est. tempo de leitura\" \/>\n\t<meta name=\"twitter:data2\" content=\"5 minutos\" \/>\n<script type=\"application\/ld+json\" class=\"yoast-schema-graph\">{\"@context\":\"https:\/\/schema.org\",\"@graph\":[{\"@type\":\"WebSite\",\"@id\":\"https:\/\/franciscanos.org.br\/noticias\/#website\",\"url\":\"https:\/\/franciscanos.org.br\/noticias\/\",\"name\":\"Not\u00edcias - Franciscanos\",\"description\":\"Prov\u00edncia Franciscana da Imaculada Concei\u00e7\u00e3o do Brasil - Ordem dos Frades Menores - OFM\",\"potentialAction\":[{\"@type\":\"SearchAction\",\"target\":{\"@type\":\"EntryPoint\",\"urlTemplate\":\"https:\/\/franciscanos.org.br\/noticias\/?s={search_term_string}\"},\"query-input\":\"required name=search_term_string\"}],\"inLanguage\":\"pt-BR\"},{\"@type\":\"ImageObject\",\"inLanguage\":\"pt-BR\",\"@id\":\"https:\/\/franciscanos.org.br\/noticias\/o-que-se-espera-de-um-papa-com-esse-nome.html#primaryimage\",\"url\":\"https:\/\/franciscanos.org.br\/noticias\/wp-content\/uploads\/2013\/03\/papa.jpg\",\"contentUrl\":\"https:\/\/franciscanos.org.br\/noticias\/wp-content\/uploads\/2013\/03\/papa.jpg\",\"width\":273,\"height\":181},{\"@type\":\"WebPage\",\"@id\":\"https:\/\/franciscanos.org.br\/noticias\/o-que-se-espera-de-um-papa-com-esse-nome.html#webpage\",\"url\":\"https:\/\/franciscanos.org.br\/noticias\/o-que-se-espera-de-um-papa-com-esse-nome.html\",\"name\":\"O que se espera de um Papa com esse nome? - Not\u00edcias - Franciscanos\",\"isPartOf\":{\"@id\":\"https:\/\/franciscanos.org.br\/noticias\/#website\"},\"primaryImageOfPage\":{\"@id\":\"https:\/\/franciscanos.org.br\/noticias\/o-que-se-espera-de-um-papa-com-esse-nome.html#primaryimage\"},\"datePublished\":\"2013-03-14T13:13:27+00:00\",\"dateModified\":\"2020-06-11T20:26:27+00:00\",\"author\":{\"@id\":\"https:\/\/franciscanos.org.br\/noticias\/#\/schema\/person\/b38fbf43118f02820bd932f2e4b14ad3\"},\"breadcrumb\":{\"@id\":\"https:\/\/franciscanos.org.br\/noticias\/o-que-se-espera-de-um-papa-com-esse-nome.html#breadcrumb\"},\"inLanguage\":\"pt-BR\",\"potentialAction\":[{\"@type\":\"ReadAction\",\"target\":[\"https:\/\/franciscanos.org.br\/noticias\/o-que-se-espera-de-um-papa-com-esse-nome.html\"]}]},{\"@type\":\"BreadcrumbList\",\"@id\":\"https:\/\/franciscanos.org.br\/noticias\/o-que-se-espera-de-um-papa-com-esse-nome.html#breadcrumb\",\"itemListElement\":[{\"@type\":\"ListItem\",\"position\":1,\"name\":\"Home\",\"item\":\"https:\/\/franciscanos.org.br\/noticias\"},{\"@type\":\"ListItem\",\"position\":2,\"name\":\"O que se espera de um Papa com esse nome?\"}]},{\"@type\":\"Person\",\"@id\":\"https:\/\/franciscanos.org.br\/noticias\/#\/schema\/person\/b38fbf43118f02820bd932f2e4b14ad3\",\"name\":\"admin\",\"image\":{\"@type\":\"ImageObject\",\"inLanguage\":\"pt-BR\",\"@id\":\"https:\/\/franciscanos.org.br\/noticias\/#\/schema\/person\/image\/\",\"url\":\"https:\/\/secure.gravatar.com\/avatar\/e8495742d34d0ba6448ea1c628263b3e?s=96&d=mm&r=g\",\"contentUrl\":\"https:\/\/secure.gravatar.com\/avatar\/e8495742d34d0ba6448ea1c628263b3e?s=96&d=mm&r=g\",\"caption\":\"admin\"},\"url\":\"https:\/\/franciscanos.org.br\/noticias\/author\/admin\"}]}<\/script>\n<!-- \/ Yoast SEO plugin. -->","yoast_head_json":{"title":"O que se espera de um Papa com esse nome? - Not\u00edcias - Franciscanos","robots":{"index":"index","follow":"follow","max-snippet":"max-snippet:-1","max-image-preview":"max-image-preview:large","max-video-preview":"max-video-preview:-1"},"canonical":"https:\/\/franciscanos.org.br\/noticias\/o-que-se-espera-de-um-papa-com-esse-nome.html","og_locale":"pt_BR","og_type":"article","og_title":"O que se espera de um Papa com esse nome? - Not\u00edcias - Franciscanos","og_description":"Artigo de Andr\u00e9 Trigueiro\u00a0","og_url":"https:\/\/franciscanos.org.br\/noticias\/o-que-se-espera-de-um-papa-com-esse-nome.html","og_site_name":"Not\u00edcias - Franciscanos","article_published_time":"2013-03-14T13:13:27+00:00","article_modified_time":"2020-06-11T20:26:27+00:00","og_image":[{"width":273,"height":181,"url":"https:\/\/franciscanos.org.br\/noticias\/wp-content\/uploads\/2013\/03\/papa.jpg","type":"image\/jpeg"}],"author":"admin","twitter_card":"summary_large_image","twitter_misc":{"Escrito por":"admin","Est. tempo de leitura":"5 minutos"},"schema":{"@context":"https:\/\/schema.org","@graph":[{"@type":"WebSite","@id":"https:\/\/franciscanos.org.br\/noticias\/#website","url":"https:\/\/franciscanos.org.br\/noticias\/","name":"Not\u00edcias - Franciscanos","description":"Prov\u00edncia Franciscana da Imaculada Concei\u00e7\u00e3o do Brasil - Ordem dos Frades Menores - OFM","potentialAction":[{"@type":"SearchAction","target":{"@type":"EntryPoint","urlTemplate":"https:\/\/franciscanos.org.br\/noticias\/?s={search_term_string}"},"query-input":"required name=search_term_string"}],"inLanguage":"pt-BR"},{"@type":"ImageObject","inLanguage":"pt-BR","@id":"https:\/\/franciscanos.org.br\/noticias\/o-que-se-espera-de-um-papa-com-esse-nome.html#primaryimage","url":"https:\/\/franciscanos.org.br\/noticias\/wp-content\/uploads\/2013\/03\/papa.jpg","contentUrl":"https:\/\/franciscanos.org.br\/noticias\/wp-content\/uploads\/2013\/03\/papa.jpg","width":273,"height":181},{"@type":"WebPage","@id":"https:\/\/franciscanos.org.br\/noticias\/o-que-se-espera-de-um-papa-com-esse-nome.html#webpage","url":"https:\/\/franciscanos.org.br\/noticias\/o-que-se-espera-de-um-papa-com-esse-nome.html","name":"O que se espera de um Papa com esse nome? - Not\u00edcias - Franciscanos","isPartOf":{"@id":"https:\/\/franciscanos.org.br\/noticias\/#website"},"primaryImageOfPage":{"@id":"https:\/\/franciscanos.org.br\/noticias\/o-que-se-espera-de-um-papa-com-esse-nome.html#primaryimage"},"datePublished":"2013-03-14T13:13:27+00:00","dateModified":"2020-06-11T20:26:27+00:00","author":{"@id":"https:\/\/franciscanos.org.br\/noticias\/#\/schema\/person\/b38fbf43118f02820bd932f2e4b14ad3"},"breadcrumb":{"@id":"https:\/\/franciscanos.org.br\/noticias\/o-que-se-espera-de-um-papa-com-esse-nome.html#breadcrumb"},"inLanguage":"pt-BR","potentialAction":[{"@type":"ReadAction","target":["https:\/\/franciscanos.org.br\/noticias\/o-que-se-espera-de-um-papa-com-esse-nome.html"]}]},{"@type":"BreadcrumbList","@id":"https:\/\/franciscanos.org.br\/noticias\/o-que-se-espera-de-um-papa-com-esse-nome.html#breadcrumb","itemListElement":[{"@type":"ListItem","position":1,"name":"Home","item":"https:\/\/franciscanos.org.br\/noticias"},{"@type":"ListItem","position":2,"name":"O que se espera de um Papa com esse nome?"}]},{"@type":"Person","@id":"https:\/\/franciscanos.org.br\/noticias\/#\/schema\/person\/b38fbf43118f02820bd932f2e4b14ad3","name":"admin","image":{"@type":"ImageObject","inLanguage":"pt-BR","@id":"https:\/\/franciscanos.org.br\/noticias\/#\/schema\/person\/image\/","url":"https:\/\/secure.gravatar.com\/avatar\/e8495742d34d0ba6448ea1c628263b3e?s=96&d=mm&r=g","contentUrl":"https:\/\/secure.gravatar.com\/avatar\/e8495742d34d0ba6448ea1c628263b3e?s=96&d=mm&r=g","caption":"admin"},"url":"https:\/\/franciscanos.org.br\/noticias\/author\/admin"}]}},"_links":{"self":[{"href":"https:\/\/franciscanos.org.br\/noticias\/wp-json\/wp\/v2\/posts\/34005"}],"collection":[{"href":"https:\/\/franciscanos.org.br\/noticias\/wp-json\/wp\/v2\/posts"}],"about":[{"href":"https:\/\/franciscanos.org.br\/noticias\/wp-json\/wp\/v2\/types\/post"}],"author":[{"embeddable":true,"href":"https:\/\/franciscanos.org.br\/noticias\/wp-json\/wp\/v2\/users\/1"}],"replies":[{"embeddable":true,"href":"https:\/\/franciscanos.org.br\/noticias\/wp-json\/wp\/v2\/comments?post=34005"}],"version-history":[{"count":1,"href":"https:\/\/franciscanos.org.br\/noticias\/wp-json\/wp\/v2\/posts\/34005\/revisions"}],"predecessor-version":[{"id":226394,"href":"https:\/\/franciscanos.org.br\/noticias\/wp-json\/wp\/v2\/posts\/34005\/revisions\/226394"}],"wp:featuredmedia":[{"embeddable":true,"href":"https:\/\/franciscanos.org.br\/noticias\/wp-json\/wp\/v2\/media\/216580"}],"wp:attachment":[{"href":"https:\/\/franciscanos.org.br\/noticias\/wp-json\/wp\/v2\/media?parent=34005"}],"wp:term":[{"taxonomy":"category","embeddable":true,"href":"https:\/\/franciscanos.org.br\/noticias\/wp-json\/wp\/v2\/categories?post=34005"},{"taxonomy":"post_tag","embeddable":true,"href":"https:\/\/franciscanos.org.br\/noticias\/wp-json\/wp\/v2\/tags?post=34005"}],"curies":[{"name":"wp","href":"https:\/\/api.w.org\/{rel}","templated":true}]}}