{"id":33941,"date":"2013-03-13T16:46:38","date_gmt":"2013-03-13T19:46:38","guid":{"rendered":"http:\/\/new.franciscanos.org.br\/?p=33941"},"modified":"2020-06-11T17:28:10","modified_gmt":"2020-06-11T20:28:10","slug":"argentino-e-eleito-o-novo-papa","status":"publish","type":"post","link":"https:\/\/franciscanos.org.br\/noticias\/argentino-e-eleito-o-novo-papa.html","title":{"rendered":"Cardeal argentino \u00e9 eleito o novo Papa"},"content":{"rendered":"<h4><em>&#8220;Annuntio vobis gaudium magnum: habemus Papam!\u201d<\/em><\/h4>\n<p>O Cardeal Arcebispo de Buenos Aires, Jorge Mario Bergoglio, 76 anos, \u00e9 o 265\u00b0 sucessor de Pedro, assumindo o nome de Francisco I. Foi eleito no quinto escrut\u00ednio no segundo dia do Conclave. Ele \u00e9 o primeiro papa latino-americano da hist\u00f3ria. \u00c9 tamb\u00e9m a primeira vez que o cargo \u00e9 entregue a um membro da Companhia de Jesus.<\/p>\n<p>\u00c0s 20h12 do dia 13 de mar\u00e7o de 2013, o protodi\u00e1cono Jean-Louis Tauran proclamou a famosa f\u00f3rmula do<em> Habemus Papam<\/em>, no balc\u00e3o Central da Bas\u00edlica de S\u00e3o Pedro. \u00c0s 20h23, o rec\u00e9m-eleito apareceu para a multid\u00e3o na pra\u00e7a S\u00e3o Pedro.<\/p>\n<p>Frei Gustavo Medella, coordenador da Frente de Evangeliza\u00e7\u00e3o da Comunica\u00e7\u00e3o desta Prov\u00edncia da Imaculada, revelou que v\u00ea com muita esperan\u00e7a a elei\u00e7\u00e3o do cardeal Bergoglio como o papa Francisco, e enumera as raz\u00f5es que o levam a nutrir em seu cora\u00e7\u00e3o esta postura:<\/p>\n<p>1)<strong> A Escolha do nome<\/strong>. Como franciscano fiquei exultante. Vejo no Pai Francisco a esperan\u00e7a e o apelo que o Senhor fez ao Santo de Assis: Francisco, vai e restaura minha casa!. Muito significativa a refer\u00eancia feita insistentemente pelo novo Papa na tem\u00e1tica da fraternidade, elemento central da Espiritualidade Franciscana. Em seu breve discurso, o Papa Francisco falou do sonho da grande fraternidade apoiada no amor, no respeito e na paz. E tamb\u00e9m deu \u00eanfase ao trabalho conjunto de condu\u00e7\u00e3o da Igreja, de coopera\u00e7\u00e3o entre os bispos e o povo.<\/p>\n<p>2) <strong>O fato de dar \u00eanfase a seu minist\u00e9rio como Bispo de Roma<\/strong>. Vi com muita simpatia esta coloca\u00e7\u00e3o. Parece estar sinalizando para uma condu\u00e7\u00e3o da Igreja mais pautada nas peculiaridades das igrejas particulares sem, no entanto, que se perca a Comunh\u00e3o com a Igreja de Roma, que tem o encargo de presidir a Igreja Universal na Caridade.<\/p>\n<p>3) <strong>O emocionante gesto de se recomendar \u00e0s ora\u00e7\u00f5es do povo<\/strong>. Fiquei de fato muito comovido quando o Papa, antes de conceder ao povo a b\u00ean\u00e7\u00e3o <em>Urbi et Orbi<\/em>, pediu \u00e0 multid\u00e3o presente na Pra\u00e7a de S\u00e3o Pedro que orasse por ele. Humildemente, Francisco abaixou a cabe\u00e7a e recebeu com docilidade e rever\u00eancia as preces daquele povo. Esta \u00e9 a Igreja sonhada por Jesus, da participa\u00e7\u00e3o efetiva do povo na miss\u00e3o confiada por Cristo. Muito obrigado, Papa Francisco, seja bem-vindo! O mundo espera muito de seu Minist\u00e9rio!<\/p>\n<p><strong><a href=\"http:\/\/franciscanos.org.br\/wp-content\/uploads\/2013\/03\/praca.jpg\"><img loading=\"lazy\" class=\"alignright size-full wp-image-33971\" title=\"praca\" src=\"http:\/\/franciscanos.org.br\/wp-content\/uploads\/2013\/03\/praca.jpg\" alt=\"\" width=\"400\" height=\"266\" \/><\/a>Simpatia nas primeiras palavras<\/strong><\/p>\n<p>No primeiro discurso ap\u00f3s ser escolhido papa, o novo Papa brincou e disse que os cardeais que o elegeram pont\u00edfice o buscaram &#8220;quase no fim do mundo&#8221;, em refer\u00eancia ao seu pa\u00eds de origem.<\/p>\n<p>&#8220;Nos reunimos para escolher o novo papa. Me parece que meus irm\u00e3os cardeais foram busc\u00e1-lo [o novo papa] quase no fim do mundo. Mas aqui estamos.&#8221;<\/p>\n<p>Ap\u00f3s a brincadeira, o papa &#8220;agradeceu muito a comunidade diocesana de Roma pela acolhida&#8221; e fez uma ora\u00e7\u00e3o ao antecessor. &#8220;Antes de mais nada, gostaria de fazer uma ora\u00e7\u00e3o pelo nosso bispo em\u00e9rito Bento 16.&#8221;<\/p>\n<p>Depois da ora\u00e7\u00e3o, o sumo pont\u00edfice pediu &#8220;paz e unidade \u00e0 Igreja em todo o mundo&#8221; e pediu que a humanidade siga o &#8220;caminho da fraternidade&#8221;. &#8220;Vamos sempre orar uns pelos outros. Vamos sempre orar com o mundo todo, pra que sempre haja bastante fraternidade.&#8221;<\/p>\n<p>Em seguida, pediu aos fi\u00e9is que orem por ele e aben\u00e7oou os crist\u00e3os com a ora\u00e7\u00e3o &#8220;De Roma para o mundo&#8221;.<\/p>\n<p><a href=\"http:\/\/franciscanos.org.br\/wp-content\/uploads\/2013\/03\/fumaca.jpg\"><img loading=\"lazy\" title=\"fumaca\" src=\"http:\/\/franciscanos.org.br\/wp-content\/uploads\/2013\/03\/fumaca.jpg\" alt=\"\" width=\"830\" height=\"516\" \/><\/a><\/p>\n<p><strong>Biografia<\/strong><\/p>\n<p>O novo pont\u00edfice \u00e9 o Cardeal Jorge Mario Bergoglio, \u00a0que nasceu em Buenos Aires, na Argentina, em 17 de dezembro de 1936. \u00c9 Ordin\u00e1rio para os fi\u00e9is de rito oriental residentes na Argentina e sem Ordin\u00e1rio do rito pr\u00f3prio.<\/p>\n<p>O Papa jesu\u00edta se formou como t\u00e9cnico qu\u00edmico, mas depois escolheu o caminho do sacerd\u00f3cio e entrou para o semin\u00e1rio de Villa Devoto. Em 11 de mar\u00e7o de 1958, passou para o noviciado da Companhia de Jesus. Completou os estudos humanistas no Chile e em 1963, voltou para Buenos Aires e se formou em filosofia na Faculdade de Filosofia do Col\u00e9gio m\u00e1ximo San Jos\u00e9, de S\u00e3o Miguel.<\/p>\n<p>De 1964 a 1965, ensinou literatura e psicologia no Col\u00e9gio da Imaculada de Santa F\u00e9 e, em 1966, ensinou essas mesmas mat\u00e9rias no Col\u00e9gio do Salvador, em Buenos Aires.\u00a0De 1967 a 1970, estudou teologia na Faculdade de Teologia do Col\u00e9gio m\u00e1ximo San Jos\u00e9, de S\u00e3o Miguel, onde se formou.<\/p>\n<p>Em 13 de dezembro de 1969 foi ordenado sacerdote. \u00a0Em 1970-1971, completou a terceira aprova\u00e7\u00e3o em Alcal\u00e1 de Henares (Espanha), e em 22 de abril de 1973 fez a profiss\u00e3o perp\u00e9tua.<\/p>\n<p>Foi mestre de novi\u00e7os em Villa Barilari, San Miguel (1972-1973), professor na Faculdade de Teologia, Consultor da Prov\u00edncia e Reitor do Col\u00e9gio m\u00e1ximo. Em 31 de julho de 1973, foi eleito provincial da Argentina, cargo que desempenhou por seis anos.<\/p>\n<p>De 1980 a 1986, foi reitor do Col\u00e9gio m\u00e1ximo e das Faculdades de Filosofia e Teologia dessa mesma Casa e p\u00e1roco da Par\u00f3quia de S\u00e3o Jos\u00e9, na Diocese de San Miguel.<\/p>\n<p>Em mar\u00e7o de 1986, viajou para a Alemanha para completar sua tese de doutorado. Foi enviado pelos seus superiores ao Col\u00e9gio do Salvador e passou para a igreja da Companhia na cidade de C\u00f3rdoba, como diretor espiritual e confessor.<\/p>\n<p>Em 20 de maio de 1992, Jo\u00e3o Paulo II o nomeou Bispo titular de Auca e Auxiliar de Buenos Aires. Em 27 de junho do mesmo ano, recebeu na catedral de Buenos Aires a ordena\u00e7\u00e3o episcopal das m\u00e3os do Cardeal Antonio Quarracino, do N\u00fancio Apost\u00f3lico Dom Ubaldo Calabresi e do Bispo de Mercedes-Luj\u00e1n, Dom Emilio Og\u00f1\u00e9novich.<\/p>\n<p>Em 3 de junho de 1997 foi nomeado Arcebispo Coadjutor de Buenos Aires e em 28 de fevereiro de 1998 Arcebispo de Buenos Aires por sucess\u00e3o \u00e0 morte do Card. Quarracino.\u00a0\u00c9 autor dos livros: \u00abMeditaciones para religiosos\u00bb del 1982, \u00abReflexiones sobre la vida apost\u00f3lica\u00bb del 1986 e \u00abReflexiones de esperanza\u00bb del 1992.<\/p>\n<p>\u00c9 Ordin\u00e1rio para os fi\u00e9is de rito oriental residentes na Argentina que n\u00e3o podem contar com um Ordin\u00e1rio de seu rito. Gr\u00e3o-Chanceler da Universidade Cat\u00f3lica Argentina.<\/p>\n<p>Relator-Geral adjunto da 10\u00aa Assembleia Geral Ordin\u00e1ria do S\u00ednodo dos Bispos (outubro de 2001).<\/p>\n<p>De novembro de 2005 a novembro de 2011 foi Presidente da Confer\u00eancia Episcopal Argentina.<\/p>\n<p>Foi criado Cardeal pelo Beato Jo\u00e3o Paulo II no Consist\u00f3rio de 21 de fevereiro de 2001, titular da Igreja de S\u00e3o Roberto Bellarmino.<\/p>\n<p>\u00c9 Membro:\u00a0das Congrega\u00e7\u00f5es: para o Culto Divino e a Disciplina dos Sacramentos; para o Clero; para os Institutos de vida consagrada e as Sociedades de vida apost\u00f3lica; \u00a0do Pontif\u00edcio Conselho para a Fam\u00edlia:\u00a0da Pontif\u00edcia Comiss\u00e3o para a Am\u00e9rica Latina.<\/p>\n<p>Bergoglio enfatiza a humildade em sua vida pessoal, cozinhando sua pr\u00f3pria comida, indo de \u00f4nibus para o trabalho em Buenos Aires. E uma de suas atitudes mais famosas espelha uma a\u00e7\u00e3o lend\u00e1ria de s\u00e3o Francisco de Assis.<\/p>\n<p>Assim como o santo italiano da Idade M\u00e9dia cuidava dos leprosos e n\u00e3o tinha medo de beij\u00e1-los, Bergoglio ficou conhecido, em 2001, por lavar e beijar os p\u00e9s de 12 pacientes com Aids que visitou no hospital.<\/p>\n<p><strong>Repercuss\u00e3o<\/strong><\/p>\n<p>O secret\u00e1rio-geral da Confer\u00eancia Nacional dos Bispos do Brasil (CNBB), <strong>Dom Leonardo Steiner<\/strong>, afirmou nesta quarta-feira (13) que foi surpreendido com a elei\u00e7\u00e3o de um Papa latino-americano. Steiner deu entrevista ap\u00f3s o an\u00fancio do Vaticano de que o novo Papa \u00e9 o argentino Jorge Mario Bergoglio, arcebispo de Buenos Aires.<br \/>\n\u201c\u00c9 um momento de muita alegria para todos n\u00f3s [&#8230;]. Fomos surpreendidos com a elei\u00e7\u00e3o de um latino-americano. Creio que at\u00e9 ficamos emocionados de recebermos uma not\u00edcia t\u00e3o bonita\u201d, afirmou D. Leonardo \u00e0 imprensa na sede da CNBB em Bras\u00edlia.<\/p>\n<p><strong>Frei Vit\u00f3rio Mazzuco<\/strong>, professor do Instituto Teol\u00f3gico Franciscano, deu o seguinte depoimento: &#8220;FRANCISCO I&#8230; Primeiro Papa Jesu\u00edta, primeiro a reverenciar o nome do pequeno Grande, Mendicante de Sentidos da cidade de Assis, o nosso querido, simples e simp\u00e1tico S\u00e3o Francisco de Assis; primeiro Papa latino americano&#8230; Que a convoca\u00e7\u00e3o \u00a0franciscana o inspire: &#8220;Francisco, vai! Reconstr\u00f3i a minha Casa!&#8221;. Sua fala simples e serena propondo hospitalidade, fraternidade, sil\u00eancio e ora\u00e7\u00e3o&#8230;s\u00e3o reveladoras. Rezar o Pai Nosso na l\u00edngua da cidade em que ele \u00e9 Bispo, Roma, tamb\u00e9m foi um gesto de apre\u00e7o e de religiosidade popular. Estou surpreso, e mais do que isto, esperan\u00e7oso! Que ele tenha uma miss\u00e3o na Paz e no Bem!&#8221;<\/p>\n","protected":false},"excerpt":{"rendered":"<p>Habemos Papam<\/p>\n","protected":false},"author":1,"featured_media":216574,"comment_status":"closed","ping_status":"open","sticky":false,"template":"","format":"standard","meta":[],"categories":[1428],"tags":[55],"acf":[],"yoast_head":"<!-- This site is optimized with the Yoast SEO plugin v19.2 - https:\/\/yoast.com\/wordpress\/plugins\/seo\/ -->\n<title>Cardeal argentino \u00e9 eleito o novo Papa - Not\u00edcias - Franciscanos<\/title>\n<meta name=\"robots\" content=\"index, follow, max-snippet:-1, max-image-preview:large, max-video-preview:-1\" \/>\n<link rel=\"canonical\" href=\"https:\/\/franciscanos.org.br\/noticias\/argentino-e-eleito-o-novo-papa.html\" \/>\n<meta property=\"og:locale\" content=\"pt_BR\" \/>\n<meta property=\"og:type\" content=\"article\" \/>\n<meta property=\"og:title\" content=\"Cardeal argentino \u00e9 eleito o novo Papa - Not\u00edcias - Franciscanos\" \/>\n<meta property=\"og:description\" content=\"Habemos Papam\" \/>\n<meta property=\"og:url\" content=\"https:\/\/franciscanos.org.br\/noticias\/argentino-e-eleito-o-novo-papa.html\" \/>\n<meta property=\"og:site_name\" content=\"Not\u00edcias - Franciscanos\" \/>\n<meta property=\"article:published_time\" content=\"2013-03-13T19:46:38+00:00\" \/>\n<meta property=\"article:modified_time\" content=\"2020-06-11T20:28:10+00:00\" \/>\n<meta property=\"og:image\" content=\"https:\/\/franciscanos.org.br\/noticias\/wp-content\/uploads\/2013\/03\/fumaca.jpg\" \/>\n\t<meta property=\"og:image:width\" content=\"273\" \/>\n\t<meta property=\"og:image:height\" content=\"181\" \/>\n\t<meta property=\"og:image:type\" content=\"image\/jpeg\" \/>\n<meta name=\"author\" content=\"admin\" \/>\n<meta name=\"twitter:card\" content=\"summary_large_image\" \/>\n<meta name=\"twitter:label1\" content=\"Escrito por\" \/>\n\t<meta name=\"twitter:data1\" content=\"admin\" \/>\n\t<meta name=\"twitter:label2\" content=\"Est. tempo de leitura\" \/>\n\t<meta name=\"twitter:data2\" content=\"7 minutos\" \/>\n<script type=\"application\/ld+json\" class=\"yoast-schema-graph\">{\"@context\":\"https:\/\/schema.org\",\"@graph\":[{\"@type\":\"WebSite\",\"@id\":\"https:\/\/franciscanos.org.br\/noticias\/#website\",\"url\":\"https:\/\/franciscanos.org.br\/noticias\/\",\"name\":\"Not\u00edcias - Franciscanos\",\"description\":\"Prov\u00edncia Franciscana da Imaculada Concei\u00e7\u00e3o do Brasil - Ordem dos Frades Menores - OFM\",\"potentialAction\":[{\"@type\":\"SearchAction\",\"target\":{\"@type\":\"EntryPoint\",\"urlTemplate\":\"https:\/\/franciscanos.org.br\/noticias\/?s={search_term_string}\"},\"query-input\":\"required name=search_term_string\"}],\"inLanguage\":\"pt-BR\"},{\"@type\":\"ImageObject\",\"inLanguage\":\"pt-BR\",\"@id\":\"https:\/\/franciscanos.org.br\/noticias\/argentino-e-eleito-o-novo-papa.html#primaryimage\",\"url\":\"https:\/\/franciscanos.org.br\/noticias\/wp-content\/uploads\/2013\/03\/fumaca.jpg\",\"contentUrl\":\"https:\/\/franciscanos.org.br\/noticias\/wp-content\/uploads\/2013\/03\/fumaca.jpg\",\"width\":273,\"height\":181},{\"@type\":\"WebPage\",\"@id\":\"https:\/\/franciscanos.org.br\/noticias\/argentino-e-eleito-o-novo-papa.html#webpage\",\"url\":\"https:\/\/franciscanos.org.br\/noticias\/argentino-e-eleito-o-novo-papa.html\",\"name\":\"Cardeal argentino \u00e9 eleito o novo Papa - Not\u00edcias - Franciscanos\",\"isPartOf\":{\"@id\":\"https:\/\/franciscanos.org.br\/noticias\/#website\"},\"primaryImageOfPage\":{\"@id\":\"https:\/\/franciscanos.org.br\/noticias\/argentino-e-eleito-o-novo-papa.html#primaryimage\"},\"datePublished\":\"2013-03-13T19:46:38+00:00\",\"dateModified\":\"2020-06-11T20:28:10+00:00\",\"author\":{\"@id\":\"https:\/\/franciscanos.org.br\/noticias\/#\/schema\/person\/b38fbf43118f02820bd932f2e4b14ad3\"},\"breadcrumb\":{\"@id\":\"https:\/\/franciscanos.org.br\/noticias\/argentino-e-eleito-o-novo-papa.html#breadcrumb\"},\"inLanguage\":\"pt-BR\",\"potentialAction\":[{\"@type\":\"ReadAction\",\"target\":[\"https:\/\/franciscanos.org.br\/noticias\/argentino-e-eleito-o-novo-papa.html\"]}]},{\"@type\":\"BreadcrumbList\",\"@id\":\"https:\/\/franciscanos.org.br\/noticias\/argentino-e-eleito-o-novo-papa.html#breadcrumb\",\"itemListElement\":[{\"@type\":\"ListItem\",\"position\":1,\"name\":\"Home\",\"item\":\"https:\/\/franciscanos.org.br\/noticias\"},{\"@type\":\"ListItem\",\"position\":2,\"name\":\"Cardeal argentino \u00e9 eleito o novo Papa\"}]},{\"@type\":\"Person\",\"@id\":\"https:\/\/franciscanos.org.br\/noticias\/#\/schema\/person\/b38fbf43118f02820bd932f2e4b14ad3\",\"name\":\"admin\",\"image\":{\"@type\":\"ImageObject\",\"inLanguage\":\"pt-BR\",\"@id\":\"https:\/\/franciscanos.org.br\/noticias\/#\/schema\/person\/image\/\",\"url\":\"https:\/\/secure.gravatar.com\/avatar\/e8495742d34d0ba6448ea1c628263b3e?s=96&d=mm&r=g\",\"contentUrl\":\"https:\/\/secure.gravatar.com\/avatar\/e8495742d34d0ba6448ea1c628263b3e?s=96&d=mm&r=g\",\"caption\":\"admin\"},\"url\":\"https:\/\/franciscanos.org.br\/noticias\/author\/admin\"}]}<\/script>\n<!-- \/ Yoast SEO plugin. -->","yoast_head_json":{"title":"Cardeal argentino \u00e9 eleito o novo Papa - Not\u00edcias - Franciscanos","robots":{"index":"index","follow":"follow","max-snippet":"max-snippet:-1","max-image-preview":"max-image-preview:large","max-video-preview":"max-video-preview:-1"},"canonical":"https:\/\/franciscanos.org.br\/noticias\/argentino-e-eleito-o-novo-papa.html","og_locale":"pt_BR","og_type":"article","og_title":"Cardeal argentino \u00e9 eleito o novo Papa - Not\u00edcias - Franciscanos","og_description":"Habemos Papam","og_url":"https:\/\/franciscanos.org.br\/noticias\/argentino-e-eleito-o-novo-papa.html","og_site_name":"Not\u00edcias - Franciscanos","article_published_time":"2013-03-13T19:46:38+00:00","article_modified_time":"2020-06-11T20:28:10+00:00","og_image":[{"width":273,"height":181,"url":"https:\/\/franciscanos.org.br\/noticias\/wp-content\/uploads\/2013\/03\/fumaca.jpg","type":"image\/jpeg"}],"author":"admin","twitter_card":"summary_large_image","twitter_misc":{"Escrito por":"admin","Est. tempo de leitura":"7 minutos"},"schema":{"@context":"https:\/\/schema.org","@graph":[{"@type":"WebSite","@id":"https:\/\/franciscanos.org.br\/noticias\/#website","url":"https:\/\/franciscanos.org.br\/noticias\/","name":"Not\u00edcias - Franciscanos","description":"Prov\u00edncia Franciscana da Imaculada Concei\u00e7\u00e3o do Brasil - Ordem dos Frades Menores - OFM","potentialAction":[{"@type":"SearchAction","target":{"@type":"EntryPoint","urlTemplate":"https:\/\/franciscanos.org.br\/noticias\/?s={search_term_string}"},"query-input":"required name=search_term_string"}],"inLanguage":"pt-BR"},{"@type":"ImageObject","inLanguage":"pt-BR","@id":"https:\/\/franciscanos.org.br\/noticias\/argentino-e-eleito-o-novo-papa.html#primaryimage","url":"https:\/\/franciscanos.org.br\/noticias\/wp-content\/uploads\/2013\/03\/fumaca.jpg","contentUrl":"https:\/\/franciscanos.org.br\/noticias\/wp-content\/uploads\/2013\/03\/fumaca.jpg","width":273,"height":181},{"@type":"WebPage","@id":"https:\/\/franciscanos.org.br\/noticias\/argentino-e-eleito-o-novo-papa.html#webpage","url":"https:\/\/franciscanos.org.br\/noticias\/argentino-e-eleito-o-novo-papa.html","name":"Cardeal argentino \u00e9 eleito o novo Papa - Not\u00edcias - Franciscanos","isPartOf":{"@id":"https:\/\/franciscanos.org.br\/noticias\/#website"},"primaryImageOfPage":{"@id":"https:\/\/franciscanos.org.br\/noticias\/argentino-e-eleito-o-novo-papa.html#primaryimage"},"datePublished":"2013-03-13T19:46:38+00:00","dateModified":"2020-06-11T20:28:10+00:00","author":{"@id":"https:\/\/franciscanos.org.br\/noticias\/#\/schema\/person\/b38fbf43118f02820bd932f2e4b14ad3"},"breadcrumb":{"@id":"https:\/\/franciscanos.org.br\/noticias\/argentino-e-eleito-o-novo-papa.html#breadcrumb"},"inLanguage":"pt-BR","potentialAction":[{"@type":"ReadAction","target":["https:\/\/franciscanos.org.br\/noticias\/argentino-e-eleito-o-novo-papa.html"]}]},{"@type":"BreadcrumbList","@id":"https:\/\/franciscanos.org.br\/noticias\/argentino-e-eleito-o-novo-papa.html#breadcrumb","itemListElement":[{"@type":"ListItem","position":1,"name":"Home","item":"https:\/\/franciscanos.org.br\/noticias"},{"@type":"ListItem","position":2,"name":"Cardeal argentino \u00e9 eleito o novo Papa"}]},{"@type":"Person","@id":"https:\/\/franciscanos.org.br\/noticias\/#\/schema\/person\/b38fbf43118f02820bd932f2e4b14ad3","name":"admin","image":{"@type":"ImageObject","inLanguage":"pt-BR","@id":"https:\/\/franciscanos.org.br\/noticias\/#\/schema\/person\/image\/","url":"https:\/\/secure.gravatar.com\/avatar\/e8495742d34d0ba6448ea1c628263b3e?s=96&d=mm&r=g","contentUrl":"https:\/\/secure.gravatar.com\/avatar\/e8495742d34d0ba6448ea1c628263b3e?s=96&d=mm&r=g","caption":"admin"},"url":"https:\/\/franciscanos.org.br\/noticias\/author\/admin"}]}},"_links":{"self":[{"href":"https:\/\/franciscanos.org.br\/noticias\/wp-json\/wp\/v2\/posts\/33941"}],"collection":[{"href":"https:\/\/franciscanos.org.br\/noticias\/wp-json\/wp\/v2\/posts"}],"about":[{"href":"https:\/\/franciscanos.org.br\/noticias\/wp-json\/wp\/v2\/types\/post"}],"author":[{"embeddable":true,"href":"https:\/\/franciscanos.org.br\/noticias\/wp-json\/wp\/v2\/users\/1"}],"replies":[{"embeddable":true,"href":"https:\/\/franciscanos.org.br\/noticias\/wp-json\/wp\/v2\/comments?post=33941"}],"version-history":[{"count":1,"href":"https:\/\/franciscanos.org.br\/noticias\/wp-json\/wp\/v2\/posts\/33941\/revisions"}],"predecessor-version":[{"id":226396,"href":"https:\/\/franciscanos.org.br\/noticias\/wp-json\/wp\/v2\/posts\/33941\/revisions\/226396"}],"wp:featuredmedia":[{"embeddable":true,"href":"https:\/\/franciscanos.org.br\/noticias\/wp-json\/wp\/v2\/media\/216574"}],"wp:attachment":[{"href":"https:\/\/franciscanos.org.br\/noticias\/wp-json\/wp\/v2\/media?parent=33941"}],"wp:term":[{"taxonomy":"category","embeddable":true,"href":"https:\/\/franciscanos.org.br\/noticias\/wp-json\/wp\/v2\/categories?post=33941"},{"taxonomy":"post_tag","embeddable":true,"href":"https:\/\/franciscanos.org.br\/noticias\/wp-json\/wp\/v2\/tags?post=33941"}],"curies":[{"name":"wp","href":"https:\/\/api.w.org\/{rel}","templated":true}]}}