{"id":33873,"date":"2013-03-11T10:51:17","date_gmt":"2013-03-11T13:51:17","guid":{"rendered":"http:\/\/new.franciscanos.org.br\/?p=33873"},"modified":"2021-07-05T20:05:40","modified_gmt":"2021-07-05T23:05:40","slug":"novo-cd-para-o-tempo-da-pascoa","status":"publish","type":"post","link":"https:\/\/franciscanos.org.br\/noticias\/novo-cd-para-o-tempo-da-pascoa.html","title":{"rendered":"Novo CD para o tempo da P\u00e1scoa"},"content":{"rendered":"<p style=\"text-align: left;\" align=\"center\"><a href=\"http:\/\/franciscanos.org.br\/wp-content\/uploads\/2013\/03\/canarinhos.jpg\"><img loading=\"lazy\" class=\"alignright size-full wp-image-33874\" title=\"canarinhos\" src=\"http:\/\/franciscanos.org.br\/wp-content\/uploads\/2013\/03\/canarinhos.jpg\" alt=\"\" width=\"400\" height=\"267\" \/><\/a>A P\u00e1scoa, que marca a ressurrei\u00e7\u00e3o de Jesus Cristo, est\u00e1 chegando. As festas, realizadas pelos crist\u00e3os, s\u00e3o uma boa oportunidade para se lembrar do verdadeiro esp\u00edrito da comemora\u00e7\u00e3o. Neste sentido, para fugir dos tradicionais ovos e chocolates, apostar na m\u00fasica \u00e9 uma \u00f3tima alternativa. No CD \u201cReflexos do Brasil\u201d, lan\u00e7ado recentemente pelos Canarinhos de Petr\u00f3polis, o momento \u00e9 lembrado com diversas refer\u00eancias \u00e0 P\u00e1scoa.<\/p>\n<p>Composto por m\u00fasicas sacras brasileiras, todas contempor\u00e2neas, o mais novo trabalho do coro apresenta uma linguagem moderna, marcada por um choque harm\u00f4nico, vanguardista, com disson\u00e2ncias. \u201cA grande diferen\u00e7a de um trabalho musical contempor\u00e2neo \u00e9 a perda de parte de sua base harm\u00f4nica. Isso pode causar um certo estranhamento para quem n\u00e3o est\u00e1 acostumado a este tipo de m\u00fasica\u201d, explica o maestro Marco Aur\u00e9lio Lischt, regente do coral, afirmando que o repert\u00f3rio \u00e9 in\u00e9dito. \u201cNenhum coro de meninos do mundo trabalha este tipo de repert\u00f3rio, por causa da sua dificuldade. S\u00f3 os profissionais ousam faz\u00ea-lo\u201d, destacou.<\/p>\n<p>Para ele, o grande desafio do CD \u201cReflexos do Brasil\u201d \u00e9 provocar a sociedade, que est\u00e1 confort\u00e1vel em sua rotina, a ter um ouvido diferente: \u201cA linguagem da m\u00fasica moderna, assim como da arte moderna, n\u00e3o est\u00e1 no dia a dia das pessoas. No decorrer do s\u00e9culo XX, houve um afastamento entre a arte contempor\u00e2nea e a vida cotidiana. No caso da m\u00fasica, ela se tornou mais intelectualizada\u201d, explicou.<\/p>\n<p>Dentro deste repert\u00f3rio inovador est\u00e3o presentes refer\u00eancias \u00e0 Paix\u00e3o, Morte e Ressurrei\u00e7\u00e3o de Cristo. Na primeira faixa (<em>\u201cJerusalem quae aedificatur\u201d<\/em>), o coro cita a Quaresma, com o texto do Salmo 121, 3 e 4, para o Domingo Laetare &#8211; \u201cJerusal\u00e9m, cidade t\u00e3o bem edificada, que forma um t\u00e3o belo conjunto!\u201d.<\/p>\n<p>As duas faixas seguintes falam sobre a Paix\u00e3o de Cristo: na segunda (<em>\u201cPopule meus\u201d<\/em>), os meninos cantam os primeiros versos da <em>improperia<\/em>; na terceira (<em>\u201cAdoramus te Christe\u201d<\/em>), o tema \u00e9 o canto de adora\u00e7\u00e3o de Cristo na cruz.<\/p>\n<p>Na quarta m\u00fasica (<em>\u201cRegina Coeli\u201d<\/em>), encontramos a ora\u00e7\u00e3o feita pelos cat\u00f3licos durante o tempo Pascal, com o verso \u201cRainha do c\u00e9u, alegra-te&#8230; ressuscitou como disse&#8230;\u201d, em refer\u00eancia \u00e0 ressurrei\u00e7\u00e3o. A \u00faltima obra pascal do CD <em>(\u201cMitte manum tuam\u201d<\/em>) \u00e9 baseada no texto do Evangelho de Jo\u00e3o, (20, 27) para o segundo Domingo da P\u00e1scoa, fazendo refer\u00eancia a S\u00e3o Tom\u00e9, que dizia n\u00e3o acreditar na ressurrei\u00e7\u00e3o at\u00e9 que Jesus Cristo aparece para ele.<\/p>\n<p>\u201cA P\u00e1scoa, assim como o Natal, \u00e9 um momento de alegria. A quaresma \u00e9 um per\u00edodo de reflex\u00e3o e a m\u00fasica contribui para este momento de introspec\u00e7\u00e3o\u201d, afirma Lischt.<\/p>\n<p>O CD custa R$25 e est\u00e1 \u00e0 venda no site: <a href=\"http:\/\/www.canarinhos.com.br\" target=\"_blank\" rel=\"noopener noreferrer\">www.canarinhos.com.br<\/a>. Mais informa\u00e7\u00f5es tamb\u00e9m podem ser adquiridas pelo telefone: (24) 2104-4141.<\/p>\n","protected":false},"excerpt":{"rendered":"<p>Canarinhos de Petr\u00f3polis<\/p>\n","protected":false},"author":1,"featured_media":216564,"comment_status":"closed","ping_status":"open","sticky":false,"template":"","format":"standard","meta":[],"categories":[1],"tags":[1378],"acf":[],"yoast_head":"<!-- This site is optimized with the Yoast SEO plugin v19.2 - https:\/\/yoast.com\/wordpress\/plugins\/seo\/ -->\n<title>Novo CD para o tempo da P\u00e1scoa - Not\u00edcias - Franciscanos<\/title>\n<meta name=\"robots\" content=\"index, follow, max-snippet:-1, max-image-preview:large, max-video-preview:-1\" \/>\n<link rel=\"canonical\" href=\"https:\/\/franciscanos.org.br\/noticias\/novo-cd-para-o-tempo-da-pascoa.html\" \/>\n<meta property=\"og:locale\" content=\"pt_BR\" \/>\n<meta property=\"og:type\" content=\"article\" \/>\n<meta property=\"og:title\" content=\"Novo CD para o tempo da P\u00e1scoa - Not\u00edcias - Franciscanos\" \/>\n<meta property=\"og:description\" content=\"Canarinhos de Petr\u00f3polis\" \/>\n<meta property=\"og:url\" content=\"https:\/\/franciscanos.org.br\/noticias\/novo-cd-para-o-tempo-da-pascoa.html\" \/>\n<meta property=\"og:site_name\" content=\"Not\u00edcias - Franciscanos\" \/>\n<meta property=\"article:published_time\" content=\"2013-03-11T13:51:17+00:00\" \/>\n<meta property=\"article:modified_time\" content=\"2021-07-05T23:05:40+00:00\" \/>\n<meta property=\"og:image\" content=\"https:\/\/franciscanos.org.br\/noticias\/wp-content\/uploads\/2013\/03\/canarinhos.jpg\" \/>\n\t<meta property=\"og:image:width\" content=\"273\" \/>\n\t<meta property=\"og:image:height\" content=\"182\" \/>\n\t<meta property=\"og:image:type\" content=\"image\/jpeg\" \/>\n<meta name=\"author\" content=\"admin\" \/>\n<meta name=\"twitter:card\" content=\"summary_large_image\" \/>\n<meta name=\"twitter:label1\" content=\"Escrito por\" \/>\n\t<meta name=\"twitter:data1\" content=\"admin\" \/>\n\t<meta name=\"twitter:label2\" content=\"Est. tempo de leitura\" \/>\n\t<meta name=\"twitter:data2\" content=\"2 minutos\" \/>\n<script type=\"application\/ld+json\" class=\"yoast-schema-graph\">{\"@context\":\"https:\/\/schema.org\",\"@graph\":[{\"@type\":\"WebSite\",\"@id\":\"https:\/\/franciscanos.org.br\/noticias\/#website\",\"url\":\"https:\/\/franciscanos.org.br\/noticias\/\",\"name\":\"Not\u00edcias - Franciscanos\",\"description\":\"Prov\u00edncia Franciscana da Imaculada Concei\u00e7\u00e3o do Brasil - Ordem dos Frades Menores - OFM\",\"potentialAction\":[{\"@type\":\"SearchAction\",\"target\":{\"@type\":\"EntryPoint\",\"urlTemplate\":\"https:\/\/franciscanos.org.br\/noticias\/?s={search_term_string}\"},\"query-input\":\"required name=search_term_string\"}],\"inLanguage\":\"pt-BR\"},{\"@type\":\"ImageObject\",\"inLanguage\":\"pt-BR\",\"@id\":\"https:\/\/franciscanos.org.br\/noticias\/novo-cd-para-o-tempo-da-pascoa.html#primaryimage\",\"url\":\"https:\/\/franciscanos.org.br\/noticias\/wp-content\/uploads\/2013\/03\/canarinhos.jpg\",\"contentUrl\":\"https:\/\/franciscanos.org.br\/noticias\/wp-content\/uploads\/2013\/03\/canarinhos.jpg\",\"width\":273,\"height\":182},{\"@type\":\"WebPage\",\"@id\":\"https:\/\/franciscanos.org.br\/noticias\/novo-cd-para-o-tempo-da-pascoa.html#webpage\",\"url\":\"https:\/\/franciscanos.org.br\/noticias\/novo-cd-para-o-tempo-da-pascoa.html\",\"name\":\"Novo CD para o tempo da P\u00e1scoa - Not\u00edcias - Franciscanos\",\"isPartOf\":{\"@id\":\"https:\/\/franciscanos.org.br\/noticias\/#website\"},\"primaryImageOfPage\":{\"@id\":\"https:\/\/franciscanos.org.br\/noticias\/novo-cd-para-o-tempo-da-pascoa.html#primaryimage\"},\"datePublished\":\"2013-03-11T13:51:17+00:00\",\"dateModified\":\"2021-07-05T23:05:40+00:00\",\"author\":{\"@id\":\"https:\/\/franciscanos.org.br\/noticias\/#\/schema\/person\/b38fbf43118f02820bd932f2e4b14ad3\"},\"breadcrumb\":{\"@id\":\"https:\/\/franciscanos.org.br\/noticias\/novo-cd-para-o-tempo-da-pascoa.html#breadcrumb\"},\"inLanguage\":\"pt-BR\",\"potentialAction\":[{\"@type\":\"ReadAction\",\"target\":[\"https:\/\/franciscanos.org.br\/noticias\/novo-cd-para-o-tempo-da-pascoa.html\"]}]},{\"@type\":\"BreadcrumbList\",\"@id\":\"https:\/\/franciscanos.org.br\/noticias\/novo-cd-para-o-tempo-da-pascoa.html#breadcrumb\",\"itemListElement\":[{\"@type\":\"ListItem\",\"position\":1,\"name\":\"Home\",\"item\":\"https:\/\/franciscanos.org.br\/noticias\"},{\"@type\":\"ListItem\",\"position\":2,\"name\":\"Novo CD para o tempo da P\u00e1scoa\"}]},{\"@type\":\"Person\",\"@id\":\"https:\/\/franciscanos.org.br\/noticias\/#\/schema\/person\/b38fbf43118f02820bd932f2e4b14ad3\",\"name\":\"admin\",\"image\":{\"@type\":\"ImageObject\",\"inLanguage\":\"pt-BR\",\"@id\":\"https:\/\/franciscanos.org.br\/noticias\/#\/schema\/person\/image\/\",\"url\":\"https:\/\/secure.gravatar.com\/avatar\/e8495742d34d0ba6448ea1c628263b3e?s=96&d=mm&r=g\",\"contentUrl\":\"https:\/\/secure.gravatar.com\/avatar\/e8495742d34d0ba6448ea1c628263b3e?s=96&d=mm&r=g\",\"caption\":\"admin\"},\"url\":\"https:\/\/franciscanos.org.br\/noticias\/author\/admin\"}]}<\/script>\n<!-- \/ Yoast SEO plugin. -->","yoast_head_json":{"title":"Novo CD para o tempo da P\u00e1scoa - Not\u00edcias - Franciscanos","robots":{"index":"index","follow":"follow","max-snippet":"max-snippet:-1","max-image-preview":"max-image-preview:large","max-video-preview":"max-video-preview:-1"},"canonical":"https:\/\/franciscanos.org.br\/noticias\/novo-cd-para-o-tempo-da-pascoa.html","og_locale":"pt_BR","og_type":"article","og_title":"Novo CD para o tempo da P\u00e1scoa - Not\u00edcias - Franciscanos","og_description":"Canarinhos de Petr\u00f3polis","og_url":"https:\/\/franciscanos.org.br\/noticias\/novo-cd-para-o-tempo-da-pascoa.html","og_site_name":"Not\u00edcias - Franciscanos","article_published_time":"2013-03-11T13:51:17+00:00","article_modified_time":"2021-07-05T23:05:40+00:00","og_image":[{"width":273,"height":182,"url":"https:\/\/franciscanos.org.br\/noticias\/wp-content\/uploads\/2013\/03\/canarinhos.jpg","type":"image\/jpeg"}],"author":"admin","twitter_card":"summary_large_image","twitter_misc":{"Escrito por":"admin","Est. tempo de leitura":"2 minutos"},"schema":{"@context":"https:\/\/schema.org","@graph":[{"@type":"WebSite","@id":"https:\/\/franciscanos.org.br\/noticias\/#website","url":"https:\/\/franciscanos.org.br\/noticias\/","name":"Not\u00edcias - Franciscanos","description":"Prov\u00edncia Franciscana da Imaculada Concei\u00e7\u00e3o do Brasil - Ordem dos Frades Menores - OFM","potentialAction":[{"@type":"SearchAction","target":{"@type":"EntryPoint","urlTemplate":"https:\/\/franciscanos.org.br\/noticias\/?s={search_term_string}"},"query-input":"required name=search_term_string"}],"inLanguage":"pt-BR"},{"@type":"ImageObject","inLanguage":"pt-BR","@id":"https:\/\/franciscanos.org.br\/noticias\/novo-cd-para-o-tempo-da-pascoa.html#primaryimage","url":"https:\/\/franciscanos.org.br\/noticias\/wp-content\/uploads\/2013\/03\/canarinhos.jpg","contentUrl":"https:\/\/franciscanos.org.br\/noticias\/wp-content\/uploads\/2013\/03\/canarinhos.jpg","width":273,"height":182},{"@type":"WebPage","@id":"https:\/\/franciscanos.org.br\/noticias\/novo-cd-para-o-tempo-da-pascoa.html#webpage","url":"https:\/\/franciscanos.org.br\/noticias\/novo-cd-para-o-tempo-da-pascoa.html","name":"Novo CD para o tempo da P\u00e1scoa - Not\u00edcias - Franciscanos","isPartOf":{"@id":"https:\/\/franciscanos.org.br\/noticias\/#website"},"primaryImageOfPage":{"@id":"https:\/\/franciscanos.org.br\/noticias\/novo-cd-para-o-tempo-da-pascoa.html#primaryimage"},"datePublished":"2013-03-11T13:51:17+00:00","dateModified":"2021-07-05T23:05:40+00:00","author":{"@id":"https:\/\/franciscanos.org.br\/noticias\/#\/schema\/person\/b38fbf43118f02820bd932f2e4b14ad3"},"breadcrumb":{"@id":"https:\/\/franciscanos.org.br\/noticias\/novo-cd-para-o-tempo-da-pascoa.html#breadcrumb"},"inLanguage":"pt-BR","potentialAction":[{"@type":"ReadAction","target":["https:\/\/franciscanos.org.br\/noticias\/novo-cd-para-o-tempo-da-pascoa.html"]}]},{"@type":"BreadcrumbList","@id":"https:\/\/franciscanos.org.br\/noticias\/novo-cd-para-o-tempo-da-pascoa.html#breadcrumb","itemListElement":[{"@type":"ListItem","position":1,"name":"Home","item":"https:\/\/franciscanos.org.br\/noticias"},{"@type":"ListItem","position":2,"name":"Novo CD para o tempo da P\u00e1scoa"}]},{"@type":"Person","@id":"https:\/\/franciscanos.org.br\/noticias\/#\/schema\/person\/b38fbf43118f02820bd932f2e4b14ad3","name":"admin","image":{"@type":"ImageObject","inLanguage":"pt-BR","@id":"https:\/\/franciscanos.org.br\/noticias\/#\/schema\/person\/image\/","url":"https:\/\/secure.gravatar.com\/avatar\/e8495742d34d0ba6448ea1c628263b3e?s=96&d=mm&r=g","contentUrl":"https:\/\/secure.gravatar.com\/avatar\/e8495742d34d0ba6448ea1c628263b3e?s=96&d=mm&r=g","caption":"admin"},"url":"https:\/\/franciscanos.org.br\/noticias\/author\/admin"}]}},"_links":{"self":[{"href":"https:\/\/franciscanos.org.br\/noticias\/wp-json\/wp\/v2\/posts\/33873"}],"collection":[{"href":"https:\/\/franciscanos.org.br\/noticias\/wp-json\/wp\/v2\/posts"}],"about":[{"href":"https:\/\/franciscanos.org.br\/noticias\/wp-json\/wp\/v2\/types\/post"}],"author":[{"embeddable":true,"href":"https:\/\/franciscanos.org.br\/noticias\/wp-json\/wp\/v2\/users\/1"}],"replies":[{"embeddable":true,"href":"https:\/\/franciscanos.org.br\/noticias\/wp-json\/wp\/v2\/comments?post=33873"}],"version-history":[{"count":1,"href":"https:\/\/franciscanos.org.br\/noticias\/wp-json\/wp\/v2\/posts\/33873\/revisions"}],"predecessor-version":[{"id":229223,"href":"https:\/\/franciscanos.org.br\/noticias\/wp-json\/wp\/v2\/posts\/33873\/revisions\/229223"}],"wp:featuredmedia":[{"embeddable":true,"href":"https:\/\/franciscanos.org.br\/noticias\/wp-json\/wp\/v2\/media\/216564"}],"wp:attachment":[{"href":"https:\/\/franciscanos.org.br\/noticias\/wp-json\/wp\/v2\/media?parent=33873"}],"wp:term":[{"taxonomy":"category","embeddable":true,"href":"https:\/\/franciscanos.org.br\/noticias\/wp-json\/wp\/v2\/categories?post=33873"},{"taxonomy":"post_tag","embeddable":true,"href":"https:\/\/franciscanos.org.br\/noticias\/wp-json\/wp\/v2\/tags?post=33873"}],"curies":[{"name":"wp","href":"https:\/\/api.w.org\/{rel}","templated":true}]}}