{"id":33839,"date":"2013-03-10T09:18:45","date_gmt":"2013-03-10T12:18:45","guid":{"rendered":"http:\/\/new.franciscanos.org.br\/?p=33839"},"modified":"2020-06-11T17:28:37","modified_gmt":"2020-06-11T20:28:37","slug":"tudo-pronto-para-o-conclave-nesta-terca","status":"publish","type":"post","link":"https:\/\/franciscanos.org.br\/noticias\/tudo-pronto-para-o-conclave-nesta-terca.html","title":{"rendered":"Tudo pronto para o Conclave nesta ter\u00e7a"},"content":{"rendered":"<p><strong><a href=\"http:\/\/franciscanos.org.br\/wp-content\/uploads\/2013\/03\/sistina_interna.jpg\"><img loading=\"lazy\" class=\"alignright size-full wp-image-33841\" title=\"sistina_interna\" src=\"http:\/\/franciscanos.org.br\/wp-content\/uploads\/2013\/03\/sistina_interna.jpg\" alt=\"\" width=\"500\" height=\"333\" \/><\/a>Vaticano<\/strong> &#8211; O Conclave se iniciar\u00e1 nesta ter\u00e7a-feira (12\/3), como ficou decidido durante a 8\u00aa Congrega\u00e7\u00e3o Geral do Col\u00e9gio Cardinal\u00edcio, na \u00faltima sexta-feira.<\/p>\n<p>No primeiro dia, os cardeais se transferir\u00e3o da Domus Sanctae Marthae ao Pal\u00e1cio Apost\u00f3lico \u00e0s 15h45. \u00c0s 16h30 ter\u00e1 lugar a prociss\u00e3o da Capela Paulina com entrada na Capela Sistina.<\/p>\n<p>Quando entrarem na Capela Sistina, \u00e0s 16h45min, os Cardeais far\u00e3o o juramento e, em seguida, ter\u00e1 lugar o \u2018extra omnes\u2019, quando se fechar\u00e1 a Capela Sistina e os Cardeais seguir\u00e3o a medita\u00e7\u00e3o do Cardeal Grech, realizando a eventual primeira vota\u00e7\u00e3o prevista na Constitui\u00e7\u00e3o. \u00c0s 19h30 recitar\u00e3o as V\u00e9speras na Capela Sistina, na conclus\u00e3o dos trabalhos do dia e, \u00e0s 19h30, retornar\u00e3o \u00e0 Domus Sanctae Mathae, para jantar \u00e0s 20 horas.<\/p>\n<p>Nos dias seguintes est\u00e1 programado o caf\u00e9 da manh\u00e3 entre as 6h30 e \u00e0s 7h30; \u00e0s 7h45, os cardeais se transferir\u00e3o ao Pal\u00e1cio Apost\u00f3lico e, das 8h15 \u00e0s 9h15, concelebrar\u00e3o a Santa Missa na Capela Paulina, o que dever\u00e1 ocorrer diariamente. \u00c0s 9h30 entrar\u00e3o na Capela Sistina, recitar\u00e3o a Hora M\u00e9dia e far\u00e3o as vota\u00e7\u00f5es da manh\u00e3. \u00c0s 12h30 retornar\u00e3o \u00e0 Casa Santa Marta, para almo\u00e7ar \u00e0s 13 horas. \u00c0s 16 horas se transferir\u00e3o novamente para a Capela Sistina, onde estar\u00e3o previstos os escrut\u00ednios da tarde para as 16h50. A Ora\u00e7\u00e3o das V\u00e9speras, \u00e0s 19h15, concluir\u00e1 o dia de vota\u00e7\u00f5es. \u00c0s 19h30, se transferir\u00e3o \u00e0 Casa Santa Marta, para jantar \u00e0s 20 horas. Estes s\u00e3o hor\u00e1rios indicativos dos dias do Conclave.<\/p>\n<p>As c\u00e9dulas s\u00e3o queimadas ao final das vota\u00e7\u00f5es da manh\u00e3 e da tarde e n\u00e3o ap\u00f3s cada vota\u00e7\u00e3o particular. Assim, os hor\u00e1rios normais do final das vota\u00e7\u00f5es seriam \u00e0s 12 horas para as vota\u00e7\u00f5es da manh\u00e3 e \u00e0s 19 horas para as vota\u00e7\u00f5es da tarde. \u00c9 apenas uma indica\u00e7\u00e3o, segundo o diretor da Sala de Imprensa da Santa S\u00e9, Pe. Federico Lombardi. No entanto, se o novo Pont\u00edfice vier a ser eleito na primeira vota\u00e7\u00e3o da manh\u00e3 ou da tarde, a fuma\u00e7a branca sair\u00e1 da chamin\u00e9 instalada no telhado da Capela Sistina no meio da manh\u00e3 ou no meio da tarde. Assim, todos devem estar atentos entre 10h30 e 11 hs e entre 17h30 e 18 hs. A elei\u00e7\u00e3o do Papa Ratzinger ocorreu na primeira vota\u00e7\u00e3o da tarde e assim, a fuma\u00e7a apareceu ap\u00f3s as 17 horas.<\/p>\n<p>Segundo a Constitui\u00e7\u00e3o Apost\u00f3lica, par\u00e1grafo n\u00ba 74, que trata do n\u00famero de escrut\u00ednios sem a elei\u00e7\u00e3o de um Papa. Ou seja, se ap\u00f3s 3 dias de vota\u00e7\u00f5es n\u00e3o se chegar a um consenso, deve-se fazer uma parada e, ap\u00f3s, realizar mais 7 escrut\u00ednios. N\u00e3o se chegando a um consenso, para novamente e se realiza mais sete escrut\u00ednios e, posteriormente, nova parada e mais sete escrut\u00ednios e, por fim, a escolha fica entre os dois mais votados.<\/p>\n","protected":false},"excerpt":{"rendered":"<p>S\u00e9 Vacante<\/p>\n","protected":false},"author":1,"featured_media":216553,"comment_status":"closed","ping_status":"open","sticky":false,"template":"","format":"standard","meta":[],"categories":[1428],"tags":[349],"acf":[],"yoast_head":"<!-- This site is optimized with the Yoast SEO plugin v19.2 - https:\/\/yoast.com\/wordpress\/plugins\/seo\/ -->\n<title>Tudo pronto para o Conclave nesta ter\u00e7a - Not\u00edcias - Franciscanos<\/title>\n<meta name=\"robots\" content=\"index, follow, max-snippet:-1, max-image-preview:large, max-video-preview:-1\" \/>\n<link rel=\"canonical\" href=\"https:\/\/franciscanos.org.br\/noticias\/tudo-pronto-para-o-conclave-nesta-terca.html\" \/>\n<meta property=\"og:locale\" content=\"pt_BR\" \/>\n<meta property=\"og:type\" content=\"article\" \/>\n<meta property=\"og:title\" content=\"Tudo pronto para o Conclave nesta ter\u00e7a - Not\u00edcias - Franciscanos\" \/>\n<meta property=\"og:description\" content=\"S\u00e9 Vacante\" \/>\n<meta property=\"og:url\" content=\"https:\/\/franciscanos.org.br\/noticias\/tudo-pronto-para-o-conclave-nesta-terca.html\" \/>\n<meta property=\"og:site_name\" content=\"Not\u00edcias - Franciscanos\" \/>\n<meta property=\"article:published_time\" content=\"2013-03-10T12:18:45+00:00\" \/>\n<meta property=\"article:modified_time\" content=\"2020-06-11T20:28:37+00:00\" \/>\n<meta property=\"og:image\" content=\"https:\/\/franciscanos.org.br\/noticias\/wp-content\/uploads\/2013\/03\/sistina_interna.jpg\" \/>\n\t<meta property=\"og:image:width\" content=\"273\" \/>\n\t<meta property=\"og:image:height\" content=\"181\" \/>\n\t<meta property=\"og:image:type\" content=\"image\/jpeg\" \/>\n<meta name=\"author\" content=\"admin\" \/>\n<meta name=\"twitter:card\" content=\"summary_large_image\" \/>\n<meta name=\"twitter:label1\" content=\"Escrito por\" \/>\n\t<meta name=\"twitter:data1\" content=\"admin\" \/>\n\t<meta name=\"twitter:label2\" content=\"Est. tempo de leitura\" \/>\n\t<meta name=\"twitter:data2\" content=\"3 minutos\" \/>\n<script type=\"application\/ld+json\" class=\"yoast-schema-graph\">{\"@context\":\"https:\/\/schema.org\",\"@graph\":[{\"@type\":\"WebSite\",\"@id\":\"https:\/\/franciscanos.org.br\/noticias\/#website\",\"url\":\"https:\/\/franciscanos.org.br\/noticias\/\",\"name\":\"Not\u00edcias - Franciscanos\",\"description\":\"Prov\u00edncia Franciscana da Imaculada Concei\u00e7\u00e3o do Brasil - Ordem dos Frades Menores - OFM\",\"potentialAction\":[{\"@type\":\"SearchAction\",\"target\":{\"@type\":\"EntryPoint\",\"urlTemplate\":\"https:\/\/franciscanos.org.br\/noticias\/?s={search_term_string}\"},\"query-input\":\"required name=search_term_string\"}],\"inLanguage\":\"pt-BR\"},{\"@type\":\"ImageObject\",\"inLanguage\":\"pt-BR\",\"@id\":\"https:\/\/franciscanos.org.br\/noticias\/tudo-pronto-para-o-conclave-nesta-terca.html#primaryimage\",\"url\":\"https:\/\/franciscanos.org.br\/noticias\/wp-content\/uploads\/2013\/03\/sistina_interna.jpg\",\"contentUrl\":\"https:\/\/franciscanos.org.br\/noticias\/wp-content\/uploads\/2013\/03\/sistina_interna.jpg\",\"width\":273,\"height\":181},{\"@type\":\"WebPage\",\"@id\":\"https:\/\/franciscanos.org.br\/noticias\/tudo-pronto-para-o-conclave-nesta-terca.html#webpage\",\"url\":\"https:\/\/franciscanos.org.br\/noticias\/tudo-pronto-para-o-conclave-nesta-terca.html\",\"name\":\"Tudo pronto para o Conclave nesta ter\u00e7a - Not\u00edcias - Franciscanos\",\"isPartOf\":{\"@id\":\"https:\/\/franciscanos.org.br\/noticias\/#website\"},\"primaryImageOfPage\":{\"@id\":\"https:\/\/franciscanos.org.br\/noticias\/tudo-pronto-para-o-conclave-nesta-terca.html#primaryimage\"},\"datePublished\":\"2013-03-10T12:18:45+00:00\",\"dateModified\":\"2020-06-11T20:28:37+00:00\",\"author\":{\"@id\":\"https:\/\/franciscanos.org.br\/noticias\/#\/schema\/person\/b38fbf43118f02820bd932f2e4b14ad3\"},\"breadcrumb\":{\"@id\":\"https:\/\/franciscanos.org.br\/noticias\/tudo-pronto-para-o-conclave-nesta-terca.html#breadcrumb\"},\"inLanguage\":\"pt-BR\",\"potentialAction\":[{\"@type\":\"ReadAction\",\"target\":[\"https:\/\/franciscanos.org.br\/noticias\/tudo-pronto-para-o-conclave-nesta-terca.html\"]}]},{\"@type\":\"BreadcrumbList\",\"@id\":\"https:\/\/franciscanos.org.br\/noticias\/tudo-pronto-para-o-conclave-nesta-terca.html#breadcrumb\",\"itemListElement\":[{\"@type\":\"ListItem\",\"position\":1,\"name\":\"Home\",\"item\":\"https:\/\/franciscanos.org.br\/noticias\"},{\"@type\":\"ListItem\",\"position\":2,\"name\":\"Tudo pronto para o Conclave nesta ter\u00e7a\"}]},{\"@type\":\"Person\",\"@id\":\"https:\/\/franciscanos.org.br\/noticias\/#\/schema\/person\/b38fbf43118f02820bd932f2e4b14ad3\",\"name\":\"admin\",\"image\":{\"@type\":\"ImageObject\",\"inLanguage\":\"pt-BR\",\"@id\":\"https:\/\/franciscanos.org.br\/noticias\/#\/schema\/person\/image\/\",\"url\":\"https:\/\/secure.gravatar.com\/avatar\/e8495742d34d0ba6448ea1c628263b3e?s=96&d=mm&r=g\",\"contentUrl\":\"https:\/\/secure.gravatar.com\/avatar\/e8495742d34d0ba6448ea1c628263b3e?s=96&d=mm&r=g\",\"caption\":\"admin\"},\"url\":\"https:\/\/franciscanos.org.br\/noticias\/author\/admin\"}]}<\/script>\n<!-- \/ Yoast SEO plugin. -->","yoast_head_json":{"title":"Tudo pronto para o Conclave nesta ter\u00e7a - Not\u00edcias - Franciscanos","robots":{"index":"index","follow":"follow","max-snippet":"max-snippet:-1","max-image-preview":"max-image-preview:large","max-video-preview":"max-video-preview:-1"},"canonical":"https:\/\/franciscanos.org.br\/noticias\/tudo-pronto-para-o-conclave-nesta-terca.html","og_locale":"pt_BR","og_type":"article","og_title":"Tudo pronto para o Conclave nesta ter\u00e7a - Not\u00edcias - Franciscanos","og_description":"S\u00e9 Vacante","og_url":"https:\/\/franciscanos.org.br\/noticias\/tudo-pronto-para-o-conclave-nesta-terca.html","og_site_name":"Not\u00edcias - Franciscanos","article_published_time":"2013-03-10T12:18:45+00:00","article_modified_time":"2020-06-11T20:28:37+00:00","og_image":[{"width":273,"height":181,"url":"https:\/\/franciscanos.org.br\/noticias\/wp-content\/uploads\/2013\/03\/sistina_interna.jpg","type":"image\/jpeg"}],"author":"admin","twitter_card":"summary_large_image","twitter_misc":{"Escrito por":"admin","Est. tempo de leitura":"3 minutos"},"schema":{"@context":"https:\/\/schema.org","@graph":[{"@type":"WebSite","@id":"https:\/\/franciscanos.org.br\/noticias\/#website","url":"https:\/\/franciscanos.org.br\/noticias\/","name":"Not\u00edcias - Franciscanos","description":"Prov\u00edncia Franciscana da Imaculada Concei\u00e7\u00e3o do Brasil - Ordem dos Frades Menores - OFM","potentialAction":[{"@type":"SearchAction","target":{"@type":"EntryPoint","urlTemplate":"https:\/\/franciscanos.org.br\/noticias\/?s={search_term_string}"},"query-input":"required name=search_term_string"}],"inLanguage":"pt-BR"},{"@type":"ImageObject","inLanguage":"pt-BR","@id":"https:\/\/franciscanos.org.br\/noticias\/tudo-pronto-para-o-conclave-nesta-terca.html#primaryimage","url":"https:\/\/franciscanos.org.br\/noticias\/wp-content\/uploads\/2013\/03\/sistina_interna.jpg","contentUrl":"https:\/\/franciscanos.org.br\/noticias\/wp-content\/uploads\/2013\/03\/sistina_interna.jpg","width":273,"height":181},{"@type":"WebPage","@id":"https:\/\/franciscanos.org.br\/noticias\/tudo-pronto-para-o-conclave-nesta-terca.html#webpage","url":"https:\/\/franciscanos.org.br\/noticias\/tudo-pronto-para-o-conclave-nesta-terca.html","name":"Tudo pronto para o Conclave nesta ter\u00e7a - Not\u00edcias - Franciscanos","isPartOf":{"@id":"https:\/\/franciscanos.org.br\/noticias\/#website"},"primaryImageOfPage":{"@id":"https:\/\/franciscanos.org.br\/noticias\/tudo-pronto-para-o-conclave-nesta-terca.html#primaryimage"},"datePublished":"2013-03-10T12:18:45+00:00","dateModified":"2020-06-11T20:28:37+00:00","author":{"@id":"https:\/\/franciscanos.org.br\/noticias\/#\/schema\/person\/b38fbf43118f02820bd932f2e4b14ad3"},"breadcrumb":{"@id":"https:\/\/franciscanos.org.br\/noticias\/tudo-pronto-para-o-conclave-nesta-terca.html#breadcrumb"},"inLanguage":"pt-BR","potentialAction":[{"@type":"ReadAction","target":["https:\/\/franciscanos.org.br\/noticias\/tudo-pronto-para-o-conclave-nesta-terca.html"]}]},{"@type":"BreadcrumbList","@id":"https:\/\/franciscanos.org.br\/noticias\/tudo-pronto-para-o-conclave-nesta-terca.html#breadcrumb","itemListElement":[{"@type":"ListItem","position":1,"name":"Home","item":"https:\/\/franciscanos.org.br\/noticias"},{"@type":"ListItem","position":2,"name":"Tudo pronto para o Conclave nesta ter\u00e7a"}]},{"@type":"Person","@id":"https:\/\/franciscanos.org.br\/noticias\/#\/schema\/person\/b38fbf43118f02820bd932f2e4b14ad3","name":"admin","image":{"@type":"ImageObject","inLanguage":"pt-BR","@id":"https:\/\/franciscanos.org.br\/noticias\/#\/schema\/person\/image\/","url":"https:\/\/secure.gravatar.com\/avatar\/e8495742d34d0ba6448ea1c628263b3e?s=96&d=mm&r=g","contentUrl":"https:\/\/secure.gravatar.com\/avatar\/e8495742d34d0ba6448ea1c628263b3e?s=96&d=mm&r=g","caption":"admin"},"url":"https:\/\/franciscanos.org.br\/noticias\/author\/admin"}]}},"_links":{"self":[{"href":"https:\/\/franciscanos.org.br\/noticias\/wp-json\/wp\/v2\/posts\/33839"}],"collection":[{"href":"https:\/\/franciscanos.org.br\/noticias\/wp-json\/wp\/v2\/posts"}],"about":[{"href":"https:\/\/franciscanos.org.br\/noticias\/wp-json\/wp\/v2\/types\/post"}],"author":[{"embeddable":true,"href":"https:\/\/franciscanos.org.br\/noticias\/wp-json\/wp\/v2\/users\/1"}],"replies":[{"embeddable":true,"href":"https:\/\/franciscanos.org.br\/noticias\/wp-json\/wp\/v2\/comments?post=33839"}],"version-history":[{"count":1,"href":"https:\/\/franciscanos.org.br\/noticias\/wp-json\/wp\/v2\/posts\/33839\/revisions"}],"predecessor-version":[{"id":226397,"href":"https:\/\/franciscanos.org.br\/noticias\/wp-json\/wp\/v2\/posts\/33839\/revisions\/226397"}],"wp:featuredmedia":[{"embeddable":true,"href":"https:\/\/franciscanos.org.br\/noticias\/wp-json\/wp\/v2\/media\/216553"}],"wp:attachment":[{"href":"https:\/\/franciscanos.org.br\/noticias\/wp-json\/wp\/v2\/media?parent=33839"}],"wp:term":[{"taxonomy":"category","embeddable":true,"href":"https:\/\/franciscanos.org.br\/noticias\/wp-json\/wp\/v2\/categories?post=33839"},{"taxonomy":"post_tag","embeddable":true,"href":"https:\/\/franciscanos.org.br\/noticias\/wp-json\/wp\/v2\/tags?post=33839"}],"curies":[{"name":"wp","href":"https:\/\/api.w.org\/{rel}","templated":true}]}}