{"id":33803,"date":"2013-03-08T19:02:34","date_gmt":"2013-03-08T22:02:34","guid":{"rendered":"http:\/\/new.franciscanos.org.br\/?p=33803"},"modified":"2019-02-14T13:30:02","modified_gmt":"2019-02-14T15:30:02","slug":"frente-de-comunicacao-faz-primeira-reuniao","status":"publish","type":"post","link":"https:\/\/franciscanos.org.br\/noticias\/frente-de-comunicacao-faz-primeira-reuniao.html","title":{"rendered":"Frente de Comunica\u00e7\u00e3o faz primeira reuni\u00e3o"},"content":{"rendered":"<p><a href=\"http:\/\/franciscanos.org.br\/wp-content\/uploads\/2013\/03\/frente.jpg\"><img loading=\"lazy\" title=\"frente\" src=\"http:\/\/franciscanos.org.br\/wp-content\/uploads\/2013\/03\/frente.jpg\" alt=\"\" width=\"830\" height=\"327\" \/><\/a><\/p>\n<p>Em conson\u00e2ncia com o apelo e as indica\u00e7\u00f5es do \u00faltimo Cap\u00edtulo Provincial, foi realizada, nesta sexta-feira, dia 8 de mar\u00e7o, na Sede Provincial em S\u00e3o Paulo (SP), a Primeira Reuni\u00e3o\u00a0da Frente de Evangeliza\u00e7\u00e3o na Comunica\u00e7\u00e3o, envolvendo os diferentes servi\u00e7os realizados pela da Prov\u00edncia Franciscana da Imaculada Concei\u00e7\u00e3o\u00a0em S\u00e3o Paulo e regi\u00e3o. O encontro, que\u00a0ser\u00e1 mensal, vai ter como objetivos promover a aproxima\u00e7\u00e3o e o esp\u00edrito de comunh\u00e3o e interajuda entre as diferentes frentes no campo da comunica\u00e7\u00e3o.<\/p>\n<p>Logo no in\u00edcio da reuni\u00e3o, o coordenador da Frente de Evangeliza\u00e7\u00e3o, Frei Gustavo Medella, ressaltou qual seria a compreens\u00e3o do conceito de comunica\u00e7\u00e3o que deveria nortear os trabalhos e discuss\u00f5es do grupo: \u201cPrecisamos ir para al\u00e9m do entendimento de comunica\u00e7\u00e3o enquanto mera utiliza\u00e7\u00e3o dos meios, mas como o cultivo de um esp\u00edrito de comunh\u00e3o, de rela\u00e7\u00e3o e de viv\u00eancia profunda da experi\u00eancia comunicativa. Mais do que enviar e receber mensagens, comunicar-se \u00e9 doar-se\u201d.<\/p>\n<p>Frei Gustavo lembrou ainda que, ao estarmos ligados a institui\u00e7\u00f5es inspiradas no exemplo e na vida de Francisco de Assis, n\u00e3o podemos compreender o sentido de comunica\u00e7\u00e3o e de evangeliza\u00e7\u00e3o sem olhar para Jesus Cristo. \u201cJesus Cristo \u00e9 a comunica\u00e7\u00e3o do Pai, quem vem para o meio de seus filhos e se comunica a partir de dentro,\u00a0da realidade de quem sofre, das dores e limita\u00e7\u00f5es humanas. E foi esta ades\u00e3o de Deus atrav\u00e9s de Jesus Cristo que tocou profundamente o cora\u00e7\u00e3o de Francisco. Para o Santo de Assis, ouvir o Evangelho, viver o Evangelho e anunciar o Evangelho s\u00e3o tr\u00eas momentos que se interligam e caminham em<br \/>\nprofunda harmonia\u201d, explicou.<\/p>\n<p>Em nome do governo da provincial, Frei Mario Tagliari, que \u00e9 Definidor, explicou \u00a0como a Prov\u00edncia se organiza e de que forma procura trazer para a atualidade o legado deixado por S\u00e3o Francisco de Assis. Em sua coloca\u00e7\u00e3o, Frei Mario reafirmou a op\u00e7\u00e3o da Prov\u00edncia da Imaculada de continuar investindo todo seu esfor\u00e7o para atuar com compet\u00eancia e qualidade nas cinco frentes provinciais eleitas pelo \u00faltimo Cap\u00edtulo, realizado em novembro do ano passado \u2013 como priorit\u00e1rias: Par\u00f3quias e Santu\u00e1rios, Educa\u00e7\u00e3o, Comunica\u00e7\u00e3o, Miss\u00e3o e Solidariedade com os Empobrecidos. \u201cNosso desafio \u00e9 ampliar a compreens\u00e3o em torno destas diferentes frentes. No campo da comunica\u00e7\u00e3o, por exemplo, devemos entender que ela vai para al\u00e9m de possuir ve\u00edculos pr\u00f3prios de comunica\u00e7\u00e3o, mas de buscar a interlocu\u00e7\u00e3o e atua\u00e7\u00e3o neste campo que \u00e9 central no contexto em que vivemos\u201d.<\/p>\n<p>Cada servi\u00e7o representado teve a ocasi\u00e3o de apresentar os trabalhos desenvolvidos na \u00e1rea da comunica\u00e7\u00e3o, manifestar os desafios e dificuldades e oferecer interajuda. Pelo Servi\u00e7o Franciscano de Solidariedade (Sefras), falou o jornalista Fabiano Viana; em nome do Pr\u00f3-voca\u00e7\u00f5es e Miss\u00f5es Franciscanas, Frei Alvaci Mendes da Luz, Frei Alexandre Rohling e Andr\u00e9 Ricardo de S\u00e1. O trabalho em comunica\u00e7\u00e3o da Universidade S\u00e3o Francisco (USF) foi apresentado pelo reitor, Professor Hector Escobar, e pela Coordenadora de Marketing da institui\u00e7\u00e3o, Rejane Rossi, e Talita Carvalho, da empresa que presta servi\u00e7o de assessoria de imprensa \u00e0 USF. Falou tamb\u00e9m o jornalista\u00a0Moacir Beggo, que h\u00e1 muitos anos acompanha a Prov\u00edncia e atualmente tem como principal fun\u00e7\u00e3o cuidar do site Franciscanos.org.br: \u201cPara mim este \u00e9 um\u00a0momento hist\u00f3rico na Prov\u00edncia: o fato de sentarmos juntos e buscarmos uma a\u00e7\u00e3o conjunta e coordenada na \u00e1rea da Comunica\u00e7\u00e3o. Sempre sonhei com esta possibilidade\u201d, declarou.<\/p>\n<p>Frei Gustavo tamb\u00e9m se manifestou grato e satisfeito com a participa\u00e7\u00e3o de todos e disse: \u201cN\u00f3s trabalhamos muito, e trabalhamos bem! Mesmo com o excesso de demanda, com as agendas lotadas, n\u00e3o nos esque\u00e7amos nunca de olhar nossas atividades sob este ocular da comunh\u00e3o e da m\u00fatua ajuda, sempre pensando nas outras a\u00e7\u00f5es e servi\u00e7os em comunica\u00e7\u00e3o e na forma pela qual podemos nos ajudar e somar for\u00e7as. N\u00f3s podemos at\u00e9 discordar, o que \u00e9 bom e natural, mas n\u00e3o devemos nunca deixar de nos comunicar\u201d, frisou.<\/p>\n<p>A reuni\u00e3o contou ainda com a presen\u00e7a de Frei Anacleto Gapski, que tamb\u00e9m foi designado para atuar na Comunica\u00e7\u00e3o. De acordo com Frei Gustavo, este encontro em S\u00e3o Paulo deve servir de guia e experi\u00eancia para a realiza\u00e7\u00e3o de outros encontros em n\u00edvel regional na Prov\u00edncia. Outra a\u00e7\u00e3o importante, prevista para o segundo semestre, ser\u00e1 a realiza\u00e7\u00e3o de um grande encontro, no \u00e2mbito provincial, da Frente de Evangeliza\u00e7\u00e3o na Comunica\u00e7\u00e3o. A pr\u00f3xima reuni\u00e3o do grupo ficou marcada para o dia 11 de abril, na Sede Provincial.<\/p>\n","protected":false},"excerpt":{"rendered":"<p>Prov\u00edncia<\/p>\n","protected":false},"author":1,"featured_media":200293,"comment_status":"closed","ping_status":"open","sticky":false,"template":"","format":"standard","meta":[],"categories":[1],"tags":[550],"acf":[],"yoast_head":"<!-- This site is optimized with the Yoast SEO plugin v19.2 - https:\/\/yoast.com\/wordpress\/plugins\/seo\/ -->\n<title>Frente de Comunica\u00e7\u00e3o faz primeira reuni\u00e3o - Not\u00edcias - Franciscanos<\/title>\n<meta name=\"robots\" content=\"index, follow, max-snippet:-1, max-image-preview:large, max-video-preview:-1\" \/>\n<link rel=\"canonical\" href=\"https:\/\/franciscanos.org.br\/noticias\/frente-de-comunicacao-faz-primeira-reuniao.html\" \/>\n<meta property=\"og:locale\" content=\"pt_BR\" \/>\n<meta property=\"og:type\" content=\"article\" \/>\n<meta property=\"og:title\" content=\"Frente de Comunica\u00e7\u00e3o faz primeira reuni\u00e3o - Not\u00edcias - Franciscanos\" \/>\n<meta property=\"og:description\" content=\"Prov\u00edncia\" \/>\n<meta property=\"og:url\" content=\"https:\/\/franciscanos.org.br\/noticias\/frente-de-comunicacao-faz-primeira-reuniao.html\" \/>\n<meta property=\"og:site_name\" content=\"Not\u00edcias - Franciscanos\" \/>\n<meta property=\"article:published_time\" content=\"2013-03-08T22:02:34+00:00\" \/>\n<meta property=\"article:modified_time\" content=\"2019-02-14T15:30:02+00:00\" \/>\n<meta property=\"og:image\" content=\"https:\/\/franciscanos.org.br\/noticias\/wp-content\/uploads\/2013\/03\/frente.jpg\" \/>\n\t<meta property=\"og:image:width\" content=\"273\" \/>\n\t<meta property=\"og:image:height\" content=\"181\" \/>\n\t<meta property=\"og:image:type\" content=\"image\/jpeg\" \/>\n<meta name=\"author\" content=\"admin\" \/>\n<meta name=\"twitter:card\" content=\"summary_large_image\" \/>\n<meta name=\"twitter:label1\" content=\"Escrito por\" \/>\n\t<meta name=\"twitter:data1\" content=\"admin\" \/>\n\t<meta name=\"twitter:label2\" content=\"Est. tempo de leitura\" \/>\n\t<meta name=\"twitter:data2\" content=\"4 minutos\" \/>\n<script type=\"application\/ld+json\" class=\"yoast-schema-graph\">{\"@context\":\"https:\/\/schema.org\",\"@graph\":[{\"@type\":\"WebSite\",\"@id\":\"https:\/\/franciscanos.org.br\/noticias\/#website\",\"url\":\"https:\/\/franciscanos.org.br\/noticias\/\",\"name\":\"Not\u00edcias - Franciscanos\",\"description\":\"Prov\u00edncia Franciscana da Imaculada Concei\u00e7\u00e3o do Brasil - Ordem dos Frades Menores - OFM\",\"potentialAction\":[{\"@type\":\"SearchAction\",\"target\":{\"@type\":\"EntryPoint\",\"urlTemplate\":\"https:\/\/franciscanos.org.br\/noticias\/?s={search_term_string}\"},\"query-input\":\"required name=search_term_string\"}],\"inLanguage\":\"pt-BR\"},{\"@type\":\"ImageObject\",\"inLanguage\":\"pt-BR\",\"@id\":\"https:\/\/franciscanos.org.br\/noticias\/frente-de-comunicacao-faz-primeira-reuniao.html#primaryimage\",\"url\":\"https:\/\/franciscanos.org.br\/noticias\/wp-content\/uploads\/2013\/03\/frente.jpg\",\"contentUrl\":\"https:\/\/franciscanos.org.br\/noticias\/wp-content\/uploads\/2013\/03\/frente.jpg\",\"width\":273,\"height\":181},{\"@type\":\"WebPage\",\"@id\":\"https:\/\/franciscanos.org.br\/noticias\/frente-de-comunicacao-faz-primeira-reuniao.html#webpage\",\"url\":\"https:\/\/franciscanos.org.br\/noticias\/frente-de-comunicacao-faz-primeira-reuniao.html\",\"name\":\"Frente de Comunica\u00e7\u00e3o faz primeira reuni\u00e3o - Not\u00edcias - Franciscanos\",\"isPartOf\":{\"@id\":\"https:\/\/franciscanos.org.br\/noticias\/#website\"},\"primaryImageOfPage\":{\"@id\":\"https:\/\/franciscanos.org.br\/noticias\/frente-de-comunicacao-faz-primeira-reuniao.html#primaryimage\"},\"datePublished\":\"2013-03-08T22:02:34+00:00\",\"dateModified\":\"2019-02-14T15:30:02+00:00\",\"author\":{\"@id\":\"https:\/\/franciscanos.org.br\/noticias\/#\/schema\/person\/b38fbf43118f02820bd932f2e4b14ad3\"},\"breadcrumb\":{\"@id\":\"https:\/\/franciscanos.org.br\/noticias\/frente-de-comunicacao-faz-primeira-reuniao.html#breadcrumb\"},\"inLanguage\":\"pt-BR\",\"potentialAction\":[{\"@type\":\"ReadAction\",\"target\":[\"https:\/\/franciscanos.org.br\/noticias\/frente-de-comunicacao-faz-primeira-reuniao.html\"]}]},{\"@type\":\"BreadcrumbList\",\"@id\":\"https:\/\/franciscanos.org.br\/noticias\/frente-de-comunicacao-faz-primeira-reuniao.html#breadcrumb\",\"itemListElement\":[{\"@type\":\"ListItem\",\"position\":1,\"name\":\"Home\",\"item\":\"https:\/\/franciscanos.org.br\/noticias\"},{\"@type\":\"ListItem\",\"position\":2,\"name\":\"Frente de Comunica\u00e7\u00e3o faz primeira reuni\u00e3o\"}]},{\"@type\":\"Person\",\"@id\":\"https:\/\/franciscanos.org.br\/noticias\/#\/schema\/person\/b38fbf43118f02820bd932f2e4b14ad3\",\"name\":\"admin\",\"image\":{\"@type\":\"ImageObject\",\"inLanguage\":\"pt-BR\",\"@id\":\"https:\/\/franciscanos.org.br\/noticias\/#\/schema\/person\/image\/\",\"url\":\"https:\/\/secure.gravatar.com\/avatar\/e8495742d34d0ba6448ea1c628263b3e?s=96&d=mm&r=g\",\"contentUrl\":\"https:\/\/secure.gravatar.com\/avatar\/e8495742d34d0ba6448ea1c628263b3e?s=96&d=mm&r=g\",\"caption\":\"admin\"},\"url\":\"https:\/\/franciscanos.org.br\/noticias\/author\/admin\"}]}<\/script>\n<!-- \/ Yoast SEO plugin. -->","yoast_head_json":{"title":"Frente de Comunica\u00e7\u00e3o faz primeira reuni\u00e3o - Not\u00edcias - Franciscanos","robots":{"index":"index","follow":"follow","max-snippet":"max-snippet:-1","max-image-preview":"max-image-preview:large","max-video-preview":"max-video-preview:-1"},"canonical":"https:\/\/franciscanos.org.br\/noticias\/frente-de-comunicacao-faz-primeira-reuniao.html","og_locale":"pt_BR","og_type":"article","og_title":"Frente de Comunica\u00e7\u00e3o faz primeira reuni\u00e3o - Not\u00edcias - Franciscanos","og_description":"Prov\u00edncia","og_url":"https:\/\/franciscanos.org.br\/noticias\/frente-de-comunicacao-faz-primeira-reuniao.html","og_site_name":"Not\u00edcias - Franciscanos","article_published_time":"2013-03-08T22:02:34+00:00","article_modified_time":"2019-02-14T15:30:02+00:00","og_image":[{"width":273,"height":181,"url":"https:\/\/franciscanos.org.br\/noticias\/wp-content\/uploads\/2013\/03\/frente.jpg","type":"image\/jpeg"}],"author":"admin","twitter_card":"summary_large_image","twitter_misc":{"Escrito por":"admin","Est. tempo de leitura":"4 minutos"},"schema":{"@context":"https:\/\/schema.org","@graph":[{"@type":"WebSite","@id":"https:\/\/franciscanos.org.br\/noticias\/#website","url":"https:\/\/franciscanos.org.br\/noticias\/","name":"Not\u00edcias - Franciscanos","description":"Prov\u00edncia Franciscana da Imaculada Concei\u00e7\u00e3o do Brasil - Ordem dos Frades Menores - OFM","potentialAction":[{"@type":"SearchAction","target":{"@type":"EntryPoint","urlTemplate":"https:\/\/franciscanos.org.br\/noticias\/?s={search_term_string}"},"query-input":"required name=search_term_string"}],"inLanguage":"pt-BR"},{"@type":"ImageObject","inLanguage":"pt-BR","@id":"https:\/\/franciscanos.org.br\/noticias\/frente-de-comunicacao-faz-primeira-reuniao.html#primaryimage","url":"https:\/\/franciscanos.org.br\/noticias\/wp-content\/uploads\/2013\/03\/frente.jpg","contentUrl":"https:\/\/franciscanos.org.br\/noticias\/wp-content\/uploads\/2013\/03\/frente.jpg","width":273,"height":181},{"@type":"WebPage","@id":"https:\/\/franciscanos.org.br\/noticias\/frente-de-comunicacao-faz-primeira-reuniao.html#webpage","url":"https:\/\/franciscanos.org.br\/noticias\/frente-de-comunicacao-faz-primeira-reuniao.html","name":"Frente de Comunica\u00e7\u00e3o faz primeira reuni\u00e3o - Not\u00edcias - Franciscanos","isPartOf":{"@id":"https:\/\/franciscanos.org.br\/noticias\/#website"},"primaryImageOfPage":{"@id":"https:\/\/franciscanos.org.br\/noticias\/frente-de-comunicacao-faz-primeira-reuniao.html#primaryimage"},"datePublished":"2013-03-08T22:02:34+00:00","dateModified":"2019-02-14T15:30:02+00:00","author":{"@id":"https:\/\/franciscanos.org.br\/noticias\/#\/schema\/person\/b38fbf43118f02820bd932f2e4b14ad3"},"breadcrumb":{"@id":"https:\/\/franciscanos.org.br\/noticias\/frente-de-comunicacao-faz-primeira-reuniao.html#breadcrumb"},"inLanguage":"pt-BR","potentialAction":[{"@type":"ReadAction","target":["https:\/\/franciscanos.org.br\/noticias\/frente-de-comunicacao-faz-primeira-reuniao.html"]}]},{"@type":"BreadcrumbList","@id":"https:\/\/franciscanos.org.br\/noticias\/frente-de-comunicacao-faz-primeira-reuniao.html#breadcrumb","itemListElement":[{"@type":"ListItem","position":1,"name":"Home","item":"https:\/\/franciscanos.org.br\/noticias"},{"@type":"ListItem","position":2,"name":"Frente de Comunica\u00e7\u00e3o faz primeira reuni\u00e3o"}]},{"@type":"Person","@id":"https:\/\/franciscanos.org.br\/noticias\/#\/schema\/person\/b38fbf43118f02820bd932f2e4b14ad3","name":"admin","image":{"@type":"ImageObject","inLanguage":"pt-BR","@id":"https:\/\/franciscanos.org.br\/noticias\/#\/schema\/person\/image\/","url":"https:\/\/secure.gravatar.com\/avatar\/e8495742d34d0ba6448ea1c628263b3e?s=96&d=mm&r=g","contentUrl":"https:\/\/secure.gravatar.com\/avatar\/e8495742d34d0ba6448ea1c628263b3e?s=96&d=mm&r=g","caption":"admin"},"url":"https:\/\/franciscanos.org.br\/noticias\/author\/admin"}]}},"_links":{"self":[{"href":"https:\/\/franciscanos.org.br\/noticias\/wp-json\/wp\/v2\/posts\/33803"}],"collection":[{"href":"https:\/\/franciscanos.org.br\/noticias\/wp-json\/wp\/v2\/posts"}],"about":[{"href":"https:\/\/franciscanos.org.br\/noticias\/wp-json\/wp\/v2\/types\/post"}],"author":[{"embeddable":true,"href":"https:\/\/franciscanos.org.br\/noticias\/wp-json\/wp\/v2\/users\/1"}],"replies":[{"embeddable":true,"href":"https:\/\/franciscanos.org.br\/noticias\/wp-json\/wp\/v2\/comments?post=33803"}],"version-history":[{"count":0,"href":"https:\/\/franciscanos.org.br\/noticias\/wp-json\/wp\/v2\/posts\/33803\/revisions"}],"wp:featuredmedia":[{"embeddable":true,"href":"https:\/\/franciscanos.org.br\/noticias\/wp-json\/wp\/v2\/media\/200293"}],"wp:attachment":[{"href":"https:\/\/franciscanos.org.br\/noticias\/wp-json\/wp\/v2\/media?parent=33803"}],"wp:term":[{"taxonomy":"category","embeddable":true,"href":"https:\/\/franciscanos.org.br\/noticias\/wp-json\/wp\/v2\/categories?post=33803"},{"taxonomy":"post_tag","embeddable":true,"href":"https:\/\/franciscanos.org.br\/noticias\/wp-json\/wp\/v2\/tags?post=33803"}],"curies":[{"name":"wp","href":"https:\/\/api.w.org\/{rel}","templated":true}]}}