{"id":33797,"date":"2013-03-08T08:09:12","date_gmt":"2013-03-08T11:09:12","guid":{"rendered":"http:\/\/new.franciscanos.org.br\/?p=33797"},"modified":"2020-01-28T09:46:50","modified_gmt":"2020-01-28T12:46:50","slug":"nota-para-o-dia-internacional-da-mulher","status":"publish","type":"post","link":"https:\/\/franciscanos.org.br\/noticias\/nota-para-o-dia-internacional-da-mulher.html","title":{"rendered":"Nota para o Dia Internacional da Mulher"},"content":{"rendered":"<p><a href=\"http:\/\/franciscanos.org.br\/wp-content\/uploads\/2013\/03\/mulher.jpg\"><img loading=\"lazy\" class=\"alignright size-full wp-image-33798\" title=\"mulher\" src=\"http:\/\/franciscanos.org.br\/wp-content\/uploads\/2013\/03\/mulher.jpg\" alt=\"\" width=\"400\" height=\"537\" \/><\/a>N\u00f3s, bispos do Conselho Permanente da Confer\u00eancia Nacional dos Bispos do Brasil-CNBB, reunidos em Bras\u00edlia-DF, de 05 a 07 de mar\u00e7o, queremos homenagear todas as mulheres por ocasi\u00e3o do Dia Internacional da Mulher \u2013 8 de mar\u00e7o. Neste dia, em particular, \u201ca Igreja agradece todas as manifesta\u00e7\u00f5es do \u2018g\u00eanio\u2019 feminino surgidas no curso da hist\u00f3ria, no meio de todos os povos e Na\u00e7\u00f5es; agradece todos os carismas que o Esp\u00edrito Santo concede \u00e0s mulheres na hist\u00f3ria do Povo de Deus, todas as vit\u00f3rias que deve \u00e0 sua f\u00e9, esperan\u00e7a e caridade; agradece todos os frutos de santidade feminina\u201d (Beato Jo\u00e3o Paulo II, A Dignidade da Mulher, n. 31)<\/p>\n<p>Saudamos e agradecemos, de modo especial, \u00e0s mulheres que, por sua voca\u00e7\u00e3o, miss\u00e3o e empenho na supera\u00e7\u00e3o de todo tipo de viol\u00eancia, possibilitam a constru\u00e7\u00e3o de uma cultura de paz no ambiente familiar e social. Reconhecemos que, \u201cface a in\u00fameras situa\u00e7\u00f5es de viol\u00eancia e trag\u00e9dias, s\u00e3o quase sempre as mulheres que mant\u00eam intacta a dignidade humana, defendem a fam\u00edlia e tutelam os valores culturais e religiosos\u201d e apontam sinais de esperan\u00e7a, como falou Bento XVI (Angola, 2009).<\/p>\n<p>Ao mesmo tempo, lamentamos que ainda persistam situa\u00e7\u00f5es em que a mulher seja discriminada ou subestimada por ser mulher. A Igreja, por sua miss\u00e3o, une-se a todas as pessoas de boa vontade para eliminar as press\u00f5es familiares e os argumentos sociais, culturais e at\u00e9 mesmo religiosos, que usam a diferen\u00e7a dos sexos para justificar atos de viol\u00eancia contra a mulher, tornando-a objeto de atrocidades e de explora\u00e7\u00e3o.<\/p>\n<p>Alegra a todos n\u00f3s e \u00e0 sociedade constatar que, cada dia mais, cresce a consci\u00eancia da dignidade e do papel da mulher, que fortalece seu protagonismo marcante e significativo na vida pol\u00edtica, social, econ\u00f4mica, cultural e religiosa da sociedade brasileira.<\/p>\n<p>Merecem, ainda, nosso reconhecimento e gratid\u00e3o, a din\u00e2mica presen\u00e7a e a atua\u00e7\u00e3o das mulheres na vida e na a\u00e7\u00e3o evangelizadora da Igreja, expressa pela sua voca\u00e7\u00e3o vivida no exerc\u00edcio dos v\u00e1rios minist\u00e9rios, organismos, pastorais e servi\u00e7os na constru\u00e7\u00e3o do Reino de Deus no hoje de nossa hist\u00f3ria.<\/p>\n<p>Desejamos que, no cuidado da vida e no exerc\u00edcio da caridade e da cidadania, as mulheres continuem sendo testemunho de perseveran\u00e7a nos caminhos que conduzem \u00e0 justi\u00e7a e \u00e0 paz.<\/p>\n<p>Nossa Senhora Aparecida, M\u00e3e de Jesus e nossa, modelo de mulher, m\u00e3e, esposa e trabalhadora, ilumine e proteja as mulheres de nosso pa\u00eds.<\/p>\n<p>Bras\u00edlia-DF, 07 de mar\u00e7o de 2013<\/p>\n<p>&nbsp;<\/p>\n<p><em>Dom Jos\u00e9 Belis\u00e1rio da Silva, Arcebispo de S\u00e3o Lu\u00eds do Maranh\u00e3o, Presidente da CNBB em exerc\u00edcio<\/em><\/p>\n<p><em>Dom Sergio Arthur Braschi, Bispo de Ponta Grossa &#8211; PR, Vice-Presidente da CNBB em exerc\u00edcio<\/em><\/p>\n<p><em>Dom Leonardo Ulrich Steiner, Bispo Auxiliar de Bras\u00edlia, Secret\u00e1rio Geral da CNBB<\/em><\/p>\n","protected":false},"excerpt":{"rendered":"<p>CNBB<\/p>\n","protected":false},"author":1,"featured_media":216546,"comment_status":"closed","ping_status":"open","sticky":false,"template":"","format":"standard","meta":[],"categories":[1],"tags":[358],"acf":[],"yoast_head":"<!-- This site is optimized with the Yoast SEO plugin v19.2 - https:\/\/yoast.com\/wordpress\/plugins\/seo\/ -->\n<title>Nota para o Dia Internacional da Mulher - Not\u00edcias - Franciscanos<\/title>\n<meta name=\"robots\" content=\"index, follow, max-snippet:-1, max-image-preview:large, max-video-preview:-1\" \/>\n<link rel=\"canonical\" href=\"https:\/\/franciscanos.org.br\/noticias\/nota-para-o-dia-internacional-da-mulher.html\" \/>\n<meta property=\"og:locale\" content=\"pt_BR\" \/>\n<meta property=\"og:type\" content=\"article\" \/>\n<meta property=\"og:title\" content=\"Nota para o Dia Internacional da Mulher - Not\u00edcias - Franciscanos\" \/>\n<meta property=\"og:description\" content=\"CNBB\" \/>\n<meta property=\"og:url\" content=\"https:\/\/franciscanos.org.br\/noticias\/nota-para-o-dia-internacional-da-mulher.html\" \/>\n<meta property=\"og:site_name\" content=\"Not\u00edcias - Franciscanos\" \/>\n<meta property=\"article:published_time\" content=\"2013-03-08T11:09:12+00:00\" \/>\n<meta property=\"article:modified_time\" content=\"2020-01-28T12:46:50+00:00\" \/>\n<meta property=\"og:image\" content=\"https:\/\/franciscanos.org.br\/noticias\/wp-content\/uploads\/2013\/03\/mulher.jpg\" \/>\n\t<meta property=\"og:image:width\" content=\"273\" \/>\n\t<meta property=\"og:image:height\" content=\"181\" \/>\n\t<meta property=\"og:image:type\" content=\"image\/jpeg\" \/>\n<meta name=\"author\" content=\"admin\" \/>\n<meta name=\"twitter:card\" content=\"summary_large_image\" \/>\n<meta name=\"twitter:label1\" content=\"Escrito por\" \/>\n\t<meta name=\"twitter:data1\" content=\"admin\" \/>\n\t<meta name=\"twitter:label2\" content=\"Est. tempo de leitura\" \/>\n\t<meta name=\"twitter:data2\" content=\"2 minutos\" \/>\n<script type=\"application\/ld+json\" class=\"yoast-schema-graph\">{\"@context\":\"https:\/\/schema.org\",\"@graph\":[{\"@type\":\"WebSite\",\"@id\":\"https:\/\/franciscanos.org.br\/noticias\/#website\",\"url\":\"https:\/\/franciscanos.org.br\/noticias\/\",\"name\":\"Not\u00edcias - Franciscanos\",\"description\":\"Prov\u00edncia Franciscana da Imaculada Concei\u00e7\u00e3o do Brasil - Ordem dos Frades Menores - OFM\",\"potentialAction\":[{\"@type\":\"SearchAction\",\"target\":{\"@type\":\"EntryPoint\",\"urlTemplate\":\"https:\/\/franciscanos.org.br\/noticias\/?s={search_term_string}\"},\"query-input\":\"required name=search_term_string\"}],\"inLanguage\":\"pt-BR\"},{\"@type\":\"ImageObject\",\"inLanguage\":\"pt-BR\",\"@id\":\"https:\/\/franciscanos.org.br\/noticias\/nota-para-o-dia-internacional-da-mulher.html#primaryimage\",\"url\":\"https:\/\/franciscanos.org.br\/noticias\/wp-content\/uploads\/2013\/03\/mulher.jpg\",\"contentUrl\":\"https:\/\/franciscanos.org.br\/noticias\/wp-content\/uploads\/2013\/03\/mulher.jpg\",\"width\":273,\"height\":181},{\"@type\":\"WebPage\",\"@id\":\"https:\/\/franciscanos.org.br\/noticias\/nota-para-o-dia-internacional-da-mulher.html#webpage\",\"url\":\"https:\/\/franciscanos.org.br\/noticias\/nota-para-o-dia-internacional-da-mulher.html\",\"name\":\"Nota para o Dia Internacional da Mulher - Not\u00edcias - Franciscanos\",\"isPartOf\":{\"@id\":\"https:\/\/franciscanos.org.br\/noticias\/#website\"},\"primaryImageOfPage\":{\"@id\":\"https:\/\/franciscanos.org.br\/noticias\/nota-para-o-dia-internacional-da-mulher.html#primaryimage\"},\"datePublished\":\"2013-03-08T11:09:12+00:00\",\"dateModified\":\"2020-01-28T12:46:50+00:00\",\"author\":{\"@id\":\"https:\/\/franciscanos.org.br\/noticias\/#\/schema\/person\/b38fbf43118f02820bd932f2e4b14ad3\"},\"breadcrumb\":{\"@id\":\"https:\/\/franciscanos.org.br\/noticias\/nota-para-o-dia-internacional-da-mulher.html#breadcrumb\"},\"inLanguage\":\"pt-BR\",\"potentialAction\":[{\"@type\":\"ReadAction\",\"target\":[\"https:\/\/franciscanos.org.br\/noticias\/nota-para-o-dia-internacional-da-mulher.html\"]}]},{\"@type\":\"BreadcrumbList\",\"@id\":\"https:\/\/franciscanos.org.br\/noticias\/nota-para-o-dia-internacional-da-mulher.html#breadcrumb\",\"itemListElement\":[{\"@type\":\"ListItem\",\"position\":1,\"name\":\"Home\",\"item\":\"https:\/\/franciscanos.org.br\/noticias\"},{\"@type\":\"ListItem\",\"position\":2,\"name\":\"Nota para o Dia Internacional da Mulher\"}]},{\"@type\":\"Person\",\"@id\":\"https:\/\/franciscanos.org.br\/noticias\/#\/schema\/person\/b38fbf43118f02820bd932f2e4b14ad3\",\"name\":\"admin\",\"image\":{\"@type\":\"ImageObject\",\"inLanguage\":\"pt-BR\",\"@id\":\"https:\/\/franciscanos.org.br\/noticias\/#\/schema\/person\/image\/\",\"url\":\"https:\/\/secure.gravatar.com\/avatar\/e8495742d34d0ba6448ea1c628263b3e?s=96&d=mm&r=g\",\"contentUrl\":\"https:\/\/secure.gravatar.com\/avatar\/e8495742d34d0ba6448ea1c628263b3e?s=96&d=mm&r=g\",\"caption\":\"admin\"},\"url\":\"https:\/\/franciscanos.org.br\/noticias\/author\/admin\"}]}<\/script>\n<!-- \/ Yoast SEO plugin. -->","yoast_head_json":{"title":"Nota para o Dia Internacional da Mulher - Not\u00edcias - Franciscanos","robots":{"index":"index","follow":"follow","max-snippet":"max-snippet:-1","max-image-preview":"max-image-preview:large","max-video-preview":"max-video-preview:-1"},"canonical":"https:\/\/franciscanos.org.br\/noticias\/nota-para-o-dia-internacional-da-mulher.html","og_locale":"pt_BR","og_type":"article","og_title":"Nota para o Dia Internacional da Mulher - Not\u00edcias - Franciscanos","og_description":"CNBB","og_url":"https:\/\/franciscanos.org.br\/noticias\/nota-para-o-dia-internacional-da-mulher.html","og_site_name":"Not\u00edcias - Franciscanos","article_published_time":"2013-03-08T11:09:12+00:00","article_modified_time":"2020-01-28T12:46:50+00:00","og_image":[{"width":273,"height":181,"url":"https:\/\/franciscanos.org.br\/noticias\/wp-content\/uploads\/2013\/03\/mulher.jpg","type":"image\/jpeg"}],"author":"admin","twitter_card":"summary_large_image","twitter_misc":{"Escrito por":"admin","Est. tempo de leitura":"2 minutos"},"schema":{"@context":"https:\/\/schema.org","@graph":[{"@type":"WebSite","@id":"https:\/\/franciscanos.org.br\/noticias\/#website","url":"https:\/\/franciscanos.org.br\/noticias\/","name":"Not\u00edcias - Franciscanos","description":"Prov\u00edncia Franciscana da Imaculada Concei\u00e7\u00e3o do Brasil - Ordem dos Frades Menores - OFM","potentialAction":[{"@type":"SearchAction","target":{"@type":"EntryPoint","urlTemplate":"https:\/\/franciscanos.org.br\/noticias\/?s={search_term_string}"},"query-input":"required name=search_term_string"}],"inLanguage":"pt-BR"},{"@type":"ImageObject","inLanguage":"pt-BR","@id":"https:\/\/franciscanos.org.br\/noticias\/nota-para-o-dia-internacional-da-mulher.html#primaryimage","url":"https:\/\/franciscanos.org.br\/noticias\/wp-content\/uploads\/2013\/03\/mulher.jpg","contentUrl":"https:\/\/franciscanos.org.br\/noticias\/wp-content\/uploads\/2013\/03\/mulher.jpg","width":273,"height":181},{"@type":"WebPage","@id":"https:\/\/franciscanos.org.br\/noticias\/nota-para-o-dia-internacional-da-mulher.html#webpage","url":"https:\/\/franciscanos.org.br\/noticias\/nota-para-o-dia-internacional-da-mulher.html","name":"Nota para o Dia Internacional da Mulher - Not\u00edcias - Franciscanos","isPartOf":{"@id":"https:\/\/franciscanos.org.br\/noticias\/#website"},"primaryImageOfPage":{"@id":"https:\/\/franciscanos.org.br\/noticias\/nota-para-o-dia-internacional-da-mulher.html#primaryimage"},"datePublished":"2013-03-08T11:09:12+00:00","dateModified":"2020-01-28T12:46:50+00:00","author":{"@id":"https:\/\/franciscanos.org.br\/noticias\/#\/schema\/person\/b38fbf43118f02820bd932f2e4b14ad3"},"breadcrumb":{"@id":"https:\/\/franciscanos.org.br\/noticias\/nota-para-o-dia-internacional-da-mulher.html#breadcrumb"},"inLanguage":"pt-BR","potentialAction":[{"@type":"ReadAction","target":["https:\/\/franciscanos.org.br\/noticias\/nota-para-o-dia-internacional-da-mulher.html"]}]},{"@type":"BreadcrumbList","@id":"https:\/\/franciscanos.org.br\/noticias\/nota-para-o-dia-internacional-da-mulher.html#breadcrumb","itemListElement":[{"@type":"ListItem","position":1,"name":"Home","item":"https:\/\/franciscanos.org.br\/noticias"},{"@type":"ListItem","position":2,"name":"Nota para o Dia Internacional da Mulher"}]},{"@type":"Person","@id":"https:\/\/franciscanos.org.br\/noticias\/#\/schema\/person\/b38fbf43118f02820bd932f2e4b14ad3","name":"admin","image":{"@type":"ImageObject","inLanguage":"pt-BR","@id":"https:\/\/franciscanos.org.br\/noticias\/#\/schema\/person\/image\/","url":"https:\/\/secure.gravatar.com\/avatar\/e8495742d34d0ba6448ea1c628263b3e?s=96&d=mm&r=g","contentUrl":"https:\/\/secure.gravatar.com\/avatar\/e8495742d34d0ba6448ea1c628263b3e?s=96&d=mm&r=g","caption":"admin"},"url":"https:\/\/franciscanos.org.br\/noticias\/author\/admin"}]}},"_links":{"self":[{"href":"https:\/\/franciscanos.org.br\/noticias\/wp-json\/wp\/v2\/posts\/33797"}],"collection":[{"href":"https:\/\/franciscanos.org.br\/noticias\/wp-json\/wp\/v2\/posts"}],"about":[{"href":"https:\/\/franciscanos.org.br\/noticias\/wp-json\/wp\/v2\/types\/post"}],"author":[{"embeddable":true,"href":"https:\/\/franciscanos.org.br\/noticias\/wp-json\/wp\/v2\/users\/1"}],"replies":[{"embeddable":true,"href":"https:\/\/franciscanos.org.br\/noticias\/wp-json\/wp\/v2\/comments?post=33797"}],"version-history":[{"count":0,"href":"https:\/\/franciscanos.org.br\/noticias\/wp-json\/wp\/v2\/posts\/33797\/revisions"}],"wp:featuredmedia":[{"embeddable":true,"href":"https:\/\/franciscanos.org.br\/noticias\/wp-json\/wp\/v2\/media\/216546"}],"wp:attachment":[{"href":"https:\/\/franciscanos.org.br\/noticias\/wp-json\/wp\/v2\/media?parent=33797"}],"wp:term":[{"taxonomy":"category","embeddable":true,"href":"https:\/\/franciscanos.org.br\/noticias\/wp-json\/wp\/v2\/categories?post=33797"},{"taxonomy":"post_tag","embeddable":true,"href":"https:\/\/franciscanos.org.br\/noticias\/wp-json\/wp\/v2\/tags?post=33797"}],"curies":[{"name":"wp","href":"https:\/\/api.w.org\/{rel}","templated":true}]}}