{"id":33788,"date":"2013-03-08T07:35:25","date_gmt":"2013-03-08T10:35:25","guid":{"rendered":"http:\/\/new.franciscanos.org.br\/?p=33788"},"modified":"2020-06-11T17:29:38","modified_gmt":"2020-06-11T20:29:38","slug":"a-igreja-sabera-se-regenerar-como-nos-tempos-de-sao-francisco-afirma-cardeal-schonborn","status":"publish","type":"post","link":"https:\/\/franciscanos.org.br\/noticias\/a-igreja-sabera-se-regenerar-como-nos-tempos-de-sao-francisco-afirma-cardeal-schonborn.html","title":{"rendered":"&#8216;A Igreja saber\u00e1 se regenerar como nos tempos de S\u00e3o Francisco&#8221;, afirma cardeal Sch\u00f6nborn"},"content":{"rendered":"<p>O cristianismo na Europa? &#8220;Sob diversos aspectos, \u00e9 um corpo estranho&#8221;. Basta olhar ao redor: &#8220;Em muitos aspectos, parece ter voltado atr\u00e1s, aos albores do cristianismo. Parece ter ca\u00eddo em um mundo que \u00e9 religiosa e culturalmente pluralista, em um m<a href=\"http:\/\/franciscanos.org.br\/wp-content\/uploads\/2013\/03\/francisco_08.jpg\"><img loading=\"lazy\" class=\"alignright size-full wp-image-33789\" title=\"francisco_08\" src=\"http:\/\/franciscanos.org.br\/wp-content\/uploads\/2013\/03\/francisco_08.jpg\" alt=\"\" width=\"400\" height=\"530\" \/><\/a>undo majoritariamente &#8216;pag\u00e3o&#8217;, no qual o estilo de vida crist\u00e3o praticado h\u00e1 s\u00e9culos foi esquecido, onde dominou a astrologia, o aborto, a supersti\u00e7\u00e3o e a avidez. Embora os crist\u00e3os sejam a substancial maioria na Europa, os praticantes est\u00e3o em minoria&#8230;&#8221;.<\/p>\n<p><strong>A reportagem \u00e9 de Gian Guido Vecchi, publicada no jornal Corriere della Sera, em 06-03-2013. A tradu\u00e7\u00e3o \u00e9 de Mois\u00e9s Sbardelotto, do site do Instituto Humanitas Unisinos.<\/strong><\/p>\n<p>Depois de uma an\u00e1lise semelhante, normalmente seguiria uma ladainha sobre a &#8220;seculariza\u00e7\u00e3o&#8221; galopante etc. Mas o cardeal Christoph Sch\u00f6nborn, 68 anos, com estudos em psicologia, filosofia e teologia entre a sua Viena, a Sorbonne e Regensburg, fin\u00edssimo te\u00f3logo aluno de Joseph Ratzinger, \u00e9 alheio a reflex\u00f5es \u00f3bvias, n\u00e3o rasga as vestes e subverte tanto a vulgata hist\u00f3rica de uma modernidade que teria se afirmado contra o cristianismo, quanto a perspectiva habitual da Igreja: &#8220;A situa\u00e7\u00e3o do cristianismo na Europa \u00e9 bastante estimulante e plena de oportunidades, do meu ponto de vista&#8230;&#8221;.<\/p>\n<p>Toda &#8220;crise&#8221; \u00e9 sempre f\u00e9rtil, e o dominicano (von) Sch\u00f6nborn, descendente de uma antiga fam\u00edlia da aristocracia bo\u00eamia, cita como modelo o jovem rico que &#8220;decidiu abandonar o pai e as autoridades temporais&#8221; para &#8220;escutar somente a Deus, para poder caminhar nu junto com o Cristo nu&#8221;, ou seja, S\u00e3o Francisco: &#8220;A Igreja muitas vezes tem a impens\u00e1vel capacidade de se renovar. Por que o futuro n\u00e3o deveria nos reservar o mesmo tipo de surpresas que o Pobrezinho de Assis trouxe ao mundo h\u00e1 800 anos?&#8221;.<\/p>\n<p>Na noite de segunda-feira, na igreja romana de S\u00e3o Bartolomeu, o arcebispo de Viena recordava a figura da Ir. Restituta Kafka, morta pelos nazistas: &#8220;A Igreja \u00e9 viva gra\u00e7as aos m\u00e1rtires&#8221;. Sch\u00f6nborn tamb\u00e9m diz isso no livro Cristo in Europa, una feconda estraneit\u00e0 [Cristo na Europa, uma fecunda estranheza] (Editrice Missionaria Italiana, com introdu\u00e7\u00e3o de Franco Cardini: ser\u00e1 apresentado nessa quinta-feira \u00e0s 18 horas, em Mil\u00e3o, pelos jesu\u00edtas da Piazza San Fedele, na sede da revista Popoli), com as palavras de Tertuliano: &#8220;O sangue dos m\u00e1rtires \u00e9 semente de novos crist\u00e3os&#8221;.<\/p>\n<p>No texto, a tradu\u00e7\u00e3o de uma confer\u00eancia na Universidade Cat\u00f3lica de Washington \u2013 revisada pelo cardeal para a publica\u00e7\u00e3o na It\u00e1lia \u2013 recorda tamb\u00e9m as figuras do te\u00f3logo luterano Dietrich Bonhoeffer e do agricultor Franz J\u00e4gerst\u00e4tter, m\u00e1rtires do nazismo t\u00e3o diferentes que, no entanto, como &#8220;crist\u00e3os professos&#8221;, tinham em comum o essencial: &#8220;Na liberdade da sua f\u00e9, desafiaram a press\u00e3o totalit\u00e1ria do Estado&#8221;.<\/p>\n<p>Eis o ponto: a liberdade; que, juntamente com a &#8220;dignidade&#8221; da pessoa &#8220;criado \u00e0 imagem de Deus&#8221; e \u00e0 &#8220;unidade da fam\u00edlia humana&#8221; est\u00e1 na base da nossa cultura: a raz\u00e3o pela qual o cristianismo, &#8220;corpo estranho na Europa&#8221;, \u00e9 &#8220;tamb\u00e9m uma raiz&#8221; dela. Sch\u00f6nborn tra\u00e7a a hist\u00f3ria dos crist\u00e3os das origens at\u00e9 a idade contempor\u00e2nea, mostrando como a situa\u00e7\u00e3o &#8220;paradoxal&#8221; da f\u00e9 como &#8220;corpo estranho&#8221; representa, no fundo, a sua ess\u00eancia. S\u00e3o Paulo adverte: &#8220;N\u00e3o vos conformeis com este mundo&#8221;.<\/p>\n<p>A hist\u00f3ria da Igreja, al\u00e9m disso, ensina que &#8220;\u00e9 um erro pensar que se possa fortalecer uma religi\u00e3o atrav\u00e9s da uni\u00e3o com o Estado e o poder pol\u00edtico&#8221;. O cristianismo &#8220;sempre floresceu da melhor maneira poss\u00edvel quando n\u00e3o aspirava ao mesmo objetivo do Estado, mas sim quando demonstrava o poder inspirador e formativo do credo aut\u00eantico&#8221;.<\/p>\n<p>Nada de p\u00e2nico, portanto. &#8220;A Europa muitas vezes \u00e9 cr\u00edtica com rela\u00e7\u00e3o ao cristianismo, e isso deve ser considerado como positivo. A Europa poderia precisar da saud\u00e1vel inquieta\u00e7\u00e3o da voz prof\u00e9tica da Palavra, mas o cristianismo tamb\u00e9m precisa que a voz da Europa fa\u00e7a quest\u00f5es cr\u00edticas em resposta. \u00c9 uma troca que faz bem ao cristianismo. Ela o desperta e o desafia. P\u00f5e em discuss\u00e3o a sua credibilidade. E por qu\u00ea? Porque eu acredito que, no fundo, a Europa anseia por um cristianismo aut\u00eantico&#8221;.<\/p>\n<p>O cardeal Sch\u00f6nborn lembra o alerta do rabino Jonathan Sacks, &#8220;a Europa est\u00e1 morrendo&#8221;, e explica: &#8220;Essa Europa, e o mundo ocidental inteiro, n\u00e3o sobreviver\u00e1 sem aquela estranheza trazida pelo cristianismo&#8221;. A conclus\u00e3o \u00e9 um convite &#8220;ratzingeriano&#8221; \u00e0 renova\u00e7\u00e3o: &#8220;Nos nossos cora\u00e7\u00f5es, n\u00f3s, europeus, &#8216;laicos&#8217; ou crentes, sabemos que as ra\u00edzes que sustentar\u00e3o a Europa no futuro s\u00e3o estas: um cristianismo cr\u00edvel, fiel \u00e0s suas ra\u00edzes, por mais singular e estranho que possa parecer, \u00e0s vezes, aos nossos olhos&#8221;.<\/p>\n","protected":false},"excerpt":{"rendered":"<p>Conclave<\/p>\n","protected":false},"author":1,"featured_media":216540,"comment_status":"closed","ping_status":"open","sticky":false,"template":"","format":"standard","meta":[],"categories":[1428],"tags":[349],"acf":[],"yoast_head":"<!-- This site is optimized with the Yoast SEO plugin v19.2 - https:\/\/yoast.com\/wordpress\/plugins\/seo\/ -->\n<title>&#039;A Igreja saber\u00e1 se regenerar como nos tempos de S\u00e3o Francisco&#039;&#039;, afirma cardeal Sch\u00f6nborn - Not\u00edcias - Franciscanos<\/title>\n<meta name=\"robots\" content=\"index, follow, max-snippet:-1, max-image-preview:large, max-video-preview:-1\" \/>\n<link rel=\"canonical\" href=\"https:\/\/franciscanos.org.br\/noticias\/a-igreja-sabera-se-regenerar-como-nos-tempos-de-sao-francisco-afirma-cardeal-schonborn.html\" \/>\n<meta property=\"og:locale\" content=\"pt_BR\" \/>\n<meta property=\"og:type\" content=\"article\" \/>\n<meta property=\"og:title\" content=\"&#039;A Igreja saber\u00e1 se regenerar como nos tempos de S\u00e3o Francisco&#039;&#039;, afirma cardeal Sch\u00f6nborn - Not\u00edcias - Franciscanos\" \/>\n<meta property=\"og:description\" content=\"Conclave\" \/>\n<meta property=\"og:url\" content=\"https:\/\/franciscanos.org.br\/noticias\/a-igreja-sabera-se-regenerar-como-nos-tempos-de-sao-francisco-afirma-cardeal-schonborn.html\" \/>\n<meta property=\"og:site_name\" content=\"Not\u00edcias - Franciscanos\" \/>\n<meta property=\"article:published_time\" content=\"2013-03-08T10:35:25+00:00\" \/>\n<meta property=\"article:modified_time\" content=\"2020-06-11T20:29:38+00:00\" \/>\n<meta property=\"og:image\" content=\"https:\/\/franciscanos.org.br\/noticias\/wp-content\/uploads\/2013\/03\/francisco_08.jpg\" \/>\n\t<meta property=\"og:image:width\" content=\"273\" \/>\n\t<meta property=\"og:image:height\" content=\"182\" \/>\n\t<meta property=\"og:image:type\" content=\"image\/jpeg\" \/>\n<meta name=\"author\" content=\"admin\" \/>\n<meta name=\"twitter:card\" content=\"summary_large_image\" \/>\n<meta name=\"twitter:label1\" content=\"Escrito por\" \/>\n\t<meta name=\"twitter:data1\" content=\"admin\" \/>\n\t<meta name=\"twitter:label2\" content=\"Est. tempo de leitura\" \/>\n\t<meta name=\"twitter:data2\" content=\"4 minutos\" \/>\n<script type=\"application\/ld+json\" class=\"yoast-schema-graph\">{\"@context\":\"https:\/\/schema.org\",\"@graph\":[{\"@type\":\"WebSite\",\"@id\":\"https:\/\/franciscanos.org.br\/noticias\/#website\",\"url\":\"https:\/\/franciscanos.org.br\/noticias\/\",\"name\":\"Not\u00edcias - Franciscanos\",\"description\":\"Prov\u00edncia Franciscana da Imaculada Concei\u00e7\u00e3o do Brasil - Ordem dos Frades Menores - OFM\",\"potentialAction\":[{\"@type\":\"SearchAction\",\"target\":{\"@type\":\"EntryPoint\",\"urlTemplate\":\"https:\/\/franciscanos.org.br\/noticias\/?s={search_term_string}\"},\"query-input\":\"required name=search_term_string\"}],\"inLanguage\":\"pt-BR\"},{\"@type\":\"ImageObject\",\"inLanguage\":\"pt-BR\",\"@id\":\"https:\/\/franciscanos.org.br\/noticias\/a-igreja-sabera-se-regenerar-como-nos-tempos-de-sao-francisco-afirma-cardeal-schonborn.html#primaryimage\",\"url\":\"https:\/\/franciscanos.org.br\/noticias\/wp-content\/uploads\/2013\/03\/francisco_08.jpg\",\"contentUrl\":\"https:\/\/franciscanos.org.br\/noticias\/wp-content\/uploads\/2013\/03\/francisco_08.jpg\",\"width\":273,\"height\":182},{\"@type\":\"WebPage\",\"@id\":\"https:\/\/franciscanos.org.br\/noticias\/a-igreja-sabera-se-regenerar-como-nos-tempos-de-sao-francisco-afirma-cardeal-schonborn.html#webpage\",\"url\":\"https:\/\/franciscanos.org.br\/noticias\/a-igreja-sabera-se-regenerar-como-nos-tempos-de-sao-francisco-afirma-cardeal-schonborn.html\",\"name\":\"'A Igreja saber\u00e1 se regenerar como nos tempos de S\u00e3o Francisco'', afirma cardeal Sch\u00f6nborn - Not\u00edcias - Franciscanos\",\"isPartOf\":{\"@id\":\"https:\/\/franciscanos.org.br\/noticias\/#website\"},\"primaryImageOfPage\":{\"@id\":\"https:\/\/franciscanos.org.br\/noticias\/a-igreja-sabera-se-regenerar-como-nos-tempos-de-sao-francisco-afirma-cardeal-schonborn.html#primaryimage\"},\"datePublished\":\"2013-03-08T10:35:25+00:00\",\"dateModified\":\"2020-06-11T20:29:38+00:00\",\"author\":{\"@id\":\"https:\/\/franciscanos.org.br\/noticias\/#\/schema\/person\/b38fbf43118f02820bd932f2e4b14ad3\"},\"breadcrumb\":{\"@id\":\"https:\/\/franciscanos.org.br\/noticias\/a-igreja-sabera-se-regenerar-como-nos-tempos-de-sao-francisco-afirma-cardeal-schonborn.html#breadcrumb\"},\"inLanguage\":\"pt-BR\",\"potentialAction\":[{\"@type\":\"ReadAction\",\"target\":[\"https:\/\/franciscanos.org.br\/noticias\/a-igreja-sabera-se-regenerar-como-nos-tempos-de-sao-francisco-afirma-cardeal-schonborn.html\"]}]},{\"@type\":\"BreadcrumbList\",\"@id\":\"https:\/\/franciscanos.org.br\/noticias\/a-igreja-sabera-se-regenerar-como-nos-tempos-de-sao-francisco-afirma-cardeal-schonborn.html#breadcrumb\",\"itemListElement\":[{\"@type\":\"ListItem\",\"position\":1,\"name\":\"Home\",\"item\":\"https:\/\/franciscanos.org.br\/noticias\"},{\"@type\":\"ListItem\",\"position\":2,\"name\":\"&#8216;A Igreja saber\u00e1 se regenerar como nos tempos de S\u00e3o Francisco&#8221;, afirma cardeal Sch\u00f6nborn\"}]},{\"@type\":\"Person\",\"@id\":\"https:\/\/franciscanos.org.br\/noticias\/#\/schema\/person\/b38fbf43118f02820bd932f2e4b14ad3\",\"name\":\"admin\",\"image\":{\"@type\":\"ImageObject\",\"inLanguage\":\"pt-BR\",\"@id\":\"https:\/\/franciscanos.org.br\/noticias\/#\/schema\/person\/image\/\",\"url\":\"https:\/\/secure.gravatar.com\/avatar\/e8495742d34d0ba6448ea1c628263b3e?s=96&d=mm&r=g\",\"contentUrl\":\"https:\/\/secure.gravatar.com\/avatar\/e8495742d34d0ba6448ea1c628263b3e?s=96&d=mm&r=g\",\"caption\":\"admin\"},\"url\":\"https:\/\/franciscanos.org.br\/noticias\/author\/admin\"}]}<\/script>\n<!-- \/ Yoast SEO plugin. -->","yoast_head_json":{"title":"'A Igreja saber\u00e1 se regenerar como nos tempos de S\u00e3o Francisco'', afirma cardeal Sch\u00f6nborn - Not\u00edcias - Franciscanos","robots":{"index":"index","follow":"follow","max-snippet":"max-snippet:-1","max-image-preview":"max-image-preview:large","max-video-preview":"max-video-preview:-1"},"canonical":"https:\/\/franciscanos.org.br\/noticias\/a-igreja-sabera-se-regenerar-como-nos-tempos-de-sao-francisco-afirma-cardeal-schonborn.html","og_locale":"pt_BR","og_type":"article","og_title":"'A Igreja saber\u00e1 se regenerar como nos tempos de S\u00e3o Francisco'', afirma cardeal Sch\u00f6nborn - Not\u00edcias - Franciscanos","og_description":"Conclave","og_url":"https:\/\/franciscanos.org.br\/noticias\/a-igreja-sabera-se-regenerar-como-nos-tempos-de-sao-francisco-afirma-cardeal-schonborn.html","og_site_name":"Not\u00edcias - Franciscanos","article_published_time":"2013-03-08T10:35:25+00:00","article_modified_time":"2020-06-11T20:29:38+00:00","og_image":[{"width":273,"height":182,"url":"https:\/\/franciscanos.org.br\/noticias\/wp-content\/uploads\/2013\/03\/francisco_08.jpg","type":"image\/jpeg"}],"author":"admin","twitter_card":"summary_large_image","twitter_misc":{"Escrito por":"admin","Est. tempo de leitura":"4 minutos"},"schema":{"@context":"https:\/\/schema.org","@graph":[{"@type":"WebSite","@id":"https:\/\/franciscanos.org.br\/noticias\/#website","url":"https:\/\/franciscanos.org.br\/noticias\/","name":"Not\u00edcias - Franciscanos","description":"Prov\u00edncia Franciscana da Imaculada Concei\u00e7\u00e3o do Brasil - Ordem dos Frades Menores - OFM","potentialAction":[{"@type":"SearchAction","target":{"@type":"EntryPoint","urlTemplate":"https:\/\/franciscanos.org.br\/noticias\/?s={search_term_string}"},"query-input":"required name=search_term_string"}],"inLanguage":"pt-BR"},{"@type":"ImageObject","inLanguage":"pt-BR","@id":"https:\/\/franciscanos.org.br\/noticias\/a-igreja-sabera-se-regenerar-como-nos-tempos-de-sao-francisco-afirma-cardeal-schonborn.html#primaryimage","url":"https:\/\/franciscanos.org.br\/noticias\/wp-content\/uploads\/2013\/03\/francisco_08.jpg","contentUrl":"https:\/\/franciscanos.org.br\/noticias\/wp-content\/uploads\/2013\/03\/francisco_08.jpg","width":273,"height":182},{"@type":"WebPage","@id":"https:\/\/franciscanos.org.br\/noticias\/a-igreja-sabera-se-regenerar-como-nos-tempos-de-sao-francisco-afirma-cardeal-schonborn.html#webpage","url":"https:\/\/franciscanos.org.br\/noticias\/a-igreja-sabera-se-regenerar-como-nos-tempos-de-sao-francisco-afirma-cardeal-schonborn.html","name":"'A Igreja saber\u00e1 se regenerar como nos tempos de S\u00e3o Francisco'', afirma cardeal Sch\u00f6nborn - Not\u00edcias - Franciscanos","isPartOf":{"@id":"https:\/\/franciscanos.org.br\/noticias\/#website"},"primaryImageOfPage":{"@id":"https:\/\/franciscanos.org.br\/noticias\/a-igreja-sabera-se-regenerar-como-nos-tempos-de-sao-francisco-afirma-cardeal-schonborn.html#primaryimage"},"datePublished":"2013-03-08T10:35:25+00:00","dateModified":"2020-06-11T20:29:38+00:00","author":{"@id":"https:\/\/franciscanos.org.br\/noticias\/#\/schema\/person\/b38fbf43118f02820bd932f2e4b14ad3"},"breadcrumb":{"@id":"https:\/\/franciscanos.org.br\/noticias\/a-igreja-sabera-se-regenerar-como-nos-tempos-de-sao-francisco-afirma-cardeal-schonborn.html#breadcrumb"},"inLanguage":"pt-BR","potentialAction":[{"@type":"ReadAction","target":["https:\/\/franciscanos.org.br\/noticias\/a-igreja-sabera-se-regenerar-como-nos-tempos-de-sao-francisco-afirma-cardeal-schonborn.html"]}]},{"@type":"BreadcrumbList","@id":"https:\/\/franciscanos.org.br\/noticias\/a-igreja-sabera-se-regenerar-como-nos-tempos-de-sao-francisco-afirma-cardeal-schonborn.html#breadcrumb","itemListElement":[{"@type":"ListItem","position":1,"name":"Home","item":"https:\/\/franciscanos.org.br\/noticias"},{"@type":"ListItem","position":2,"name":"&#8216;A Igreja saber\u00e1 se regenerar como nos tempos de S\u00e3o Francisco&#8221;, afirma cardeal Sch\u00f6nborn"}]},{"@type":"Person","@id":"https:\/\/franciscanos.org.br\/noticias\/#\/schema\/person\/b38fbf43118f02820bd932f2e4b14ad3","name":"admin","image":{"@type":"ImageObject","inLanguage":"pt-BR","@id":"https:\/\/franciscanos.org.br\/noticias\/#\/schema\/person\/image\/","url":"https:\/\/secure.gravatar.com\/avatar\/e8495742d34d0ba6448ea1c628263b3e?s=96&d=mm&r=g","contentUrl":"https:\/\/secure.gravatar.com\/avatar\/e8495742d34d0ba6448ea1c628263b3e?s=96&d=mm&r=g","caption":"admin"},"url":"https:\/\/franciscanos.org.br\/noticias\/author\/admin"}]}},"_links":{"self":[{"href":"https:\/\/franciscanos.org.br\/noticias\/wp-json\/wp\/v2\/posts\/33788"}],"collection":[{"href":"https:\/\/franciscanos.org.br\/noticias\/wp-json\/wp\/v2\/posts"}],"about":[{"href":"https:\/\/franciscanos.org.br\/noticias\/wp-json\/wp\/v2\/types\/post"}],"author":[{"embeddable":true,"href":"https:\/\/franciscanos.org.br\/noticias\/wp-json\/wp\/v2\/users\/1"}],"replies":[{"embeddable":true,"href":"https:\/\/franciscanos.org.br\/noticias\/wp-json\/wp\/v2\/comments?post=33788"}],"version-history":[{"count":1,"href":"https:\/\/franciscanos.org.br\/noticias\/wp-json\/wp\/v2\/posts\/33788\/revisions"}],"predecessor-version":[{"id":226399,"href":"https:\/\/franciscanos.org.br\/noticias\/wp-json\/wp\/v2\/posts\/33788\/revisions\/226399"}],"wp:featuredmedia":[{"embeddable":true,"href":"https:\/\/franciscanos.org.br\/noticias\/wp-json\/wp\/v2\/media\/216540"}],"wp:attachment":[{"href":"https:\/\/franciscanos.org.br\/noticias\/wp-json\/wp\/v2\/media?parent=33788"}],"wp:term":[{"taxonomy":"category","embeddable":true,"href":"https:\/\/franciscanos.org.br\/noticias\/wp-json\/wp\/v2\/categories?post=33788"},{"taxonomy":"post_tag","embeddable":true,"href":"https:\/\/franciscanos.org.br\/noticias\/wp-json\/wp\/v2\/tags?post=33788"}],"curies":[{"name":"wp","href":"https:\/\/api.w.org\/{rel}","templated":true}]}}