{"id":33581,"date":"2013-03-01T13:15:29","date_gmt":"2013-03-01T16:15:29","guid":{"rendered":"http:\/\/new.franciscanos.org.br\/?p=33581"},"modified":"2020-06-11T17:31:04","modified_gmt":"2020-06-11T20:31:04","slug":"preparacao-do-conclave-comeca-segunda","status":"publish","type":"post","link":"https:\/\/franciscanos.org.br\/noticias\/preparacao-do-conclave-comeca-segunda.html","title":{"rendered":"Prepara\u00e7\u00e3o do conclave come\u00e7a segunda"},"content":{"rendered":"<p><a href=\"http:\/\/franciscanos.org.br\/wp-content\/uploads\/2013\/03\/vaticano_3.jpg\"><img loading=\"lazy\" class=\"alignright size-full wp-image-33584\" title=\"vaticano_3\" src=\"http:\/\/franciscanos.org.br\/wp-content\/uploads\/2013\/03\/vaticano_3.jpg\" alt=\"\" width=\"350\" height=\"230\" \/><\/a>No primeiro dia da S\u00e9 vacante, e segundo se estabelece a Constitui\u00e7\u00e3o Apost\u00f3lica &#8220;Universi Domini Gregis&#8221;, o decano do Col\u00e9gio Cardinal\u00edcio do Vaticano, cardeal Angelo Sodano, convocou esta manh\u00e3 (01\/3) os cardeais que eleger\u00e3o o novo papa para estarem no Vaticano \u00a0no dia 4 de mar\u00e7o, pr\u00f3xima segunda-feira, para a primeira reuni\u00e3o preparat\u00f3ria visando o conclave.<\/p>\n<p>Esta primeira reuni\u00e3o est\u00e1 prevista para come\u00e7ar \u00e0s 9h30 na Sala Nova do S\u00ednodo dos Bispos. A segunda reuni\u00e3o geral ser\u00e1 tamb\u00e9m na segunda, \u00e0s 17 horas, no mesmo lugar.<\/p>\n<p>O evento dever\u00e1 definir os \u00faltimos detalhes para a escolha do novo pont\u00edfice, incluindo a data de in\u00edcio do conclave. As primeiras reuni\u00f5es s\u00e3o chamadas de congrega\u00e7\u00f5es gerais e nelas se discutir\u00e3o os problemas da Igreja Cat\u00f3lica e que servir\u00e3o para definir o perfil do papa que substituir\u00e1 Bento 16.<\/p>\n<p>Dentre os temas que ser\u00e3o abordados, dever\u00e3o estar a reforma na institui\u00e7\u00e3o e a investiga\u00e7\u00e3o interna do vazamento de documentos do agora papa em\u00e9rito, conhecido como Vatileaks.<\/p>\n<p>O an\u00fancio foi feito ap\u00f3s o decano do Col\u00e9gio de Cardeais, Angelo Sodano, ter enviado cartas aos cardeais da Igreja Cat\u00f3lica, e dever\u00e1 contar com a participa\u00e7\u00e3o de todos.<\/p>\n<p>Abaixo a carta:<\/p>\n<p><a href=\"http:\/\/franciscanos.org.br\/wp-content\/uploads\/2013\/03\/carta.jpg\"><img loading=\"lazy\" class=\"aligncenter size-full wp-image-33582\" title=\"carta\" src=\"http:\/\/franciscanos.org.br\/wp-content\/uploads\/2013\/03\/carta.jpg\" alt=\"\" width=\"620\" height=\"829\" \/><\/a><\/p>\n","protected":false},"excerpt":{"rendered":"<p>S\u00e9 Vacante<\/p>\n","protected":false},"author":1,"featured_media":216496,"comment_status":"closed","ping_status":"open","sticky":false,"template":"","format":"standard","meta":[],"categories":[1428],"tags":[349],"acf":[],"yoast_head":"<!-- This site is optimized with the Yoast SEO plugin v19.2 - https:\/\/yoast.com\/wordpress\/plugins\/seo\/ -->\n<title>Prepara\u00e7\u00e3o do conclave come\u00e7a segunda - Not\u00edcias - Franciscanos<\/title>\n<meta name=\"robots\" content=\"index, follow, max-snippet:-1, max-image-preview:large, max-video-preview:-1\" \/>\n<link rel=\"canonical\" href=\"https:\/\/franciscanos.org.br\/noticias\/preparacao-do-conclave-comeca-segunda.html\" \/>\n<meta property=\"og:locale\" content=\"pt_BR\" \/>\n<meta property=\"og:type\" content=\"article\" \/>\n<meta property=\"og:title\" content=\"Prepara\u00e7\u00e3o do conclave come\u00e7a segunda - Not\u00edcias - Franciscanos\" \/>\n<meta property=\"og:description\" content=\"S\u00e9 Vacante\" \/>\n<meta property=\"og:url\" content=\"https:\/\/franciscanos.org.br\/noticias\/preparacao-do-conclave-comeca-segunda.html\" \/>\n<meta property=\"og:site_name\" content=\"Not\u00edcias - Franciscanos\" \/>\n<meta property=\"article:published_time\" content=\"2013-03-01T16:15:29+00:00\" \/>\n<meta property=\"article:modified_time\" content=\"2020-06-11T20:31:04+00:00\" \/>\n<meta property=\"og:image\" content=\"https:\/\/franciscanos.org.br\/noticias\/wp-content\/uploads\/2013\/03\/vaticano_3.jpg\" \/>\n\t<meta property=\"og:image:width\" content=\"273\" \/>\n\t<meta property=\"og:image:height\" content=\"181\" \/>\n\t<meta property=\"og:image:type\" content=\"image\/jpeg\" \/>\n<meta name=\"author\" content=\"admin\" \/>\n<meta name=\"twitter:card\" content=\"summary_large_image\" \/>\n<meta name=\"twitter:label1\" content=\"Escrito por\" \/>\n\t<meta name=\"twitter:data1\" content=\"admin\" \/>\n\t<meta name=\"twitter:label2\" content=\"Est. tempo de leitura\" \/>\n\t<meta name=\"twitter:data2\" content=\"1 minuto\" \/>\n<script type=\"application\/ld+json\" class=\"yoast-schema-graph\">{\"@context\":\"https:\/\/schema.org\",\"@graph\":[{\"@type\":\"WebSite\",\"@id\":\"https:\/\/franciscanos.org.br\/noticias\/#website\",\"url\":\"https:\/\/franciscanos.org.br\/noticias\/\",\"name\":\"Not\u00edcias - Franciscanos\",\"description\":\"Prov\u00edncia Franciscana da Imaculada Concei\u00e7\u00e3o do Brasil - Ordem dos Frades Menores - OFM\",\"potentialAction\":[{\"@type\":\"SearchAction\",\"target\":{\"@type\":\"EntryPoint\",\"urlTemplate\":\"https:\/\/franciscanos.org.br\/noticias\/?s={search_term_string}\"},\"query-input\":\"required name=search_term_string\"}],\"inLanguage\":\"pt-BR\"},{\"@type\":\"ImageObject\",\"inLanguage\":\"pt-BR\",\"@id\":\"https:\/\/franciscanos.org.br\/noticias\/preparacao-do-conclave-comeca-segunda.html#primaryimage\",\"url\":\"https:\/\/franciscanos.org.br\/noticias\/wp-content\/uploads\/2013\/03\/vaticano_3.jpg\",\"contentUrl\":\"https:\/\/franciscanos.org.br\/noticias\/wp-content\/uploads\/2013\/03\/vaticano_3.jpg\",\"width\":273,\"height\":181},{\"@type\":\"WebPage\",\"@id\":\"https:\/\/franciscanos.org.br\/noticias\/preparacao-do-conclave-comeca-segunda.html#webpage\",\"url\":\"https:\/\/franciscanos.org.br\/noticias\/preparacao-do-conclave-comeca-segunda.html\",\"name\":\"Prepara\u00e7\u00e3o do conclave come\u00e7a segunda - Not\u00edcias - Franciscanos\",\"isPartOf\":{\"@id\":\"https:\/\/franciscanos.org.br\/noticias\/#website\"},\"primaryImageOfPage\":{\"@id\":\"https:\/\/franciscanos.org.br\/noticias\/preparacao-do-conclave-comeca-segunda.html#primaryimage\"},\"datePublished\":\"2013-03-01T16:15:29+00:00\",\"dateModified\":\"2020-06-11T20:31:04+00:00\",\"author\":{\"@id\":\"https:\/\/franciscanos.org.br\/noticias\/#\/schema\/person\/b38fbf43118f02820bd932f2e4b14ad3\"},\"breadcrumb\":{\"@id\":\"https:\/\/franciscanos.org.br\/noticias\/preparacao-do-conclave-comeca-segunda.html#breadcrumb\"},\"inLanguage\":\"pt-BR\",\"potentialAction\":[{\"@type\":\"ReadAction\",\"target\":[\"https:\/\/franciscanos.org.br\/noticias\/preparacao-do-conclave-comeca-segunda.html\"]}]},{\"@type\":\"BreadcrumbList\",\"@id\":\"https:\/\/franciscanos.org.br\/noticias\/preparacao-do-conclave-comeca-segunda.html#breadcrumb\",\"itemListElement\":[{\"@type\":\"ListItem\",\"position\":1,\"name\":\"Home\",\"item\":\"https:\/\/franciscanos.org.br\/noticias\"},{\"@type\":\"ListItem\",\"position\":2,\"name\":\"Prepara\u00e7\u00e3o do conclave come\u00e7a segunda\"}]},{\"@type\":\"Person\",\"@id\":\"https:\/\/franciscanos.org.br\/noticias\/#\/schema\/person\/b38fbf43118f02820bd932f2e4b14ad3\",\"name\":\"admin\",\"image\":{\"@type\":\"ImageObject\",\"inLanguage\":\"pt-BR\",\"@id\":\"https:\/\/franciscanos.org.br\/noticias\/#\/schema\/person\/image\/\",\"url\":\"https:\/\/secure.gravatar.com\/avatar\/e8495742d34d0ba6448ea1c628263b3e?s=96&d=mm&r=g\",\"contentUrl\":\"https:\/\/secure.gravatar.com\/avatar\/e8495742d34d0ba6448ea1c628263b3e?s=96&d=mm&r=g\",\"caption\":\"admin\"},\"url\":\"https:\/\/franciscanos.org.br\/noticias\/author\/admin\"}]}<\/script>\n<!-- \/ Yoast SEO plugin. -->","yoast_head_json":{"title":"Prepara\u00e7\u00e3o do conclave come\u00e7a segunda - Not\u00edcias - Franciscanos","robots":{"index":"index","follow":"follow","max-snippet":"max-snippet:-1","max-image-preview":"max-image-preview:large","max-video-preview":"max-video-preview:-1"},"canonical":"https:\/\/franciscanos.org.br\/noticias\/preparacao-do-conclave-comeca-segunda.html","og_locale":"pt_BR","og_type":"article","og_title":"Prepara\u00e7\u00e3o do conclave come\u00e7a segunda - Not\u00edcias - Franciscanos","og_description":"S\u00e9 Vacante","og_url":"https:\/\/franciscanos.org.br\/noticias\/preparacao-do-conclave-comeca-segunda.html","og_site_name":"Not\u00edcias - Franciscanos","article_published_time":"2013-03-01T16:15:29+00:00","article_modified_time":"2020-06-11T20:31:04+00:00","og_image":[{"width":273,"height":181,"url":"https:\/\/franciscanos.org.br\/noticias\/wp-content\/uploads\/2013\/03\/vaticano_3.jpg","type":"image\/jpeg"}],"author":"admin","twitter_card":"summary_large_image","twitter_misc":{"Escrito por":"admin","Est. tempo de leitura":"1 minuto"},"schema":{"@context":"https:\/\/schema.org","@graph":[{"@type":"WebSite","@id":"https:\/\/franciscanos.org.br\/noticias\/#website","url":"https:\/\/franciscanos.org.br\/noticias\/","name":"Not\u00edcias - Franciscanos","description":"Prov\u00edncia Franciscana da Imaculada Concei\u00e7\u00e3o do Brasil - Ordem dos Frades Menores - OFM","potentialAction":[{"@type":"SearchAction","target":{"@type":"EntryPoint","urlTemplate":"https:\/\/franciscanos.org.br\/noticias\/?s={search_term_string}"},"query-input":"required name=search_term_string"}],"inLanguage":"pt-BR"},{"@type":"ImageObject","inLanguage":"pt-BR","@id":"https:\/\/franciscanos.org.br\/noticias\/preparacao-do-conclave-comeca-segunda.html#primaryimage","url":"https:\/\/franciscanos.org.br\/noticias\/wp-content\/uploads\/2013\/03\/vaticano_3.jpg","contentUrl":"https:\/\/franciscanos.org.br\/noticias\/wp-content\/uploads\/2013\/03\/vaticano_3.jpg","width":273,"height":181},{"@type":"WebPage","@id":"https:\/\/franciscanos.org.br\/noticias\/preparacao-do-conclave-comeca-segunda.html#webpage","url":"https:\/\/franciscanos.org.br\/noticias\/preparacao-do-conclave-comeca-segunda.html","name":"Prepara\u00e7\u00e3o do conclave come\u00e7a segunda - Not\u00edcias - Franciscanos","isPartOf":{"@id":"https:\/\/franciscanos.org.br\/noticias\/#website"},"primaryImageOfPage":{"@id":"https:\/\/franciscanos.org.br\/noticias\/preparacao-do-conclave-comeca-segunda.html#primaryimage"},"datePublished":"2013-03-01T16:15:29+00:00","dateModified":"2020-06-11T20:31:04+00:00","author":{"@id":"https:\/\/franciscanos.org.br\/noticias\/#\/schema\/person\/b38fbf43118f02820bd932f2e4b14ad3"},"breadcrumb":{"@id":"https:\/\/franciscanos.org.br\/noticias\/preparacao-do-conclave-comeca-segunda.html#breadcrumb"},"inLanguage":"pt-BR","potentialAction":[{"@type":"ReadAction","target":["https:\/\/franciscanos.org.br\/noticias\/preparacao-do-conclave-comeca-segunda.html"]}]},{"@type":"BreadcrumbList","@id":"https:\/\/franciscanos.org.br\/noticias\/preparacao-do-conclave-comeca-segunda.html#breadcrumb","itemListElement":[{"@type":"ListItem","position":1,"name":"Home","item":"https:\/\/franciscanos.org.br\/noticias"},{"@type":"ListItem","position":2,"name":"Prepara\u00e7\u00e3o do conclave come\u00e7a segunda"}]},{"@type":"Person","@id":"https:\/\/franciscanos.org.br\/noticias\/#\/schema\/person\/b38fbf43118f02820bd932f2e4b14ad3","name":"admin","image":{"@type":"ImageObject","inLanguage":"pt-BR","@id":"https:\/\/franciscanos.org.br\/noticias\/#\/schema\/person\/image\/","url":"https:\/\/secure.gravatar.com\/avatar\/e8495742d34d0ba6448ea1c628263b3e?s=96&d=mm&r=g","contentUrl":"https:\/\/secure.gravatar.com\/avatar\/e8495742d34d0ba6448ea1c628263b3e?s=96&d=mm&r=g","caption":"admin"},"url":"https:\/\/franciscanos.org.br\/noticias\/author\/admin"}]}},"_links":{"self":[{"href":"https:\/\/franciscanos.org.br\/noticias\/wp-json\/wp\/v2\/posts\/33581"}],"collection":[{"href":"https:\/\/franciscanos.org.br\/noticias\/wp-json\/wp\/v2\/posts"}],"about":[{"href":"https:\/\/franciscanos.org.br\/noticias\/wp-json\/wp\/v2\/types\/post"}],"author":[{"embeddable":true,"href":"https:\/\/franciscanos.org.br\/noticias\/wp-json\/wp\/v2\/users\/1"}],"replies":[{"embeddable":true,"href":"https:\/\/franciscanos.org.br\/noticias\/wp-json\/wp\/v2\/comments?post=33581"}],"version-history":[{"count":1,"href":"https:\/\/franciscanos.org.br\/noticias\/wp-json\/wp\/v2\/posts\/33581\/revisions"}],"predecessor-version":[{"id":226402,"href":"https:\/\/franciscanos.org.br\/noticias\/wp-json\/wp\/v2\/posts\/33581\/revisions\/226402"}],"wp:featuredmedia":[{"embeddable":true,"href":"https:\/\/franciscanos.org.br\/noticias\/wp-json\/wp\/v2\/media\/216496"}],"wp:attachment":[{"href":"https:\/\/franciscanos.org.br\/noticias\/wp-json\/wp\/v2\/media?parent=33581"}],"wp:term":[{"taxonomy":"category","embeddable":true,"href":"https:\/\/franciscanos.org.br\/noticias\/wp-json\/wp\/v2\/categories?post=33581"},{"taxonomy":"post_tag","embeddable":true,"href":"https:\/\/franciscanos.org.br\/noticias\/wp-json\/wp\/v2\/tags?post=33581"}],"curies":[{"name":"wp","href":"https:\/\/api.w.org\/{rel}","templated":true}]}}